{"id":2346,"date":"2015-07-21T17:17:37","date_gmt":"2015-07-21T15:17:37","guid":{"rendered":"http:\/\/www.jugendfussball-wendelstein.de\/wordpress\/?p=2346"},"modified":"2015-07-21T17:17:37","modified_gmt":"2015-07-21T15:17:37","slug":"jfg-u16-ssv-jahn-regensburg-41","status":"publish","type":"post","link":"https:\/\/www.jugendfussball-wendelstein.de\/wordpress\/jfg-u16-ssv-jahn-regensburg-41\/","title":{"rendered":"JFG (U16)  &#8211; SSV Jahn Regensburg  4:1"},"content":{"rendered":"<p>20.07.2015 : Ein interessantes und f\u00fcr beide Teams wertvolles Testspiel \u00fcber 90 min. sahen die zahlreichen Zuschauer. Der Jahn legte los wie die Feuerwehr und besch\u00e4ftigte Wendelsteins Defensivspezialisten geh\u00f6rig. Mit zunehmender Spieldauer nahmen unsere Jungs das aggressive und laufintensive Spiel der Regensburger an und hielten entsprechend dagegen. Der zun\u00e4chst verdiente F\u00fchrungstreffer des Jahn konnte per Foulelfmeter egalisiert werden. Nach diesem Ausgleich setzte sich die JFG Wendelstein immer mehr in Szene, konnte das Spiel selber aktiv gestalten und ging verdienterma\u00dfen mit sch\u00f6nen Toren in regelm\u00e4ssigen Abst\u00e4nden in F\u00fchrung. Jahn Regensburg blieb zwar \u00fcber die gesamte Spieldauer gef\u00e4hrlich, konnte jedoch keine zwingenden M\u00f6glichkeiten mehr erspielen oder erzwingen. Auf der anderen Seite vers\u00e4umten die Wendelsteiner 2000er einige weitere Hochkar\u00e4ter in z\u00e4hlbares umzusetzen. Ein noch h\u00f6herer Sieg h\u00e4tte jedoch nicht dem tats\u00e4chlichen Spielverlauf entsprochen.<\/p>\n<p>Tolles Spiel von euch! Weiter so!<\/p>\n","protected":false},"excerpt":{"rendered":"<p>20.07.2015 : Ein interessantes und f\u00fcr beide Teams wertvolles Testspiel \u00fcber 90 min. sahen die zahlreichen Zuschauer. Der Jahn legte los wie die Feuerwehr und besch\u00e4ftigte Wendelsteins Defensivspezialisten geh\u00f6rig. Mit zunehmender Spieldauer nahmen unsere Jungs das aggressive und laufintensive Spiel der Regensburger an und hielten entsprechend dagegen. Der zun\u00e4chst verdiente F\u00fchrungstreffer des Jahn konnte per [&hellip;]<\/p>\n","protected":false},"author":4,"featured_media":0,"comment_status":"closed","ping_status":"closed","sticky":false,"template":"","format":"standard","meta":{"saved_in_kubio":false,"footnotes":""},"categories":[2,16,20],"tags":[],"class_list":["post-2346","post","type-post","status-publish","format-standard","hentry","category-gf","category-spielbericht","category-u16"],"yoast_head":"<!-- This site is optimized with the Yoast SEO plugin v27.4 - https:\/\/yoast.com\/product\/yoast-seo-wordpress\/ -->\n<title>JFG (U16) - SSV Jahn Regensburg 4:1 - JFG Wendelstein<\/title>\n<meta name=\"robots\" content=\"index, follow, max-snippet:-1, max-image-preview:large, max-video-preview:-1\" \/>\n<link rel=\"canonical\" href=\"https:\/\/www.jugendfussball-wendelstein.de\/wordpress\/jfg-u16-ssv-jahn-regensburg-41\/\" \/>\n<meta property=\"og:locale\" content=\"de_DE\" \/>\n<meta property=\"og:type\" content=\"article\" \/>\n<meta property=\"og:title\" content=\"JFG (U16) - SSV Jahn Regensburg 4:1 - JFG Wendelstein\" \/>\n<meta property=\"og:description\" content=\"20.07.2015 : Ein interessantes und f\u00fcr beide Teams wertvolles Testspiel \u00fcber 90 min. sahen die zahlreichen Zuschauer. Der Jahn legte los wie die Feuerwehr und besch\u00e4ftigte Wendelsteins Defensivspezialisten geh\u00f6rig. Mit zunehmender Spieldauer nahmen unsere Jungs das aggressive und laufintensive Spiel der Regensburger an und hielten entsprechend dagegen. Der zun\u00e4chst verdiente F\u00fchrungstreffer des Jahn konnte per [&hellip;]\" \/>\n<meta property=\"og:url\" content=\"https:\/\/www.jugendfussball-wendelstein.de\/wordpress\/jfg-u16-ssv-jahn-regensburg-41\/\" \/>\n<meta property=\"og:site_name\" content=\"JFG Wendelstein\" \/>\n<meta property=\"article:published_time\" content=\"2015-07-21T15:17:37+00:00\" \/>\n<meta name=\"author\" content=\"Autor\" \/>\n<meta name=\"twitter:card\" content=\"summary_large_image\" \/>\n<meta name=\"twitter:label1\" content=\"Verfasst von\" \/>\n\t<meta name=\"twitter:data1\" content=\"Autor\" \/>\n\t<meta name=\"twitter:label2\" content=\"Gesch\u00e4tzte Lesezeit\" \/>\n\t<meta name=\"twitter:data2\" content=\"1\u00a0Minute\" \/>\n<script type=\"application\/ld+json\" class=\"yoast-schema-graph\">{\"@context\":\"https:\\\/\\\/schema.org\",\"@graph\":[{\"@type\":\"Article\",\"@id\":\"https:\\\/\\\/www.jugendfussball-wendelstein.de\\\/wordpress\\\/jfg-u16-ssv-jahn-regensburg-41\\\/#article\",\"isPartOf\":{\"@id\":\"https:\\\/\\\/www.jugendfussball-wendelstein.de\\\/wordpress\\\/jfg-u16-ssv-jahn-regensburg-41\\\/\"},\"author\":{\"name\":\"Autor\",\"@id\":\"https:\\\/\\\/www.jugendfussball-wendelstein.de\\\/wordpress\\\/#\\\/schema\\\/person\\\/75aadcbd4be1b3af1c1d785397472bc9\"},\"headline\":\"JFG (U16) &#8211; SSV Jahn Regensburg 4:1\",\"datePublished\":\"2015-07-21T15:17:37+00:00\",\"mainEntityOfPage\":{\"@id\":\"https:\\\/\\\/www.jugendfussball-wendelstein.de\\\/wordpress\\\/jfg-u16-ssv-jahn-regensburg-41\\\/\"},\"wordCount\":157,\"articleSection\":[\"Gro\u00dffeld\",\"Spielbericht\",\"U16\"],\"inLanguage\":\"de\"},{\"@type\":\"WebPage\",\"@id\":\"https:\\\/\\\/www.jugendfussball-wendelstein.de\\\/wordpress\\\/jfg-u16-ssv-jahn-regensburg-41\\\/\",\"url\":\"https:\\\/\\\/www.jugendfussball-wendelstein.de\\\/wordpress\\\/jfg-u16-ssv-jahn-regensburg-41\\\/\",\"name\":\"JFG (U16) - SSV Jahn Regensburg 4:1 - JFG Wendelstein\",\"isPartOf\":{\"@id\":\"https:\\\/\\\/www.jugendfussball-wendelstein.de\\\/wordpress\\\/#website\"},\"datePublished\":\"2015-07-21T15:17:37+00:00\",\"author\":{\"@id\":\"https:\\\/\\\/www.jugendfussball-wendelstein.de\\\/wordpress\\\/#\\\/schema\\\/person\\\/75aadcbd4be1b3af1c1d785397472bc9\"},\"breadcrumb\":{\"@id\":\"https:\\\/\\\/www.jugendfussball-wendelstein.de\\\/wordpress\\\/jfg-u16-ssv-jahn-regensburg-41\\\/#breadcrumb\"},\"inLanguage\":\"de\",\"potentialAction\":[{\"@type\":\"ReadAction\",\"target\":[\"https:\\\/\\\/www.jugendfussball-wendelstein.de\\\/wordpress\\\/jfg-u16-ssv-jahn-regensburg-41\\\/\"]}]},{\"@type\":\"BreadcrumbList\",\"@id\":\"https:\\\/\\\/www.jugendfussball-wendelstein.de\\\/wordpress\\\/jfg-u16-ssv-jahn-regensburg-41\\\/#breadcrumb\",\"itemListElement\":[{\"@type\":\"ListItem\",\"position\":1,\"name\":\"Startseite\",\"item\":\"https:\\\/\\\/www.jugendfussball-wendelstein.de\\\/wordpress\\\/\"},{\"@type\":\"ListItem\",\"position\":2,\"name\":\"JFG (U16) &#8211; SSV Jahn Regensburg 4:1\"}]},{\"@type\":\"WebSite\",\"@id\":\"https:\\\/\\\/www.jugendfussball-wendelstein.de\\\/wordpress\\\/#website\",\"url\":\"https:\\\/\\\/www.jugendfussball-wendelstein.de\\\/wordpress\\\/\",\"name\":\"JFG Wendelstein\",\"description\":\"Juniorenfu\u00dfball\",\"potentialAction\":[{\"@type\":\"SearchAction\",\"target\":{\"@type\":\"EntryPoint\",\"urlTemplate\":\"https:\\\/\\\/www.jugendfussball-wendelstein.de\\\/wordpress\\\/?s={search_term_string}\"},\"query-input\":{\"@type\":\"PropertyValueSpecification\",\"valueRequired\":true,\"valueName\":\"search_term_string\"}}],\"inLanguage\":\"de\"},{\"@type\":\"Person\",\"@id\":\"https:\\\/\\\/www.jugendfussball-wendelstein.de\\\/wordpress\\\/#\\\/schema\\\/person\\\/75aadcbd4be1b3af1c1d785397472bc9\",\"name\":\"Autor\",\"image\":{\"@type\":\"ImageObject\",\"inLanguage\":\"de\",\"@id\":\"https:\\\/\\\/secure.gravatar.com\\\/avatar\\\/01dd9b7f2dc8d635302f1c57c2289838e9fe288acd1c06c8f8ad332b8e2a60c9?s=96&d=mm&r=g\",\"url\":\"https:\\\/\\\/secure.gravatar.com\\\/avatar\\\/01dd9b7f2dc8d635302f1c57c2289838e9fe288acd1c06c8f8ad332b8e2a60c9?s=96&d=mm&r=g\",\"contentUrl\":\"https:\\\/\\\/secure.gravatar.com\\\/avatar\\\/01dd9b7f2dc8d635302f1c57c2289838e9fe288acd1c06c8f8ad332b8e2a60c9?s=96&d=mm&r=g\",\"caption\":\"Autor\"},\"url\":\"https:\\\/\\\/www.jugendfussball-wendelstein.de\\\/wordpress\\\/author\\\/autor\\\/\"}]}<\/script>\n<!-- \/ Yoast SEO plugin. -->","yoast_head_json":{"title":"JFG (U16) - SSV Jahn Regensburg 4:1 - JFG Wendelstein","robots":{"index":"index","follow":"follow","max-snippet":"max-snippet:-1","max-image-preview":"max-image-preview:large","max-video-preview":"max-video-preview:-1"},"canonical":"https:\/\/www.jugendfussball-wendelstein.de\/wordpress\/jfg-u16-ssv-jahn-regensburg-41\/","og_locale":"de_DE","og_type":"article","og_title":"JFG (U16) - SSV Jahn Regensburg 4:1 - JFG Wendelstein","og_description":"20.07.2015 : Ein interessantes und f\u00fcr beide Teams wertvolles Testspiel \u00fcber 90 min. sahen die zahlreichen Zuschauer. Der Jahn legte los wie die Feuerwehr und besch\u00e4ftigte Wendelsteins Defensivspezialisten geh\u00f6rig. Mit zunehmender Spieldauer nahmen unsere Jungs das aggressive und laufintensive Spiel der Regensburger an und hielten entsprechend dagegen. Der zun\u00e4chst verdiente F\u00fchrungstreffer des Jahn konnte per [&hellip;]","og_url":"https:\/\/www.jugendfussball-wendelstein.de\/wordpress\/jfg-u16-ssv-jahn-regensburg-41\/","og_site_name":"JFG Wendelstein","article_published_time":"2015-07-21T15:17:37+00:00","author":"Autor","twitter_card":"summary_large_image","twitter_misc":{"Verfasst von":"Autor","Gesch\u00e4tzte Lesezeit":"1\u00a0Minute"},"schema":{"@context":"https:\/\/schema.org","@graph":[{"@type":"Article","@id":"https:\/\/www.jugendfussball-wendelstein.de\/wordpress\/jfg-u16-ssv-jahn-regensburg-41\/#article","isPartOf":{"@id":"https:\/\/www.jugendfussball-wendelstein.de\/wordpress\/jfg-u16-ssv-jahn-regensburg-41\/"},"author":{"name":"Autor","@id":"https:\/\/www.jugendfussball-wendelstein.de\/wordpress\/#\/schema\/person\/75aadcbd4be1b3af1c1d785397472bc9"},"headline":"JFG (U16) &#8211; SSV Jahn Regensburg 4:1","datePublished":"2015-07-21T15:17:37+00:00","mainEntityOfPage":{"@id":"https:\/\/www.jugendfussball-wendelstein.de\/wordpress\/jfg-u16-ssv-jahn-regensburg-41\/"},"wordCount":157,"articleSection":["Gro\u00dffeld","Spielbericht","U16"],"inLanguage":"de"},{"@type":"WebPage","@id":"https:\/\/www.jugendfussball-wendelstein.de\/wordpress\/jfg-u16-ssv-jahn-regensburg-41\/","url":"https:\/\/www.jugendfussball-wendelstein.de\/wordpress\/jfg-u16-ssv-jahn-regensburg-41\/","name":"JFG (U16) - SSV Jahn Regensburg 4:1 - JFG Wendelstein","isPartOf":{"@id":"https:\/\/www.jugendfussball-wendelstein.de\/wordpress\/#website"},"datePublished":"2015-07-21T15:17:37+00:00","author":{"@id":"https:\/\/www.jugendfussball-wendelstein.de\/wordpress\/#\/schema\/person\/75aadcbd4be1b3af1c1d785397472bc9"},"breadcrumb":{"@id":"https:\/\/www.jugendfussball-wendelstein.de\/wordpress\/jfg-u16-ssv-jahn-regensburg-41\/#breadcrumb"},"inLanguage":"de","potentialAction":[{"@type":"ReadAction","target":["https:\/\/www.jugendfussball-wendelstein.de\/wordpress\/jfg-u16-ssv-jahn-regensburg-41\/"]}]},{"@type":"BreadcrumbList","@id":"https:\/\/www.jugendfussball-wendelstein.de\/wordpress\/jfg-u16-ssv-jahn-regensburg-41\/#breadcrumb","itemListElement":[{"@type":"ListItem","position":1,"name":"Startseite","item":"https:\/\/www.jugendfussball-wendelstein.de\/wordpress\/"},{"@type":"ListItem","position":2,"name":"JFG (U16) &#8211; SSV Jahn Regensburg 4:1"}]},{"@type":"WebSite","@id":"https:\/\/www.jugendfussball-wendelstein.de\/wordpress\/#website","url":"https:\/\/www.jugendfussball-wendelstein.de\/wordpress\/","name":"JFG Wendelstein","description":"Juniorenfu\u00dfball","potentialAction":[{"@type":"SearchAction","target":{"@type":"EntryPoint","urlTemplate":"https:\/\/www.jugendfussball-wendelstein.de\/wordpress\/?s={search_term_string}"},"query-input":{"@type":"PropertyValueSpecification","valueRequired":true,"valueName":"search_term_string"}}],"inLanguage":"de"},{"@type":"Person","@id":"https:\/\/www.jugendfussball-wendelstein.de\/wordpress\/#\/schema\/person\/75aadcbd4be1b3af1c1d785397472bc9","name":"Autor","image":{"@type":"ImageObject","inLanguage":"de","@id":"https:\/\/secure.gravatar.com\/avatar\/01dd9b7f2dc8d635302f1c57c2289838e9fe288acd1c06c8f8ad332b8e2a60c9?s=96&d=mm&r=g","url":"https:\/\/secure.gravatar.com\/avatar\/01dd9b7f2dc8d635302f1c57c2289838e9fe288acd1c06c8f8ad332b8e2a60c9?s=96&d=mm&r=g","contentUrl":"https:\/\/secure.gravatar.com\/avatar\/01dd9b7f2dc8d635302f1c57c2289838e9fe288acd1c06c8f8ad332b8e2a60c9?s=96&d=mm&r=g","caption":"Autor"},"url":"https:\/\/www.jugendfussball-wendelstein.de\/wordpress\/author\/autor\/"}]}},"_links":{"self":[{"href":"https:\/\/www.jugendfussball-wendelstein.de\/wordpress\/wp-json\/wp\/v2\/posts\/2346","targetHints":{"allow":["GET"]}}],"collection":[{"href":"https:\/\/www.jugendfussball-wendelstein.de\/wordpress\/wp-json\/wp\/v2\/posts"}],"about":[{"href":"https:\/\/www.jugendfussball-wendelstein.de\/wordpress\/wp-json\/wp\/v2\/types\/post"}],"author":[{"embeddable":true,"href":"https:\/\/www.jugendfussball-wendelstein.de\/wordpress\/wp-json\/wp\/v2\/users\/4"}],"replies":[{"embeddable":true,"href":"https:\/\/www.jugendfussball-wendelstein.de\/wordpress\/wp-json\/wp\/v2\/comments?post=2346"}],"version-history":[{"count":0,"href":"https:\/\/www.jugendfussball-wendelstein.de\/wordpress\/wp-json\/wp\/v2\/posts\/2346\/revisions"}],"wp:attachment":[{"href":"https:\/\/www.jugendfussball-wendelstein.de\/wordpress\/wp-json\/wp\/v2\/media?parent=2346"}],"wp:term":[{"taxonomy":"category","embeddable":true,"href":"https:\/\/www.jugendfussball-wendelstein.de\/wordpress\/wp-json\/wp\/v2\/categories?post=2346"},{"taxonomy":"post_tag","embeddable":true,"href":"https:\/\/www.jugendfussball-wendelstein.de\/wordpress\/wp-json\/wp\/v2\/tags?post=2346"}],"curies":[{"name":"wp","href":"https:\/\/api.w.org\/{rel}","templated":true}]}}