{"id":2352,"date":"2015-07-27T13:05:04","date_gmt":"2015-07-27T11:05:04","guid":{"rendered":"http:\/\/www.jugendfussball-wendelstein.de\/wordpress\/?p=2352"},"modified":"2015-07-27T13:05:04","modified_gmt":"2015-07-27T11:05:04","slug":"spvgg-weiden-jfg-01","status":"publish","type":"post","link":"https:\/\/www.jugendfussball-wendelstein.de\/wordpress\/spvgg-weiden-jfg-01\/","title":{"rendered":"SpVgg Weiden &#8211; JFG  0:1"},"content":{"rendered":"<p>25.07.2015 : Bei hei\u00dfen Wetter trat man zum Test beim NLZ-Nachwuchs in Weiden an.Auf ganz schwerem Gel\u00e4uf traf man auf die BOl U16, die auf einigen Positionen von U17 Landesliga kickern verst\u00e4rkt wurde. Aber die Mannschaft setzte die Vorgaben schnell \u00fcber die Fl\u00fcgel zu kommen sehr gut um. Alleine das 0:1 war Zucker,\u00fcber drei Stationen direkt kam das Zuspiel dann zu Artur,welcher dem TW aus Weiden keine Chance lie\u00df.<br \/>\nIn der Folge verpasste die Mannschaft dann fr\u00fchzeitig f\u00fcr klare Verh\u00e4ltnisse zu sorgen,so scheiterte Artur noch am Aluminium,und Maxi und Daniel hatten ebenfalls die M\u00f6glichkeit zu erh\u00f6hen.<br \/>\nBei der einzigen Chance f\u00fcr Weiden war Niclas auf dem Posten.<br \/>\nIn H\u00e4lfte zwei dann das Spiel ausgeglichen mit leichtem Chancen Plus f\u00fcr Wendelstein. Erst hatte Leon nach Freisto\u00df die gute Chance,dann hatte Wendelstein zweimal Gl\u00fcck,erst rettet der Pfosten,dann Niclas \u00fcberragend. Aber auch die G\u00e4ste wollten nicht mehr treffen,erst verzog Marcel frei vor dem leeren Tor,dann auch Paddy direkt in die Arme des Weidener Keepers. Fazit:<br \/>\nMit schweren Bedingungen eine starke Leistung gegen einen guten Gegner und \u00fcber die gesamte Spielzeit ein verdienter Sieg f\u00fcr die &#8222;Blues&#8220;.<\/p>\n<p>&#8222;Yes-we can&#8220;<\/p>\n","protected":false},"excerpt":{"rendered":"<p>25.07.2015 : Bei hei\u00dfen Wetter trat man zum Test beim NLZ-Nachwuchs in Weiden an.Auf ganz schwerem Gel\u00e4uf traf man auf die BOl U16, die auf einigen Positionen von U17 Landesliga kickern verst\u00e4rkt wurde. Aber die Mannschaft setzte die Vorgaben schnell \u00fcber die Fl\u00fcgel zu kommen sehr gut um. Alleine das 0:1 war Zucker,\u00fcber drei Stationen [&hellip;]<\/p>\n","protected":false},"author":4,"featured_media":0,"comment_status":"closed","ping_status":"closed","sticky":false,"template":"","format":"standard","meta":{"saved_in_kubio":false,"footnotes":""},"categories":[2,16,21],"tags":[],"class_list":["post-2352","post","type-post","status-publish","format-standard","hentry","category-gf","category-spielbericht","category-u17"],"yoast_head":"<!-- This site is optimized with the Yoast SEO plugin v27.4 - https:\/\/yoast.com\/product\/yoast-seo-wordpress\/ -->\n<title>SpVgg Weiden - JFG 0:1 - JFG Wendelstein<\/title>\n<meta name=\"robots\" content=\"index, follow, max-snippet:-1, max-image-preview:large, max-video-preview:-1\" \/>\n<link rel=\"canonical\" href=\"https:\/\/www.jugendfussball-wendelstein.de\/wordpress\/spvgg-weiden-jfg-01\/\" \/>\n<meta property=\"og:locale\" content=\"de_DE\" \/>\n<meta property=\"og:type\" content=\"article\" \/>\n<meta property=\"og:title\" content=\"SpVgg Weiden - JFG 0:1 - JFG Wendelstein\" \/>\n<meta property=\"og:description\" content=\"25.07.2015 : Bei hei\u00dfen Wetter trat man zum Test beim NLZ-Nachwuchs in Weiden an.Auf ganz schwerem Gel\u00e4uf traf man auf die BOl U16, die auf einigen Positionen von U17 Landesliga kickern verst\u00e4rkt wurde. Aber die Mannschaft setzte die Vorgaben schnell \u00fcber die Fl\u00fcgel zu kommen sehr gut um. Alleine das 0:1 war Zucker,\u00fcber drei Stationen [&hellip;]\" \/>\n<meta property=\"og:url\" content=\"https:\/\/www.jugendfussball-wendelstein.de\/wordpress\/spvgg-weiden-jfg-01\/\" \/>\n<meta property=\"og:site_name\" content=\"JFG Wendelstein\" \/>\n<meta property=\"article:published_time\" content=\"2015-07-27T11:05:04+00:00\" \/>\n<meta name=\"author\" content=\"Autor\" \/>\n<meta name=\"twitter:card\" content=\"summary_large_image\" \/>\n<meta name=\"twitter:label1\" content=\"Verfasst von\" \/>\n\t<meta name=\"twitter:data1\" content=\"Autor\" \/>\n\t<meta name=\"twitter:label2\" content=\"Gesch\u00e4tzte Lesezeit\" \/>\n\t<meta name=\"twitter:data2\" content=\"1\u00a0Minute\" \/>\n<script type=\"application\/ld+json\" class=\"yoast-schema-graph\">{\"@context\":\"https:\\\/\\\/schema.org\",\"@graph\":[{\"@type\":\"Article\",\"@id\":\"https:\\\/\\\/www.jugendfussball-wendelstein.de\\\/wordpress\\\/spvgg-weiden-jfg-01\\\/#article\",\"isPartOf\":{\"@id\":\"https:\\\/\\\/www.jugendfussball-wendelstein.de\\\/wordpress\\\/spvgg-weiden-jfg-01\\\/\"},\"author\":{\"name\":\"Autor\",\"@id\":\"https:\\\/\\\/www.jugendfussball-wendelstein.de\\\/wordpress\\\/#\\\/schema\\\/person\\\/75aadcbd4be1b3af1c1d785397472bc9\"},\"headline\":\"SpVgg Weiden &#8211; JFG 0:1\",\"datePublished\":\"2015-07-27T11:05:04+00:00\",\"mainEntityOfPage\":{\"@id\":\"https:\\\/\\\/www.jugendfussball-wendelstein.de\\\/wordpress\\\/spvgg-weiden-jfg-01\\\/\"},\"wordCount\":211,\"articleSection\":[\"Gro\u00dffeld\",\"Spielbericht\",\"U17\"],\"inLanguage\":\"de\"},{\"@type\":\"WebPage\",\"@id\":\"https:\\\/\\\/www.jugendfussball-wendelstein.de\\\/wordpress\\\/spvgg-weiden-jfg-01\\\/\",\"url\":\"https:\\\/\\\/www.jugendfussball-wendelstein.de\\\/wordpress\\\/spvgg-weiden-jfg-01\\\/\",\"name\":\"SpVgg Weiden - JFG 0:1 - JFG Wendelstein\",\"isPartOf\":{\"@id\":\"https:\\\/\\\/www.jugendfussball-wendelstein.de\\\/wordpress\\\/#website\"},\"datePublished\":\"2015-07-27T11:05:04+00:00\",\"author\":{\"@id\":\"https:\\\/\\\/www.jugendfussball-wendelstein.de\\\/wordpress\\\/#\\\/schema\\\/person\\\/75aadcbd4be1b3af1c1d785397472bc9\"},\"breadcrumb\":{\"@id\":\"https:\\\/\\\/www.jugendfussball-wendelstein.de\\\/wordpress\\\/spvgg-weiden-jfg-01\\\/#breadcrumb\"},\"inLanguage\":\"de\",\"potentialAction\":[{\"@type\":\"ReadAction\",\"target\":[\"https:\\\/\\\/www.jugendfussball-wendelstein.de\\\/wordpress\\\/spvgg-weiden-jfg-01\\\/\"]}]},{\"@type\":\"BreadcrumbList\",\"@id\":\"https:\\\/\\\/www.jugendfussball-wendelstein.de\\\/wordpress\\\/spvgg-weiden-jfg-01\\\/#breadcrumb\",\"itemListElement\":[{\"@type\":\"ListItem\",\"position\":1,\"name\":\"Startseite\",\"item\":\"https:\\\/\\\/www.jugendfussball-wendelstein.de\\\/wordpress\\\/\"},{\"@type\":\"ListItem\",\"position\":2,\"name\":\"SpVgg Weiden &#8211; JFG 0:1\"}]},{\"@type\":\"WebSite\",\"@id\":\"https:\\\/\\\/www.jugendfussball-wendelstein.de\\\/wordpress\\\/#website\",\"url\":\"https:\\\/\\\/www.jugendfussball-wendelstein.de\\\/wordpress\\\/\",\"name\":\"JFG Wendelstein\",\"description\":\"Juniorenfu\u00dfball\",\"potentialAction\":[{\"@type\":\"SearchAction\",\"target\":{\"@type\":\"EntryPoint\",\"urlTemplate\":\"https:\\\/\\\/www.jugendfussball-wendelstein.de\\\/wordpress\\\/?s={search_term_string}\"},\"query-input\":{\"@type\":\"PropertyValueSpecification\",\"valueRequired\":true,\"valueName\":\"search_term_string\"}}],\"inLanguage\":\"de\"},{\"@type\":\"Person\",\"@id\":\"https:\\\/\\\/www.jugendfussball-wendelstein.de\\\/wordpress\\\/#\\\/schema\\\/person\\\/75aadcbd4be1b3af1c1d785397472bc9\",\"name\":\"Autor\",\"image\":{\"@type\":\"ImageObject\",\"inLanguage\":\"de\",\"@id\":\"https:\\\/\\\/secure.gravatar.com\\\/avatar\\\/01dd9b7f2dc8d635302f1c57c2289838e9fe288acd1c06c8f8ad332b8e2a60c9?s=96&d=mm&r=g\",\"url\":\"https:\\\/\\\/secure.gravatar.com\\\/avatar\\\/01dd9b7f2dc8d635302f1c57c2289838e9fe288acd1c06c8f8ad332b8e2a60c9?s=96&d=mm&r=g\",\"contentUrl\":\"https:\\\/\\\/secure.gravatar.com\\\/avatar\\\/01dd9b7f2dc8d635302f1c57c2289838e9fe288acd1c06c8f8ad332b8e2a60c9?s=96&d=mm&r=g\",\"caption\":\"Autor\"},\"url\":\"https:\\\/\\\/www.jugendfussball-wendelstein.de\\\/wordpress\\\/author\\\/autor\\\/\"}]}<\/script>\n<!-- \/ Yoast SEO plugin. -->","yoast_head_json":{"title":"SpVgg Weiden - JFG 0:1 - JFG Wendelstein","robots":{"index":"index","follow":"follow","max-snippet":"max-snippet:-1","max-image-preview":"max-image-preview:large","max-video-preview":"max-video-preview:-1"},"canonical":"https:\/\/www.jugendfussball-wendelstein.de\/wordpress\/spvgg-weiden-jfg-01\/","og_locale":"de_DE","og_type":"article","og_title":"SpVgg Weiden - JFG 0:1 - JFG Wendelstein","og_description":"25.07.2015 : Bei hei\u00dfen Wetter trat man zum Test beim NLZ-Nachwuchs in Weiden an.Auf ganz schwerem Gel\u00e4uf traf man auf die BOl U16, die auf einigen Positionen von U17 Landesliga kickern verst\u00e4rkt wurde. Aber die Mannschaft setzte die Vorgaben schnell \u00fcber die Fl\u00fcgel zu kommen sehr gut um. Alleine das 0:1 war Zucker,\u00fcber drei Stationen [&hellip;]","og_url":"https:\/\/www.jugendfussball-wendelstein.de\/wordpress\/spvgg-weiden-jfg-01\/","og_site_name":"JFG Wendelstein","article_published_time":"2015-07-27T11:05:04+00:00","author":"Autor","twitter_card":"summary_large_image","twitter_misc":{"Verfasst von":"Autor","Gesch\u00e4tzte Lesezeit":"1\u00a0Minute"},"schema":{"@context":"https:\/\/schema.org","@graph":[{"@type":"Article","@id":"https:\/\/www.jugendfussball-wendelstein.de\/wordpress\/spvgg-weiden-jfg-01\/#article","isPartOf":{"@id":"https:\/\/www.jugendfussball-wendelstein.de\/wordpress\/spvgg-weiden-jfg-01\/"},"author":{"name":"Autor","@id":"https:\/\/www.jugendfussball-wendelstein.de\/wordpress\/#\/schema\/person\/75aadcbd4be1b3af1c1d785397472bc9"},"headline":"SpVgg Weiden &#8211; JFG 0:1","datePublished":"2015-07-27T11:05:04+00:00","mainEntityOfPage":{"@id":"https:\/\/www.jugendfussball-wendelstein.de\/wordpress\/spvgg-weiden-jfg-01\/"},"wordCount":211,"articleSection":["Gro\u00dffeld","Spielbericht","U17"],"inLanguage":"de"},{"@type":"WebPage","@id":"https:\/\/www.jugendfussball-wendelstein.de\/wordpress\/spvgg-weiden-jfg-01\/","url":"https:\/\/www.jugendfussball-wendelstein.de\/wordpress\/spvgg-weiden-jfg-01\/","name":"SpVgg Weiden - JFG 0:1 - JFG Wendelstein","isPartOf":{"@id":"https:\/\/www.jugendfussball-wendelstein.de\/wordpress\/#website"},"datePublished":"2015-07-27T11:05:04+00:00","author":{"@id":"https:\/\/www.jugendfussball-wendelstein.de\/wordpress\/#\/schema\/person\/75aadcbd4be1b3af1c1d785397472bc9"},"breadcrumb":{"@id":"https:\/\/www.jugendfussball-wendelstein.de\/wordpress\/spvgg-weiden-jfg-01\/#breadcrumb"},"inLanguage":"de","potentialAction":[{"@type":"ReadAction","target":["https:\/\/www.jugendfussball-wendelstein.de\/wordpress\/spvgg-weiden-jfg-01\/"]}]},{"@type":"BreadcrumbList","@id":"https:\/\/www.jugendfussball-wendelstein.de\/wordpress\/spvgg-weiden-jfg-01\/#breadcrumb","itemListElement":[{"@type":"ListItem","position":1,"name":"Startseite","item":"https:\/\/www.jugendfussball-wendelstein.de\/wordpress\/"},{"@type":"ListItem","position":2,"name":"SpVgg Weiden &#8211; JFG 0:1"}]},{"@type":"WebSite","@id":"https:\/\/www.jugendfussball-wendelstein.de\/wordpress\/#website","url":"https:\/\/www.jugendfussball-wendelstein.de\/wordpress\/","name":"JFG Wendelstein","description":"Juniorenfu\u00dfball","potentialAction":[{"@type":"SearchAction","target":{"@type":"EntryPoint","urlTemplate":"https:\/\/www.jugendfussball-wendelstein.de\/wordpress\/?s={search_term_string}"},"query-input":{"@type":"PropertyValueSpecification","valueRequired":true,"valueName":"search_term_string"}}],"inLanguage":"de"},{"@type":"Person","@id":"https:\/\/www.jugendfussball-wendelstein.de\/wordpress\/#\/schema\/person\/75aadcbd4be1b3af1c1d785397472bc9","name":"Autor","image":{"@type":"ImageObject","inLanguage":"de","@id":"https:\/\/secure.gravatar.com\/avatar\/01dd9b7f2dc8d635302f1c57c2289838e9fe288acd1c06c8f8ad332b8e2a60c9?s=96&d=mm&r=g","url":"https:\/\/secure.gravatar.com\/avatar\/01dd9b7f2dc8d635302f1c57c2289838e9fe288acd1c06c8f8ad332b8e2a60c9?s=96&d=mm&r=g","contentUrl":"https:\/\/secure.gravatar.com\/avatar\/01dd9b7f2dc8d635302f1c57c2289838e9fe288acd1c06c8f8ad332b8e2a60c9?s=96&d=mm&r=g","caption":"Autor"},"url":"https:\/\/www.jugendfussball-wendelstein.de\/wordpress\/author\/autor\/"}]}},"_links":{"self":[{"href":"https:\/\/www.jugendfussball-wendelstein.de\/wordpress\/wp-json\/wp\/v2\/posts\/2352","targetHints":{"allow":["GET"]}}],"collection":[{"href":"https:\/\/www.jugendfussball-wendelstein.de\/wordpress\/wp-json\/wp\/v2\/posts"}],"about":[{"href":"https:\/\/www.jugendfussball-wendelstein.de\/wordpress\/wp-json\/wp\/v2\/types\/post"}],"author":[{"embeddable":true,"href":"https:\/\/www.jugendfussball-wendelstein.de\/wordpress\/wp-json\/wp\/v2\/users\/4"}],"replies":[{"embeddable":true,"href":"https:\/\/www.jugendfussball-wendelstein.de\/wordpress\/wp-json\/wp\/v2\/comments?post=2352"}],"version-history":[{"count":0,"href":"https:\/\/www.jugendfussball-wendelstein.de\/wordpress\/wp-json\/wp\/v2\/posts\/2352\/revisions"}],"wp:attachment":[{"href":"https:\/\/www.jugendfussball-wendelstein.de\/wordpress\/wp-json\/wp\/v2\/media?parent=2352"}],"wp:term":[{"taxonomy":"category","embeddable":true,"href":"https:\/\/www.jugendfussball-wendelstein.de\/wordpress\/wp-json\/wp\/v2\/categories?post=2352"},{"taxonomy":"post_tag","embeddable":true,"href":"https:\/\/www.jugendfussball-wendelstein.de\/wordpress\/wp-json\/wp\/v2\/tags?post=2352"}],"curies":[{"name":"wp","href":"https:\/\/api.w.org\/{rel}","templated":true}]}}