{"id":3004,"date":"2015-10-27T18:51:34","date_gmt":"2015-10-27T16:51:34","guid":{"rendered":"http:\/\/www.jugendfussball-wendelstein.de\/wordpress\/?p=3004"},"modified":"2015-10-27T18:51:34","modified_gmt":"2015-10-27T16:51:34","slug":"sv-rednitzhembach-jfgw-23","status":"publish","type":"post","link":"https:\/\/www.jugendfussball-wendelstein.de\/wordpress\/sv-rednitzhembach-jfgw-23\/","title":{"rendered":"SV Rednitzhembach &#8211; JFGW  2:3"},"content":{"rendered":"<p>22.10.2015 : Eine Runde weiter \/ Tag der Blackouts.In Runde 3 des W\u00fcstenrot-Cup f\u00fchrte das Los die Wendelsteiner zum SV Rednitzhembach.<br \/>\nZu Beginn des Spieles sahen die wiederum zahlreich erschienen Zuschauer die erwartete Konstellation. Der Bezirksoberligist diktierte das Spiel und erspielte sich Chance um Chance. Bereits nach 5 Minuten erzielten die G\u00e4ste aus Wendelstein das verdiente 1:0 .<br \/>\nAllerdings erlaubten sich die Wendelsteiner zum wiederholten Male einige Aussetzer. Den zweiten Blackout nutzten die Hembis zum Ausgleich und die viel zitierte Pokalgeschichte begann. Durchaus gelang es den Wendelsteinern das Spiel immer wieder anzukurbeln und Torchance zu generieren. Jedoch musste der Anhang immer bef\u00fcrchten , einen Aussetzer als Zuschauer erleben zu m\u00fcssen. Zur Halbzeit sprach die Mimik des Trainers B\u00e4nde.<br \/>\nMit Beginn der zweiten Halbzeit h\u00e4tten die Hembis in F\u00fchrung gehen m\u00fcssen, vorausgegangen: JA, ein Blackout. Die G\u00e4ste konzentrierten sich wieder auf Ihre St\u00e4rken und gingen mit 3:1 in F\u00fchrung. Der Gastgeber verk\u00fcrzte durch einen &#8222;Blackout&#8220; der Gegner auf 3:2 und es war wieder Spannung im Spiel.<br \/>\nDen Sieg f\u00fcr die Wendelsteiner sicherte der Kapit\u00e4n der Truppe h\u00f6chst pers\u00f6nlich, als er in spektakul\u00e4re Art und Weise den Ausgleich verhinderte.<br \/>\nDurch den Sieg erreichten die Wendelsteiner Runde 4 des Pokalwettbewerbes. Die G\u00e4ste lie\u00dfen den k\u00e4mpfenden Hembis keine aus dem Spiel heraus resultierende Chance. Dennoch brauchen sich die Wendelsteiner nicht wundern, wenn der Gegner durch derartige Aussetzer immer wieder ins Spiel gelangt.<br \/>\nAlso, Wiedergutmachung ist bereits in zwei Tagen zum n\u00e4chsten Punktspiel angesagt.<\/p>\n<p>Autor : R.R.<\/p>\n","protected":false},"excerpt":{"rendered":"<p>22.10.2015 : Eine Runde weiter \/ Tag der Blackouts.In Runde 3 des W\u00fcstenrot-Cup f\u00fchrte das Los die Wendelsteiner zum SV Rednitzhembach. Zu Beginn des Spieles sahen die wiederum zahlreich erschienen Zuschauer die erwartete Konstellation. Der Bezirksoberligist diktierte das Spiel und erspielte sich Chance um Chance. Bereits nach 5 Minuten erzielten die G\u00e4ste aus Wendelstein das [&hellip;]<\/p>\n","protected":false},"author":4,"featured_media":0,"comment_status":"closed","ping_status":"closed","sticky":false,"template":"","format":"standard","meta":{"saved_in_kubio":false,"footnotes":""},"categories":[2,16,8],"tags":[],"class_list":["post-3004","post","type-post","status-publish","format-standard","hentry","category-gf","category-spielbericht","category-u13"],"yoast_head":"<!-- This site is optimized with the Yoast SEO plugin v27.4 - https:\/\/yoast.com\/product\/yoast-seo-wordpress\/ -->\n<title>SV Rednitzhembach - JFGW 2:3 - JFG Wendelstein<\/title>\n<meta name=\"robots\" content=\"index, follow, max-snippet:-1, max-image-preview:large, max-video-preview:-1\" \/>\n<link rel=\"canonical\" href=\"https:\/\/www.jugendfussball-wendelstein.de\/wordpress\/sv-rednitzhembach-jfgw-23\/\" \/>\n<meta property=\"og:locale\" content=\"de_DE\" \/>\n<meta property=\"og:type\" content=\"article\" \/>\n<meta property=\"og:title\" content=\"SV Rednitzhembach - JFGW 2:3 - JFG Wendelstein\" \/>\n<meta property=\"og:description\" content=\"22.10.2015 : Eine Runde weiter \/ Tag der Blackouts.In Runde 3 des W\u00fcstenrot-Cup f\u00fchrte das Los die Wendelsteiner zum SV Rednitzhembach. Zu Beginn des Spieles sahen die wiederum zahlreich erschienen Zuschauer die erwartete Konstellation. Der Bezirksoberligist diktierte das Spiel und erspielte sich Chance um Chance. Bereits nach 5 Minuten erzielten die G\u00e4ste aus Wendelstein das [&hellip;]\" \/>\n<meta property=\"og:url\" content=\"https:\/\/www.jugendfussball-wendelstein.de\/wordpress\/sv-rednitzhembach-jfgw-23\/\" \/>\n<meta property=\"og:site_name\" content=\"JFG Wendelstein\" \/>\n<meta property=\"article:published_time\" content=\"2015-10-27T16:51:34+00:00\" \/>\n<meta name=\"author\" content=\"Autor\" \/>\n<meta name=\"twitter:card\" content=\"summary_large_image\" \/>\n<meta name=\"twitter:label1\" content=\"Verfasst von\" \/>\n\t<meta name=\"twitter:data1\" content=\"Autor\" \/>\n\t<meta name=\"twitter:label2\" content=\"Gesch\u00e4tzte Lesezeit\" \/>\n\t<meta name=\"twitter:data2\" content=\"1\u00a0Minute\" \/>\n<script type=\"application\/ld+json\" class=\"yoast-schema-graph\">{\"@context\":\"https:\\\/\\\/schema.org\",\"@graph\":[{\"@type\":\"Article\",\"@id\":\"https:\\\/\\\/www.jugendfussball-wendelstein.de\\\/wordpress\\\/sv-rednitzhembach-jfgw-23\\\/#article\",\"isPartOf\":{\"@id\":\"https:\\\/\\\/www.jugendfussball-wendelstein.de\\\/wordpress\\\/sv-rednitzhembach-jfgw-23\\\/\"},\"author\":{\"name\":\"Autor\",\"@id\":\"https:\\\/\\\/www.jugendfussball-wendelstein.de\\\/wordpress\\\/#\\\/schema\\\/person\\\/75aadcbd4be1b3af1c1d785397472bc9\"},\"headline\":\"SV Rednitzhembach &#8211; JFGW 2:3\",\"datePublished\":\"2015-10-27T16:51:34+00:00\",\"mainEntityOfPage\":{\"@id\":\"https:\\\/\\\/www.jugendfussball-wendelstein.de\\\/wordpress\\\/sv-rednitzhembach-jfgw-23\\\/\"},\"wordCount\":258,\"articleSection\":[\"Gro\u00dffeld\",\"Spielbericht\",\"U13\"],\"inLanguage\":\"de\"},{\"@type\":\"WebPage\",\"@id\":\"https:\\\/\\\/www.jugendfussball-wendelstein.de\\\/wordpress\\\/sv-rednitzhembach-jfgw-23\\\/\",\"url\":\"https:\\\/\\\/www.jugendfussball-wendelstein.de\\\/wordpress\\\/sv-rednitzhembach-jfgw-23\\\/\",\"name\":\"SV Rednitzhembach - JFGW 2:3 - JFG Wendelstein\",\"isPartOf\":{\"@id\":\"https:\\\/\\\/www.jugendfussball-wendelstein.de\\\/wordpress\\\/#website\"},\"datePublished\":\"2015-10-27T16:51:34+00:00\",\"author\":{\"@id\":\"https:\\\/\\\/www.jugendfussball-wendelstein.de\\\/wordpress\\\/#\\\/schema\\\/person\\\/75aadcbd4be1b3af1c1d785397472bc9\"},\"breadcrumb\":{\"@id\":\"https:\\\/\\\/www.jugendfussball-wendelstein.de\\\/wordpress\\\/sv-rednitzhembach-jfgw-23\\\/#breadcrumb\"},\"inLanguage\":\"de\",\"potentialAction\":[{\"@type\":\"ReadAction\",\"target\":[\"https:\\\/\\\/www.jugendfussball-wendelstein.de\\\/wordpress\\\/sv-rednitzhembach-jfgw-23\\\/\"]}]},{\"@type\":\"BreadcrumbList\",\"@id\":\"https:\\\/\\\/www.jugendfussball-wendelstein.de\\\/wordpress\\\/sv-rednitzhembach-jfgw-23\\\/#breadcrumb\",\"itemListElement\":[{\"@type\":\"ListItem\",\"position\":1,\"name\":\"Startseite\",\"item\":\"https:\\\/\\\/www.jugendfussball-wendelstein.de\\\/wordpress\\\/\"},{\"@type\":\"ListItem\",\"position\":2,\"name\":\"SV Rednitzhembach &#8211; JFGW 2:3\"}]},{\"@type\":\"WebSite\",\"@id\":\"https:\\\/\\\/www.jugendfussball-wendelstein.de\\\/wordpress\\\/#website\",\"url\":\"https:\\\/\\\/www.jugendfussball-wendelstein.de\\\/wordpress\\\/\",\"name\":\"JFG Wendelstein\",\"description\":\"Juniorenfu\u00dfball\",\"potentialAction\":[{\"@type\":\"SearchAction\",\"target\":{\"@type\":\"EntryPoint\",\"urlTemplate\":\"https:\\\/\\\/www.jugendfussball-wendelstein.de\\\/wordpress\\\/?s={search_term_string}\"},\"query-input\":{\"@type\":\"PropertyValueSpecification\",\"valueRequired\":true,\"valueName\":\"search_term_string\"}}],\"inLanguage\":\"de\"},{\"@type\":\"Person\",\"@id\":\"https:\\\/\\\/www.jugendfussball-wendelstein.de\\\/wordpress\\\/#\\\/schema\\\/person\\\/75aadcbd4be1b3af1c1d785397472bc9\",\"name\":\"Autor\",\"image\":{\"@type\":\"ImageObject\",\"inLanguage\":\"de\",\"@id\":\"https:\\\/\\\/secure.gravatar.com\\\/avatar\\\/01dd9b7f2dc8d635302f1c57c2289838e9fe288acd1c06c8f8ad332b8e2a60c9?s=96&d=mm&r=g\",\"url\":\"https:\\\/\\\/secure.gravatar.com\\\/avatar\\\/01dd9b7f2dc8d635302f1c57c2289838e9fe288acd1c06c8f8ad332b8e2a60c9?s=96&d=mm&r=g\",\"contentUrl\":\"https:\\\/\\\/secure.gravatar.com\\\/avatar\\\/01dd9b7f2dc8d635302f1c57c2289838e9fe288acd1c06c8f8ad332b8e2a60c9?s=96&d=mm&r=g\",\"caption\":\"Autor\"},\"url\":\"https:\\\/\\\/www.jugendfussball-wendelstein.de\\\/wordpress\\\/author\\\/autor\\\/\"}]}<\/script>\n<!-- \/ Yoast SEO plugin. -->","yoast_head_json":{"title":"SV Rednitzhembach - JFGW 2:3 - JFG Wendelstein","robots":{"index":"index","follow":"follow","max-snippet":"max-snippet:-1","max-image-preview":"max-image-preview:large","max-video-preview":"max-video-preview:-1"},"canonical":"https:\/\/www.jugendfussball-wendelstein.de\/wordpress\/sv-rednitzhembach-jfgw-23\/","og_locale":"de_DE","og_type":"article","og_title":"SV Rednitzhembach - JFGW 2:3 - JFG Wendelstein","og_description":"22.10.2015 : Eine Runde weiter \/ Tag der Blackouts.In Runde 3 des W\u00fcstenrot-Cup f\u00fchrte das Los die Wendelsteiner zum SV Rednitzhembach. Zu Beginn des Spieles sahen die wiederum zahlreich erschienen Zuschauer die erwartete Konstellation. Der Bezirksoberligist diktierte das Spiel und erspielte sich Chance um Chance. Bereits nach 5 Minuten erzielten die G\u00e4ste aus Wendelstein das [&hellip;]","og_url":"https:\/\/www.jugendfussball-wendelstein.de\/wordpress\/sv-rednitzhembach-jfgw-23\/","og_site_name":"JFG Wendelstein","article_published_time":"2015-10-27T16:51:34+00:00","author":"Autor","twitter_card":"summary_large_image","twitter_misc":{"Verfasst von":"Autor","Gesch\u00e4tzte Lesezeit":"1\u00a0Minute"},"schema":{"@context":"https:\/\/schema.org","@graph":[{"@type":"Article","@id":"https:\/\/www.jugendfussball-wendelstein.de\/wordpress\/sv-rednitzhembach-jfgw-23\/#article","isPartOf":{"@id":"https:\/\/www.jugendfussball-wendelstein.de\/wordpress\/sv-rednitzhembach-jfgw-23\/"},"author":{"name":"Autor","@id":"https:\/\/www.jugendfussball-wendelstein.de\/wordpress\/#\/schema\/person\/75aadcbd4be1b3af1c1d785397472bc9"},"headline":"SV Rednitzhembach &#8211; JFGW 2:3","datePublished":"2015-10-27T16:51:34+00:00","mainEntityOfPage":{"@id":"https:\/\/www.jugendfussball-wendelstein.de\/wordpress\/sv-rednitzhembach-jfgw-23\/"},"wordCount":258,"articleSection":["Gro\u00dffeld","Spielbericht","U13"],"inLanguage":"de"},{"@type":"WebPage","@id":"https:\/\/www.jugendfussball-wendelstein.de\/wordpress\/sv-rednitzhembach-jfgw-23\/","url":"https:\/\/www.jugendfussball-wendelstein.de\/wordpress\/sv-rednitzhembach-jfgw-23\/","name":"SV Rednitzhembach - JFGW 2:3 - JFG Wendelstein","isPartOf":{"@id":"https:\/\/www.jugendfussball-wendelstein.de\/wordpress\/#website"},"datePublished":"2015-10-27T16:51:34+00:00","author":{"@id":"https:\/\/www.jugendfussball-wendelstein.de\/wordpress\/#\/schema\/person\/75aadcbd4be1b3af1c1d785397472bc9"},"breadcrumb":{"@id":"https:\/\/www.jugendfussball-wendelstein.de\/wordpress\/sv-rednitzhembach-jfgw-23\/#breadcrumb"},"inLanguage":"de","potentialAction":[{"@type":"ReadAction","target":["https:\/\/www.jugendfussball-wendelstein.de\/wordpress\/sv-rednitzhembach-jfgw-23\/"]}]},{"@type":"BreadcrumbList","@id":"https:\/\/www.jugendfussball-wendelstein.de\/wordpress\/sv-rednitzhembach-jfgw-23\/#breadcrumb","itemListElement":[{"@type":"ListItem","position":1,"name":"Startseite","item":"https:\/\/www.jugendfussball-wendelstein.de\/wordpress\/"},{"@type":"ListItem","position":2,"name":"SV Rednitzhembach &#8211; JFGW 2:3"}]},{"@type":"WebSite","@id":"https:\/\/www.jugendfussball-wendelstein.de\/wordpress\/#website","url":"https:\/\/www.jugendfussball-wendelstein.de\/wordpress\/","name":"JFG Wendelstein","description":"Juniorenfu\u00dfball","potentialAction":[{"@type":"SearchAction","target":{"@type":"EntryPoint","urlTemplate":"https:\/\/www.jugendfussball-wendelstein.de\/wordpress\/?s={search_term_string}"},"query-input":{"@type":"PropertyValueSpecification","valueRequired":true,"valueName":"search_term_string"}}],"inLanguage":"de"},{"@type":"Person","@id":"https:\/\/www.jugendfussball-wendelstein.de\/wordpress\/#\/schema\/person\/75aadcbd4be1b3af1c1d785397472bc9","name":"Autor","image":{"@type":"ImageObject","inLanguage":"de","@id":"https:\/\/secure.gravatar.com\/avatar\/01dd9b7f2dc8d635302f1c57c2289838e9fe288acd1c06c8f8ad332b8e2a60c9?s=96&d=mm&r=g","url":"https:\/\/secure.gravatar.com\/avatar\/01dd9b7f2dc8d635302f1c57c2289838e9fe288acd1c06c8f8ad332b8e2a60c9?s=96&d=mm&r=g","contentUrl":"https:\/\/secure.gravatar.com\/avatar\/01dd9b7f2dc8d635302f1c57c2289838e9fe288acd1c06c8f8ad332b8e2a60c9?s=96&d=mm&r=g","caption":"Autor"},"url":"https:\/\/www.jugendfussball-wendelstein.de\/wordpress\/author\/autor\/"}]}},"_links":{"self":[{"href":"https:\/\/www.jugendfussball-wendelstein.de\/wordpress\/wp-json\/wp\/v2\/posts\/3004","targetHints":{"allow":["GET"]}}],"collection":[{"href":"https:\/\/www.jugendfussball-wendelstein.de\/wordpress\/wp-json\/wp\/v2\/posts"}],"about":[{"href":"https:\/\/www.jugendfussball-wendelstein.de\/wordpress\/wp-json\/wp\/v2\/types\/post"}],"author":[{"embeddable":true,"href":"https:\/\/www.jugendfussball-wendelstein.de\/wordpress\/wp-json\/wp\/v2\/users\/4"}],"replies":[{"embeddable":true,"href":"https:\/\/www.jugendfussball-wendelstein.de\/wordpress\/wp-json\/wp\/v2\/comments?post=3004"}],"version-history":[{"count":0,"href":"https:\/\/www.jugendfussball-wendelstein.de\/wordpress\/wp-json\/wp\/v2\/posts\/3004\/revisions"}],"wp:attachment":[{"href":"https:\/\/www.jugendfussball-wendelstein.de\/wordpress\/wp-json\/wp\/v2\/media?parent=3004"}],"wp:term":[{"taxonomy":"category","embeddable":true,"href":"https:\/\/www.jugendfussball-wendelstein.de\/wordpress\/wp-json\/wp\/v2\/categories?post=3004"},{"taxonomy":"post_tag","embeddable":true,"href":"https:\/\/www.jugendfussball-wendelstein.de\/wordpress\/wp-json\/wp\/v2\/tags?post=3004"}],"curies":[{"name":"wp","href":"https:\/\/api.w.org\/{rel}","templated":true}]}}