{"id":3010,"date":"2015-11-01T22:34:14","date_gmt":"2015-11-01T20:34:14","guid":{"rendered":"http:\/\/www.jugendfussball-wendelstein.de\/wordpress\/?p=3010"},"modified":"2015-11-01T22:34:14","modified_gmt":"2015-11-01T20:34:14","slug":"jfg-rothsee-sued-jfgw-16","status":"publish","type":"post","link":"https:\/\/www.jugendfussball-wendelstein.de\/wordpress\/jfg-rothsee-sued-jfgw-16\/","title":{"rendered":"JFG Rothsee S\u00fcd  &#8211; JFGW  1:6"},"content":{"rendered":"<p>01.11.2015 : Aktiv, mutig und auch gnadenlos best\u00e4tigte das Wendelsteiner Team nicht nur eine gute Trainingswoche sondern auch die eigene Vorank\u00fcndigung zum Spiel. Gegen die keineswegs entt\u00e4uschenden Gastgeber stellte sich auf Wendelsteiner Seite neben einer guten Spielanlage auch die erhoffte, in den letzten Spielen leider verloren gegangene Effektivit\u00e4t wieder ein. In der intensiven Partie spielten die &#8222;Seer\u00e4uber&#8220; aus Hilpoltstein von Anfang an gut mit und versteckten sich nicht mit Mauerfussball. Die sich daraus ergebenden R\u00e4ume nutzte Wendelstein vorbildlich. Obwohl die schnellen Angreifer der Gastgeber immer wieder f\u00fcr Betrieb bei den Wendelsteiner Defensivspezialisten sorgten, war der Sieg auch in dieser H\u00f6he verdient. Zun\u00e4chst etwas rechtslastig agierte Wendelstein zielstrebig &#8211; die Tore machte in der ersten Halbzeit allerdings die linke Seite! Nach dem Anschlusstreffer durch einen mysteri\u00f6sen Strafsto\u00df erh\u00f6hten die nimmerm\u00fcden Gastgeber Ihren Angriffsdruck. Unsere Jungs hatten jedoch mit zwei weiteren Treffern eine schnelle Antwort parat. Nach dem 1:4 mussten die Rothsee&#8217;ler allerdings Ihrem laufintensiven Spiel Tribut zollen, soda\u00df Wendelstein das Ergebnis in den Schlussminuten noch ausbauen konnte.<br \/>\nSehr sch\u00f6ne Tore und eine richtig gute Einstellung aller Spieler!<\/p>\n<p>Herzlichen Gl\u00fcckwunsch &#8211; weiter so!<\/p>\n<p>Autor : E.Z.<\/p>\n","protected":false},"excerpt":{"rendered":"<p>01.11.2015 : Aktiv, mutig und auch gnadenlos best\u00e4tigte das Wendelsteiner Team nicht nur eine gute Trainingswoche sondern auch die eigene Vorank\u00fcndigung zum Spiel. Gegen die keineswegs entt\u00e4uschenden Gastgeber stellte sich auf Wendelsteiner Seite neben einer guten Spielanlage auch die erhoffte, in den letzten Spielen leider verloren gegangene Effektivit\u00e4t wieder ein. In der intensiven Partie spielten [&hellip;]<\/p>\n","protected":false},"author":4,"featured_media":0,"comment_status":"closed","ping_status":"closed","sticky":false,"template":"","format":"standard","meta":{"saved_in_kubio":false,"footnotes":""},"categories":[2,16,21],"tags":[],"class_list":["post-3010","post","type-post","status-publish","format-standard","hentry","category-gf","category-spielbericht","category-u17"],"yoast_head":"<!-- This site is optimized with the Yoast SEO plugin v27.4 - https:\/\/yoast.com\/product\/yoast-seo-wordpress\/ -->\n<title>JFG Rothsee S\u00fcd - JFGW 1:6 - JFG Wendelstein<\/title>\n<meta name=\"robots\" content=\"index, follow, max-snippet:-1, max-image-preview:large, max-video-preview:-1\" \/>\n<link rel=\"canonical\" href=\"https:\/\/www.jugendfussball-wendelstein.de\/wordpress\/jfg-rothsee-sued-jfgw-16\/\" \/>\n<meta property=\"og:locale\" content=\"de_DE\" \/>\n<meta property=\"og:type\" content=\"article\" \/>\n<meta property=\"og:title\" content=\"JFG Rothsee S\u00fcd - JFGW 1:6 - JFG Wendelstein\" \/>\n<meta property=\"og:description\" content=\"01.11.2015 : Aktiv, mutig und auch gnadenlos best\u00e4tigte das Wendelsteiner Team nicht nur eine gute Trainingswoche sondern auch die eigene Vorank\u00fcndigung zum Spiel. Gegen die keineswegs entt\u00e4uschenden Gastgeber stellte sich auf Wendelsteiner Seite neben einer guten Spielanlage auch die erhoffte, in den letzten Spielen leider verloren gegangene Effektivit\u00e4t wieder ein. In der intensiven Partie spielten [&hellip;]\" \/>\n<meta property=\"og:url\" content=\"https:\/\/www.jugendfussball-wendelstein.de\/wordpress\/jfg-rothsee-sued-jfgw-16\/\" \/>\n<meta property=\"og:site_name\" content=\"JFG Wendelstein\" \/>\n<meta property=\"article:published_time\" content=\"2015-11-01T20:34:14+00:00\" \/>\n<meta name=\"author\" content=\"Autor\" \/>\n<meta name=\"twitter:card\" content=\"summary_large_image\" \/>\n<meta name=\"twitter:label1\" content=\"Verfasst von\" \/>\n\t<meta name=\"twitter:data1\" content=\"Autor\" \/>\n\t<meta name=\"twitter:label2\" content=\"Gesch\u00e4tzte Lesezeit\" \/>\n\t<meta name=\"twitter:data2\" content=\"1\u00a0Minute\" \/>\n<script type=\"application\/ld+json\" class=\"yoast-schema-graph\">{\"@context\":\"https:\\\/\\\/schema.org\",\"@graph\":[{\"@type\":\"Article\",\"@id\":\"https:\\\/\\\/www.jugendfussball-wendelstein.de\\\/wordpress\\\/jfg-rothsee-sued-jfgw-16\\\/#article\",\"isPartOf\":{\"@id\":\"https:\\\/\\\/www.jugendfussball-wendelstein.de\\\/wordpress\\\/jfg-rothsee-sued-jfgw-16\\\/\"},\"author\":{\"name\":\"Autor\",\"@id\":\"https:\\\/\\\/www.jugendfussball-wendelstein.de\\\/wordpress\\\/#\\\/schema\\\/person\\\/75aadcbd4be1b3af1c1d785397472bc9\"},\"headline\":\"JFG Rothsee S\u00fcd &#8211; JFGW 1:6\",\"datePublished\":\"2015-11-01T20:34:14+00:00\",\"mainEntityOfPage\":{\"@id\":\"https:\\\/\\\/www.jugendfussball-wendelstein.de\\\/wordpress\\\/jfg-rothsee-sued-jfgw-16\\\/\"},\"wordCount\":202,\"articleSection\":[\"Gro\u00dffeld\",\"Spielbericht\",\"U17\"],\"inLanguage\":\"de\"},{\"@type\":\"WebPage\",\"@id\":\"https:\\\/\\\/www.jugendfussball-wendelstein.de\\\/wordpress\\\/jfg-rothsee-sued-jfgw-16\\\/\",\"url\":\"https:\\\/\\\/www.jugendfussball-wendelstein.de\\\/wordpress\\\/jfg-rothsee-sued-jfgw-16\\\/\",\"name\":\"JFG Rothsee S\u00fcd - JFGW 1:6 - JFG Wendelstein\",\"isPartOf\":{\"@id\":\"https:\\\/\\\/www.jugendfussball-wendelstein.de\\\/wordpress\\\/#website\"},\"datePublished\":\"2015-11-01T20:34:14+00:00\",\"author\":{\"@id\":\"https:\\\/\\\/www.jugendfussball-wendelstein.de\\\/wordpress\\\/#\\\/schema\\\/person\\\/75aadcbd4be1b3af1c1d785397472bc9\"},\"breadcrumb\":{\"@id\":\"https:\\\/\\\/www.jugendfussball-wendelstein.de\\\/wordpress\\\/jfg-rothsee-sued-jfgw-16\\\/#breadcrumb\"},\"inLanguage\":\"de\",\"potentialAction\":[{\"@type\":\"ReadAction\",\"target\":[\"https:\\\/\\\/www.jugendfussball-wendelstein.de\\\/wordpress\\\/jfg-rothsee-sued-jfgw-16\\\/\"]}]},{\"@type\":\"BreadcrumbList\",\"@id\":\"https:\\\/\\\/www.jugendfussball-wendelstein.de\\\/wordpress\\\/jfg-rothsee-sued-jfgw-16\\\/#breadcrumb\",\"itemListElement\":[{\"@type\":\"ListItem\",\"position\":1,\"name\":\"Startseite\",\"item\":\"https:\\\/\\\/www.jugendfussball-wendelstein.de\\\/wordpress\\\/\"},{\"@type\":\"ListItem\",\"position\":2,\"name\":\"JFG Rothsee S\u00fcd &#8211; JFGW 1:6\"}]},{\"@type\":\"WebSite\",\"@id\":\"https:\\\/\\\/www.jugendfussball-wendelstein.de\\\/wordpress\\\/#website\",\"url\":\"https:\\\/\\\/www.jugendfussball-wendelstein.de\\\/wordpress\\\/\",\"name\":\"JFG Wendelstein\",\"description\":\"Juniorenfu\u00dfball\",\"potentialAction\":[{\"@type\":\"SearchAction\",\"target\":{\"@type\":\"EntryPoint\",\"urlTemplate\":\"https:\\\/\\\/www.jugendfussball-wendelstein.de\\\/wordpress\\\/?s={search_term_string}\"},\"query-input\":{\"@type\":\"PropertyValueSpecification\",\"valueRequired\":true,\"valueName\":\"search_term_string\"}}],\"inLanguage\":\"de\"},{\"@type\":\"Person\",\"@id\":\"https:\\\/\\\/www.jugendfussball-wendelstein.de\\\/wordpress\\\/#\\\/schema\\\/person\\\/75aadcbd4be1b3af1c1d785397472bc9\",\"name\":\"Autor\",\"image\":{\"@type\":\"ImageObject\",\"inLanguage\":\"de\",\"@id\":\"https:\\\/\\\/secure.gravatar.com\\\/avatar\\\/01dd9b7f2dc8d635302f1c57c2289838e9fe288acd1c06c8f8ad332b8e2a60c9?s=96&d=mm&r=g\",\"url\":\"https:\\\/\\\/secure.gravatar.com\\\/avatar\\\/01dd9b7f2dc8d635302f1c57c2289838e9fe288acd1c06c8f8ad332b8e2a60c9?s=96&d=mm&r=g\",\"contentUrl\":\"https:\\\/\\\/secure.gravatar.com\\\/avatar\\\/01dd9b7f2dc8d635302f1c57c2289838e9fe288acd1c06c8f8ad332b8e2a60c9?s=96&d=mm&r=g\",\"caption\":\"Autor\"},\"url\":\"https:\\\/\\\/www.jugendfussball-wendelstein.de\\\/wordpress\\\/author\\\/autor\\\/\"}]}<\/script>\n<!-- \/ Yoast SEO plugin. -->","yoast_head_json":{"title":"JFG Rothsee S\u00fcd - JFGW 1:6 - JFG Wendelstein","robots":{"index":"index","follow":"follow","max-snippet":"max-snippet:-1","max-image-preview":"max-image-preview:large","max-video-preview":"max-video-preview:-1"},"canonical":"https:\/\/www.jugendfussball-wendelstein.de\/wordpress\/jfg-rothsee-sued-jfgw-16\/","og_locale":"de_DE","og_type":"article","og_title":"JFG Rothsee S\u00fcd - JFGW 1:6 - JFG Wendelstein","og_description":"01.11.2015 : Aktiv, mutig und auch gnadenlos best\u00e4tigte das Wendelsteiner Team nicht nur eine gute Trainingswoche sondern auch die eigene Vorank\u00fcndigung zum Spiel. Gegen die keineswegs entt\u00e4uschenden Gastgeber stellte sich auf Wendelsteiner Seite neben einer guten Spielanlage auch die erhoffte, in den letzten Spielen leider verloren gegangene Effektivit\u00e4t wieder ein. In der intensiven Partie spielten [&hellip;]","og_url":"https:\/\/www.jugendfussball-wendelstein.de\/wordpress\/jfg-rothsee-sued-jfgw-16\/","og_site_name":"JFG Wendelstein","article_published_time":"2015-11-01T20:34:14+00:00","author":"Autor","twitter_card":"summary_large_image","twitter_misc":{"Verfasst von":"Autor","Gesch\u00e4tzte Lesezeit":"1\u00a0Minute"},"schema":{"@context":"https:\/\/schema.org","@graph":[{"@type":"Article","@id":"https:\/\/www.jugendfussball-wendelstein.de\/wordpress\/jfg-rothsee-sued-jfgw-16\/#article","isPartOf":{"@id":"https:\/\/www.jugendfussball-wendelstein.de\/wordpress\/jfg-rothsee-sued-jfgw-16\/"},"author":{"name":"Autor","@id":"https:\/\/www.jugendfussball-wendelstein.de\/wordpress\/#\/schema\/person\/75aadcbd4be1b3af1c1d785397472bc9"},"headline":"JFG Rothsee S\u00fcd &#8211; JFGW 1:6","datePublished":"2015-11-01T20:34:14+00:00","mainEntityOfPage":{"@id":"https:\/\/www.jugendfussball-wendelstein.de\/wordpress\/jfg-rothsee-sued-jfgw-16\/"},"wordCount":202,"articleSection":["Gro\u00dffeld","Spielbericht","U17"],"inLanguage":"de"},{"@type":"WebPage","@id":"https:\/\/www.jugendfussball-wendelstein.de\/wordpress\/jfg-rothsee-sued-jfgw-16\/","url":"https:\/\/www.jugendfussball-wendelstein.de\/wordpress\/jfg-rothsee-sued-jfgw-16\/","name":"JFG Rothsee S\u00fcd - JFGW 1:6 - JFG Wendelstein","isPartOf":{"@id":"https:\/\/www.jugendfussball-wendelstein.de\/wordpress\/#website"},"datePublished":"2015-11-01T20:34:14+00:00","author":{"@id":"https:\/\/www.jugendfussball-wendelstein.de\/wordpress\/#\/schema\/person\/75aadcbd4be1b3af1c1d785397472bc9"},"breadcrumb":{"@id":"https:\/\/www.jugendfussball-wendelstein.de\/wordpress\/jfg-rothsee-sued-jfgw-16\/#breadcrumb"},"inLanguage":"de","potentialAction":[{"@type":"ReadAction","target":["https:\/\/www.jugendfussball-wendelstein.de\/wordpress\/jfg-rothsee-sued-jfgw-16\/"]}]},{"@type":"BreadcrumbList","@id":"https:\/\/www.jugendfussball-wendelstein.de\/wordpress\/jfg-rothsee-sued-jfgw-16\/#breadcrumb","itemListElement":[{"@type":"ListItem","position":1,"name":"Startseite","item":"https:\/\/www.jugendfussball-wendelstein.de\/wordpress\/"},{"@type":"ListItem","position":2,"name":"JFG Rothsee S\u00fcd &#8211; JFGW 1:6"}]},{"@type":"WebSite","@id":"https:\/\/www.jugendfussball-wendelstein.de\/wordpress\/#website","url":"https:\/\/www.jugendfussball-wendelstein.de\/wordpress\/","name":"JFG Wendelstein","description":"Juniorenfu\u00dfball","potentialAction":[{"@type":"SearchAction","target":{"@type":"EntryPoint","urlTemplate":"https:\/\/www.jugendfussball-wendelstein.de\/wordpress\/?s={search_term_string}"},"query-input":{"@type":"PropertyValueSpecification","valueRequired":true,"valueName":"search_term_string"}}],"inLanguage":"de"},{"@type":"Person","@id":"https:\/\/www.jugendfussball-wendelstein.de\/wordpress\/#\/schema\/person\/75aadcbd4be1b3af1c1d785397472bc9","name":"Autor","image":{"@type":"ImageObject","inLanguage":"de","@id":"https:\/\/secure.gravatar.com\/avatar\/01dd9b7f2dc8d635302f1c57c2289838e9fe288acd1c06c8f8ad332b8e2a60c9?s=96&d=mm&r=g","url":"https:\/\/secure.gravatar.com\/avatar\/01dd9b7f2dc8d635302f1c57c2289838e9fe288acd1c06c8f8ad332b8e2a60c9?s=96&d=mm&r=g","contentUrl":"https:\/\/secure.gravatar.com\/avatar\/01dd9b7f2dc8d635302f1c57c2289838e9fe288acd1c06c8f8ad332b8e2a60c9?s=96&d=mm&r=g","caption":"Autor"},"url":"https:\/\/www.jugendfussball-wendelstein.de\/wordpress\/author\/autor\/"}]}},"_links":{"self":[{"href":"https:\/\/www.jugendfussball-wendelstein.de\/wordpress\/wp-json\/wp\/v2\/posts\/3010","targetHints":{"allow":["GET"]}}],"collection":[{"href":"https:\/\/www.jugendfussball-wendelstein.de\/wordpress\/wp-json\/wp\/v2\/posts"}],"about":[{"href":"https:\/\/www.jugendfussball-wendelstein.de\/wordpress\/wp-json\/wp\/v2\/types\/post"}],"author":[{"embeddable":true,"href":"https:\/\/www.jugendfussball-wendelstein.de\/wordpress\/wp-json\/wp\/v2\/users\/4"}],"replies":[{"embeddable":true,"href":"https:\/\/www.jugendfussball-wendelstein.de\/wordpress\/wp-json\/wp\/v2\/comments?post=3010"}],"version-history":[{"count":0,"href":"https:\/\/www.jugendfussball-wendelstein.de\/wordpress\/wp-json\/wp\/v2\/posts\/3010\/revisions"}],"wp:attachment":[{"href":"https:\/\/www.jugendfussball-wendelstein.de\/wordpress\/wp-json\/wp\/v2\/media?parent=3010"}],"wp:term":[{"taxonomy":"category","embeddable":true,"href":"https:\/\/www.jugendfussball-wendelstein.de\/wordpress\/wp-json\/wp\/v2\/categories?post=3010"},{"taxonomy":"post_tag","embeddable":true,"href":"https:\/\/www.jugendfussball-wendelstein.de\/wordpress\/wp-json\/wp\/v2\/tags?post=3010"}],"curies":[{"name":"wp","href":"https:\/\/api.w.org\/{rel}","templated":true}]}}