{"id":3022,"date":"2015-11-12T22:06:12","date_gmt":"2015-11-12T20:06:12","guid":{"rendered":"http:\/\/www.jugendfussball-wendelstein.de\/wordpress\/?p=3022"},"modified":"2015-11-12T22:06:12","modified_gmt":"2015-11-12T20:06:12","slug":"jfgw-spvgg-ansbach-64","status":"publish","type":"post","link":"https:\/\/www.jugendfussball-wendelstein.de\/wordpress\/jfgw-spvgg-ansbach-64\/","title":{"rendered":"JFGW &#8211; SpVgg Ansbach  6:4"},"content":{"rendered":"<p>07.11.2015 : Testspiel auf dem Gro\u00dffeld.<\/p>\n<p>Das kurzfristig vereinbarte Testspiel fand auf dem Gro\u00dffeld, Mannschaftsst\u00e4rke 11:11 statt.<br \/>\nBeide Mannschaften nutzten den zur Verf\u00fcgung stehenden Platz\/Raum und wie im Vorfeld erwartet, wurde es ein torreiches Spiel.<\/p>\n<p>In der ersten Halbzeit konnten die Wendelsteiner z\u00e4hlbares auf Ihrer Seite verbuchen und gingen mit einer 2:0 F\u00fchrung in die Pause. Es h\u00e4tte auch bis dahin auf beiden Seiten doch die eine oder andere Zahl an Toren stehen d\u00fcrfen.<\/p>\n<p>Mit Beginn der zweiten Halbzeit erh\u00f6hte die U 13 \/1 der Wendelsteiner das Ergebnis auf 5:1. Danach konnten die G\u00e4ste aus Ansbach das Spiel an sich nehmen und verk\u00fcrzten auf 4:5. Den Schlusspunkt setzten die Gastgeber aus Wendelstein zum Spielendstand in H\u00f6he von 6:4.<\/p>\n<p>Interessanter als das Ergebnis war die Tatsache, dass sich die U13 &#8211; Mannschaften auf das f\u00fcr sie ungewohnte Gro\u00dffeld anstatt Kompaktfeld begegneten. Hier konnten erste Erkenntnisse \u00fcber die zuk\u00fcnftigen Aufgaben gewonnen werden. Sollte die gezeigte Einsatzbereitschaft der Wendelsteiner bereits am n\u00e4chsten Tag im Spiel beim VW-Masters-Cup zum Vorschein kommen, d\u00fcrfen sich die Zuschauer auf ein tolles Spiel freuen.<\/p>\n<p>Autor : R.R.<\/p>\n","protected":false},"excerpt":{"rendered":"<p>07.11.2015 : Testspiel auf dem Gro\u00dffeld. Das kurzfristig vereinbarte Testspiel fand auf dem Gro\u00dffeld, Mannschaftsst\u00e4rke 11:11 statt. Beide Mannschaften nutzten den zur Verf\u00fcgung stehenden Platz\/Raum und wie im Vorfeld erwartet, wurde es ein torreiches Spiel. In der ersten Halbzeit konnten die Wendelsteiner z\u00e4hlbares auf Ihrer Seite verbuchen und gingen mit einer 2:0 F\u00fchrung in die [&hellip;]<\/p>\n","protected":false},"author":4,"featured_media":0,"comment_status":"closed","ping_status":"closed","sticky":false,"template":"","format":"standard","meta":{"saved_in_kubio":false,"footnotes":""},"categories":[2,16,8],"tags":[],"class_list":["post-3022","post","type-post","status-publish","format-standard","hentry","category-gf","category-spielbericht","category-u13"],"yoast_head":"<!-- This site is optimized with the Yoast SEO plugin v27.4 - https:\/\/yoast.com\/product\/yoast-seo-wordpress\/ -->\n<title>JFGW - SpVgg Ansbach 6:4 - JFG Wendelstein<\/title>\n<meta name=\"robots\" content=\"index, follow, max-snippet:-1, max-image-preview:large, max-video-preview:-1\" \/>\n<link rel=\"canonical\" href=\"https:\/\/www.jugendfussball-wendelstein.de\/wordpress\/jfgw-spvgg-ansbach-64\/\" \/>\n<meta property=\"og:locale\" content=\"de_DE\" \/>\n<meta property=\"og:type\" content=\"article\" \/>\n<meta property=\"og:title\" content=\"JFGW - SpVgg Ansbach 6:4 - JFG Wendelstein\" \/>\n<meta property=\"og:description\" content=\"07.11.2015 : Testspiel auf dem Gro\u00dffeld. Das kurzfristig vereinbarte Testspiel fand auf dem Gro\u00dffeld, Mannschaftsst\u00e4rke 11:11 statt. Beide Mannschaften nutzten den zur Verf\u00fcgung stehenden Platz\/Raum und wie im Vorfeld erwartet, wurde es ein torreiches Spiel. In der ersten Halbzeit konnten die Wendelsteiner z\u00e4hlbares auf Ihrer Seite verbuchen und gingen mit einer 2:0 F\u00fchrung in die [&hellip;]\" \/>\n<meta property=\"og:url\" content=\"https:\/\/www.jugendfussball-wendelstein.de\/wordpress\/jfgw-spvgg-ansbach-64\/\" \/>\n<meta property=\"og:site_name\" content=\"JFG Wendelstein\" \/>\n<meta property=\"article:published_time\" content=\"2015-11-12T20:06:12+00:00\" \/>\n<meta name=\"author\" content=\"Autor\" \/>\n<meta name=\"twitter:card\" content=\"summary_large_image\" \/>\n<meta name=\"twitter:label1\" content=\"Verfasst von\" \/>\n\t<meta name=\"twitter:data1\" content=\"Autor\" \/>\n\t<meta name=\"twitter:label2\" content=\"Gesch\u00e4tzte Lesezeit\" \/>\n\t<meta name=\"twitter:data2\" content=\"1\u00a0Minute\" \/>\n<script type=\"application\/ld+json\" class=\"yoast-schema-graph\">{\"@context\":\"https:\\\/\\\/schema.org\",\"@graph\":[{\"@type\":\"Article\",\"@id\":\"https:\\\/\\\/www.jugendfussball-wendelstein.de\\\/wordpress\\\/jfgw-spvgg-ansbach-64\\\/#article\",\"isPartOf\":{\"@id\":\"https:\\\/\\\/www.jugendfussball-wendelstein.de\\\/wordpress\\\/jfgw-spvgg-ansbach-64\\\/\"},\"author\":{\"name\":\"Autor\",\"@id\":\"https:\\\/\\\/www.jugendfussball-wendelstein.de\\\/wordpress\\\/#\\\/schema\\\/person\\\/75aadcbd4be1b3af1c1d785397472bc9\"},\"headline\":\"JFGW &#8211; SpVgg Ansbach 6:4\",\"datePublished\":\"2015-11-12T20:06:12+00:00\",\"mainEntityOfPage\":{\"@id\":\"https:\\\/\\\/www.jugendfussball-wendelstein.de\\\/wordpress\\\/jfgw-spvgg-ansbach-64\\\/\"},\"wordCount\":192,\"articleSection\":[\"Gro\u00dffeld\",\"Spielbericht\",\"U13\"],\"inLanguage\":\"de\"},{\"@type\":\"WebPage\",\"@id\":\"https:\\\/\\\/www.jugendfussball-wendelstein.de\\\/wordpress\\\/jfgw-spvgg-ansbach-64\\\/\",\"url\":\"https:\\\/\\\/www.jugendfussball-wendelstein.de\\\/wordpress\\\/jfgw-spvgg-ansbach-64\\\/\",\"name\":\"JFGW - SpVgg Ansbach 6:4 - JFG Wendelstein\",\"isPartOf\":{\"@id\":\"https:\\\/\\\/www.jugendfussball-wendelstein.de\\\/wordpress\\\/#website\"},\"datePublished\":\"2015-11-12T20:06:12+00:00\",\"author\":{\"@id\":\"https:\\\/\\\/www.jugendfussball-wendelstein.de\\\/wordpress\\\/#\\\/schema\\\/person\\\/75aadcbd4be1b3af1c1d785397472bc9\"},\"breadcrumb\":{\"@id\":\"https:\\\/\\\/www.jugendfussball-wendelstein.de\\\/wordpress\\\/jfgw-spvgg-ansbach-64\\\/#breadcrumb\"},\"inLanguage\":\"de\",\"potentialAction\":[{\"@type\":\"ReadAction\",\"target\":[\"https:\\\/\\\/www.jugendfussball-wendelstein.de\\\/wordpress\\\/jfgw-spvgg-ansbach-64\\\/\"]}]},{\"@type\":\"BreadcrumbList\",\"@id\":\"https:\\\/\\\/www.jugendfussball-wendelstein.de\\\/wordpress\\\/jfgw-spvgg-ansbach-64\\\/#breadcrumb\",\"itemListElement\":[{\"@type\":\"ListItem\",\"position\":1,\"name\":\"Startseite\",\"item\":\"https:\\\/\\\/www.jugendfussball-wendelstein.de\\\/wordpress\\\/\"},{\"@type\":\"ListItem\",\"position\":2,\"name\":\"JFGW &#8211; SpVgg Ansbach 6:4\"}]},{\"@type\":\"WebSite\",\"@id\":\"https:\\\/\\\/www.jugendfussball-wendelstein.de\\\/wordpress\\\/#website\",\"url\":\"https:\\\/\\\/www.jugendfussball-wendelstein.de\\\/wordpress\\\/\",\"name\":\"JFG Wendelstein\",\"description\":\"Juniorenfu\u00dfball\",\"potentialAction\":[{\"@type\":\"SearchAction\",\"target\":{\"@type\":\"EntryPoint\",\"urlTemplate\":\"https:\\\/\\\/www.jugendfussball-wendelstein.de\\\/wordpress\\\/?s={search_term_string}\"},\"query-input\":{\"@type\":\"PropertyValueSpecification\",\"valueRequired\":true,\"valueName\":\"search_term_string\"}}],\"inLanguage\":\"de\"},{\"@type\":\"Person\",\"@id\":\"https:\\\/\\\/www.jugendfussball-wendelstein.de\\\/wordpress\\\/#\\\/schema\\\/person\\\/75aadcbd4be1b3af1c1d785397472bc9\",\"name\":\"Autor\",\"image\":{\"@type\":\"ImageObject\",\"inLanguage\":\"de\",\"@id\":\"https:\\\/\\\/secure.gravatar.com\\\/avatar\\\/01dd9b7f2dc8d635302f1c57c2289838e9fe288acd1c06c8f8ad332b8e2a60c9?s=96&d=mm&r=g\",\"url\":\"https:\\\/\\\/secure.gravatar.com\\\/avatar\\\/01dd9b7f2dc8d635302f1c57c2289838e9fe288acd1c06c8f8ad332b8e2a60c9?s=96&d=mm&r=g\",\"contentUrl\":\"https:\\\/\\\/secure.gravatar.com\\\/avatar\\\/01dd9b7f2dc8d635302f1c57c2289838e9fe288acd1c06c8f8ad332b8e2a60c9?s=96&d=mm&r=g\",\"caption\":\"Autor\"},\"url\":\"https:\\\/\\\/www.jugendfussball-wendelstein.de\\\/wordpress\\\/author\\\/autor\\\/\"}]}<\/script>\n<!-- \/ Yoast SEO plugin. -->","yoast_head_json":{"title":"JFGW - SpVgg Ansbach 6:4 - JFG Wendelstein","robots":{"index":"index","follow":"follow","max-snippet":"max-snippet:-1","max-image-preview":"max-image-preview:large","max-video-preview":"max-video-preview:-1"},"canonical":"https:\/\/www.jugendfussball-wendelstein.de\/wordpress\/jfgw-spvgg-ansbach-64\/","og_locale":"de_DE","og_type":"article","og_title":"JFGW - SpVgg Ansbach 6:4 - JFG Wendelstein","og_description":"07.11.2015 : Testspiel auf dem Gro\u00dffeld. Das kurzfristig vereinbarte Testspiel fand auf dem Gro\u00dffeld, Mannschaftsst\u00e4rke 11:11 statt. Beide Mannschaften nutzten den zur Verf\u00fcgung stehenden Platz\/Raum und wie im Vorfeld erwartet, wurde es ein torreiches Spiel. In der ersten Halbzeit konnten die Wendelsteiner z\u00e4hlbares auf Ihrer Seite verbuchen und gingen mit einer 2:0 F\u00fchrung in die [&hellip;]","og_url":"https:\/\/www.jugendfussball-wendelstein.de\/wordpress\/jfgw-spvgg-ansbach-64\/","og_site_name":"JFG Wendelstein","article_published_time":"2015-11-12T20:06:12+00:00","author":"Autor","twitter_card":"summary_large_image","twitter_misc":{"Verfasst von":"Autor","Gesch\u00e4tzte Lesezeit":"1\u00a0Minute"},"schema":{"@context":"https:\/\/schema.org","@graph":[{"@type":"Article","@id":"https:\/\/www.jugendfussball-wendelstein.de\/wordpress\/jfgw-spvgg-ansbach-64\/#article","isPartOf":{"@id":"https:\/\/www.jugendfussball-wendelstein.de\/wordpress\/jfgw-spvgg-ansbach-64\/"},"author":{"name":"Autor","@id":"https:\/\/www.jugendfussball-wendelstein.de\/wordpress\/#\/schema\/person\/75aadcbd4be1b3af1c1d785397472bc9"},"headline":"JFGW &#8211; SpVgg Ansbach 6:4","datePublished":"2015-11-12T20:06:12+00:00","mainEntityOfPage":{"@id":"https:\/\/www.jugendfussball-wendelstein.de\/wordpress\/jfgw-spvgg-ansbach-64\/"},"wordCount":192,"articleSection":["Gro\u00dffeld","Spielbericht","U13"],"inLanguage":"de"},{"@type":"WebPage","@id":"https:\/\/www.jugendfussball-wendelstein.de\/wordpress\/jfgw-spvgg-ansbach-64\/","url":"https:\/\/www.jugendfussball-wendelstein.de\/wordpress\/jfgw-spvgg-ansbach-64\/","name":"JFGW - SpVgg Ansbach 6:4 - JFG Wendelstein","isPartOf":{"@id":"https:\/\/www.jugendfussball-wendelstein.de\/wordpress\/#website"},"datePublished":"2015-11-12T20:06:12+00:00","author":{"@id":"https:\/\/www.jugendfussball-wendelstein.de\/wordpress\/#\/schema\/person\/75aadcbd4be1b3af1c1d785397472bc9"},"breadcrumb":{"@id":"https:\/\/www.jugendfussball-wendelstein.de\/wordpress\/jfgw-spvgg-ansbach-64\/#breadcrumb"},"inLanguage":"de","potentialAction":[{"@type":"ReadAction","target":["https:\/\/www.jugendfussball-wendelstein.de\/wordpress\/jfgw-spvgg-ansbach-64\/"]}]},{"@type":"BreadcrumbList","@id":"https:\/\/www.jugendfussball-wendelstein.de\/wordpress\/jfgw-spvgg-ansbach-64\/#breadcrumb","itemListElement":[{"@type":"ListItem","position":1,"name":"Startseite","item":"https:\/\/www.jugendfussball-wendelstein.de\/wordpress\/"},{"@type":"ListItem","position":2,"name":"JFGW &#8211; SpVgg Ansbach 6:4"}]},{"@type":"WebSite","@id":"https:\/\/www.jugendfussball-wendelstein.de\/wordpress\/#website","url":"https:\/\/www.jugendfussball-wendelstein.de\/wordpress\/","name":"JFG Wendelstein","description":"Juniorenfu\u00dfball","potentialAction":[{"@type":"SearchAction","target":{"@type":"EntryPoint","urlTemplate":"https:\/\/www.jugendfussball-wendelstein.de\/wordpress\/?s={search_term_string}"},"query-input":{"@type":"PropertyValueSpecification","valueRequired":true,"valueName":"search_term_string"}}],"inLanguage":"de"},{"@type":"Person","@id":"https:\/\/www.jugendfussball-wendelstein.de\/wordpress\/#\/schema\/person\/75aadcbd4be1b3af1c1d785397472bc9","name":"Autor","image":{"@type":"ImageObject","inLanguage":"de","@id":"https:\/\/secure.gravatar.com\/avatar\/01dd9b7f2dc8d635302f1c57c2289838e9fe288acd1c06c8f8ad332b8e2a60c9?s=96&d=mm&r=g","url":"https:\/\/secure.gravatar.com\/avatar\/01dd9b7f2dc8d635302f1c57c2289838e9fe288acd1c06c8f8ad332b8e2a60c9?s=96&d=mm&r=g","contentUrl":"https:\/\/secure.gravatar.com\/avatar\/01dd9b7f2dc8d635302f1c57c2289838e9fe288acd1c06c8f8ad332b8e2a60c9?s=96&d=mm&r=g","caption":"Autor"},"url":"https:\/\/www.jugendfussball-wendelstein.de\/wordpress\/author\/autor\/"}]}},"_links":{"self":[{"href":"https:\/\/www.jugendfussball-wendelstein.de\/wordpress\/wp-json\/wp\/v2\/posts\/3022","targetHints":{"allow":["GET"]}}],"collection":[{"href":"https:\/\/www.jugendfussball-wendelstein.de\/wordpress\/wp-json\/wp\/v2\/posts"}],"about":[{"href":"https:\/\/www.jugendfussball-wendelstein.de\/wordpress\/wp-json\/wp\/v2\/types\/post"}],"author":[{"embeddable":true,"href":"https:\/\/www.jugendfussball-wendelstein.de\/wordpress\/wp-json\/wp\/v2\/users\/4"}],"replies":[{"embeddable":true,"href":"https:\/\/www.jugendfussball-wendelstein.de\/wordpress\/wp-json\/wp\/v2\/comments?post=3022"}],"version-history":[{"count":0,"href":"https:\/\/www.jugendfussball-wendelstein.de\/wordpress\/wp-json\/wp\/v2\/posts\/3022\/revisions"}],"wp:attachment":[{"href":"https:\/\/www.jugendfussball-wendelstein.de\/wordpress\/wp-json\/wp\/v2\/media?parent=3022"}],"wp:term":[{"taxonomy":"category","embeddable":true,"href":"https:\/\/www.jugendfussball-wendelstein.de\/wordpress\/wp-json\/wp\/v2\/categories?post=3022"},{"taxonomy":"post_tag","embeddable":true,"href":"https:\/\/www.jugendfussball-wendelstein.de\/wordpress\/wp-json\/wp\/v2\/tags?post=3022"}],"curies":[{"name":"wp","href":"https:\/\/api.w.org\/{rel}","templated":true}]}}