{"id":3140,"date":"2015-12-25T21:38:42","date_gmt":"2015-12-25T19:38:42","guid":{"rendered":"http:\/\/www.jugendfussball-wendelstein.de\/wordpress\/?p=3140"},"modified":"2015-12-25T21:57:21","modified_gmt":"2015-12-25T19:57:21","slug":"ein-musterbeispiel-gelungener-integration","status":"publish","type":"post","link":"https:\/\/www.jugendfussball-wendelstein.de\/wordpress\/ein-musterbeispiel-gelungener-integration\/","title":{"rendered":"Ein Musterbeispiel gelungener Integration!"},"content":{"rendered":"<p>Im August 2010 trat <strong>Adrian Rogulj<\/strong> in den JFG Stammverein TSV 1927 R\u00f6thenbach\/St.W. ein. Damals, als einer der Ersten mit dabei, half Adrian von Beginn an aktiv mit, den Jugendfu\u00dfball in R\u00f6thenbach wiederaufzubauen.\u00a0 Seine erste Position war damals Torwart in der U7. Danach durchlief er alle Altersstufen als Feldspieler bis heute, wo er in der U11\/3 der JFG Wendelstein als St\u00fctze die dortige Defensive ma\u00dfgeblich st\u00e4rkt. Viele seiner damaligen Trainer sind heute noch aktiv in der JFG, wie Dani Todic, Martin Pirner (aktuell), oder Florian und Walter Sigl.<\/p>\n<p>Nun, was ist jetzt das Besondere daran, denn das liest sich bis jetzt wie eine normale Kinderfu\u00dfballkarriere? Nein, ist es nicht: Bereits w\u00e4hrend der Schwangerschaft hatte Adrian einen Schlaganfall. Folge dessen sind eine Halbseitenl\u00e4hmung links, Epilepsie und Lernbehinderung als Folge der Hirnsch\u00e4digung und eine 70%ige Schwerbehinderung! Mit viel Geduld konnte Adrian immer voll in alle Teams integriert werden, trotz einiger schwerer Operationen in dieser Zeit, und wurde auch von seinen Mitspielern immer voll akzeptiert. Adrian bl\u00fchte durch den Fu\u00dfball immer mehr auf, hat auch aktuell m\u00e4chtig Spa\u00df und Freude in der U11\/3 mit seinen Teamkollegen und Trainer Martin. Adrian`s Eltern opfern hier auch wahnsinnig viel Zeit, um ihm dies auch immer zu erm\u00f6glichen, denn seit seiner Einschulung 2012 geht Adrian im Wichernhaus Altdorf zur Schule und in die dortige heilp\u00e4dagogische Tagesst\u00e4tte. Hut ab vor Adrian und den Eltern, denn Sohn Tobias spielt ja auch noch in der U8 der JFG. Trotz aller gesundheitlichen Handicaps meistert er das alles vorbildlich. Hoffen wir alle, dass er noch viel Freude bei uns haben wird. <strong>Wirklich sch\u00f6n, dass ALLE Kinder in unserer JFG Wendelstein eine sportliche Heimat finden k\u00f6nnen!<\/strong><\/p>\n<p><img loading=\"lazy\" decoding=\"async\" class=\"alignleft size-full wp-image-3143\" src=\"https:\/\/www.jugendfussball-wendelstein.de\/wordpress\/wp-content\/uploads\/2015\/12\/IMG_9235.jpg\" alt=\"IMG_9235\" width=\"1024\" height=\"682\" srcset=\"https:\/\/www.jugendfussball-wendelstein.de\/wordpress\/wp-content\/uploads\/2015\/12\/IMG_9235.jpg 1024w, https:\/\/www.jugendfussball-wendelstein.de\/wordpress\/wp-content\/uploads\/2015\/12\/IMG_9235-350x233.jpg 350w\" sizes=\"(max-width: 1024px) 100vw, 1024px\" \/><\/p>\n<p><em> Zu Beginn seiner Fussballzeit: Adrian ist der Junge ganz rechts im Bild, gleich links daneben sein kleiner Bruder Tobias.<\/em> <img loading=\"lazy\" decoding=\"async\" class=\"alignleft size-full wp-image-3142\" src=\"https:\/\/www.jugendfussball-wendelstein.de\/wordpress\/wp-content\/uploads\/2015\/12\/Adrian.jpg\" alt=\"Adrian\" width=\"1100\" height=\"960\" srcset=\"https:\/\/www.jugendfussball-wendelstein.de\/wordpress\/wp-content\/uploads\/2015\/12\/Adrian.jpg 1100w, https:\/\/www.jugendfussball-wendelstein.de\/wordpress\/wp-content\/uploads\/2015\/12\/Adrian-344x300.jpg 344w, https:\/\/www.jugendfussball-wendelstein.de\/wordpress\/wp-content\/uploads\/2015\/12\/Adrian-1024x894.jpg 1024w\" sizes=\"(max-width: 1100px) 100vw, 1100px\" \/><\/p>\n<p><em>Adrian in der aktuellen U11-3 in der Mitte oben im Bild.<\/em><\/p>\n<p><em>Autor: Walter Sigl<br \/>\n<\/em><\/p>\n","protected":false},"excerpt":{"rendered":"<p>Im August 2010 trat Adrian Rogulj in den JFG Stammverein TSV 1927 R\u00f6thenbach\/St.W. ein. Damals, als einer der Ersten mit dabei, half Adrian von Beginn an aktiv mit, den Jugendfu\u00dfball in R\u00f6thenbach wiederaufzubauen.\u00a0 Seine erste Position war damals Torwart in der U7. Danach durchlief er alle Altersstufen als Feldspieler bis heute, wo er in der [&hellip;]<\/p>\n","protected":false},"author":4,"featured_media":0,"comment_status":"closed","ping_status":"closed","sticky":false,"template":"","format":"standard","meta":{"saved_in_kubio":false,"footnotes":""},"categories":[1,16,6],"tags":[],"class_list":["post-3140","post","type-post","status-publish","format-standard","hentry","category-allgemein","category-spielbericht","category-u11-3"],"yoast_head":"<!-- This site is optimized with the Yoast SEO plugin v27.4 - https:\/\/yoast.com\/product\/yoast-seo-wordpress\/ -->\n<title>Ein Musterbeispiel gelungener Integration! - JFG Wendelstein<\/title>\n<meta name=\"robots\" content=\"index, follow, max-snippet:-1, max-image-preview:large, max-video-preview:-1\" \/>\n<link rel=\"canonical\" href=\"https:\/\/www.jugendfussball-wendelstein.de\/wordpress\/ein-musterbeispiel-gelungener-integration\/\" \/>\n<meta property=\"og:locale\" content=\"de_DE\" \/>\n<meta property=\"og:type\" content=\"article\" \/>\n<meta property=\"og:title\" content=\"Ein Musterbeispiel gelungener Integration! - JFG Wendelstein\" \/>\n<meta property=\"og:description\" content=\"Im August 2010 trat Adrian Rogulj in den JFG Stammverein TSV 1927 R\u00f6thenbach\/St.W. ein. Damals, als einer der Ersten mit dabei, half Adrian von Beginn an aktiv mit, den Jugendfu\u00dfball in R\u00f6thenbach wiederaufzubauen.\u00a0 Seine erste Position war damals Torwart in der U7. Danach durchlief er alle Altersstufen als Feldspieler bis heute, wo er in der [&hellip;]\" \/>\n<meta property=\"og:url\" content=\"https:\/\/www.jugendfussball-wendelstein.de\/wordpress\/ein-musterbeispiel-gelungener-integration\/\" \/>\n<meta property=\"og:site_name\" content=\"JFG Wendelstein\" \/>\n<meta property=\"article:published_time\" content=\"2015-12-25T19:38:42+00:00\" \/>\n<meta property=\"article:modified_time\" content=\"2015-12-25T19:57:21+00:00\" \/>\n<meta property=\"og:image\" content=\"http:\/\/www.jugendfussball-wendelstein.de\/wordpress\/wp-content\/uploads\/2015\/12\/IMG_9235.jpg\" \/>\n<meta name=\"author\" content=\"Autor\" \/>\n<meta name=\"twitter:card\" content=\"summary_large_image\" \/>\n<meta name=\"twitter:label1\" content=\"Verfasst von\" \/>\n\t<meta name=\"twitter:data1\" content=\"Autor\" \/>\n\t<meta name=\"twitter:label2\" content=\"Gesch\u00e4tzte Lesezeit\" \/>\n\t<meta name=\"twitter:data2\" content=\"2\u00a0Minuten\" \/>\n<script type=\"application\/ld+json\" class=\"yoast-schema-graph\">{\"@context\":\"https:\\\/\\\/schema.org\",\"@graph\":[{\"@type\":\"Article\",\"@id\":\"https:\\\/\\\/www.jugendfussball-wendelstein.de\\\/wordpress\\\/ein-musterbeispiel-gelungener-integration\\\/#article\",\"isPartOf\":{\"@id\":\"https:\\\/\\\/www.jugendfussball-wendelstein.de\\\/wordpress\\\/ein-musterbeispiel-gelungener-integration\\\/\"},\"author\":{\"name\":\"Autor\",\"@id\":\"https:\\\/\\\/www.jugendfussball-wendelstein.de\\\/wordpress\\\/#\\\/schema\\\/person\\\/75aadcbd4be1b3af1c1d785397472bc9\"},\"headline\":\"Ein Musterbeispiel gelungener Integration!\",\"datePublished\":\"2015-12-25T19:38:42+00:00\",\"dateModified\":\"2015-12-25T19:57:21+00:00\",\"mainEntityOfPage\":{\"@id\":\"https:\\\/\\\/www.jugendfussball-wendelstein.de\\\/wordpress\\\/ein-musterbeispiel-gelungener-integration\\\/\"},\"wordCount\":329,\"image\":{\"@id\":\"https:\\\/\\\/www.jugendfussball-wendelstein.de\\\/wordpress\\\/ein-musterbeispiel-gelungener-integration\\\/#primaryimage\"},\"thumbnailUrl\":\"http:\\\/\\\/www.jugendfussball-wendelstein.de\\\/wordpress\\\/wp-content\\\/uploads\\\/2015\\\/12\\\/IMG_9235.jpg\",\"articleSection\":[\"Aktuell\",\"Spielbericht\",\"U11-3\"],\"inLanguage\":\"de\"},{\"@type\":\"WebPage\",\"@id\":\"https:\\\/\\\/www.jugendfussball-wendelstein.de\\\/wordpress\\\/ein-musterbeispiel-gelungener-integration\\\/\",\"url\":\"https:\\\/\\\/www.jugendfussball-wendelstein.de\\\/wordpress\\\/ein-musterbeispiel-gelungener-integration\\\/\",\"name\":\"Ein Musterbeispiel gelungener Integration! - JFG Wendelstein\",\"isPartOf\":{\"@id\":\"https:\\\/\\\/www.jugendfussball-wendelstein.de\\\/wordpress\\\/#website\"},\"primaryImageOfPage\":{\"@id\":\"https:\\\/\\\/www.jugendfussball-wendelstein.de\\\/wordpress\\\/ein-musterbeispiel-gelungener-integration\\\/#primaryimage\"},\"image\":{\"@id\":\"https:\\\/\\\/www.jugendfussball-wendelstein.de\\\/wordpress\\\/ein-musterbeispiel-gelungener-integration\\\/#primaryimage\"},\"thumbnailUrl\":\"http:\\\/\\\/www.jugendfussball-wendelstein.de\\\/wordpress\\\/wp-content\\\/uploads\\\/2015\\\/12\\\/IMG_9235.jpg\",\"datePublished\":\"2015-12-25T19:38:42+00:00\",\"dateModified\":\"2015-12-25T19:57:21+00:00\",\"author\":{\"@id\":\"https:\\\/\\\/www.jugendfussball-wendelstein.de\\\/wordpress\\\/#\\\/schema\\\/person\\\/75aadcbd4be1b3af1c1d785397472bc9\"},\"breadcrumb\":{\"@id\":\"https:\\\/\\\/www.jugendfussball-wendelstein.de\\\/wordpress\\\/ein-musterbeispiel-gelungener-integration\\\/#breadcrumb\"},\"inLanguage\":\"de\",\"potentialAction\":[{\"@type\":\"ReadAction\",\"target\":[\"https:\\\/\\\/www.jugendfussball-wendelstein.de\\\/wordpress\\\/ein-musterbeispiel-gelungener-integration\\\/\"]}]},{\"@type\":\"ImageObject\",\"inLanguage\":\"de\",\"@id\":\"https:\\\/\\\/www.jugendfussball-wendelstein.de\\\/wordpress\\\/ein-musterbeispiel-gelungener-integration\\\/#primaryimage\",\"url\":\"http:\\\/\\\/www.jugendfussball-wendelstein.de\\\/wordpress\\\/wp-content\\\/uploads\\\/2015\\\/12\\\/IMG_9235.jpg\",\"contentUrl\":\"http:\\\/\\\/www.jugendfussball-wendelstein.de\\\/wordpress\\\/wp-content\\\/uploads\\\/2015\\\/12\\\/IMG_9235.jpg\"},{\"@type\":\"BreadcrumbList\",\"@id\":\"https:\\\/\\\/www.jugendfussball-wendelstein.de\\\/wordpress\\\/ein-musterbeispiel-gelungener-integration\\\/#breadcrumb\",\"itemListElement\":[{\"@type\":\"ListItem\",\"position\":1,\"name\":\"Startseite\",\"item\":\"https:\\\/\\\/www.jugendfussball-wendelstein.de\\\/wordpress\\\/\"},{\"@type\":\"ListItem\",\"position\":2,\"name\":\"Ein Musterbeispiel gelungener Integration!\"}]},{\"@type\":\"WebSite\",\"@id\":\"https:\\\/\\\/www.jugendfussball-wendelstein.de\\\/wordpress\\\/#website\",\"url\":\"https:\\\/\\\/www.jugendfussball-wendelstein.de\\\/wordpress\\\/\",\"name\":\"JFG Wendelstein\",\"description\":\"Juniorenfu\u00dfball\",\"potentialAction\":[{\"@type\":\"SearchAction\",\"target\":{\"@type\":\"EntryPoint\",\"urlTemplate\":\"https:\\\/\\\/www.jugendfussball-wendelstein.de\\\/wordpress\\\/?s={search_term_string}\"},\"query-input\":{\"@type\":\"PropertyValueSpecification\",\"valueRequired\":true,\"valueName\":\"search_term_string\"}}],\"inLanguage\":\"de\"},{\"@type\":\"Person\",\"@id\":\"https:\\\/\\\/www.jugendfussball-wendelstein.de\\\/wordpress\\\/#\\\/schema\\\/person\\\/75aadcbd4be1b3af1c1d785397472bc9\",\"name\":\"Autor\",\"image\":{\"@type\":\"ImageObject\",\"inLanguage\":\"de\",\"@id\":\"https:\\\/\\\/secure.gravatar.com\\\/avatar\\\/01dd9b7f2dc8d635302f1c57c2289838e9fe288acd1c06c8f8ad332b8e2a60c9?s=96&d=mm&r=g\",\"url\":\"https:\\\/\\\/secure.gravatar.com\\\/avatar\\\/01dd9b7f2dc8d635302f1c57c2289838e9fe288acd1c06c8f8ad332b8e2a60c9?s=96&d=mm&r=g\",\"contentUrl\":\"https:\\\/\\\/secure.gravatar.com\\\/avatar\\\/01dd9b7f2dc8d635302f1c57c2289838e9fe288acd1c06c8f8ad332b8e2a60c9?s=96&d=mm&r=g\",\"caption\":\"Autor\"},\"url\":\"https:\\\/\\\/www.jugendfussball-wendelstein.de\\\/wordpress\\\/author\\\/autor\\\/\"}]}<\/script>\n<!-- \/ Yoast SEO plugin. -->","yoast_head_json":{"title":"Ein Musterbeispiel gelungener Integration! - JFG Wendelstein","robots":{"index":"index","follow":"follow","max-snippet":"max-snippet:-1","max-image-preview":"max-image-preview:large","max-video-preview":"max-video-preview:-1"},"canonical":"https:\/\/www.jugendfussball-wendelstein.de\/wordpress\/ein-musterbeispiel-gelungener-integration\/","og_locale":"de_DE","og_type":"article","og_title":"Ein Musterbeispiel gelungener Integration! - JFG Wendelstein","og_description":"Im August 2010 trat Adrian Rogulj in den JFG Stammverein TSV 1927 R\u00f6thenbach\/St.W. ein. Damals, als einer der Ersten mit dabei, half Adrian von Beginn an aktiv mit, den Jugendfu\u00dfball in R\u00f6thenbach wiederaufzubauen.\u00a0 Seine erste Position war damals Torwart in der U7. Danach durchlief er alle Altersstufen als Feldspieler bis heute, wo er in der [&hellip;]","og_url":"https:\/\/www.jugendfussball-wendelstein.de\/wordpress\/ein-musterbeispiel-gelungener-integration\/","og_site_name":"JFG Wendelstein","article_published_time":"2015-12-25T19:38:42+00:00","article_modified_time":"2015-12-25T19:57:21+00:00","og_image":[{"url":"http:\/\/www.jugendfussball-wendelstein.de\/wordpress\/wp-content\/uploads\/2015\/12\/IMG_9235.jpg","type":"","width":"","height":""}],"author":"Autor","twitter_card":"summary_large_image","twitter_misc":{"Verfasst von":"Autor","Gesch\u00e4tzte Lesezeit":"2\u00a0Minuten"},"schema":{"@context":"https:\/\/schema.org","@graph":[{"@type":"Article","@id":"https:\/\/www.jugendfussball-wendelstein.de\/wordpress\/ein-musterbeispiel-gelungener-integration\/#article","isPartOf":{"@id":"https:\/\/www.jugendfussball-wendelstein.de\/wordpress\/ein-musterbeispiel-gelungener-integration\/"},"author":{"name":"Autor","@id":"https:\/\/www.jugendfussball-wendelstein.de\/wordpress\/#\/schema\/person\/75aadcbd4be1b3af1c1d785397472bc9"},"headline":"Ein Musterbeispiel gelungener Integration!","datePublished":"2015-12-25T19:38:42+00:00","dateModified":"2015-12-25T19:57:21+00:00","mainEntityOfPage":{"@id":"https:\/\/www.jugendfussball-wendelstein.de\/wordpress\/ein-musterbeispiel-gelungener-integration\/"},"wordCount":329,"image":{"@id":"https:\/\/www.jugendfussball-wendelstein.de\/wordpress\/ein-musterbeispiel-gelungener-integration\/#primaryimage"},"thumbnailUrl":"http:\/\/www.jugendfussball-wendelstein.de\/wordpress\/wp-content\/uploads\/2015\/12\/IMG_9235.jpg","articleSection":["Aktuell","Spielbericht","U11-3"],"inLanguage":"de"},{"@type":"WebPage","@id":"https:\/\/www.jugendfussball-wendelstein.de\/wordpress\/ein-musterbeispiel-gelungener-integration\/","url":"https:\/\/www.jugendfussball-wendelstein.de\/wordpress\/ein-musterbeispiel-gelungener-integration\/","name":"Ein Musterbeispiel gelungener Integration! - JFG Wendelstein","isPartOf":{"@id":"https:\/\/www.jugendfussball-wendelstein.de\/wordpress\/#website"},"primaryImageOfPage":{"@id":"https:\/\/www.jugendfussball-wendelstein.de\/wordpress\/ein-musterbeispiel-gelungener-integration\/#primaryimage"},"image":{"@id":"https:\/\/www.jugendfussball-wendelstein.de\/wordpress\/ein-musterbeispiel-gelungener-integration\/#primaryimage"},"thumbnailUrl":"http:\/\/www.jugendfussball-wendelstein.de\/wordpress\/wp-content\/uploads\/2015\/12\/IMG_9235.jpg","datePublished":"2015-12-25T19:38:42+00:00","dateModified":"2015-12-25T19:57:21+00:00","author":{"@id":"https:\/\/www.jugendfussball-wendelstein.de\/wordpress\/#\/schema\/person\/75aadcbd4be1b3af1c1d785397472bc9"},"breadcrumb":{"@id":"https:\/\/www.jugendfussball-wendelstein.de\/wordpress\/ein-musterbeispiel-gelungener-integration\/#breadcrumb"},"inLanguage":"de","potentialAction":[{"@type":"ReadAction","target":["https:\/\/www.jugendfussball-wendelstein.de\/wordpress\/ein-musterbeispiel-gelungener-integration\/"]}]},{"@type":"ImageObject","inLanguage":"de","@id":"https:\/\/www.jugendfussball-wendelstein.de\/wordpress\/ein-musterbeispiel-gelungener-integration\/#primaryimage","url":"http:\/\/www.jugendfussball-wendelstein.de\/wordpress\/wp-content\/uploads\/2015\/12\/IMG_9235.jpg","contentUrl":"http:\/\/www.jugendfussball-wendelstein.de\/wordpress\/wp-content\/uploads\/2015\/12\/IMG_9235.jpg"},{"@type":"BreadcrumbList","@id":"https:\/\/www.jugendfussball-wendelstein.de\/wordpress\/ein-musterbeispiel-gelungener-integration\/#breadcrumb","itemListElement":[{"@type":"ListItem","position":1,"name":"Startseite","item":"https:\/\/www.jugendfussball-wendelstein.de\/wordpress\/"},{"@type":"ListItem","position":2,"name":"Ein Musterbeispiel gelungener Integration!"}]},{"@type":"WebSite","@id":"https:\/\/www.jugendfussball-wendelstein.de\/wordpress\/#website","url":"https:\/\/www.jugendfussball-wendelstein.de\/wordpress\/","name":"JFG Wendelstein","description":"Juniorenfu\u00dfball","potentialAction":[{"@type":"SearchAction","target":{"@type":"EntryPoint","urlTemplate":"https:\/\/www.jugendfussball-wendelstein.de\/wordpress\/?s={search_term_string}"},"query-input":{"@type":"PropertyValueSpecification","valueRequired":true,"valueName":"search_term_string"}}],"inLanguage":"de"},{"@type":"Person","@id":"https:\/\/www.jugendfussball-wendelstein.de\/wordpress\/#\/schema\/person\/75aadcbd4be1b3af1c1d785397472bc9","name":"Autor","image":{"@type":"ImageObject","inLanguage":"de","@id":"https:\/\/secure.gravatar.com\/avatar\/01dd9b7f2dc8d635302f1c57c2289838e9fe288acd1c06c8f8ad332b8e2a60c9?s=96&d=mm&r=g","url":"https:\/\/secure.gravatar.com\/avatar\/01dd9b7f2dc8d635302f1c57c2289838e9fe288acd1c06c8f8ad332b8e2a60c9?s=96&d=mm&r=g","contentUrl":"https:\/\/secure.gravatar.com\/avatar\/01dd9b7f2dc8d635302f1c57c2289838e9fe288acd1c06c8f8ad332b8e2a60c9?s=96&d=mm&r=g","caption":"Autor"},"url":"https:\/\/www.jugendfussball-wendelstein.de\/wordpress\/author\/autor\/"}]}},"_links":{"self":[{"href":"https:\/\/www.jugendfussball-wendelstein.de\/wordpress\/wp-json\/wp\/v2\/posts\/3140","targetHints":{"allow":["GET"]}}],"collection":[{"href":"https:\/\/www.jugendfussball-wendelstein.de\/wordpress\/wp-json\/wp\/v2\/posts"}],"about":[{"href":"https:\/\/www.jugendfussball-wendelstein.de\/wordpress\/wp-json\/wp\/v2\/types\/post"}],"author":[{"embeddable":true,"href":"https:\/\/www.jugendfussball-wendelstein.de\/wordpress\/wp-json\/wp\/v2\/users\/4"}],"replies":[{"embeddable":true,"href":"https:\/\/www.jugendfussball-wendelstein.de\/wordpress\/wp-json\/wp\/v2\/comments?post=3140"}],"version-history":[{"count":0,"href":"https:\/\/www.jugendfussball-wendelstein.de\/wordpress\/wp-json\/wp\/v2\/posts\/3140\/revisions"}],"wp:attachment":[{"href":"https:\/\/www.jugendfussball-wendelstein.de\/wordpress\/wp-json\/wp\/v2\/media?parent=3140"}],"wp:term":[{"taxonomy":"category","embeddable":true,"href":"https:\/\/www.jugendfussball-wendelstein.de\/wordpress\/wp-json\/wp\/v2\/categories?post=3140"},{"taxonomy":"post_tag","embeddable":true,"href":"https:\/\/www.jugendfussball-wendelstein.de\/wordpress\/wp-json\/wp\/v2\/tags?post=3140"}],"curies":[{"name":"wp","href":"https:\/\/api.w.org\/{rel}","templated":true}]}}