{"id":3257,"date":"2016-01-26T16:25:10","date_gmt":"2016-01-26T14:25:10","guid":{"rendered":"http:\/\/www.jugendfussball-wendelstein.de\/wordpress\/?p=3257"},"modified":"2016-01-26T16:25:10","modified_gmt":"2016-01-26T14:25:10","slug":"1-fc-nuernberg-u15-jfg-w-u16-58-24","status":"publish","type":"post","link":"https:\/\/www.jugendfussball-wendelstein.de\/wordpress\/1-fc-nuernberg-u15-jfg-w-u16-58-24\/","title":{"rendered":"1.FC N\u00fcrnberg U15 &#8211; JFG W U16  5:8 (2:4)"},"content":{"rendered":"<p>Mit einem den Witterungsverh\u00e4ltnissen angepassten &#8222;Eishockeyergebnis&#8220; pr\u00e4sentierte sich unsere U16 in \u00fcberraschend guter Fr\u00fchform auf dem Kunstrasenplatz am Valznerweiher. Mit deutlichem Trainingsr\u00fcckstand ausgestattet \u00fcberzeugte unser Team in allen Bereichen und war dem gar nicht so viel j\u00fcngeren Jahrgang des Profinachwuchses \u00fcber weite Phasen des Spiels in allen Belangen \u00fcberlegen. Mit einer tollen Umsetzung der Spielidee enteilte Wendelstein infolge toller Spielz\u00fcge immer wieder im Ergebnis. Auf der anderen Seite nutzten die NLZ-Spieler kleinste Fehler der Wendelsteiner Defenivsakteure zur Ergebniskorrektur. Bei einer besseren Chancenverwertung w\u00e4re ein zweistelliges Ergebnis m\u00f6glich gewesen, was dem Respekt gegen\u00fcber unseres &#8222;Partnervereines&#8220; wohl doch zu viel des Guten gewesen w\u00e4re. Einziger Wermutstropfen an diesem nasskalten Samstag waren vereinzelte, individuelle Fehler aufgrund mangelnder Handlungsschnelligkeit, die auch schnell mit Gegentoren bestraft wurden. Dennoch war das eine insgesamt \u00fcberzeugende, unter Ber\u00fccksichtigung des Trainingsr\u00fcckstandes sogar imposante Vorstellung unserer Jungs (y) !<\/p>\n<p>Gratulation ! Wir sind wieder da. So kann es gerne weiter gehen.<\/p>\n<p>Autor : E.Z.<\/p>\n","protected":false},"excerpt":{"rendered":"<p>Mit einem den Witterungsverh\u00e4ltnissen angepassten &#8222;Eishockeyergebnis&#8220; pr\u00e4sentierte sich unsere U16 in \u00fcberraschend guter Fr\u00fchform auf dem Kunstrasenplatz am Valznerweiher. Mit deutlichem Trainingsr\u00fcckstand ausgestattet \u00fcberzeugte unser Team in allen Bereichen und war dem gar nicht so viel j\u00fcngeren Jahrgang des Profinachwuchses \u00fcber weite Phasen des Spiels in allen Belangen \u00fcberlegen. Mit einer tollen Umsetzung der Spielidee [&hellip;]<\/p>\n","protected":false},"author":4,"featured_media":0,"comment_status":"closed","ping_status":"closed","sticky":false,"template":"","format":"standard","meta":{"saved_in_kubio":false,"footnotes":""},"categories":[2,16,20],"tags":[],"class_list":["post-3257","post","type-post","status-publish","format-standard","hentry","category-gf","category-spielbericht","category-u16"],"yoast_head":"<!-- This site is optimized with the Yoast SEO plugin v27.4 - https:\/\/yoast.com\/product\/yoast-seo-wordpress\/ -->\n<title>1.FC N\u00fcrnberg U15 - JFG W U16 5:8 (2:4) - JFG Wendelstein<\/title>\n<meta name=\"robots\" content=\"index, follow, max-snippet:-1, max-image-preview:large, max-video-preview:-1\" \/>\n<link rel=\"canonical\" href=\"https:\/\/www.jugendfussball-wendelstein.de\/wordpress\/1-fc-nuernberg-u15-jfg-w-u16-58-24\/\" \/>\n<meta property=\"og:locale\" content=\"de_DE\" \/>\n<meta property=\"og:type\" content=\"article\" \/>\n<meta property=\"og:title\" content=\"1.FC N\u00fcrnberg U15 - JFG W U16 5:8 (2:4) - JFG Wendelstein\" \/>\n<meta property=\"og:description\" content=\"Mit einem den Witterungsverh\u00e4ltnissen angepassten &#8222;Eishockeyergebnis&#8220; pr\u00e4sentierte sich unsere U16 in \u00fcberraschend guter Fr\u00fchform auf dem Kunstrasenplatz am Valznerweiher. Mit deutlichem Trainingsr\u00fcckstand ausgestattet \u00fcberzeugte unser Team in allen Bereichen und war dem gar nicht so viel j\u00fcngeren Jahrgang des Profinachwuchses \u00fcber weite Phasen des Spiels in allen Belangen \u00fcberlegen. Mit einer tollen Umsetzung der Spielidee [&hellip;]\" \/>\n<meta property=\"og:url\" content=\"https:\/\/www.jugendfussball-wendelstein.de\/wordpress\/1-fc-nuernberg-u15-jfg-w-u16-58-24\/\" \/>\n<meta property=\"og:site_name\" content=\"JFG Wendelstein\" \/>\n<meta property=\"article:published_time\" content=\"2016-01-26T14:25:10+00:00\" \/>\n<meta name=\"author\" content=\"Autor\" \/>\n<meta name=\"twitter:card\" content=\"summary_large_image\" \/>\n<meta name=\"twitter:label1\" content=\"Verfasst von\" \/>\n\t<meta name=\"twitter:data1\" content=\"Autor\" \/>\n\t<meta name=\"twitter:label2\" content=\"Gesch\u00e4tzte Lesezeit\" \/>\n\t<meta name=\"twitter:data2\" content=\"1\u00a0Minute\" \/>\n<script type=\"application\/ld+json\" class=\"yoast-schema-graph\">{\"@context\":\"https:\\\/\\\/schema.org\",\"@graph\":[{\"@type\":\"Article\",\"@id\":\"https:\\\/\\\/www.jugendfussball-wendelstein.de\\\/wordpress\\\/1-fc-nuernberg-u15-jfg-w-u16-58-24\\\/#article\",\"isPartOf\":{\"@id\":\"https:\\\/\\\/www.jugendfussball-wendelstein.de\\\/wordpress\\\/1-fc-nuernberg-u15-jfg-w-u16-58-24\\\/\"},\"author\":{\"name\":\"Autor\",\"@id\":\"https:\\\/\\\/www.jugendfussball-wendelstein.de\\\/wordpress\\\/#\\\/schema\\\/person\\\/75aadcbd4be1b3af1c1d785397472bc9\"},\"headline\":\"1.FC N\u00fcrnberg U15 &#8211; JFG W U16 5:8 (2:4)\",\"datePublished\":\"2016-01-26T14:25:10+00:00\",\"mainEntityOfPage\":{\"@id\":\"https:\\\/\\\/www.jugendfussball-wendelstein.de\\\/wordpress\\\/1-fc-nuernberg-u15-jfg-w-u16-58-24\\\/\"},\"wordCount\":172,\"articleSection\":[\"Gro\u00dffeld\",\"Spielbericht\",\"U16\"],\"inLanguage\":\"de\"},{\"@type\":\"WebPage\",\"@id\":\"https:\\\/\\\/www.jugendfussball-wendelstein.de\\\/wordpress\\\/1-fc-nuernberg-u15-jfg-w-u16-58-24\\\/\",\"url\":\"https:\\\/\\\/www.jugendfussball-wendelstein.de\\\/wordpress\\\/1-fc-nuernberg-u15-jfg-w-u16-58-24\\\/\",\"name\":\"1.FC N\u00fcrnberg U15 - JFG W U16 5:8 (2:4) - JFG Wendelstein\",\"isPartOf\":{\"@id\":\"https:\\\/\\\/www.jugendfussball-wendelstein.de\\\/wordpress\\\/#website\"},\"datePublished\":\"2016-01-26T14:25:10+00:00\",\"author\":{\"@id\":\"https:\\\/\\\/www.jugendfussball-wendelstein.de\\\/wordpress\\\/#\\\/schema\\\/person\\\/75aadcbd4be1b3af1c1d785397472bc9\"},\"breadcrumb\":{\"@id\":\"https:\\\/\\\/www.jugendfussball-wendelstein.de\\\/wordpress\\\/1-fc-nuernberg-u15-jfg-w-u16-58-24\\\/#breadcrumb\"},\"inLanguage\":\"de\",\"potentialAction\":[{\"@type\":\"ReadAction\",\"target\":[\"https:\\\/\\\/www.jugendfussball-wendelstein.de\\\/wordpress\\\/1-fc-nuernberg-u15-jfg-w-u16-58-24\\\/\"]}]},{\"@type\":\"BreadcrumbList\",\"@id\":\"https:\\\/\\\/www.jugendfussball-wendelstein.de\\\/wordpress\\\/1-fc-nuernberg-u15-jfg-w-u16-58-24\\\/#breadcrumb\",\"itemListElement\":[{\"@type\":\"ListItem\",\"position\":1,\"name\":\"Startseite\",\"item\":\"https:\\\/\\\/www.jugendfussball-wendelstein.de\\\/wordpress\\\/\"},{\"@type\":\"ListItem\",\"position\":2,\"name\":\"1.FC N\u00fcrnberg U15 &#8211; JFG W U16 5:8 (2:4)\"}]},{\"@type\":\"WebSite\",\"@id\":\"https:\\\/\\\/www.jugendfussball-wendelstein.de\\\/wordpress\\\/#website\",\"url\":\"https:\\\/\\\/www.jugendfussball-wendelstein.de\\\/wordpress\\\/\",\"name\":\"JFG Wendelstein\",\"description\":\"Juniorenfu\u00dfball\",\"potentialAction\":[{\"@type\":\"SearchAction\",\"target\":{\"@type\":\"EntryPoint\",\"urlTemplate\":\"https:\\\/\\\/www.jugendfussball-wendelstein.de\\\/wordpress\\\/?s={search_term_string}\"},\"query-input\":{\"@type\":\"PropertyValueSpecification\",\"valueRequired\":true,\"valueName\":\"search_term_string\"}}],\"inLanguage\":\"de\"},{\"@type\":\"Person\",\"@id\":\"https:\\\/\\\/www.jugendfussball-wendelstein.de\\\/wordpress\\\/#\\\/schema\\\/person\\\/75aadcbd4be1b3af1c1d785397472bc9\",\"name\":\"Autor\",\"image\":{\"@type\":\"ImageObject\",\"inLanguage\":\"de\",\"@id\":\"https:\\\/\\\/secure.gravatar.com\\\/avatar\\\/01dd9b7f2dc8d635302f1c57c2289838e9fe288acd1c06c8f8ad332b8e2a60c9?s=96&d=mm&r=g\",\"url\":\"https:\\\/\\\/secure.gravatar.com\\\/avatar\\\/01dd9b7f2dc8d635302f1c57c2289838e9fe288acd1c06c8f8ad332b8e2a60c9?s=96&d=mm&r=g\",\"contentUrl\":\"https:\\\/\\\/secure.gravatar.com\\\/avatar\\\/01dd9b7f2dc8d635302f1c57c2289838e9fe288acd1c06c8f8ad332b8e2a60c9?s=96&d=mm&r=g\",\"caption\":\"Autor\"},\"url\":\"https:\\\/\\\/www.jugendfussball-wendelstein.de\\\/wordpress\\\/author\\\/autor\\\/\"}]}<\/script>\n<!-- \/ Yoast SEO plugin. -->","yoast_head_json":{"title":"1.FC N\u00fcrnberg U15 - JFG W U16 5:8 (2:4) - JFG Wendelstein","robots":{"index":"index","follow":"follow","max-snippet":"max-snippet:-1","max-image-preview":"max-image-preview:large","max-video-preview":"max-video-preview:-1"},"canonical":"https:\/\/www.jugendfussball-wendelstein.de\/wordpress\/1-fc-nuernberg-u15-jfg-w-u16-58-24\/","og_locale":"de_DE","og_type":"article","og_title":"1.FC N\u00fcrnberg U15 - JFG W U16 5:8 (2:4) - JFG Wendelstein","og_description":"Mit einem den Witterungsverh\u00e4ltnissen angepassten &#8222;Eishockeyergebnis&#8220; pr\u00e4sentierte sich unsere U16 in \u00fcberraschend guter Fr\u00fchform auf dem Kunstrasenplatz am Valznerweiher. Mit deutlichem Trainingsr\u00fcckstand ausgestattet \u00fcberzeugte unser Team in allen Bereichen und war dem gar nicht so viel j\u00fcngeren Jahrgang des Profinachwuchses \u00fcber weite Phasen des Spiels in allen Belangen \u00fcberlegen. Mit einer tollen Umsetzung der Spielidee [&hellip;]","og_url":"https:\/\/www.jugendfussball-wendelstein.de\/wordpress\/1-fc-nuernberg-u15-jfg-w-u16-58-24\/","og_site_name":"JFG Wendelstein","article_published_time":"2016-01-26T14:25:10+00:00","author":"Autor","twitter_card":"summary_large_image","twitter_misc":{"Verfasst von":"Autor","Gesch\u00e4tzte Lesezeit":"1\u00a0Minute"},"schema":{"@context":"https:\/\/schema.org","@graph":[{"@type":"Article","@id":"https:\/\/www.jugendfussball-wendelstein.de\/wordpress\/1-fc-nuernberg-u15-jfg-w-u16-58-24\/#article","isPartOf":{"@id":"https:\/\/www.jugendfussball-wendelstein.de\/wordpress\/1-fc-nuernberg-u15-jfg-w-u16-58-24\/"},"author":{"name":"Autor","@id":"https:\/\/www.jugendfussball-wendelstein.de\/wordpress\/#\/schema\/person\/75aadcbd4be1b3af1c1d785397472bc9"},"headline":"1.FC N\u00fcrnberg U15 &#8211; JFG W U16 5:8 (2:4)","datePublished":"2016-01-26T14:25:10+00:00","mainEntityOfPage":{"@id":"https:\/\/www.jugendfussball-wendelstein.de\/wordpress\/1-fc-nuernberg-u15-jfg-w-u16-58-24\/"},"wordCount":172,"articleSection":["Gro\u00dffeld","Spielbericht","U16"],"inLanguage":"de"},{"@type":"WebPage","@id":"https:\/\/www.jugendfussball-wendelstein.de\/wordpress\/1-fc-nuernberg-u15-jfg-w-u16-58-24\/","url":"https:\/\/www.jugendfussball-wendelstein.de\/wordpress\/1-fc-nuernberg-u15-jfg-w-u16-58-24\/","name":"1.FC N\u00fcrnberg U15 - JFG W U16 5:8 (2:4) - JFG Wendelstein","isPartOf":{"@id":"https:\/\/www.jugendfussball-wendelstein.de\/wordpress\/#website"},"datePublished":"2016-01-26T14:25:10+00:00","author":{"@id":"https:\/\/www.jugendfussball-wendelstein.de\/wordpress\/#\/schema\/person\/75aadcbd4be1b3af1c1d785397472bc9"},"breadcrumb":{"@id":"https:\/\/www.jugendfussball-wendelstein.de\/wordpress\/1-fc-nuernberg-u15-jfg-w-u16-58-24\/#breadcrumb"},"inLanguage":"de","potentialAction":[{"@type":"ReadAction","target":["https:\/\/www.jugendfussball-wendelstein.de\/wordpress\/1-fc-nuernberg-u15-jfg-w-u16-58-24\/"]}]},{"@type":"BreadcrumbList","@id":"https:\/\/www.jugendfussball-wendelstein.de\/wordpress\/1-fc-nuernberg-u15-jfg-w-u16-58-24\/#breadcrumb","itemListElement":[{"@type":"ListItem","position":1,"name":"Startseite","item":"https:\/\/www.jugendfussball-wendelstein.de\/wordpress\/"},{"@type":"ListItem","position":2,"name":"1.FC N\u00fcrnberg U15 &#8211; JFG W U16 5:8 (2:4)"}]},{"@type":"WebSite","@id":"https:\/\/www.jugendfussball-wendelstein.de\/wordpress\/#website","url":"https:\/\/www.jugendfussball-wendelstein.de\/wordpress\/","name":"JFG Wendelstein","description":"Juniorenfu\u00dfball","potentialAction":[{"@type":"SearchAction","target":{"@type":"EntryPoint","urlTemplate":"https:\/\/www.jugendfussball-wendelstein.de\/wordpress\/?s={search_term_string}"},"query-input":{"@type":"PropertyValueSpecification","valueRequired":true,"valueName":"search_term_string"}}],"inLanguage":"de"},{"@type":"Person","@id":"https:\/\/www.jugendfussball-wendelstein.de\/wordpress\/#\/schema\/person\/75aadcbd4be1b3af1c1d785397472bc9","name":"Autor","image":{"@type":"ImageObject","inLanguage":"de","@id":"https:\/\/secure.gravatar.com\/avatar\/01dd9b7f2dc8d635302f1c57c2289838e9fe288acd1c06c8f8ad332b8e2a60c9?s=96&d=mm&r=g","url":"https:\/\/secure.gravatar.com\/avatar\/01dd9b7f2dc8d635302f1c57c2289838e9fe288acd1c06c8f8ad332b8e2a60c9?s=96&d=mm&r=g","contentUrl":"https:\/\/secure.gravatar.com\/avatar\/01dd9b7f2dc8d635302f1c57c2289838e9fe288acd1c06c8f8ad332b8e2a60c9?s=96&d=mm&r=g","caption":"Autor"},"url":"https:\/\/www.jugendfussball-wendelstein.de\/wordpress\/author\/autor\/"}]}},"_links":{"self":[{"href":"https:\/\/www.jugendfussball-wendelstein.de\/wordpress\/wp-json\/wp\/v2\/posts\/3257","targetHints":{"allow":["GET"]}}],"collection":[{"href":"https:\/\/www.jugendfussball-wendelstein.de\/wordpress\/wp-json\/wp\/v2\/posts"}],"about":[{"href":"https:\/\/www.jugendfussball-wendelstein.de\/wordpress\/wp-json\/wp\/v2\/types\/post"}],"author":[{"embeddable":true,"href":"https:\/\/www.jugendfussball-wendelstein.de\/wordpress\/wp-json\/wp\/v2\/users\/4"}],"replies":[{"embeddable":true,"href":"https:\/\/www.jugendfussball-wendelstein.de\/wordpress\/wp-json\/wp\/v2\/comments?post=3257"}],"version-history":[{"count":0,"href":"https:\/\/www.jugendfussball-wendelstein.de\/wordpress\/wp-json\/wp\/v2\/posts\/3257\/revisions"}],"wp:attachment":[{"href":"https:\/\/www.jugendfussball-wendelstein.de\/wordpress\/wp-json\/wp\/v2\/media?parent=3257"}],"wp:term":[{"taxonomy":"category","embeddable":true,"href":"https:\/\/www.jugendfussball-wendelstein.de\/wordpress\/wp-json\/wp\/v2\/categories?post=3257"},{"taxonomy":"post_tag","embeddable":true,"href":"https:\/\/www.jugendfussball-wendelstein.de\/wordpress\/wp-json\/wp\/v2\/tags?post=3257"}],"curies":[{"name":"wp","href":"https:\/\/api.w.org\/{rel}","templated":true}]}}