{"id":3260,"date":"2016-01-27T17:23:32","date_gmt":"2016-01-27T15:23:32","guid":{"rendered":"http:\/\/www.jugendfussball-wendelstein.de\/wordpress\/?p=3260"},"modified":"2016-02-01T23:00:28","modified_gmt":"2016-02-01T21:00:28","slug":"neuer-vorstand","status":"publish","type":"post","link":"https:\/\/www.jugendfussball-wendelstein.de\/wordpress\/neuer-vorstand\/","title":{"rendered":"Neuer Vorstand"},"content":{"rendered":"<p class=\"ox-ce0a109bfd-MsoNormal\">In der au\u00dferordentlichen Mitgliederversammlung der JFG, welche durch den R\u00fccktritt des seit 23.09.2011 als 1. Vorstand fungierenden Ralf Florian notwendig wurde, konnte die mittlerweile weit \u00fcber die Region hinaus bekannte JFG Wendelstein ihre F\u00fchrung neu w\u00e4hlen.<\/p>\n<p class=\"ox-ce0a109bfd-MsoNormal\">Im Beisein vieler Mitglieder und den Vertretern der drei Stammvereine der JFG, dem TSV Wendelstein, dem FV Wendelstein und des TSV R\u00f6thenbach\/StW., wurden sowohl die Vorstandschaft, wie aber auch die sportlichen Leiter jeweils einstimmig wie folgt gew\u00e4hlt:<\/p>\n<p class=\"ox-ce0a109bfd-MsoNormal\">1. Vorstand Walter Sigl,<br \/>\n2. Vorstand Darek Romanek,<br \/>\nVorstand Finanzen Thomas Landshammer,<br \/>\n1. Sportlicher Leiter Gro\u00dffeld Daniel Todic,<br \/>\n2. Sportlicher Leiter Gro\u00dffeld Eric Z\u00f6llner,<br \/>\nsowie Jens Wolf als Koordinator Kleinfeld.<\/p>\n<p class=\"ox-ce0a109bfd-MsoNormal\">Sie alle werden im Team gemeinsam versuchen, die sehr erfolgreiche Jugendarbeit der JFG weiter zu f\u00fchren, stetig zu verbessern, sowie ihre Ideen f\u00fcr die Zukunft gewinnbringend im Interesse der vielen Jugendlichen und Kinder und deren sportlicher-, aber auch Pers\u00f6nlichkeitsentwicklung einzubringen und umzusetzen.<\/p>\n<p class=\"ox-ce0a109bfd-MsoNormal\">Die Mannschaften im laufenden Spieljahr (von U12 bis U19 insgesamt 9 Teams) behaupten sich pr\u00e4chtig in den jeweiligen Spielklassen und auch die sich dem Ende zuneigende Hallensaison scheint sehr erfolgreich abgeschlossen werden zu k\u00f6nnen. Die U19 konnte sich bereits den Titel des Hallenkreismeisters 2016 im Spielkreis Neumarkt\/Jura sichern und noch hat die JFG Wendelstein einige \u201ehei\u00dfe Eisen\u201c im Feuer! In der bevorstehenden Feldrunde soll an die Erfolge angekn\u00fcpft werden. Spannend hier nat\u00fcrlich auch die U15 in der Bayernliga, welche um den noch m\u00f6glichen Klassenerhalt k\u00e4mpft.\u00a0 Noch Aufstiege realisieren k\u00f6nnten U12, U16 und die U17 in den jeweiligen Spielklassen. Der Fokus liegt dabei auch verst\u00e4rkt auf den Wendelsteiner Kindern und Jugendlichen, um den Stammvereinen sp\u00e4ter gen\u00fcgend gut ausgebildeten Nachwuchs \u00fcbergeben zu k\u00f6nnen.\u00a0 Daf\u00fcr Sorge tragen auch die zahlreichen, sehr gut ausgebildeten und lizensierten Jugendtrainer der JFG Wendelstein. Auch die vielen M\u00e4dchen in der JFG, welche sehr erfolgreich in den Teams am Ball sind, f\u00fchlen sich sehr wohl im Kreise der famili\u00e4r gepr\u00e4gten JFG Wendelstein. Nicht zu vergessen nat\u00fcrlich der Kleinfeldbereich, der federf\u00fchrend unter dem Dach des TSV Wendelstein l\u00e4uft. Auch hier zeigt sich weiter ein sehr positiver Trend, denn f\u00fcr alle konnten Spielm\u00f6glichkeiten in den einzelnen Teams sichergestellt werden. Momentan verf\u00fcgt man \u00fcber 9 verschiedene Kleinfeldteams in den Spielrunden. Durchaus also sehr positive Aussichten in und f\u00fcr die JFG Wendelstein. Vergessen sollte man auch nicht die drei Stammvereine der JFG Wendelstein, welche immer ein offenes Ohr haben und tolle Pl\u00e4tze und Voraussetzungen f\u00fcr die Mannschaften zum Training und Spiel schaffen.<em><strong> Fazit: Die JFG Wendelstein, Partnerverein des 1. FC N\u00fcrnberg, zeigt sich bestens ger\u00fcstet f\u00fcr die Herausforderungen der Zukunft und ist ein starker sportlicher Vertreter der sch\u00f6nen Marktgemeinde Wendelstein.<\/strong><\/em><\/p>\n<p class=\"ox-ce0a109bfd-MsoNormal\"><img loading=\"lazy\" decoding=\"async\" class=\"alignleft wp-image-3259\" src=\"https:\/\/www.jugendfussball-wendelstein.de\/wordpress\/wp-content\/uploads\/2016\/01\/vorstand_2016.jpg\" alt=\"vorstand_2016\" width=\"730\" height=\"387\" srcset=\"https:\/\/www.jugendfussball-wendelstein.de\/wordpress\/wp-content\/uploads\/2016\/01\/vorstand_2016.jpg 1200w, https:\/\/www.jugendfussball-wendelstein.de\/wordpress\/wp-content\/uploads\/2016\/01\/vorstand_2016-350x186.jpg 350w, https:\/\/www.jugendfussball-wendelstein.de\/wordpress\/wp-content\/uploads\/2016\/01\/vorstand_2016-1024x544.jpg 1024w\" sizes=\"(max-width: 730px) 100vw, 730px\" \/><\/p>\n<p class=\"ox-ce0a109bfd-MsoNormal\"><em>Von links : <strong>Jens Wolf<\/strong> (Kleinfeld-Koordinator), <strong>Darek Romanek<\/strong> (2.Vorstand), <strong>Walter Sigl<\/strong> (1.Vorstand), <strong>Daniel Todic<\/strong> (1. sportlicher Leiter Gro\u00dffeld), <strong>Eric Z\u00f6llner<\/strong> (2.sportlicher Leiter Gro\u00dffeld), <strong>Thomas Landshammer<\/strong> (Vorstand Finanzen)<\/em><\/p>\n","protected":false},"excerpt":{"rendered":"<p>In der au\u00dferordentlichen Mitgliederversammlung der JFG, welche durch den R\u00fccktritt des seit 23.09.2011 als 1. Vorstand fungierenden Ralf Florian notwendig wurde, konnte die mittlerweile weit \u00fcber die Region hinaus bekannte JFG Wendelstein ihre F\u00fchrung neu w\u00e4hlen. Im Beisein vieler Mitglieder und den Vertretern der drei Stammvereine der JFG, dem TSV Wendelstein, dem FV Wendelstein und [&hellip;]<\/p>\n","protected":false},"author":4,"featured_media":0,"comment_status":"closed","ping_status":"closed","sticky":false,"template":"","format":"standard","meta":{"saved_in_kubio":false,"footnotes":""},"categories":[1],"tags":[],"class_list":["post-3260","post","type-post","status-publish","format-standard","hentry","category-allgemein"],"yoast_head":"<!-- This site is optimized with the Yoast SEO plugin v27.4 - https:\/\/yoast.com\/product\/yoast-seo-wordpress\/ -->\n<title>Neuer Vorstand - JFG Wendelstein<\/title>\n<meta name=\"robots\" content=\"index, follow, max-snippet:-1, max-image-preview:large, max-video-preview:-1\" \/>\n<link rel=\"canonical\" href=\"https:\/\/www.jugendfussball-wendelstein.de\/wordpress\/neuer-vorstand\/\" \/>\n<meta property=\"og:locale\" content=\"de_DE\" \/>\n<meta property=\"og:type\" content=\"article\" \/>\n<meta property=\"og:title\" content=\"Neuer Vorstand - JFG Wendelstein\" \/>\n<meta property=\"og:description\" content=\"In der au\u00dferordentlichen Mitgliederversammlung der JFG, welche durch den R\u00fccktritt des seit 23.09.2011 als 1. Vorstand fungierenden Ralf Florian notwendig wurde, konnte die mittlerweile weit \u00fcber die Region hinaus bekannte JFG Wendelstein ihre F\u00fchrung neu w\u00e4hlen. Im Beisein vieler Mitglieder und den Vertretern der drei Stammvereine der JFG, dem TSV Wendelstein, dem FV Wendelstein und [&hellip;]\" \/>\n<meta property=\"og:url\" content=\"https:\/\/www.jugendfussball-wendelstein.de\/wordpress\/neuer-vorstand\/\" \/>\n<meta property=\"og:site_name\" content=\"JFG Wendelstein\" \/>\n<meta property=\"article:published_time\" content=\"2016-01-27T15:23:32+00:00\" \/>\n<meta property=\"article:modified_time\" content=\"2016-02-01T21:00:28+00:00\" \/>\n<meta property=\"og:image\" content=\"http:\/\/www.jugendfussball-wendelstein.de\/wordpress\/wp-content\/uploads\/2016\/01\/vorstand_2016.jpg\" \/>\n<meta name=\"author\" content=\"Autor\" \/>\n<meta name=\"twitter:card\" content=\"summary_large_image\" \/>\n<meta name=\"twitter:label1\" content=\"Verfasst von\" \/>\n\t<meta name=\"twitter:data1\" content=\"Autor\" \/>\n\t<meta name=\"twitter:label2\" content=\"Gesch\u00e4tzte Lesezeit\" \/>\n\t<meta name=\"twitter:data2\" content=\"2\u00a0Minuten\" \/>\n<script type=\"application\/ld+json\" class=\"yoast-schema-graph\">{\"@context\":\"https:\\\/\\\/schema.org\",\"@graph\":[{\"@type\":\"Article\",\"@id\":\"https:\\\/\\\/www.jugendfussball-wendelstein.de\\\/wordpress\\\/neuer-vorstand\\\/#article\",\"isPartOf\":{\"@id\":\"https:\\\/\\\/www.jugendfussball-wendelstein.de\\\/wordpress\\\/neuer-vorstand\\\/\"},\"author\":{\"name\":\"Autor\",\"@id\":\"https:\\\/\\\/www.jugendfussball-wendelstein.de\\\/wordpress\\\/#\\\/schema\\\/person\\\/75aadcbd4be1b3af1c1d785397472bc9\"},\"headline\":\"Neuer Vorstand\",\"datePublished\":\"2016-01-27T15:23:32+00:00\",\"dateModified\":\"2016-02-01T21:00:28+00:00\",\"mainEntityOfPage\":{\"@id\":\"https:\\\/\\\/www.jugendfussball-wendelstein.de\\\/wordpress\\\/neuer-vorstand\\\/\"},\"wordCount\":486,\"image\":{\"@id\":\"https:\\\/\\\/www.jugendfussball-wendelstein.de\\\/wordpress\\\/neuer-vorstand\\\/#primaryimage\"},\"thumbnailUrl\":\"http:\\\/\\\/www.jugendfussball-wendelstein.de\\\/wordpress\\\/wp-content\\\/uploads\\\/2016\\\/01\\\/vorstand_2016.jpg\",\"articleSection\":[\"Aktuell\"],\"inLanguage\":\"de\"},{\"@type\":\"WebPage\",\"@id\":\"https:\\\/\\\/www.jugendfussball-wendelstein.de\\\/wordpress\\\/neuer-vorstand\\\/\",\"url\":\"https:\\\/\\\/www.jugendfussball-wendelstein.de\\\/wordpress\\\/neuer-vorstand\\\/\",\"name\":\"Neuer Vorstand - JFG Wendelstein\",\"isPartOf\":{\"@id\":\"https:\\\/\\\/www.jugendfussball-wendelstein.de\\\/wordpress\\\/#website\"},\"primaryImageOfPage\":{\"@id\":\"https:\\\/\\\/www.jugendfussball-wendelstein.de\\\/wordpress\\\/neuer-vorstand\\\/#primaryimage\"},\"image\":{\"@id\":\"https:\\\/\\\/www.jugendfussball-wendelstein.de\\\/wordpress\\\/neuer-vorstand\\\/#primaryimage\"},\"thumbnailUrl\":\"http:\\\/\\\/www.jugendfussball-wendelstein.de\\\/wordpress\\\/wp-content\\\/uploads\\\/2016\\\/01\\\/vorstand_2016.jpg\",\"datePublished\":\"2016-01-27T15:23:32+00:00\",\"dateModified\":\"2016-02-01T21:00:28+00:00\",\"author\":{\"@id\":\"https:\\\/\\\/www.jugendfussball-wendelstein.de\\\/wordpress\\\/#\\\/schema\\\/person\\\/75aadcbd4be1b3af1c1d785397472bc9\"},\"breadcrumb\":{\"@id\":\"https:\\\/\\\/www.jugendfussball-wendelstein.de\\\/wordpress\\\/neuer-vorstand\\\/#breadcrumb\"},\"inLanguage\":\"de\",\"potentialAction\":[{\"@type\":\"ReadAction\",\"target\":[\"https:\\\/\\\/www.jugendfussball-wendelstein.de\\\/wordpress\\\/neuer-vorstand\\\/\"]}]},{\"@type\":\"ImageObject\",\"inLanguage\":\"de\",\"@id\":\"https:\\\/\\\/www.jugendfussball-wendelstein.de\\\/wordpress\\\/neuer-vorstand\\\/#primaryimage\",\"url\":\"http:\\\/\\\/www.jugendfussball-wendelstein.de\\\/wordpress\\\/wp-content\\\/uploads\\\/2016\\\/01\\\/vorstand_2016.jpg\",\"contentUrl\":\"http:\\\/\\\/www.jugendfussball-wendelstein.de\\\/wordpress\\\/wp-content\\\/uploads\\\/2016\\\/01\\\/vorstand_2016.jpg\"},{\"@type\":\"BreadcrumbList\",\"@id\":\"https:\\\/\\\/www.jugendfussball-wendelstein.de\\\/wordpress\\\/neuer-vorstand\\\/#breadcrumb\",\"itemListElement\":[{\"@type\":\"ListItem\",\"position\":1,\"name\":\"Startseite\",\"item\":\"https:\\\/\\\/www.jugendfussball-wendelstein.de\\\/wordpress\\\/\"},{\"@type\":\"ListItem\",\"position\":2,\"name\":\"Neuer Vorstand\"}]},{\"@type\":\"WebSite\",\"@id\":\"https:\\\/\\\/www.jugendfussball-wendelstein.de\\\/wordpress\\\/#website\",\"url\":\"https:\\\/\\\/www.jugendfussball-wendelstein.de\\\/wordpress\\\/\",\"name\":\"JFG Wendelstein\",\"description\":\"Juniorenfu\u00dfball\",\"potentialAction\":[{\"@type\":\"SearchAction\",\"target\":{\"@type\":\"EntryPoint\",\"urlTemplate\":\"https:\\\/\\\/www.jugendfussball-wendelstein.de\\\/wordpress\\\/?s={search_term_string}\"},\"query-input\":{\"@type\":\"PropertyValueSpecification\",\"valueRequired\":true,\"valueName\":\"search_term_string\"}}],\"inLanguage\":\"de\"},{\"@type\":\"Person\",\"@id\":\"https:\\\/\\\/www.jugendfussball-wendelstein.de\\\/wordpress\\\/#\\\/schema\\\/person\\\/75aadcbd4be1b3af1c1d785397472bc9\",\"name\":\"Autor\",\"image\":{\"@type\":\"ImageObject\",\"inLanguage\":\"de\",\"@id\":\"https:\\\/\\\/secure.gravatar.com\\\/avatar\\\/01dd9b7f2dc8d635302f1c57c2289838e9fe288acd1c06c8f8ad332b8e2a60c9?s=96&d=mm&r=g\",\"url\":\"https:\\\/\\\/secure.gravatar.com\\\/avatar\\\/01dd9b7f2dc8d635302f1c57c2289838e9fe288acd1c06c8f8ad332b8e2a60c9?s=96&d=mm&r=g\",\"contentUrl\":\"https:\\\/\\\/secure.gravatar.com\\\/avatar\\\/01dd9b7f2dc8d635302f1c57c2289838e9fe288acd1c06c8f8ad332b8e2a60c9?s=96&d=mm&r=g\",\"caption\":\"Autor\"},\"url\":\"https:\\\/\\\/www.jugendfussball-wendelstein.de\\\/wordpress\\\/author\\\/autor\\\/\"}]}<\/script>\n<!-- \/ Yoast SEO plugin. -->","yoast_head_json":{"title":"Neuer Vorstand - JFG Wendelstein","robots":{"index":"index","follow":"follow","max-snippet":"max-snippet:-1","max-image-preview":"max-image-preview:large","max-video-preview":"max-video-preview:-1"},"canonical":"https:\/\/www.jugendfussball-wendelstein.de\/wordpress\/neuer-vorstand\/","og_locale":"de_DE","og_type":"article","og_title":"Neuer Vorstand - JFG Wendelstein","og_description":"In der au\u00dferordentlichen Mitgliederversammlung der JFG, welche durch den R\u00fccktritt des seit 23.09.2011 als 1. Vorstand fungierenden Ralf Florian notwendig wurde, konnte die mittlerweile weit \u00fcber die Region hinaus bekannte JFG Wendelstein ihre F\u00fchrung neu w\u00e4hlen. Im Beisein vieler Mitglieder und den Vertretern der drei Stammvereine der JFG, dem TSV Wendelstein, dem FV Wendelstein und [&hellip;]","og_url":"https:\/\/www.jugendfussball-wendelstein.de\/wordpress\/neuer-vorstand\/","og_site_name":"JFG Wendelstein","article_published_time":"2016-01-27T15:23:32+00:00","article_modified_time":"2016-02-01T21:00:28+00:00","og_image":[{"url":"http:\/\/www.jugendfussball-wendelstein.de\/wordpress\/wp-content\/uploads\/2016\/01\/vorstand_2016.jpg","type":"","width":"","height":""}],"author":"Autor","twitter_card":"summary_large_image","twitter_misc":{"Verfasst von":"Autor","Gesch\u00e4tzte Lesezeit":"2\u00a0Minuten"},"schema":{"@context":"https:\/\/schema.org","@graph":[{"@type":"Article","@id":"https:\/\/www.jugendfussball-wendelstein.de\/wordpress\/neuer-vorstand\/#article","isPartOf":{"@id":"https:\/\/www.jugendfussball-wendelstein.de\/wordpress\/neuer-vorstand\/"},"author":{"name":"Autor","@id":"https:\/\/www.jugendfussball-wendelstein.de\/wordpress\/#\/schema\/person\/75aadcbd4be1b3af1c1d785397472bc9"},"headline":"Neuer Vorstand","datePublished":"2016-01-27T15:23:32+00:00","dateModified":"2016-02-01T21:00:28+00:00","mainEntityOfPage":{"@id":"https:\/\/www.jugendfussball-wendelstein.de\/wordpress\/neuer-vorstand\/"},"wordCount":486,"image":{"@id":"https:\/\/www.jugendfussball-wendelstein.de\/wordpress\/neuer-vorstand\/#primaryimage"},"thumbnailUrl":"http:\/\/www.jugendfussball-wendelstein.de\/wordpress\/wp-content\/uploads\/2016\/01\/vorstand_2016.jpg","articleSection":["Aktuell"],"inLanguage":"de"},{"@type":"WebPage","@id":"https:\/\/www.jugendfussball-wendelstein.de\/wordpress\/neuer-vorstand\/","url":"https:\/\/www.jugendfussball-wendelstein.de\/wordpress\/neuer-vorstand\/","name":"Neuer Vorstand - JFG Wendelstein","isPartOf":{"@id":"https:\/\/www.jugendfussball-wendelstein.de\/wordpress\/#website"},"primaryImageOfPage":{"@id":"https:\/\/www.jugendfussball-wendelstein.de\/wordpress\/neuer-vorstand\/#primaryimage"},"image":{"@id":"https:\/\/www.jugendfussball-wendelstein.de\/wordpress\/neuer-vorstand\/#primaryimage"},"thumbnailUrl":"http:\/\/www.jugendfussball-wendelstein.de\/wordpress\/wp-content\/uploads\/2016\/01\/vorstand_2016.jpg","datePublished":"2016-01-27T15:23:32+00:00","dateModified":"2016-02-01T21:00:28+00:00","author":{"@id":"https:\/\/www.jugendfussball-wendelstein.de\/wordpress\/#\/schema\/person\/75aadcbd4be1b3af1c1d785397472bc9"},"breadcrumb":{"@id":"https:\/\/www.jugendfussball-wendelstein.de\/wordpress\/neuer-vorstand\/#breadcrumb"},"inLanguage":"de","potentialAction":[{"@type":"ReadAction","target":["https:\/\/www.jugendfussball-wendelstein.de\/wordpress\/neuer-vorstand\/"]}]},{"@type":"ImageObject","inLanguage":"de","@id":"https:\/\/www.jugendfussball-wendelstein.de\/wordpress\/neuer-vorstand\/#primaryimage","url":"http:\/\/www.jugendfussball-wendelstein.de\/wordpress\/wp-content\/uploads\/2016\/01\/vorstand_2016.jpg","contentUrl":"http:\/\/www.jugendfussball-wendelstein.de\/wordpress\/wp-content\/uploads\/2016\/01\/vorstand_2016.jpg"},{"@type":"BreadcrumbList","@id":"https:\/\/www.jugendfussball-wendelstein.de\/wordpress\/neuer-vorstand\/#breadcrumb","itemListElement":[{"@type":"ListItem","position":1,"name":"Startseite","item":"https:\/\/www.jugendfussball-wendelstein.de\/wordpress\/"},{"@type":"ListItem","position":2,"name":"Neuer Vorstand"}]},{"@type":"WebSite","@id":"https:\/\/www.jugendfussball-wendelstein.de\/wordpress\/#website","url":"https:\/\/www.jugendfussball-wendelstein.de\/wordpress\/","name":"JFG Wendelstein","description":"Juniorenfu\u00dfball","potentialAction":[{"@type":"SearchAction","target":{"@type":"EntryPoint","urlTemplate":"https:\/\/www.jugendfussball-wendelstein.de\/wordpress\/?s={search_term_string}"},"query-input":{"@type":"PropertyValueSpecification","valueRequired":true,"valueName":"search_term_string"}}],"inLanguage":"de"},{"@type":"Person","@id":"https:\/\/www.jugendfussball-wendelstein.de\/wordpress\/#\/schema\/person\/75aadcbd4be1b3af1c1d785397472bc9","name":"Autor","image":{"@type":"ImageObject","inLanguage":"de","@id":"https:\/\/secure.gravatar.com\/avatar\/01dd9b7f2dc8d635302f1c57c2289838e9fe288acd1c06c8f8ad332b8e2a60c9?s=96&d=mm&r=g","url":"https:\/\/secure.gravatar.com\/avatar\/01dd9b7f2dc8d635302f1c57c2289838e9fe288acd1c06c8f8ad332b8e2a60c9?s=96&d=mm&r=g","contentUrl":"https:\/\/secure.gravatar.com\/avatar\/01dd9b7f2dc8d635302f1c57c2289838e9fe288acd1c06c8f8ad332b8e2a60c9?s=96&d=mm&r=g","caption":"Autor"},"url":"https:\/\/www.jugendfussball-wendelstein.de\/wordpress\/author\/autor\/"}]}},"_links":{"self":[{"href":"https:\/\/www.jugendfussball-wendelstein.de\/wordpress\/wp-json\/wp\/v2\/posts\/3260","targetHints":{"allow":["GET"]}}],"collection":[{"href":"https:\/\/www.jugendfussball-wendelstein.de\/wordpress\/wp-json\/wp\/v2\/posts"}],"about":[{"href":"https:\/\/www.jugendfussball-wendelstein.de\/wordpress\/wp-json\/wp\/v2\/types\/post"}],"author":[{"embeddable":true,"href":"https:\/\/www.jugendfussball-wendelstein.de\/wordpress\/wp-json\/wp\/v2\/users\/4"}],"replies":[{"embeddable":true,"href":"https:\/\/www.jugendfussball-wendelstein.de\/wordpress\/wp-json\/wp\/v2\/comments?post=3260"}],"version-history":[{"count":0,"href":"https:\/\/www.jugendfussball-wendelstein.de\/wordpress\/wp-json\/wp\/v2\/posts\/3260\/revisions"}],"wp:attachment":[{"href":"https:\/\/www.jugendfussball-wendelstein.de\/wordpress\/wp-json\/wp\/v2\/media?parent=3260"}],"wp:term":[{"taxonomy":"category","embeddable":true,"href":"https:\/\/www.jugendfussball-wendelstein.de\/wordpress\/wp-json\/wp\/v2\/categories?post=3260"},{"taxonomy":"post_tag","embeddable":true,"href":"https:\/\/www.jugendfussball-wendelstein.de\/wordpress\/wp-json\/wp\/v2\/tags?post=3260"}],"curies":[{"name":"wp","href":"https:\/\/api.w.org\/{rel}","templated":true}]}}