{"id":3275,"date":"2016-01-31T19:22:44","date_gmt":"2016-01-31T17:22:44","guid":{"rendered":"http:\/\/www.jugendfussball-wendelstein.de\/wordpress\/?p=3275"},"modified":"2016-01-31T19:22:44","modified_gmt":"2016-01-31T17:22:44","slug":"u8-stuermt-die-mainlandhalle","status":"publish","type":"post","link":"https:\/\/www.jugendfussball-wendelstein.de\/wordpress\/u8-stuermt-die-mainlandhalle\/","title":{"rendered":"&#8222;U8 st\u00fcrmt die Mainlandhalle&#8220;"},"content":{"rendered":"<p>&#8222;U8 st\u00fcrmt Mainlandhalle&#8220; und holt verdient den Turniersieg! Da heute kurzfristig im 5+1 gespielt wurde, musste man sich etwas umstellen, kam aber insgesamt sehr gut zurecht. Gleich das erste Gruppenspiel wurde deutlich dominiert und mit 4:0 gewonnen. Guter Einstieg ins Turnier also. Spiel 2 bestritt das Team der U8 gegen den TSV Erlabrunn und gewann auch hier sicher mit 1:0. Einziges Manko, die Chancenverwertung! Spiel 3 dann gegen die W\u00fcrzburger Kickers. Ein Geschenk bracht<span class=\"text_exposed_show\">e die W\u00fcrzburger nach einem direkt getretenen Freistoss gl\u00fccklich in F\u00fchrung, da der Keeper &#8222;hinlangte&#8220;. Der JFG(TSV) Nachwuchs blieb unbeeindruckt und konterte zum 1:1. Trotz Chancen blieb es beim 1:1. Punk t- und Torgleich mit W\u00fcrzburg beendete man also die Gruppe. Die Platzierung wurde durch &#8222;M\u00fcnzwurf&#8220; geregelt und so gingen wir als Erstplatzierter ins Halbfinale, W\u00fcrzburg als Zweiter. Die W\u00fcrzburger Kickers unterlagen hier \u00fcberraschend dem TSV Gerbrunn mit 0:1! Nun war die U8 der JFG (TSV) am Zug. Sicher am Ball, kampfstark wie gewohnt dominierte man klar und gewann das Halbfinale mit 3:0 gegen den TSV Gerolzhofen. FINALE als wiederum erreicht! Hier war der TSV Gerbrunn der Gegner und auch hier waren die j\u00fcngsten Blues wieder klar tonangebend. Allerdings wurde die Chancenverwertung wieder zum Thema: Des \u00f6fteren h\u00e4tten die Offensivk\u00fcnstler der JFG den Torwart nach dem &#8222;wohin willst ihn haben???&#8220; fragen k\u00f6nnen, aber sie vergaben wiederholt . 0:0 also, und wie vergangene Woche stand ein 7-Meterschie\u00dfen an. Hier jedoch zeigte man sich cool und hatte einfach einen b\u00e4renstarken Keeper im Tor&#8230;&#8230;&#8230;&#8230;.Turniersieger also, und das v\u00f6llig verdient! Unser Dank geht noch an das nette Orga-Team der TG H\u00f6chberg, war sehr angenehm dort! Gerne wieder&#8230;&#8230;<i class=\"_4-k1 img sp_fM-mz8spZ1b sx_5371b4\"><u>\u201esmile\u201c-Emoticon<\/u><\/i><br \/>\nTEAM: Christopher, Espen, Mia, Luca, Felix, Tobias, Louis, Tyler<\/span><\/p>\n","protected":false},"excerpt":{"rendered":"<p>&#8222;U8 st\u00fcrmt Mainlandhalle&#8220; und holt verdient den Turniersieg! Da heute kurzfristig im 5+1 gespielt wurde, musste man sich etwas umstellen, kam aber insgesamt sehr gut zurecht. Gleich das erste Gruppenspiel wurde deutlich dominiert und mit 4:0 gewonnen. Guter Einstieg ins Turnier also. Spiel 2 bestritt das Team der U8 gegen den TSV Erlabrunn und gewann [&hellip;]<\/p>\n","protected":false},"author":4,"featured_media":0,"comment_status":"closed","ping_status":"closed","sticky":false,"template":"","format":"standard","meta":{"saved_in_kubio":false,"footnotes":""},"categories":[3,16,24],"tags":[],"class_list":["post-3275","post","type-post","status-publish","format-standard","hentry","category-kf","category-spielbericht","category-u8"],"yoast_head":"<!-- This site is optimized with the Yoast SEO plugin v27.4 - https:\/\/yoast.com\/product\/yoast-seo-wordpress\/ -->\n<title>&quot;U8 st\u00fcrmt die Mainlandhalle&quot; - JFG Wendelstein<\/title>\n<meta name=\"robots\" content=\"index, follow, max-snippet:-1, max-image-preview:large, max-video-preview:-1\" \/>\n<link rel=\"canonical\" href=\"https:\/\/www.jugendfussball-wendelstein.de\/wordpress\/u8-stuermt-die-mainlandhalle\/\" \/>\n<meta property=\"og:locale\" content=\"de_DE\" \/>\n<meta property=\"og:type\" content=\"article\" \/>\n<meta property=\"og:title\" content=\"&quot;U8 st\u00fcrmt die Mainlandhalle&quot; - JFG Wendelstein\" \/>\n<meta property=\"og:description\" content=\"&#8222;U8 st\u00fcrmt Mainlandhalle&#8220; und holt verdient den Turniersieg! Da heute kurzfristig im 5+1 gespielt wurde, musste man sich etwas umstellen, kam aber insgesamt sehr gut zurecht. Gleich das erste Gruppenspiel wurde deutlich dominiert und mit 4:0 gewonnen. Guter Einstieg ins Turnier also. Spiel 2 bestritt das Team der U8 gegen den TSV Erlabrunn und gewann [&hellip;]\" \/>\n<meta property=\"og:url\" content=\"https:\/\/www.jugendfussball-wendelstein.de\/wordpress\/u8-stuermt-die-mainlandhalle\/\" \/>\n<meta property=\"og:site_name\" content=\"JFG Wendelstein\" \/>\n<meta property=\"article:published_time\" content=\"2016-01-31T17:22:44+00:00\" \/>\n<meta name=\"author\" content=\"Autor\" \/>\n<meta name=\"twitter:card\" content=\"summary_large_image\" \/>\n<meta name=\"twitter:label1\" content=\"Verfasst von\" \/>\n\t<meta name=\"twitter:data1\" content=\"Autor\" \/>\n\t<meta name=\"twitter:label2\" content=\"Gesch\u00e4tzte Lesezeit\" \/>\n\t<meta name=\"twitter:data2\" content=\"1\u00a0Minute\" \/>\n<script type=\"application\/ld+json\" class=\"yoast-schema-graph\">{\"@context\":\"https:\\\/\\\/schema.org\",\"@graph\":[{\"@type\":\"Article\",\"@id\":\"https:\\\/\\\/www.jugendfussball-wendelstein.de\\\/wordpress\\\/u8-stuermt-die-mainlandhalle\\\/#article\",\"isPartOf\":{\"@id\":\"https:\\\/\\\/www.jugendfussball-wendelstein.de\\\/wordpress\\\/u8-stuermt-die-mainlandhalle\\\/\"},\"author\":{\"name\":\"Autor\",\"@id\":\"https:\\\/\\\/www.jugendfussball-wendelstein.de\\\/wordpress\\\/#\\\/schema\\\/person\\\/75aadcbd4be1b3af1c1d785397472bc9\"},\"headline\":\"&#8222;U8 st\u00fcrmt die Mainlandhalle&#8220;\",\"datePublished\":\"2016-01-31T17:22:44+00:00\",\"mainEntityOfPage\":{\"@id\":\"https:\\\/\\\/www.jugendfussball-wendelstein.de\\\/wordpress\\\/u8-stuermt-die-mainlandhalle\\\/\"},\"wordCount\":290,\"articleSection\":[\"Kleinfeld\",\"Spielbericht\",\"U8\"],\"inLanguage\":\"de\"},{\"@type\":\"WebPage\",\"@id\":\"https:\\\/\\\/www.jugendfussball-wendelstein.de\\\/wordpress\\\/u8-stuermt-die-mainlandhalle\\\/\",\"url\":\"https:\\\/\\\/www.jugendfussball-wendelstein.de\\\/wordpress\\\/u8-stuermt-die-mainlandhalle\\\/\",\"name\":\"\\\"U8 st\u00fcrmt die Mainlandhalle\\\" - JFG Wendelstein\",\"isPartOf\":{\"@id\":\"https:\\\/\\\/www.jugendfussball-wendelstein.de\\\/wordpress\\\/#website\"},\"datePublished\":\"2016-01-31T17:22:44+00:00\",\"author\":{\"@id\":\"https:\\\/\\\/www.jugendfussball-wendelstein.de\\\/wordpress\\\/#\\\/schema\\\/person\\\/75aadcbd4be1b3af1c1d785397472bc9\"},\"breadcrumb\":{\"@id\":\"https:\\\/\\\/www.jugendfussball-wendelstein.de\\\/wordpress\\\/u8-stuermt-die-mainlandhalle\\\/#breadcrumb\"},\"inLanguage\":\"de\",\"potentialAction\":[{\"@type\":\"ReadAction\",\"target\":[\"https:\\\/\\\/www.jugendfussball-wendelstein.de\\\/wordpress\\\/u8-stuermt-die-mainlandhalle\\\/\"]}]},{\"@type\":\"BreadcrumbList\",\"@id\":\"https:\\\/\\\/www.jugendfussball-wendelstein.de\\\/wordpress\\\/u8-stuermt-die-mainlandhalle\\\/#breadcrumb\",\"itemListElement\":[{\"@type\":\"ListItem\",\"position\":1,\"name\":\"Startseite\",\"item\":\"https:\\\/\\\/www.jugendfussball-wendelstein.de\\\/wordpress\\\/\"},{\"@type\":\"ListItem\",\"position\":2,\"name\":\"&#8222;U8 st\u00fcrmt die Mainlandhalle&#8220;\"}]},{\"@type\":\"WebSite\",\"@id\":\"https:\\\/\\\/www.jugendfussball-wendelstein.de\\\/wordpress\\\/#website\",\"url\":\"https:\\\/\\\/www.jugendfussball-wendelstein.de\\\/wordpress\\\/\",\"name\":\"JFG Wendelstein\",\"description\":\"Juniorenfu\u00dfball\",\"potentialAction\":[{\"@type\":\"SearchAction\",\"target\":{\"@type\":\"EntryPoint\",\"urlTemplate\":\"https:\\\/\\\/www.jugendfussball-wendelstein.de\\\/wordpress\\\/?s={search_term_string}\"},\"query-input\":{\"@type\":\"PropertyValueSpecification\",\"valueRequired\":true,\"valueName\":\"search_term_string\"}}],\"inLanguage\":\"de\"},{\"@type\":\"Person\",\"@id\":\"https:\\\/\\\/www.jugendfussball-wendelstein.de\\\/wordpress\\\/#\\\/schema\\\/person\\\/75aadcbd4be1b3af1c1d785397472bc9\",\"name\":\"Autor\",\"image\":{\"@type\":\"ImageObject\",\"inLanguage\":\"de\",\"@id\":\"https:\\\/\\\/secure.gravatar.com\\\/avatar\\\/01dd9b7f2dc8d635302f1c57c2289838e9fe288acd1c06c8f8ad332b8e2a60c9?s=96&d=mm&r=g\",\"url\":\"https:\\\/\\\/secure.gravatar.com\\\/avatar\\\/01dd9b7f2dc8d635302f1c57c2289838e9fe288acd1c06c8f8ad332b8e2a60c9?s=96&d=mm&r=g\",\"contentUrl\":\"https:\\\/\\\/secure.gravatar.com\\\/avatar\\\/01dd9b7f2dc8d635302f1c57c2289838e9fe288acd1c06c8f8ad332b8e2a60c9?s=96&d=mm&r=g\",\"caption\":\"Autor\"},\"url\":\"https:\\\/\\\/www.jugendfussball-wendelstein.de\\\/wordpress\\\/author\\\/autor\\\/\"}]}<\/script>\n<!-- \/ Yoast SEO plugin. -->","yoast_head_json":{"title":"\"U8 st\u00fcrmt die Mainlandhalle\" - JFG Wendelstein","robots":{"index":"index","follow":"follow","max-snippet":"max-snippet:-1","max-image-preview":"max-image-preview:large","max-video-preview":"max-video-preview:-1"},"canonical":"https:\/\/www.jugendfussball-wendelstein.de\/wordpress\/u8-stuermt-die-mainlandhalle\/","og_locale":"de_DE","og_type":"article","og_title":"\"U8 st\u00fcrmt die Mainlandhalle\" - JFG Wendelstein","og_description":"&#8222;U8 st\u00fcrmt Mainlandhalle&#8220; und holt verdient den Turniersieg! Da heute kurzfristig im 5+1 gespielt wurde, musste man sich etwas umstellen, kam aber insgesamt sehr gut zurecht. Gleich das erste Gruppenspiel wurde deutlich dominiert und mit 4:0 gewonnen. Guter Einstieg ins Turnier also. Spiel 2 bestritt das Team der U8 gegen den TSV Erlabrunn und gewann [&hellip;]","og_url":"https:\/\/www.jugendfussball-wendelstein.de\/wordpress\/u8-stuermt-die-mainlandhalle\/","og_site_name":"JFG Wendelstein","article_published_time":"2016-01-31T17:22:44+00:00","author":"Autor","twitter_card":"summary_large_image","twitter_misc":{"Verfasst von":"Autor","Gesch\u00e4tzte Lesezeit":"1\u00a0Minute"},"schema":{"@context":"https:\/\/schema.org","@graph":[{"@type":"Article","@id":"https:\/\/www.jugendfussball-wendelstein.de\/wordpress\/u8-stuermt-die-mainlandhalle\/#article","isPartOf":{"@id":"https:\/\/www.jugendfussball-wendelstein.de\/wordpress\/u8-stuermt-die-mainlandhalle\/"},"author":{"name":"Autor","@id":"https:\/\/www.jugendfussball-wendelstein.de\/wordpress\/#\/schema\/person\/75aadcbd4be1b3af1c1d785397472bc9"},"headline":"&#8222;U8 st\u00fcrmt die Mainlandhalle&#8220;","datePublished":"2016-01-31T17:22:44+00:00","mainEntityOfPage":{"@id":"https:\/\/www.jugendfussball-wendelstein.de\/wordpress\/u8-stuermt-die-mainlandhalle\/"},"wordCount":290,"articleSection":["Kleinfeld","Spielbericht","U8"],"inLanguage":"de"},{"@type":"WebPage","@id":"https:\/\/www.jugendfussball-wendelstein.de\/wordpress\/u8-stuermt-die-mainlandhalle\/","url":"https:\/\/www.jugendfussball-wendelstein.de\/wordpress\/u8-stuermt-die-mainlandhalle\/","name":"\"U8 st\u00fcrmt die Mainlandhalle\" - JFG Wendelstein","isPartOf":{"@id":"https:\/\/www.jugendfussball-wendelstein.de\/wordpress\/#website"},"datePublished":"2016-01-31T17:22:44+00:00","author":{"@id":"https:\/\/www.jugendfussball-wendelstein.de\/wordpress\/#\/schema\/person\/75aadcbd4be1b3af1c1d785397472bc9"},"breadcrumb":{"@id":"https:\/\/www.jugendfussball-wendelstein.de\/wordpress\/u8-stuermt-die-mainlandhalle\/#breadcrumb"},"inLanguage":"de","potentialAction":[{"@type":"ReadAction","target":["https:\/\/www.jugendfussball-wendelstein.de\/wordpress\/u8-stuermt-die-mainlandhalle\/"]}]},{"@type":"BreadcrumbList","@id":"https:\/\/www.jugendfussball-wendelstein.de\/wordpress\/u8-stuermt-die-mainlandhalle\/#breadcrumb","itemListElement":[{"@type":"ListItem","position":1,"name":"Startseite","item":"https:\/\/www.jugendfussball-wendelstein.de\/wordpress\/"},{"@type":"ListItem","position":2,"name":"&#8222;U8 st\u00fcrmt die Mainlandhalle&#8220;"}]},{"@type":"WebSite","@id":"https:\/\/www.jugendfussball-wendelstein.de\/wordpress\/#website","url":"https:\/\/www.jugendfussball-wendelstein.de\/wordpress\/","name":"JFG Wendelstein","description":"Juniorenfu\u00dfball","potentialAction":[{"@type":"SearchAction","target":{"@type":"EntryPoint","urlTemplate":"https:\/\/www.jugendfussball-wendelstein.de\/wordpress\/?s={search_term_string}"},"query-input":{"@type":"PropertyValueSpecification","valueRequired":true,"valueName":"search_term_string"}}],"inLanguage":"de"},{"@type":"Person","@id":"https:\/\/www.jugendfussball-wendelstein.de\/wordpress\/#\/schema\/person\/75aadcbd4be1b3af1c1d785397472bc9","name":"Autor","image":{"@type":"ImageObject","inLanguage":"de","@id":"https:\/\/secure.gravatar.com\/avatar\/01dd9b7f2dc8d635302f1c57c2289838e9fe288acd1c06c8f8ad332b8e2a60c9?s=96&d=mm&r=g","url":"https:\/\/secure.gravatar.com\/avatar\/01dd9b7f2dc8d635302f1c57c2289838e9fe288acd1c06c8f8ad332b8e2a60c9?s=96&d=mm&r=g","contentUrl":"https:\/\/secure.gravatar.com\/avatar\/01dd9b7f2dc8d635302f1c57c2289838e9fe288acd1c06c8f8ad332b8e2a60c9?s=96&d=mm&r=g","caption":"Autor"},"url":"https:\/\/www.jugendfussball-wendelstein.de\/wordpress\/author\/autor\/"}]}},"_links":{"self":[{"href":"https:\/\/www.jugendfussball-wendelstein.de\/wordpress\/wp-json\/wp\/v2\/posts\/3275","targetHints":{"allow":["GET"]}}],"collection":[{"href":"https:\/\/www.jugendfussball-wendelstein.de\/wordpress\/wp-json\/wp\/v2\/posts"}],"about":[{"href":"https:\/\/www.jugendfussball-wendelstein.de\/wordpress\/wp-json\/wp\/v2\/types\/post"}],"author":[{"embeddable":true,"href":"https:\/\/www.jugendfussball-wendelstein.de\/wordpress\/wp-json\/wp\/v2\/users\/4"}],"replies":[{"embeddable":true,"href":"https:\/\/www.jugendfussball-wendelstein.de\/wordpress\/wp-json\/wp\/v2\/comments?post=3275"}],"version-history":[{"count":0,"href":"https:\/\/www.jugendfussball-wendelstein.de\/wordpress\/wp-json\/wp\/v2\/posts\/3275\/revisions"}],"wp:attachment":[{"href":"https:\/\/www.jugendfussball-wendelstein.de\/wordpress\/wp-json\/wp\/v2\/media?parent=3275"}],"wp:term":[{"taxonomy":"category","embeddable":true,"href":"https:\/\/www.jugendfussball-wendelstein.de\/wordpress\/wp-json\/wp\/v2\/categories?post=3275"},{"taxonomy":"post_tag","embeddable":true,"href":"https:\/\/www.jugendfussball-wendelstein.de\/wordpress\/wp-json\/wp\/v2\/tags?post=3275"}],"curies":[{"name":"wp","href":"https:\/\/api.w.org\/{rel}","templated":true}]}}