{"id":3309,"date":"2016-02-09T22:11:58","date_gmt":"2016-02-09T20:11:58","guid":{"rendered":"http:\/\/www.jugendfussball-wendelstein.de\/wordpress\/?p=3309"},"modified":"2016-02-09T22:11:58","modified_gmt":"2016-02-09T20:11:58","slug":"ein-wendelsteiner-humba-tae-tae-re-erklang-in-herrieden","status":"publish","type":"post","link":"https:\/\/www.jugendfussball-wendelstein.de\/wordpress\/ein-wendelsteiner-humba-tae-tae-re-erklang-in-herrieden\/","title":{"rendered":"Ein Wendelsteiner HUMBA-T\u00c4-T\u00c4-RE&#8230;. erklang in Herrieden"},"content":{"rendered":"<p>Die U13 sichert sich die Bezirkshallenmeisterschaft und gleichzeitig die Qualifikation zur Bayerischen.<br \/>\nBezirksjugendleiter Thomas Zankl er\u00f6ffnete das Turnier gewohnt hervorragend und der jeweilige Anhang feuerte sein Teams lautstark an. So sorgten alle Beteiligten inkl. der Mannschaften f\u00fcr den passenden Rahmen.<br \/>\nIn ihrem ersten Gruppenspiel trafen die Wendelsteiner auf den Vizemeister aus dem Kreis Nbg. \/Frankenh\u00f6he, den TSV Fischbach, Auftaktsieger in der Gruppe gegen den Spygg Erlangen. Mit grossem Elan ging es los und die Wendelsteiner gingen verdient mit einem 4:1 Sieg vom Feld. Im zweiten Gruppenspiel gelang der U13 der zweite Sieg gegen die Spygg Erlangen mit 3:0. Somit konnten wir uns den 1.Gruppenplatz sichern und uns f\u00fcr das Halbfinale gegen den Ligakonkurrenten SC Elterndorf qualifizieren.<br \/>\nUnd das Halbfinale sollte nichts f\u00fcr schwache Nerven werden. Die Eltersdorfer Jungs gingen mit 1:0 in F\u00fchrung und die Wendelsteiner waren nun gezwungen entsprechend zu reagieren. Exakt 48 Sekunden vor Schlu\u00df gelang der verdiente Ausgleich und so musste das klassische Sechsmeterschiessen ( Anm. der Redaktion : bei dem HKM-Bericht schrieben wir ein Siebenmeterschiessen &#8211; Sorry ) um den Einzug ins Finale entscheiden.<br \/>\nDie Entscheidung fiel mit dem f\u00fcnften Sch\u00fctzen und mit einem 4:3 konnten die Wendelsteiner dies zu ihren Gunsten entscheiden.<br \/>\nIm Finale gegen die JFG Aischgrund ( Kreismeister N\u00fcrnberg\/Frankenh\u00f6he ) \u00fcberzeugten die Wendelsteiner erneut und sicherten sich mit einem 4:0 Erfolg die Bezirkshallenmeisterschaft Mittelfranken 2016.<br \/>\nTOLLE LEISTUNG und GL\u00dcCKWUNSCH an dieser Stelle f\u00fcr diese aussergew\u00f6hnliche Leistung. Somit geht die Reise bis zum H\u00f6hepunkt der Bayerischen Hallenmeisterschaft am 27.02.2016 weiter.<br \/>\nBisher qualifiziert :<\/p>\n<p>SC Eintracht Freising ( Bezirksmeister Oberbayern ),<br \/>\nJahn Regensburg ( Bezirksmeister Oberpfalz ),<br \/>\n1. FC Sand ( Bezirksmeister Unterfranken ),<br \/>\nJFG Kunstadt-Obermain ( Bezirksmeister Oberfranken ),<br \/>\nund WIR , die JFG Wendelstein ( Bezirksmeister Mittelfranken ).<\/p>\n<p>Die Bezirke Niederbayern und Schwaben k\u00fcren am kommenden Wochenende ihre Bezirksmeister.<\/p>\n<p>Gesetz sind die Lizenzvereine :<br \/>\n1. FC N\u00fcrnberg<br \/>\nSpygg Greuther F\u00fcrth<br \/>\nFC Augsburg<br \/>\nFC Ingolstadt 04<br \/>\nTSV 1860 M\u00fcnchen<\/p>\n<p>Daraus resultiert ein 12-Mannschafts starkes Teilnehmerfeld am Austragungsort Kirchenlaibach-Speichersdorf.<\/p>\n","protected":false},"excerpt":{"rendered":"<p>Die U13 sichert sich die Bezirkshallenmeisterschaft und gleichzeitig die Qualifikation zur Bayerischen. Bezirksjugendleiter Thomas Zankl er\u00f6ffnete das Turnier gewohnt hervorragend und der jeweilige Anhang feuerte sein Teams lautstark an. So sorgten alle Beteiligten inkl. der Mannschaften f\u00fcr den passenden Rahmen. In ihrem ersten Gruppenspiel trafen die Wendelsteiner auf den Vizemeister aus dem Kreis Nbg. \/Frankenh\u00f6he, [&hellip;]<\/p>\n","protected":false},"author":4,"featured_media":0,"comment_status":"closed","ping_status":"closed","sticky":false,"template":"","format":"standard","meta":{"saved_in_kubio":false,"footnotes":""},"categories":[2,16,8],"tags":[],"class_list":["post-3309","post","type-post","status-publish","format-standard","hentry","category-gf","category-spielbericht","category-u13"],"yoast_head":"<!-- This site is optimized with the Yoast SEO plugin v27.4 - https:\/\/yoast.com\/product\/yoast-seo-wordpress\/ -->\n<title>Ein Wendelsteiner HUMBA-T\u00c4-T\u00c4-RE.... erklang in Herrieden - JFG Wendelstein<\/title>\n<meta name=\"robots\" content=\"index, follow, max-snippet:-1, max-image-preview:large, max-video-preview:-1\" \/>\n<link rel=\"canonical\" href=\"https:\/\/www.jugendfussball-wendelstein.de\/wordpress\/ein-wendelsteiner-humba-tae-tae-re-erklang-in-herrieden\/\" \/>\n<meta property=\"og:locale\" content=\"de_DE\" \/>\n<meta property=\"og:type\" content=\"article\" \/>\n<meta property=\"og:title\" content=\"Ein Wendelsteiner HUMBA-T\u00c4-T\u00c4-RE.... erklang in Herrieden - JFG Wendelstein\" \/>\n<meta property=\"og:description\" content=\"Die U13 sichert sich die Bezirkshallenmeisterschaft und gleichzeitig die Qualifikation zur Bayerischen. Bezirksjugendleiter Thomas Zankl er\u00f6ffnete das Turnier gewohnt hervorragend und der jeweilige Anhang feuerte sein Teams lautstark an. So sorgten alle Beteiligten inkl. der Mannschaften f\u00fcr den passenden Rahmen. In ihrem ersten Gruppenspiel trafen die Wendelsteiner auf den Vizemeister aus dem Kreis Nbg. \/Frankenh\u00f6he, [&hellip;]\" \/>\n<meta property=\"og:url\" content=\"https:\/\/www.jugendfussball-wendelstein.de\/wordpress\/ein-wendelsteiner-humba-tae-tae-re-erklang-in-herrieden\/\" \/>\n<meta property=\"og:site_name\" content=\"JFG Wendelstein\" \/>\n<meta property=\"article:published_time\" content=\"2016-02-09T20:11:58+00:00\" \/>\n<meta name=\"author\" content=\"Autor\" \/>\n<meta name=\"twitter:card\" content=\"summary_large_image\" \/>\n<meta name=\"twitter:label1\" content=\"Verfasst von\" \/>\n\t<meta name=\"twitter:data1\" content=\"Autor\" \/>\n\t<meta name=\"twitter:label2\" content=\"Gesch\u00e4tzte Lesezeit\" \/>\n\t<meta name=\"twitter:data2\" content=\"2\u00a0Minuten\" \/>\n<script type=\"application\/ld+json\" class=\"yoast-schema-graph\">{\"@context\":\"https:\\\/\\\/schema.org\",\"@graph\":[{\"@type\":\"Article\",\"@id\":\"https:\\\/\\\/www.jugendfussball-wendelstein.de\\\/wordpress\\\/ein-wendelsteiner-humba-tae-tae-re-erklang-in-herrieden\\\/#article\",\"isPartOf\":{\"@id\":\"https:\\\/\\\/www.jugendfussball-wendelstein.de\\\/wordpress\\\/ein-wendelsteiner-humba-tae-tae-re-erklang-in-herrieden\\\/\"},\"author\":{\"name\":\"Autor\",\"@id\":\"https:\\\/\\\/www.jugendfussball-wendelstein.de\\\/wordpress\\\/#\\\/schema\\\/person\\\/75aadcbd4be1b3af1c1d785397472bc9\"},\"headline\":\"Ein Wendelsteiner HUMBA-T\u00c4-T\u00c4-RE&#8230;. erklang in Herrieden\",\"datePublished\":\"2016-02-09T20:11:58+00:00\",\"mainEntityOfPage\":{\"@id\":\"https:\\\/\\\/www.jugendfussball-wendelstein.de\\\/wordpress\\\/ein-wendelsteiner-humba-tae-tae-re-erklang-in-herrieden\\\/\"},\"wordCount\":321,\"articleSection\":[\"Gro\u00dffeld\",\"Spielbericht\",\"U13\"],\"inLanguage\":\"de\"},{\"@type\":\"WebPage\",\"@id\":\"https:\\\/\\\/www.jugendfussball-wendelstein.de\\\/wordpress\\\/ein-wendelsteiner-humba-tae-tae-re-erklang-in-herrieden\\\/\",\"url\":\"https:\\\/\\\/www.jugendfussball-wendelstein.de\\\/wordpress\\\/ein-wendelsteiner-humba-tae-tae-re-erklang-in-herrieden\\\/\",\"name\":\"Ein Wendelsteiner HUMBA-T\u00c4-T\u00c4-RE.... erklang in Herrieden - JFG Wendelstein\",\"isPartOf\":{\"@id\":\"https:\\\/\\\/www.jugendfussball-wendelstein.de\\\/wordpress\\\/#website\"},\"datePublished\":\"2016-02-09T20:11:58+00:00\",\"author\":{\"@id\":\"https:\\\/\\\/www.jugendfussball-wendelstein.de\\\/wordpress\\\/#\\\/schema\\\/person\\\/75aadcbd4be1b3af1c1d785397472bc9\"},\"breadcrumb\":{\"@id\":\"https:\\\/\\\/www.jugendfussball-wendelstein.de\\\/wordpress\\\/ein-wendelsteiner-humba-tae-tae-re-erklang-in-herrieden\\\/#breadcrumb\"},\"inLanguage\":\"de\",\"potentialAction\":[{\"@type\":\"ReadAction\",\"target\":[\"https:\\\/\\\/www.jugendfussball-wendelstein.de\\\/wordpress\\\/ein-wendelsteiner-humba-tae-tae-re-erklang-in-herrieden\\\/\"]}]},{\"@type\":\"BreadcrumbList\",\"@id\":\"https:\\\/\\\/www.jugendfussball-wendelstein.de\\\/wordpress\\\/ein-wendelsteiner-humba-tae-tae-re-erklang-in-herrieden\\\/#breadcrumb\",\"itemListElement\":[{\"@type\":\"ListItem\",\"position\":1,\"name\":\"Startseite\",\"item\":\"https:\\\/\\\/www.jugendfussball-wendelstein.de\\\/wordpress\\\/\"},{\"@type\":\"ListItem\",\"position\":2,\"name\":\"Ein Wendelsteiner HUMBA-T\u00c4-T\u00c4-RE&#8230;. erklang in Herrieden\"}]},{\"@type\":\"WebSite\",\"@id\":\"https:\\\/\\\/www.jugendfussball-wendelstein.de\\\/wordpress\\\/#website\",\"url\":\"https:\\\/\\\/www.jugendfussball-wendelstein.de\\\/wordpress\\\/\",\"name\":\"JFG Wendelstein\",\"description\":\"Juniorenfu\u00dfball\",\"potentialAction\":[{\"@type\":\"SearchAction\",\"target\":{\"@type\":\"EntryPoint\",\"urlTemplate\":\"https:\\\/\\\/www.jugendfussball-wendelstein.de\\\/wordpress\\\/?s={search_term_string}\"},\"query-input\":{\"@type\":\"PropertyValueSpecification\",\"valueRequired\":true,\"valueName\":\"search_term_string\"}}],\"inLanguage\":\"de\"},{\"@type\":\"Person\",\"@id\":\"https:\\\/\\\/www.jugendfussball-wendelstein.de\\\/wordpress\\\/#\\\/schema\\\/person\\\/75aadcbd4be1b3af1c1d785397472bc9\",\"name\":\"Autor\",\"image\":{\"@type\":\"ImageObject\",\"inLanguage\":\"de\",\"@id\":\"https:\\\/\\\/secure.gravatar.com\\\/avatar\\\/01dd9b7f2dc8d635302f1c57c2289838e9fe288acd1c06c8f8ad332b8e2a60c9?s=96&d=mm&r=g\",\"url\":\"https:\\\/\\\/secure.gravatar.com\\\/avatar\\\/01dd9b7f2dc8d635302f1c57c2289838e9fe288acd1c06c8f8ad332b8e2a60c9?s=96&d=mm&r=g\",\"contentUrl\":\"https:\\\/\\\/secure.gravatar.com\\\/avatar\\\/01dd9b7f2dc8d635302f1c57c2289838e9fe288acd1c06c8f8ad332b8e2a60c9?s=96&d=mm&r=g\",\"caption\":\"Autor\"},\"url\":\"https:\\\/\\\/www.jugendfussball-wendelstein.de\\\/wordpress\\\/author\\\/autor\\\/\"}]}<\/script>\n<!-- \/ Yoast SEO plugin. -->","yoast_head_json":{"title":"Ein Wendelsteiner HUMBA-T\u00c4-T\u00c4-RE.... erklang in Herrieden - JFG Wendelstein","robots":{"index":"index","follow":"follow","max-snippet":"max-snippet:-1","max-image-preview":"max-image-preview:large","max-video-preview":"max-video-preview:-1"},"canonical":"https:\/\/www.jugendfussball-wendelstein.de\/wordpress\/ein-wendelsteiner-humba-tae-tae-re-erklang-in-herrieden\/","og_locale":"de_DE","og_type":"article","og_title":"Ein Wendelsteiner HUMBA-T\u00c4-T\u00c4-RE.... erklang in Herrieden - JFG Wendelstein","og_description":"Die U13 sichert sich die Bezirkshallenmeisterschaft und gleichzeitig die Qualifikation zur Bayerischen. Bezirksjugendleiter Thomas Zankl er\u00f6ffnete das Turnier gewohnt hervorragend und der jeweilige Anhang feuerte sein Teams lautstark an. So sorgten alle Beteiligten inkl. der Mannschaften f\u00fcr den passenden Rahmen. In ihrem ersten Gruppenspiel trafen die Wendelsteiner auf den Vizemeister aus dem Kreis Nbg. \/Frankenh\u00f6he, [&hellip;]","og_url":"https:\/\/www.jugendfussball-wendelstein.de\/wordpress\/ein-wendelsteiner-humba-tae-tae-re-erklang-in-herrieden\/","og_site_name":"JFG Wendelstein","article_published_time":"2016-02-09T20:11:58+00:00","author":"Autor","twitter_card":"summary_large_image","twitter_misc":{"Verfasst von":"Autor","Gesch\u00e4tzte Lesezeit":"2\u00a0Minuten"},"schema":{"@context":"https:\/\/schema.org","@graph":[{"@type":"Article","@id":"https:\/\/www.jugendfussball-wendelstein.de\/wordpress\/ein-wendelsteiner-humba-tae-tae-re-erklang-in-herrieden\/#article","isPartOf":{"@id":"https:\/\/www.jugendfussball-wendelstein.de\/wordpress\/ein-wendelsteiner-humba-tae-tae-re-erklang-in-herrieden\/"},"author":{"name":"Autor","@id":"https:\/\/www.jugendfussball-wendelstein.de\/wordpress\/#\/schema\/person\/75aadcbd4be1b3af1c1d785397472bc9"},"headline":"Ein Wendelsteiner HUMBA-T\u00c4-T\u00c4-RE&#8230;. erklang in Herrieden","datePublished":"2016-02-09T20:11:58+00:00","mainEntityOfPage":{"@id":"https:\/\/www.jugendfussball-wendelstein.de\/wordpress\/ein-wendelsteiner-humba-tae-tae-re-erklang-in-herrieden\/"},"wordCount":321,"articleSection":["Gro\u00dffeld","Spielbericht","U13"],"inLanguage":"de"},{"@type":"WebPage","@id":"https:\/\/www.jugendfussball-wendelstein.de\/wordpress\/ein-wendelsteiner-humba-tae-tae-re-erklang-in-herrieden\/","url":"https:\/\/www.jugendfussball-wendelstein.de\/wordpress\/ein-wendelsteiner-humba-tae-tae-re-erklang-in-herrieden\/","name":"Ein Wendelsteiner HUMBA-T\u00c4-T\u00c4-RE.... erklang in Herrieden - JFG Wendelstein","isPartOf":{"@id":"https:\/\/www.jugendfussball-wendelstein.de\/wordpress\/#website"},"datePublished":"2016-02-09T20:11:58+00:00","author":{"@id":"https:\/\/www.jugendfussball-wendelstein.de\/wordpress\/#\/schema\/person\/75aadcbd4be1b3af1c1d785397472bc9"},"breadcrumb":{"@id":"https:\/\/www.jugendfussball-wendelstein.de\/wordpress\/ein-wendelsteiner-humba-tae-tae-re-erklang-in-herrieden\/#breadcrumb"},"inLanguage":"de","potentialAction":[{"@type":"ReadAction","target":["https:\/\/www.jugendfussball-wendelstein.de\/wordpress\/ein-wendelsteiner-humba-tae-tae-re-erklang-in-herrieden\/"]}]},{"@type":"BreadcrumbList","@id":"https:\/\/www.jugendfussball-wendelstein.de\/wordpress\/ein-wendelsteiner-humba-tae-tae-re-erklang-in-herrieden\/#breadcrumb","itemListElement":[{"@type":"ListItem","position":1,"name":"Startseite","item":"https:\/\/www.jugendfussball-wendelstein.de\/wordpress\/"},{"@type":"ListItem","position":2,"name":"Ein Wendelsteiner HUMBA-T\u00c4-T\u00c4-RE&#8230;. erklang in Herrieden"}]},{"@type":"WebSite","@id":"https:\/\/www.jugendfussball-wendelstein.de\/wordpress\/#website","url":"https:\/\/www.jugendfussball-wendelstein.de\/wordpress\/","name":"JFG Wendelstein","description":"Juniorenfu\u00dfball","potentialAction":[{"@type":"SearchAction","target":{"@type":"EntryPoint","urlTemplate":"https:\/\/www.jugendfussball-wendelstein.de\/wordpress\/?s={search_term_string}"},"query-input":{"@type":"PropertyValueSpecification","valueRequired":true,"valueName":"search_term_string"}}],"inLanguage":"de"},{"@type":"Person","@id":"https:\/\/www.jugendfussball-wendelstein.de\/wordpress\/#\/schema\/person\/75aadcbd4be1b3af1c1d785397472bc9","name":"Autor","image":{"@type":"ImageObject","inLanguage":"de","@id":"https:\/\/secure.gravatar.com\/avatar\/01dd9b7f2dc8d635302f1c57c2289838e9fe288acd1c06c8f8ad332b8e2a60c9?s=96&d=mm&r=g","url":"https:\/\/secure.gravatar.com\/avatar\/01dd9b7f2dc8d635302f1c57c2289838e9fe288acd1c06c8f8ad332b8e2a60c9?s=96&d=mm&r=g","contentUrl":"https:\/\/secure.gravatar.com\/avatar\/01dd9b7f2dc8d635302f1c57c2289838e9fe288acd1c06c8f8ad332b8e2a60c9?s=96&d=mm&r=g","caption":"Autor"},"url":"https:\/\/www.jugendfussball-wendelstein.de\/wordpress\/author\/autor\/"}]}},"_links":{"self":[{"href":"https:\/\/www.jugendfussball-wendelstein.de\/wordpress\/wp-json\/wp\/v2\/posts\/3309","targetHints":{"allow":["GET"]}}],"collection":[{"href":"https:\/\/www.jugendfussball-wendelstein.de\/wordpress\/wp-json\/wp\/v2\/posts"}],"about":[{"href":"https:\/\/www.jugendfussball-wendelstein.de\/wordpress\/wp-json\/wp\/v2\/types\/post"}],"author":[{"embeddable":true,"href":"https:\/\/www.jugendfussball-wendelstein.de\/wordpress\/wp-json\/wp\/v2\/users\/4"}],"replies":[{"embeddable":true,"href":"https:\/\/www.jugendfussball-wendelstein.de\/wordpress\/wp-json\/wp\/v2\/comments?post=3309"}],"version-history":[{"count":0,"href":"https:\/\/www.jugendfussball-wendelstein.de\/wordpress\/wp-json\/wp\/v2\/posts\/3309\/revisions"}],"wp:attachment":[{"href":"https:\/\/www.jugendfussball-wendelstein.de\/wordpress\/wp-json\/wp\/v2\/media?parent=3309"}],"wp:term":[{"taxonomy":"category","embeddable":true,"href":"https:\/\/www.jugendfussball-wendelstein.de\/wordpress\/wp-json\/wp\/v2\/categories?post=3309"},{"taxonomy":"post_tag","embeddable":true,"href":"https:\/\/www.jugendfussball-wendelstein.de\/wordpress\/wp-json\/wp\/v2\/tags?post=3309"}],"curies":[{"name":"wp","href":"https:\/\/api.w.org\/{rel}","templated":true}]}}