{"id":3346,"date":"2016-02-29T23:35:03","date_gmt":"2016-02-29T21:35:03","guid":{"rendered":"http:\/\/www.jugendfussball-wendelstein.de\/wordpress\/?p=3346"},"modified":"2016-02-29T23:41:13","modified_gmt":"2016-02-29T21:41:13","slug":"u8-hallenturnier-beim-tsv-allershausen","status":"publish","type":"post","link":"https:\/\/www.jugendfussball-wendelstein.de\/wordpress\/u8-hallenturnier-beim-tsv-allershausen\/","title":{"rendered":"U8 Hallenturnier beim TSV Allershausen"},"content":{"rendered":"<p>Vorneweg der Dank an unsere sehr netten Gastgeber! Auch die Gegner \u00fcberwiegend sehr fair, lediglich in einem Gruppenspiel gab es Probleme seitens eines &#8222;hyperaktiven&#8220; Trainers. Egal, vorbei\u2026,. die Gruppenphase wurde mit 10 Punkten und 8:0 Toren souver\u00e4n als Erster beendet (3:0 vs. BFS-Bayr. Fu\u00dfballschule, 2:0 vs SC Vierkirchen, 0:0 vs. VfR Garching, 3:0 vs TSV Allershausen). Ohne Pause ging es nach dem letzten Gruppenspiel ins Halbfinale gegen das sympathische Team von Wacker Nbg. Ein klasse Spiel unserer Kinder zwar, aber Wacker hatte ein paar Sekunden vor dem Ende mit einem Weitschuss doch noch das bessere Ende f\u00fcr sich. Also Spiel um Platz 3 und 4, doch, war auch ok, hatte man mit nur einer Wechselm\u00f6glichkeit das Turnier bis dahin bestritten und sich doch schon etwas M\u00fcdigkeit breitgemacht. Dennoch gaben die Kinder wirklich noch einmal alles und gewannen dieses Spiel gegen den SC Vierkirchen mit 1:0 durch ein feines Freisto\u00dftor von unserem Luca verdient. Jetzt hoffen wir alle, dass unser Allrounder Felix seine H\u00fcftentz\u00fcndung komplett auskuriert und m\u00f6glichst bald wieder zum Team sto\u00dfen kann! Fazit: Wirklich bemerkenswert \u00fcber diese lange Hallensaison war der unglaubliche Wille und die kontinuierliche spielerische Entwicklung der U8. Auch die vielen neuen Kontakte mit tollen Kollegen und ihren Teams waren und sind uns wichtig gewesen. Ab jetzt aber wieder raus an die frische Luft&#8230;&#8230;. Zeit wird es!<\/p>\n<p>Autor : W.S.<\/p>\n","protected":false},"excerpt":{"rendered":"<p>Vorneweg der Dank an unsere sehr netten Gastgeber! Auch die Gegner \u00fcberwiegend sehr fair, lediglich in einem Gruppenspiel gab es Probleme seitens eines &#8222;hyperaktiven&#8220; Trainers. Egal, vorbei\u2026,. die Gruppenphase wurde mit 10 Punkten und 8:0 Toren souver\u00e4n als Erster beendet (3:0 vs. BFS-Bayr. Fu\u00dfballschule, 2:0 vs SC Vierkirchen, 0:0 vs. VfR Garching, 3:0 vs TSV [&hellip;]<\/p>\n","protected":false},"author":4,"featured_media":0,"comment_status":"closed","ping_status":"closed","sticky":false,"template":"","format":"standard","meta":{"saved_in_kubio":false,"footnotes":""},"categories":[3,16,24],"tags":[],"class_list":["post-3346","post","type-post","status-publish","format-standard","hentry","category-kf","category-spielbericht","category-u8"],"yoast_head":"<!-- This site is optimized with the Yoast SEO plugin v27.4 - https:\/\/yoast.com\/product\/yoast-seo-wordpress\/ -->\n<title>U8 Hallenturnier beim TSV Allershausen - JFG Wendelstein<\/title>\n<meta name=\"robots\" content=\"index, follow, max-snippet:-1, max-image-preview:large, max-video-preview:-1\" \/>\n<link rel=\"canonical\" href=\"https:\/\/www.jugendfussball-wendelstein.de\/wordpress\/u8-hallenturnier-beim-tsv-allershausen\/\" \/>\n<meta property=\"og:locale\" content=\"de_DE\" \/>\n<meta property=\"og:type\" content=\"article\" \/>\n<meta property=\"og:title\" content=\"U8 Hallenturnier beim TSV Allershausen - JFG Wendelstein\" \/>\n<meta property=\"og:description\" content=\"Vorneweg der Dank an unsere sehr netten Gastgeber! Auch die Gegner \u00fcberwiegend sehr fair, lediglich in einem Gruppenspiel gab es Probleme seitens eines &#8222;hyperaktiven&#8220; Trainers. Egal, vorbei\u2026,. die Gruppenphase wurde mit 10 Punkten und 8:0 Toren souver\u00e4n als Erster beendet (3:0 vs. BFS-Bayr. Fu\u00dfballschule, 2:0 vs SC Vierkirchen, 0:0 vs. VfR Garching, 3:0 vs TSV [&hellip;]\" \/>\n<meta property=\"og:url\" content=\"https:\/\/www.jugendfussball-wendelstein.de\/wordpress\/u8-hallenturnier-beim-tsv-allershausen\/\" \/>\n<meta property=\"og:site_name\" content=\"JFG Wendelstein\" \/>\n<meta property=\"article:published_time\" content=\"2016-02-29T21:35:03+00:00\" \/>\n<meta property=\"article:modified_time\" content=\"2016-02-29T21:41:13+00:00\" \/>\n<meta name=\"author\" content=\"Autor\" \/>\n<meta name=\"twitter:card\" content=\"summary_large_image\" \/>\n<meta name=\"twitter:label1\" content=\"Verfasst von\" \/>\n\t<meta name=\"twitter:data1\" content=\"Autor\" \/>\n\t<meta name=\"twitter:label2\" content=\"Gesch\u00e4tzte Lesezeit\" \/>\n\t<meta name=\"twitter:data2\" content=\"1\u00a0Minute\" \/>\n<script type=\"application\/ld+json\" class=\"yoast-schema-graph\">{\"@context\":\"https:\\\/\\\/schema.org\",\"@graph\":[{\"@type\":\"Article\",\"@id\":\"https:\\\/\\\/www.jugendfussball-wendelstein.de\\\/wordpress\\\/u8-hallenturnier-beim-tsv-allershausen\\\/#article\",\"isPartOf\":{\"@id\":\"https:\\\/\\\/www.jugendfussball-wendelstein.de\\\/wordpress\\\/u8-hallenturnier-beim-tsv-allershausen\\\/\"},\"author\":{\"name\":\"Autor\",\"@id\":\"https:\\\/\\\/www.jugendfussball-wendelstein.de\\\/wordpress\\\/#\\\/schema\\\/person\\\/75aadcbd4be1b3af1c1d785397472bc9\"},\"headline\":\"U8 Hallenturnier beim TSV Allershausen\",\"datePublished\":\"2016-02-29T21:35:03+00:00\",\"dateModified\":\"2016-02-29T21:41:13+00:00\",\"mainEntityOfPage\":{\"@id\":\"https:\\\/\\\/www.jugendfussball-wendelstein.de\\\/wordpress\\\/u8-hallenturnier-beim-tsv-allershausen\\\/\"},\"wordCount\":229,\"articleSection\":[\"Kleinfeld\",\"Spielbericht\",\"U8\"],\"inLanguage\":\"de\"},{\"@type\":\"WebPage\",\"@id\":\"https:\\\/\\\/www.jugendfussball-wendelstein.de\\\/wordpress\\\/u8-hallenturnier-beim-tsv-allershausen\\\/\",\"url\":\"https:\\\/\\\/www.jugendfussball-wendelstein.de\\\/wordpress\\\/u8-hallenturnier-beim-tsv-allershausen\\\/\",\"name\":\"U8 Hallenturnier beim TSV Allershausen - JFG Wendelstein\",\"isPartOf\":{\"@id\":\"https:\\\/\\\/www.jugendfussball-wendelstein.de\\\/wordpress\\\/#website\"},\"datePublished\":\"2016-02-29T21:35:03+00:00\",\"dateModified\":\"2016-02-29T21:41:13+00:00\",\"author\":{\"@id\":\"https:\\\/\\\/www.jugendfussball-wendelstein.de\\\/wordpress\\\/#\\\/schema\\\/person\\\/75aadcbd4be1b3af1c1d785397472bc9\"},\"breadcrumb\":{\"@id\":\"https:\\\/\\\/www.jugendfussball-wendelstein.de\\\/wordpress\\\/u8-hallenturnier-beim-tsv-allershausen\\\/#breadcrumb\"},\"inLanguage\":\"de\",\"potentialAction\":[{\"@type\":\"ReadAction\",\"target\":[\"https:\\\/\\\/www.jugendfussball-wendelstein.de\\\/wordpress\\\/u8-hallenturnier-beim-tsv-allershausen\\\/\"]}]},{\"@type\":\"BreadcrumbList\",\"@id\":\"https:\\\/\\\/www.jugendfussball-wendelstein.de\\\/wordpress\\\/u8-hallenturnier-beim-tsv-allershausen\\\/#breadcrumb\",\"itemListElement\":[{\"@type\":\"ListItem\",\"position\":1,\"name\":\"Startseite\",\"item\":\"https:\\\/\\\/www.jugendfussball-wendelstein.de\\\/wordpress\\\/\"},{\"@type\":\"ListItem\",\"position\":2,\"name\":\"U8 Hallenturnier beim TSV Allershausen\"}]},{\"@type\":\"WebSite\",\"@id\":\"https:\\\/\\\/www.jugendfussball-wendelstein.de\\\/wordpress\\\/#website\",\"url\":\"https:\\\/\\\/www.jugendfussball-wendelstein.de\\\/wordpress\\\/\",\"name\":\"JFG Wendelstein\",\"description\":\"Juniorenfu\u00dfball\",\"potentialAction\":[{\"@type\":\"SearchAction\",\"target\":{\"@type\":\"EntryPoint\",\"urlTemplate\":\"https:\\\/\\\/www.jugendfussball-wendelstein.de\\\/wordpress\\\/?s={search_term_string}\"},\"query-input\":{\"@type\":\"PropertyValueSpecification\",\"valueRequired\":true,\"valueName\":\"search_term_string\"}}],\"inLanguage\":\"de\"},{\"@type\":\"Person\",\"@id\":\"https:\\\/\\\/www.jugendfussball-wendelstein.de\\\/wordpress\\\/#\\\/schema\\\/person\\\/75aadcbd4be1b3af1c1d785397472bc9\",\"name\":\"Autor\",\"image\":{\"@type\":\"ImageObject\",\"inLanguage\":\"de\",\"@id\":\"https:\\\/\\\/secure.gravatar.com\\\/avatar\\\/01dd9b7f2dc8d635302f1c57c2289838e9fe288acd1c06c8f8ad332b8e2a60c9?s=96&d=mm&r=g\",\"url\":\"https:\\\/\\\/secure.gravatar.com\\\/avatar\\\/01dd9b7f2dc8d635302f1c57c2289838e9fe288acd1c06c8f8ad332b8e2a60c9?s=96&d=mm&r=g\",\"contentUrl\":\"https:\\\/\\\/secure.gravatar.com\\\/avatar\\\/01dd9b7f2dc8d635302f1c57c2289838e9fe288acd1c06c8f8ad332b8e2a60c9?s=96&d=mm&r=g\",\"caption\":\"Autor\"},\"url\":\"https:\\\/\\\/www.jugendfussball-wendelstein.de\\\/wordpress\\\/author\\\/autor\\\/\"}]}<\/script>\n<!-- \/ Yoast SEO plugin. -->","yoast_head_json":{"title":"U8 Hallenturnier beim TSV Allershausen - JFG Wendelstein","robots":{"index":"index","follow":"follow","max-snippet":"max-snippet:-1","max-image-preview":"max-image-preview:large","max-video-preview":"max-video-preview:-1"},"canonical":"https:\/\/www.jugendfussball-wendelstein.de\/wordpress\/u8-hallenturnier-beim-tsv-allershausen\/","og_locale":"de_DE","og_type":"article","og_title":"U8 Hallenturnier beim TSV Allershausen - JFG Wendelstein","og_description":"Vorneweg der Dank an unsere sehr netten Gastgeber! Auch die Gegner \u00fcberwiegend sehr fair, lediglich in einem Gruppenspiel gab es Probleme seitens eines &#8222;hyperaktiven&#8220; Trainers. Egal, vorbei\u2026,. die Gruppenphase wurde mit 10 Punkten und 8:0 Toren souver\u00e4n als Erster beendet (3:0 vs. BFS-Bayr. Fu\u00dfballschule, 2:0 vs SC Vierkirchen, 0:0 vs. VfR Garching, 3:0 vs TSV [&hellip;]","og_url":"https:\/\/www.jugendfussball-wendelstein.de\/wordpress\/u8-hallenturnier-beim-tsv-allershausen\/","og_site_name":"JFG Wendelstein","article_published_time":"2016-02-29T21:35:03+00:00","article_modified_time":"2016-02-29T21:41:13+00:00","author":"Autor","twitter_card":"summary_large_image","twitter_misc":{"Verfasst von":"Autor","Gesch\u00e4tzte Lesezeit":"1\u00a0Minute"},"schema":{"@context":"https:\/\/schema.org","@graph":[{"@type":"Article","@id":"https:\/\/www.jugendfussball-wendelstein.de\/wordpress\/u8-hallenturnier-beim-tsv-allershausen\/#article","isPartOf":{"@id":"https:\/\/www.jugendfussball-wendelstein.de\/wordpress\/u8-hallenturnier-beim-tsv-allershausen\/"},"author":{"name":"Autor","@id":"https:\/\/www.jugendfussball-wendelstein.de\/wordpress\/#\/schema\/person\/75aadcbd4be1b3af1c1d785397472bc9"},"headline":"U8 Hallenturnier beim TSV Allershausen","datePublished":"2016-02-29T21:35:03+00:00","dateModified":"2016-02-29T21:41:13+00:00","mainEntityOfPage":{"@id":"https:\/\/www.jugendfussball-wendelstein.de\/wordpress\/u8-hallenturnier-beim-tsv-allershausen\/"},"wordCount":229,"articleSection":["Kleinfeld","Spielbericht","U8"],"inLanguage":"de"},{"@type":"WebPage","@id":"https:\/\/www.jugendfussball-wendelstein.de\/wordpress\/u8-hallenturnier-beim-tsv-allershausen\/","url":"https:\/\/www.jugendfussball-wendelstein.de\/wordpress\/u8-hallenturnier-beim-tsv-allershausen\/","name":"U8 Hallenturnier beim TSV Allershausen - JFG Wendelstein","isPartOf":{"@id":"https:\/\/www.jugendfussball-wendelstein.de\/wordpress\/#website"},"datePublished":"2016-02-29T21:35:03+00:00","dateModified":"2016-02-29T21:41:13+00:00","author":{"@id":"https:\/\/www.jugendfussball-wendelstein.de\/wordpress\/#\/schema\/person\/75aadcbd4be1b3af1c1d785397472bc9"},"breadcrumb":{"@id":"https:\/\/www.jugendfussball-wendelstein.de\/wordpress\/u8-hallenturnier-beim-tsv-allershausen\/#breadcrumb"},"inLanguage":"de","potentialAction":[{"@type":"ReadAction","target":["https:\/\/www.jugendfussball-wendelstein.de\/wordpress\/u8-hallenturnier-beim-tsv-allershausen\/"]}]},{"@type":"BreadcrumbList","@id":"https:\/\/www.jugendfussball-wendelstein.de\/wordpress\/u8-hallenturnier-beim-tsv-allershausen\/#breadcrumb","itemListElement":[{"@type":"ListItem","position":1,"name":"Startseite","item":"https:\/\/www.jugendfussball-wendelstein.de\/wordpress\/"},{"@type":"ListItem","position":2,"name":"U8 Hallenturnier beim TSV Allershausen"}]},{"@type":"WebSite","@id":"https:\/\/www.jugendfussball-wendelstein.de\/wordpress\/#website","url":"https:\/\/www.jugendfussball-wendelstein.de\/wordpress\/","name":"JFG Wendelstein","description":"Juniorenfu\u00dfball","potentialAction":[{"@type":"SearchAction","target":{"@type":"EntryPoint","urlTemplate":"https:\/\/www.jugendfussball-wendelstein.de\/wordpress\/?s={search_term_string}"},"query-input":{"@type":"PropertyValueSpecification","valueRequired":true,"valueName":"search_term_string"}}],"inLanguage":"de"},{"@type":"Person","@id":"https:\/\/www.jugendfussball-wendelstein.de\/wordpress\/#\/schema\/person\/75aadcbd4be1b3af1c1d785397472bc9","name":"Autor","image":{"@type":"ImageObject","inLanguage":"de","@id":"https:\/\/secure.gravatar.com\/avatar\/01dd9b7f2dc8d635302f1c57c2289838e9fe288acd1c06c8f8ad332b8e2a60c9?s=96&d=mm&r=g","url":"https:\/\/secure.gravatar.com\/avatar\/01dd9b7f2dc8d635302f1c57c2289838e9fe288acd1c06c8f8ad332b8e2a60c9?s=96&d=mm&r=g","contentUrl":"https:\/\/secure.gravatar.com\/avatar\/01dd9b7f2dc8d635302f1c57c2289838e9fe288acd1c06c8f8ad332b8e2a60c9?s=96&d=mm&r=g","caption":"Autor"},"url":"https:\/\/www.jugendfussball-wendelstein.de\/wordpress\/author\/autor\/"}]}},"_links":{"self":[{"href":"https:\/\/www.jugendfussball-wendelstein.de\/wordpress\/wp-json\/wp\/v2\/posts\/3346","targetHints":{"allow":["GET"]}}],"collection":[{"href":"https:\/\/www.jugendfussball-wendelstein.de\/wordpress\/wp-json\/wp\/v2\/posts"}],"about":[{"href":"https:\/\/www.jugendfussball-wendelstein.de\/wordpress\/wp-json\/wp\/v2\/types\/post"}],"author":[{"embeddable":true,"href":"https:\/\/www.jugendfussball-wendelstein.de\/wordpress\/wp-json\/wp\/v2\/users\/4"}],"replies":[{"embeddable":true,"href":"https:\/\/www.jugendfussball-wendelstein.de\/wordpress\/wp-json\/wp\/v2\/comments?post=3346"}],"version-history":[{"count":0,"href":"https:\/\/www.jugendfussball-wendelstein.de\/wordpress\/wp-json\/wp\/v2\/posts\/3346\/revisions"}],"wp:attachment":[{"href":"https:\/\/www.jugendfussball-wendelstein.de\/wordpress\/wp-json\/wp\/v2\/media?parent=3346"}],"wp:term":[{"taxonomy":"category","embeddable":true,"href":"https:\/\/www.jugendfussball-wendelstein.de\/wordpress\/wp-json\/wp\/v2\/categories?post=3346"},{"taxonomy":"post_tag","embeddable":true,"href":"https:\/\/www.jugendfussball-wendelstein.de\/wordpress\/wp-json\/wp\/v2\/tags?post=3346"}],"curies":[{"name":"wp","href":"https:\/\/api.w.org\/{rel}","templated":true}]}}