{"id":3381,"date":"2016-03-13T21:11:26","date_gmt":"2016-03-13T19:11:26","guid":{"rendered":"http:\/\/www.jugendfussball-wendelstein.de\/wordpress\/?p=3381"},"modified":"2016-03-13T21:11:26","modified_gmt":"2016-03-13T19:11:26","slug":"wichtiger-punkt-fuer-die-jfg-wendelstein-im-spiel-gegen-den-asv-cham","status":"publish","type":"post","link":"https:\/\/www.jugendfussball-wendelstein.de\/wordpress\/wichtiger-punkt-fuer-die-jfg-wendelstein-im-spiel-gegen-den-asv-cham\/","title":{"rendered":"Wichtiger Punkt f\u00fcr die JFG Wendelstein im Spiel gegen den ASV Cham"},"content":{"rendered":"<p><strong>13.03.2016 : Mit einem 1:1 Unentschieden gegen den ASV Cham haben die U15-Fu\u00dfballer der JFG Wendelstein einen weiteren wichtigen Punkt auf dem Weg zum Klassenerhalt in der Bayernliga Nord geholt.<\/strong><\/p>\n<p>In einem temporeichen Duell sahen die Zuschauer in der ersten Spielh\u00e4lfte eine Partie auf Augenh\u00f6he. Der ASV Cham war zwar in den Anfangsminuten tonangebend und mit viel Ballbesitz ausgestattet, das erste Tor aber machten die Gastgeber aus Wendelstein. Eckball von rechts in der 22. Spielminute: Luis Kettlitz kam im Strafraum zum Ball und hob diesen \u00fcberlegt in die obere rechte Torecke. Der ASV Cham pr\u00e4sentierte sich enorm kampfstark, k\u00f6rperlich robust und mit gef\u00e4hrlichen Angriffen. Aber auch die Spieler der JFG Wendelstein zeigten sich in toller Form, kamen in die Zweik\u00e4mpfe und kn\u00fcpften nahtlos an die zuletzt starken Leistungen in der Bayernliga an.<\/p>\n<p>Nach dem Seitenwechsel erh\u00f6hten die G\u00e4ste aus Cham deutlich den Druck und erspielten sich Torchance um Torchance. In der 49. Spielminute dann wieder ein Angriff \u00fcber den starken Filip Eiber: Schu\u00df an den linken Pfosten und Dustin Weikl reagierte im F\u00fcnfmeterraum am schnellsten und schob den Ball zum 1:1 Ausgleich \u00fcber die Torlinie. Im direkten Gegenangriff hatte das U 14-Talent Kaan Celibi das 2:1 f\u00fcr die JFG Wendelstein auf dem Fu\u00df, als er unmittelbar nach dem Ansto\u00df, nach langem Flugball vor dem gegnerischen Tor auftauchte, aber der Torwart des ASV Cham den Ball um den Pfosten lenkte.<\/p>\n<p>Der F\u00fchrungstreffer f\u00fcr den ASV Cham lag nun in der zweiten Spielh\u00e4lfte f\u00f6rmlich in der Luft, aber immer wieder gelang es der JFG-Abwehr den finalen Pass abzuwehren. Die tief stehende Wendelsteiner Mannschaft war in den letzten Spielminuten auf Schadensbegrenzung ausgerichtet. So blieb es beim 1:1-Endstand. \u00dcber 70 Minuten eine starke k\u00e4mpferische Leistung der JFG Wendelstein und ein Punkt im Abstiegskampf, mit dem das Team von Trainer Roland Andert in Summe zufrieden sein kann.<\/p>\n<p>Autor: J\u00fcrgen Kettlitz (j\u00fcke)<\/p>\n","protected":false},"excerpt":{"rendered":"<p>13.03.2016 : Mit einem 1:1 Unentschieden gegen den ASV Cham haben die U15-Fu\u00dfballer der JFG Wendelstein einen weiteren wichtigen Punkt auf dem Weg zum Klassenerhalt in der Bayernliga Nord geholt. In einem temporeichen Duell sahen die Zuschauer in der ersten Spielh\u00e4lfte eine Partie auf Augenh\u00f6he. Der ASV Cham war zwar in den Anfangsminuten tonangebend und [&hellip;]<\/p>\n","protected":false},"author":4,"featured_media":0,"comment_status":"closed","ping_status":"closed","sticky":false,"template":"","format":"standard","meta":{"saved_in_kubio":false,"footnotes":""},"categories":[2,16,17],"tags":[],"class_list":["post-3381","post","type-post","status-publish","format-standard","hentry","category-gf","category-spielbericht","category-u15"],"yoast_head":"<!-- This site is optimized with the Yoast SEO plugin v27.4 - https:\/\/yoast.com\/product\/yoast-seo-wordpress\/ -->\n<title>Wichtiger Punkt f\u00fcr die JFG Wendelstein im Spiel gegen den ASV Cham - JFG Wendelstein<\/title>\n<meta name=\"robots\" content=\"index, follow, max-snippet:-1, max-image-preview:large, max-video-preview:-1\" \/>\n<link rel=\"canonical\" href=\"https:\/\/www.jugendfussball-wendelstein.de\/wordpress\/wichtiger-punkt-fuer-die-jfg-wendelstein-im-spiel-gegen-den-asv-cham\/\" \/>\n<meta property=\"og:locale\" content=\"de_DE\" \/>\n<meta property=\"og:type\" content=\"article\" \/>\n<meta property=\"og:title\" content=\"Wichtiger Punkt f\u00fcr die JFG Wendelstein im Spiel gegen den ASV Cham - JFG Wendelstein\" \/>\n<meta property=\"og:description\" content=\"13.03.2016 : Mit einem 1:1 Unentschieden gegen den ASV Cham haben die U15-Fu\u00dfballer der JFG Wendelstein einen weiteren wichtigen Punkt auf dem Weg zum Klassenerhalt in der Bayernliga Nord geholt. In einem temporeichen Duell sahen die Zuschauer in der ersten Spielh\u00e4lfte eine Partie auf Augenh\u00f6he. Der ASV Cham war zwar in den Anfangsminuten tonangebend und [&hellip;]\" \/>\n<meta property=\"og:url\" content=\"https:\/\/www.jugendfussball-wendelstein.de\/wordpress\/wichtiger-punkt-fuer-die-jfg-wendelstein-im-spiel-gegen-den-asv-cham\/\" \/>\n<meta property=\"og:site_name\" content=\"JFG Wendelstein\" \/>\n<meta property=\"article:published_time\" content=\"2016-03-13T19:11:26+00:00\" \/>\n<meta name=\"author\" content=\"Autor\" \/>\n<meta name=\"twitter:card\" content=\"summary_large_image\" \/>\n<meta name=\"twitter:label1\" content=\"Verfasst von\" \/>\n\t<meta name=\"twitter:data1\" content=\"Autor\" \/>\n\t<meta name=\"twitter:label2\" content=\"Gesch\u00e4tzte Lesezeit\" \/>\n\t<meta name=\"twitter:data2\" content=\"2\u00a0Minuten\" \/>\n<script type=\"application\/ld+json\" class=\"yoast-schema-graph\">{\"@context\":\"https:\\\/\\\/schema.org\",\"@graph\":[{\"@type\":\"Article\",\"@id\":\"https:\\\/\\\/www.jugendfussball-wendelstein.de\\\/wordpress\\\/wichtiger-punkt-fuer-die-jfg-wendelstein-im-spiel-gegen-den-asv-cham\\\/#article\",\"isPartOf\":{\"@id\":\"https:\\\/\\\/www.jugendfussball-wendelstein.de\\\/wordpress\\\/wichtiger-punkt-fuer-die-jfg-wendelstein-im-spiel-gegen-den-asv-cham\\\/\"},\"author\":{\"name\":\"Autor\",\"@id\":\"https:\\\/\\\/www.jugendfussball-wendelstein.de\\\/wordpress\\\/#\\\/schema\\\/person\\\/75aadcbd4be1b3af1c1d785397472bc9\"},\"headline\":\"Wichtiger Punkt f\u00fcr die JFG Wendelstein im Spiel gegen den ASV Cham\",\"datePublished\":\"2016-03-13T19:11:26+00:00\",\"mainEntityOfPage\":{\"@id\":\"https:\\\/\\\/www.jugendfussball-wendelstein.de\\\/wordpress\\\/wichtiger-punkt-fuer-die-jfg-wendelstein-im-spiel-gegen-den-asv-cham\\\/\"},\"wordCount\":331,\"articleSection\":[\"Gro\u00dffeld\",\"Spielbericht\",\"U15\"],\"inLanguage\":\"de\"},{\"@type\":\"WebPage\",\"@id\":\"https:\\\/\\\/www.jugendfussball-wendelstein.de\\\/wordpress\\\/wichtiger-punkt-fuer-die-jfg-wendelstein-im-spiel-gegen-den-asv-cham\\\/\",\"url\":\"https:\\\/\\\/www.jugendfussball-wendelstein.de\\\/wordpress\\\/wichtiger-punkt-fuer-die-jfg-wendelstein-im-spiel-gegen-den-asv-cham\\\/\",\"name\":\"Wichtiger Punkt f\u00fcr die JFG Wendelstein im Spiel gegen den ASV Cham - JFG Wendelstein\",\"isPartOf\":{\"@id\":\"https:\\\/\\\/www.jugendfussball-wendelstein.de\\\/wordpress\\\/#website\"},\"datePublished\":\"2016-03-13T19:11:26+00:00\",\"author\":{\"@id\":\"https:\\\/\\\/www.jugendfussball-wendelstein.de\\\/wordpress\\\/#\\\/schema\\\/person\\\/75aadcbd4be1b3af1c1d785397472bc9\"},\"breadcrumb\":{\"@id\":\"https:\\\/\\\/www.jugendfussball-wendelstein.de\\\/wordpress\\\/wichtiger-punkt-fuer-die-jfg-wendelstein-im-spiel-gegen-den-asv-cham\\\/#breadcrumb\"},\"inLanguage\":\"de\",\"potentialAction\":[{\"@type\":\"ReadAction\",\"target\":[\"https:\\\/\\\/www.jugendfussball-wendelstein.de\\\/wordpress\\\/wichtiger-punkt-fuer-die-jfg-wendelstein-im-spiel-gegen-den-asv-cham\\\/\"]}]},{\"@type\":\"BreadcrumbList\",\"@id\":\"https:\\\/\\\/www.jugendfussball-wendelstein.de\\\/wordpress\\\/wichtiger-punkt-fuer-die-jfg-wendelstein-im-spiel-gegen-den-asv-cham\\\/#breadcrumb\",\"itemListElement\":[{\"@type\":\"ListItem\",\"position\":1,\"name\":\"Startseite\",\"item\":\"https:\\\/\\\/www.jugendfussball-wendelstein.de\\\/wordpress\\\/\"},{\"@type\":\"ListItem\",\"position\":2,\"name\":\"Wichtiger Punkt f\u00fcr die JFG Wendelstein im Spiel gegen den ASV Cham\"}]},{\"@type\":\"WebSite\",\"@id\":\"https:\\\/\\\/www.jugendfussball-wendelstein.de\\\/wordpress\\\/#website\",\"url\":\"https:\\\/\\\/www.jugendfussball-wendelstein.de\\\/wordpress\\\/\",\"name\":\"JFG Wendelstein\",\"description\":\"Juniorenfu\u00dfball\",\"potentialAction\":[{\"@type\":\"SearchAction\",\"target\":{\"@type\":\"EntryPoint\",\"urlTemplate\":\"https:\\\/\\\/www.jugendfussball-wendelstein.de\\\/wordpress\\\/?s={search_term_string}\"},\"query-input\":{\"@type\":\"PropertyValueSpecification\",\"valueRequired\":true,\"valueName\":\"search_term_string\"}}],\"inLanguage\":\"de\"},{\"@type\":\"Person\",\"@id\":\"https:\\\/\\\/www.jugendfussball-wendelstein.de\\\/wordpress\\\/#\\\/schema\\\/person\\\/75aadcbd4be1b3af1c1d785397472bc9\",\"name\":\"Autor\",\"image\":{\"@type\":\"ImageObject\",\"inLanguage\":\"de\",\"@id\":\"https:\\\/\\\/secure.gravatar.com\\\/avatar\\\/01dd9b7f2dc8d635302f1c57c2289838e9fe288acd1c06c8f8ad332b8e2a60c9?s=96&d=mm&r=g\",\"url\":\"https:\\\/\\\/secure.gravatar.com\\\/avatar\\\/01dd9b7f2dc8d635302f1c57c2289838e9fe288acd1c06c8f8ad332b8e2a60c9?s=96&d=mm&r=g\",\"contentUrl\":\"https:\\\/\\\/secure.gravatar.com\\\/avatar\\\/01dd9b7f2dc8d635302f1c57c2289838e9fe288acd1c06c8f8ad332b8e2a60c9?s=96&d=mm&r=g\",\"caption\":\"Autor\"},\"url\":\"https:\\\/\\\/www.jugendfussball-wendelstein.de\\\/wordpress\\\/author\\\/autor\\\/\"}]}<\/script>\n<!-- \/ Yoast SEO plugin. -->","yoast_head_json":{"title":"Wichtiger Punkt f\u00fcr die JFG Wendelstein im Spiel gegen den ASV Cham - JFG Wendelstein","robots":{"index":"index","follow":"follow","max-snippet":"max-snippet:-1","max-image-preview":"max-image-preview:large","max-video-preview":"max-video-preview:-1"},"canonical":"https:\/\/www.jugendfussball-wendelstein.de\/wordpress\/wichtiger-punkt-fuer-die-jfg-wendelstein-im-spiel-gegen-den-asv-cham\/","og_locale":"de_DE","og_type":"article","og_title":"Wichtiger Punkt f\u00fcr die JFG Wendelstein im Spiel gegen den ASV Cham - JFG Wendelstein","og_description":"13.03.2016 : Mit einem 1:1 Unentschieden gegen den ASV Cham haben die U15-Fu\u00dfballer der JFG Wendelstein einen weiteren wichtigen Punkt auf dem Weg zum Klassenerhalt in der Bayernliga Nord geholt. In einem temporeichen Duell sahen die Zuschauer in der ersten Spielh\u00e4lfte eine Partie auf Augenh\u00f6he. Der ASV Cham war zwar in den Anfangsminuten tonangebend und [&hellip;]","og_url":"https:\/\/www.jugendfussball-wendelstein.de\/wordpress\/wichtiger-punkt-fuer-die-jfg-wendelstein-im-spiel-gegen-den-asv-cham\/","og_site_name":"JFG Wendelstein","article_published_time":"2016-03-13T19:11:26+00:00","author":"Autor","twitter_card":"summary_large_image","twitter_misc":{"Verfasst von":"Autor","Gesch\u00e4tzte Lesezeit":"2\u00a0Minuten"},"schema":{"@context":"https:\/\/schema.org","@graph":[{"@type":"Article","@id":"https:\/\/www.jugendfussball-wendelstein.de\/wordpress\/wichtiger-punkt-fuer-die-jfg-wendelstein-im-spiel-gegen-den-asv-cham\/#article","isPartOf":{"@id":"https:\/\/www.jugendfussball-wendelstein.de\/wordpress\/wichtiger-punkt-fuer-die-jfg-wendelstein-im-spiel-gegen-den-asv-cham\/"},"author":{"name":"Autor","@id":"https:\/\/www.jugendfussball-wendelstein.de\/wordpress\/#\/schema\/person\/75aadcbd4be1b3af1c1d785397472bc9"},"headline":"Wichtiger Punkt f\u00fcr die JFG Wendelstein im Spiel gegen den ASV Cham","datePublished":"2016-03-13T19:11:26+00:00","mainEntityOfPage":{"@id":"https:\/\/www.jugendfussball-wendelstein.de\/wordpress\/wichtiger-punkt-fuer-die-jfg-wendelstein-im-spiel-gegen-den-asv-cham\/"},"wordCount":331,"articleSection":["Gro\u00dffeld","Spielbericht","U15"],"inLanguage":"de"},{"@type":"WebPage","@id":"https:\/\/www.jugendfussball-wendelstein.de\/wordpress\/wichtiger-punkt-fuer-die-jfg-wendelstein-im-spiel-gegen-den-asv-cham\/","url":"https:\/\/www.jugendfussball-wendelstein.de\/wordpress\/wichtiger-punkt-fuer-die-jfg-wendelstein-im-spiel-gegen-den-asv-cham\/","name":"Wichtiger Punkt f\u00fcr die JFG Wendelstein im Spiel gegen den ASV Cham - JFG Wendelstein","isPartOf":{"@id":"https:\/\/www.jugendfussball-wendelstein.de\/wordpress\/#website"},"datePublished":"2016-03-13T19:11:26+00:00","author":{"@id":"https:\/\/www.jugendfussball-wendelstein.de\/wordpress\/#\/schema\/person\/75aadcbd4be1b3af1c1d785397472bc9"},"breadcrumb":{"@id":"https:\/\/www.jugendfussball-wendelstein.de\/wordpress\/wichtiger-punkt-fuer-die-jfg-wendelstein-im-spiel-gegen-den-asv-cham\/#breadcrumb"},"inLanguage":"de","potentialAction":[{"@type":"ReadAction","target":["https:\/\/www.jugendfussball-wendelstein.de\/wordpress\/wichtiger-punkt-fuer-die-jfg-wendelstein-im-spiel-gegen-den-asv-cham\/"]}]},{"@type":"BreadcrumbList","@id":"https:\/\/www.jugendfussball-wendelstein.de\/wordpress\/wichtiger-punkt-fuer-die-jfg-wendelstein-im-spiel-gegen-den-asv-cham\/#breadcrumb","itemListElement":[{"@type":"ListItem","position":1,"name":"Startseite","item":"https:\/\/www.jugendfussball-wendelstein.de\/wordpress\/"},{"@type":"ListItem","position":2,"name":"Wichtiger Punkt f\u00fcr die JFG Wendelstein im Spiel gegen den ASV Cham"}]},{"@type":"WebSite","@id":"https:\/\/www.jugendfussball-wendelstein.de\/wordpress\/#website","url":"https:\/\/www.jugendfussball-wendelstein.de\/wordpress\/","name":"JFG Wendelstein","description":"Juniorenfu\u00dfball","potentialAction":[{"@type":"SearchAction","target":{"@type":"EntryPoint","urlTemplate":"https:\/\/www.jugendfussball-wendelstein.de\/wordpress\/?s={search_term_string}"},"query-input":{"@type":"PropertyValueSpecification","valueRequired":true,"valueName":"search_term_string"}}],"inLanguage":"de"},{"@type":"Person","@id":"https:\/\/www.jugendfussball-wendelstein.de\/wordpress\/#\/schema\/person\/75aadcbd4be1b3af1c1d785397472bc9","name":"Autor","image":{"@type":"ImageObject","inLanguage":"de","@id":"https:\/\/secure.gravatar.com\/avatar\/01dd9b7f2dc8d635302f1c57c2289838e9fe288acd1c06c8f8ad332b8e2a60c9?s=96&d=mm&r=g","url":"https:\/\/secure.gravatar.com\/avatar\/01dd9b7f2dc8d635302f1c57c2289838e9fe288acd1c06c8f8ad332b8e2a60c9?s=96&d=mm&r=g","contentUrl":"https:\/\/secure.gravatar.com\/avatar\/01dd9b7f2dc8d635302f1c57c2289838e9fe288acd1c06c8f8ad332b8e2a60c9?s=96&d=mm&r=g","caption":"Autor"},"url":"https:\/\/www.jugendfussball-wendelstein.de\/wordpress\/author\/autor\/"}]}},"_links":{"self":[{"href":"https:\/\/www.jugendfussball-wendelstein.de\/wordpress\/wp-json\/wp\/v2\/posts\/3381","targetHints":{"allow":["GET"]}}],"collection":[{"href":"https:\/\/www.jugendfussball-wendelstein.de\/wordpress\/wp-json\/wp\/v2\/posts"}],"about":[{"href":"https:\/\/www.jugendfussball-wendelstein.de\/wordpress\/wp-json\/wp\/v2\/types\/post"}],"author":[{"embeddable":true,"href":"https:\/\/www.jugendfussball-wendelstein.de\/wordpress\/wp-json\/wp\/v2\/users\/4"}],"replies":[{"embeddable":true,"href":"https:\/\/www.jugendfussball-wendelstein.de\/wordpress\/wp-json\/wp\/v2\/comments?post=3381"}],"version-history":[{"count":0,"href":"https:\/\/www.jugendfussball-wendelstein.de\/wordpress\/wp-json\/wp\/v2\/posts\/3381\/revisions"}],"wp:attachment":[{"href":"https:\/\/www.jugendfussball-wendelstein.de\/wordpress\/wp-json\/wp\/v2\/media?parent=3381"}],"wp:term":[{"taxonomy":"category","embeddable":true,"href":"https:\/\/www.jugendfussball-wendelstein.de\/wordpress\/wp-json\/wp\/v2\/categories?post=3381"},{"taxonomy":"post_tag","embeddable":true,"href":"https:\/\/www.jugendfussball-wendelstein.de\/wordpress\/wp-json\/wp\/v2\/tags?post=3381"}],"curies":[{"name":"wp","href":"https:\/\/api.w.org\/{rel}","templated":true}]}}