{"id":3395,"date":"2016-03-21T20:09:22","date_gmt":"2016-03-21T18:09:22","guid":{"rendered":"http:\/\/www.jugendfussball-wendelstein.de\/wordpress\/?p=3395"},"modified":"2016-03-21T20:09:22","modified_gmt":"2016-03-21T18:09:22","slug":"jfgw-tsv-1860-weissenburg-00","status":"publish","type":"post","link":"https:\/\/www.jugendfussball-wendelstein.de\/wordpress\/jfgw-tsv-1860-weissenburg-00\/","title":{"rendered":"JFGW &#8211; TSV 1860 Weissenburg  0:0"},"content":{"rendered":"<p><span style=\"font-size: 10.0pt; font-family: 'Arial','sans-serif'; color: black;\">12.03.2016 : <\/span><span style=\"font-family: 'Arial','sans-serif'; color: black;\">Torloses Remis zum Start in die R\u00fcckrunde der BOL-Saison.<\/span><\/p>\n<p><span style=\"font-family: 'Arial','sans-serif'; color: black;\">Nach der kurzen ( Bezirks- u. Bayerische Hallenmeisterschaft ) Vorbereitungszeit und &#8211; spiele waren alle gespannt, wie sich das Team um Coach Meissner im ersten R\u00fcckrundenspiel pr\u00e4sentieren w\u00fcrde.<\/span> <span style=\"font-size: 13.5pt; font-family: 'Arial','sans-serif';\">Bevor das Spiel startete, galt es den langzeitverletzten Oskar aufmunterte Worte und &#8222;nat\u00fcrlich&#8220; ein Pr\u00e4sent von der Mannschaft zu \u00fcberreichen.Oskar, Kopf hoch, gute Genesung und wir hoffen auf eine baldige Wiederkehr.<\/span> <span style=\"font-size: 13.5pt; font-family: 'Arial','sans-serif';\">Zu Gast waren die Sechziger aus Weissenburg, aktuell der Tabellenvierte der BOL-Tabelle.Wie zu erwarten, treffen zwei\u00a0unterschiedliche Spielsysteme aufeinander, da sich beide Teams auf Ihre St\u00e4rken verliessen. Die Wendelsteiner zeigten sich gegen\u00fcber dem ersten\u00a0Aufeinandertreffen taktisch weiter entwickelt u. liessen relativ wenig bis gar keine Chancen der G\u00e4ste zu. Im Umkehrschluss traf dies\u00a0ebenfalls zu, bis auf eine &#8222;dicke\/hundertprozentige&#8220; Chance der Heimelf, welche in letzter Sekunde gekl\u00e4rt wurde.Nicht, dass das Gef\u00fchl entsteht, es war eine langweilige Partie. Im Gegenteil, beide\u00a0Mannschaften versuchten mit viel Einsatz die L\u00fccken im Defensivverhalten aufzureissen. Der schwerbespielbare B-Platz tat sein \u00fcbriges.Der Pausentee folgte und so ging es hinein in die zweite H\u00e4lfte. \u00c4nderungen im Spiel? Nein, beide\u00a0Teams gingen mit Elan an die Sache und das Gef\u00fchl der Coaches; &#8222;wer ein Tor schiesst gewinnt das Spiel&#8220; war deutend. F\u00fcnf Minuten vor Schlu\u00df war die Chance f\u00fcr die Wendelsteiner gro\u00df, als ein\u00a0gelungener Spielzug die M\u00f6glichkeit er\u00f6ffnete, die Entscheidung herbeizuf\u00fchren. Der Torwart der Sechziger parierte und der darauf folgende Eckball brachte nichts ein.So trennten man sich leistungsgerecht 0:0 und an dieser Stelle w\u00fcnschen wir allen Beteiligten eine verletzungsfreie R\u00fcckrunde.\u00a0<\/span><\/p>\n<p>Autor : R.R.<\/p>\n","protected":false},"excerpt":{"rendered":"<p>12.03.2016 : Torloses Remis zum Start in die R\u00fcckrunde der BOL-Saison. Nach der kurzen ( Bezirks- u. Bayerische Hallenmeisterschaft ) Vorbereitungszeit und &#8211; spiele waren alle gespannt, wie sich das Team um Coach Meissner im ersten R\u00fcckrundenspiel pr\u00e4sentieren w\u00fcrde. Bevor das Spiel startete, galt es den langzeitverletzten Oskar aufmunterte Worte und &#8222;nat\u00fcrlich&#8220; ein Pr\u00e4sent von [&hellip;]<\/p>\n","protected":false},"author":4,"featured_media":0,"comment_status":"closed","ping_status":"closed","sticky":false,"template":"","format":"standard","meta":{"saved_in_kubio":false,"footnotes":""},"categories":[2,16,8],"tags":[],"class_list":["post-3395","post","type-post","status-publish","format-standard","hentry","category-gf","category-spielbericht","category-u13"],"yoast_head":"<!-- This site is optimized with the Yoast SEO plugin v27.4 - https:\/\/yoast.com\/product\/yoast-seo-wordpress\/ -->\n<title>JFGW - TSV 1860 Weissenburg 0:0 - JFG Wendelstein<\/title>\n<meta name=\"robots\" content=\"index, follow, max-snippet:-1, max-image-preview:large, max-video-preview:-1\" \/>\n<link rel=\"canonical\" href=\"https:\/\/www.jugendfussball-wendelstein.de\/wordpress\/jfgw-tsv-1860-weissenburg-00\/\" \/>\n<meta property=\"og:locale\" content=\"de_DE\" \/>\n<meta property=\"og:type\" content=\"article\" \/>\n<meta property=\"og:title\" content=\"JFGW - TSV 1860 Weissenburg 0:0 - JFG Wendelstein\" \/>\n<meta property=\"og:description\" content=\"12.03.2016 : Torloses Remis zum Start in die R\u00fcckrunde der BOL-Saison. Nach der kurzen ( Bezirks- u. Bayerische Hallenmeisterschaft ) Vorbereitungszeit und &#8211; spiele waren alle gespannt, wie sich das Team um Coach Meissner im ersten R\u00fcckrundenspiel pr\u00e4sentieren w\u00fcrde. Bevor das Spiel startete, galt es den langzeitverletzten Oskar aufmunterte Worte und &#8222;nat\u00fcrlich&#8220; ein Pr\u00e4sent von [&hellip;]\" \/>\n<meta property=\"og:url\" content=\"https:\/\/www.jugendfussball-wendelstein.de\/wordpress\/jfgw-tsv-1860-weissenburg-00\/\" \/>\n<meta property=\"og:site_name\" content=\"JFG Wendelstein\" \/>\n<meta property=\"article:published_time\" content=\"2016-03-21T18:09:22+00:00\" \/>\n<meta name=\"author\" content=\"Autor\" \/>\n<meta name=\"twitter:card\" content=\"summary_large_image\" \/>\n<meta name=\"twitter:label1\" content=\"Verfasst von\" \/>\n\t<meta name=\"twitter:data1\" content=\"Autor\" \/>\n\t<meta name=\"twitter:label2\" content=\"Gesch\u00e4tzte Lesezeit\" \/>\n\t<meta name=\"twitter:data2\" content=\"1\u00a0Minute\" \/>\n<script type=\"application\/ld+json\" class=\"yoast-schema-graph\">{\"@context\":\"https:\\\/\\\/schema.org\",\"@graph\":[{\"@type\":\"Article\",\"@id\":\"https:\\\/\\\/www.jugendfussball-wendelstein.de\\\/wordpress\\\/jfgw-tsv-1860-weissenburg-00\\\/#article\",\"isPartOf\":{\"@id\":\"https:\\\/\\\/www.jugendfussball-wendelstein.de\\\/wordpress\\\/jfgw-tsv-1860-weissenburg-00\\\/\"},\"author\":{\"name\":\"Autor\",\"@id\":\"https:\\\/\\\/www.jugendfussball-wendelstein.de\\\/wordpress\\\/#\\\/schema\\\/person\\\/75aadcbd4be1b3af1c1d785397472bc9\"},\"headline\":\"JFGW &#8211; TSV 1860 Weissenburg 0:0\",\"datePublished\":\"2016-03-21T18:09:22+00:00\",\"mainEntityOfPage\":{\"@id\":\"https:\\\/\\\/www.jugendfussball-wendelstein.de\\\/wordpress\\\/jfgw-tsv-1860-weissenburg-00\\\/\"},\"wordCount\":282,\"articleSection\":[\"Gro\u00dffeld\",\"Spielbericht\",\"U13\"],\"inLanguage\":\"de\"},{\"@type\":\"WebPage\",\"@id\":\"https:\\\/\\\/www.jugendfussball-wendelstein.de\\\/wordpress\\\/jfgw-tsv-1860-weissenburg-00\\\/\",\"url\":\"https:\\\/\\\/www.jugendfussball-wendelstein.de\\\/wordpress\\\/jfgw-tsv-1860-weissenburg-00\\\/\",\"name\":\"JFGW - TSV 1860 Weissenburg 0:0 - JFG Wendelstein\",\"isPartOf\":{\"@id\":\"https:\\\/\\\/www.jugendfussball-wendelstein.de\\\/wordpress\\\/#website\"},\"datePublished\":\"2016-03-21T18:09:22+00:00\",\"author\":{\"@id\":\"https:\\\/\\\/www.jugendfussball-wendelstein.de\\\/wordpress\\\/#\\\/schema\\\/person\\\/75aadcbd4be1b3af1c1d785397472bc9\"},\"breadcrumb\":{\"@id\":\"https:\\\/\\\/www.jugendfussball-wendelstein.de\\\/wordpress\\\/jfgw-tsv-1860-weissenburg-00\\\/#breadcrumb\"},\"inLanguage\":\"de\",\"potentialAction\":[{\"@type\":\"ReadAction\",\"target\":[\"https:\\\/\\\/www.jugendfussball-wendelstein.de\\\/wordpress\\\/jfgw-tsv-1860-weissenburg-00\\\/\"]}]},{\"@type\":\"BreadcrumbList\",\"@id\":\"https:\\\/\\\/www.jugendfussball-wendelstein.de\\\/wordpress\\\/jfgw-tsv-1860-weissenburg-00\\\/#breadcrumb\",\"itemListElement\":[{\"@type\":\"ListItem\",\"position\":1,\"name\":\"Startseite\",\"item\":\"https:\\\/\\\/www.jugendfussball-wendelstein.de\\\/wordpress\\\/\"},{\"@type\":\"ListItem\",\"position\":2,\"name\":\"JFGW &#8211; TSV 1860 Weissenburg 0:0\"}]},{\"@type\":\"WebSite\",\"@id\":\"https:\\\/\\\/www.jugendfussball-wendelstein.de\\\/wordpress\\\/#website\",\"url\":\"https:\\\/\\\/www.jugendfussball-wendelstein.de\\\/wordpress\\\/\",\"name\":\"JFG Wendelstein\",\"description\":\"Juniorenfu\u00dfball\",\"potentialAction\":[{\"@type\":\"SearchAction\",\"target\":{\"@type\":\"EntryPoint\",\"urlTemplate\":\"https:\\\/\\\/www.jugendfussball-wendelstein.de\\\/wordpress\\\/?s={search_term_string}\"},\"query-input\":{\"@type\":\"PropertyValueSpecification\",\"valueRequired\":true,\"valueName\":\"search_term_string\"}}],\"inLanguage\":\"de\"},{\"@type\":\"Person\",\"@id\":\"https:\\\/\\\/www.jugendfussball-wendelstein.de\\\/wordpress\\\/#\\\/schema\\\/person\\\/75aadcbd4be1b3af1c1d785397472bc9\",\"name\":\"Autor\",\"image\":{\"@type\":\"ImageObject\",\"inLanguage\":\"de\",\"@id\":\"https:\\\/\\\/secure.gravatar.com\\\/avatar\\\/01dd9b7f2dc8d635302f1c57c2289838e9fe288acd1c06c8f8ad332b8e2a60c9?s=96&d=mm&r=g\",\"url\":\"https:\\\/\\\/secure.gravatar.com\\\/avatar\\\/01dd9b7f2dc8d635302f1c57c2289838e9fe288acd1c06c8f8ad332b8e2a60c9?s=96&d=mm&r=g\",\"contentUrl\":\"https:\\\/\\\/secure.gravatar.com\\\/avatar\\\/01dd9b7f2dc8d635302f1c57c2289838e9fe288acd1c06c8f8ad332b8e2a60c9?s=96&d=mm&r=g\",\"caption\":\"Autor\"},\"url\":\"https:\\\/\\\/www.jugendfussball-wendelstein.de\\\/wordpress\\\/author\\\/autor\\\/\"}]}<\/script>\n<!-- \/ Yoast SEO plugin. -->","yoast_head_json":{"title":"JFGW - TSV 1860 Weissenburg 0:0 - JFG Wendelstein","robots":{"index":"index","follow":"follow","max-snippet":"max-snippet:-1","max-image-preview":"max-image-preview:large","max-video-preview":"max-video-preview:-1"},"canonical":"https:\/\/www.jugendfussball-wendelstein.de\/wordpress\/jfgw-tsv-1860-weissenburg-00\/","og_locale":"de_DE","og_type":"article","og_title":"JFGW - TSV 1860 Weissenburg 0:0 - JFG Wendelstein","og_description":"12.03.2016 : Torloses Remis zum Start in die R\u00fcckrunde der BOL-Saison. Nach der kurzen ( Bezirks- u. Bayerische Hallenmeisterschaft ) Vorbereitungszeit und &#8211; spiele waren alle gespannt, wie sich das Team um Coach Meissner im ersten R\u00fcckrundenspiel pr\u00e4sentieren w\u00fcrde. Bevor das Spiel startete, galt es den langzeitverletzten Oskar aufmunterte Worte und &#8222;nat\u00fcrlich&#8220; ein Pr\u00e4sent von [&hellip;]","og_url":"https:\/\/www.jugendfussball-wendelstein.de\/wordpress\/jfgw-tsv-1860-weissenburg-00\/","og_site_name":"JFG Wendelstein","article_published_time":"2016-03-21T18:09:22+00:00","author":"Autor","twitter_card":"summary_large_image","twitter_misc":{"Verfasst von":"Autor","Gesch\u00e4tzte Lesezeit":"1\u00a0Minute"},"schema":{"@context":"https:\/\/schema.org","@graph":[{"@type":"Article","@id":"https:\/\/www.jugendfussball-wendelstein.de\/wordpress\/jfgw-tsv-1860-weissenburg-00\/#article","isPartOf":{"@id":"https:\/\/www.jugendfussball-wendelstein.de\/wordpress\/jfgw-tsv-1860-weissenburg-00\/"},"author":{"name":"Autor","@id":"https:\/\/www.jugendfussball-wendelstein.de\/wordpress\/#\/schema\/person\/75aadcbd4be1b3af1c1d785397472bc9"},"headline":"JFGW &#8211; TSV 1860 Weissenburg 0:0","datePublished":"2016-03-21T18:09:22+00:00","mainEntityOfPage":{"@id":"https:\/\/www.jugendfussball-wendelstein.de\/wordpress\/jfgw-tsv-1860-weissenburg-00\/"},"wordCount":282,"articleSection":["Gro\u00dffeld","Spielbericht","U13"],"inLanguage":"de"},{"@type":"WebPage","@id":"https:\/\/www.jugendfussball-wendelstein.de\/wordpress\/jfgw-tsv-1860-weissenburg-00\/","url":"https:\/\/www.jugendfussball-wendelstein.de\/wordpress\/jfgw-tsv-1860-weissenburg-00\/","name":"JFGW - TSV 1860 Weissenburg 0:0 - JFG Wendelstein","isPartOf":{"@id":"https:\/\/www.jugendfussball-wendelstein.de\/wordpress\/#website"},"datePublished":"2016-03-21T18:09:22+00:00","author":{"@id":"https:\/\/www.jugendfussball-wendelstein.de\/wordpress\/#\/schema\/person\/75aadcbd4be1b3af1c1d785397472bc9"},"breadcrumb":{"@id":"https:\/\/www.jugendfussball-wendelstein.de\/wordpress\/jfgw-tsv-1860-weissenburg-00\/#breadcrumb"},"inLanguage":"de","potentialAction":[{"@type":"ReadAction","target":["https:\/\/www.jugendfussball-wendelstein.de\/wordpress\/jfgw-tsv-1860-weissenburg-00\/"]}]},{"@type":"BreadcrumbList","@id":"https:\/\/www.jugendfussball-wendelstein.de\/wordpress\/jfgw-tsv-1860-weissenburg-00\/#breadcrumb","itemListElement":[{"@type":"ListItem","position":1,"name":"Startseite","item":"https:\/\/www.jugendfussball-wendelstein.de\/wordpress\/"},{"@type":"ListItem","position":2,"name":"JFGW &#8211; TSV 1860 Weissenburg 0:0"}]},{"@type":"WebSite","@id":"https:\/\/www.jugendfussball-wendelstein.de\/wordpress\/#website","url":"https:\/\/www.jugendfussball-wendelstein.de\/wordpress\/","name":"JFG Wendelstein","description":"Juniorenfu\u00dfball","potentialAction":[{"@type":"SearchAction","target":{"@type":"EntryPoint","urlTemplate":"https:\/\/www.jugendfussball-wendelstein.de\/wordpress\/?s={search_term_string}"},"query-input":{"@type":"PropertyValueSpecification","valueRequired":true,"valueName":"search_term_string"}}],"inLanguage":"de"},{"@type":"Person","@id":"https:\/\/www.jugendfussball-wendelstein.de\/wordpress\/#\/schema\/person\/75aadcbd4be1b3af1c1d785397472bc9","name":"Autor","image":{"@type":"ImageObject","inLanguage":"de","@id":"https:\/\/secure.gravatar.com\/avatar\/01dd9b7f2dc8d635302f1c57c2289838e9fe288acd1c06c8f8ad332b8e2a60c9?s=96&d=mm&r=g","url":"https:\/\/secure.gravatar.com\/avatar\/01dd9b7f2dc8d635302f1c57c2289838e9fe288acd1c06c8f8ad332b8e2a60c9?s=96&d=mm&r=g","contentUrl":"https:\/\/secure.gravatar.com\/avatar\/01dd9b7f2dc8d635302f1c57c2289838e9fe288acd1c06c8f8ad332b8e2a60c9?s=96&d=mm&r=g","caption":"Autor"},"url":"https:\/\/www.jugendfussball-wendelstein.de\/wordpress\/author\/autor\/"}]}},"_links":{"self":[{"href":"https:\/\/www.jugendfussball-wendelstein.de\/wordpress\/wp-json\/wp\/v2\/posts\/3395","targetHints":{"allow":["GET"]}}],"collection":[{"href":"https:\/\/www.jugendfussball-wendelstein.de\/wordpress\/wp-json\/wp\/v2\/posts"}],"about":[{"href":"https:\/\/www.jugendfussball-wendelstein.de\/wordpress\/wp-json\/wp\/v2\/types\/post"}],"author":[{"embeddable":true,"href":"https:\/\/www.jugendfussball-wendelstein.de\/wordpress\/wp-json\/wp\/v2\/users\/4"}],"replies":[{"embeddable":true,"href":"https:\/\/www.jugendfussball-wendelstein.de\/wordpress\/wp-json\/wp\/v2\/comments?post=3395"}],"version-history":[{"count":0,"href":"https:\/\/www.jugendfussball-wendelstein.de\/wordpress\/wp-json\/wp\/v2\/posts\/3395\/revisions"}],"wp:attachment":[{"href":"https:\/\/www.jugendfussball-wendelstein.de\/wordpress\/wp-json\/wp\/v2\/media?parent=3395"}],"wp:term":[{"taxonomy":"category","embeddable":true,"href":"https:\/\/www.jugendfussball-wendelstein.de\/wordpress\/wp-json\/wp\/v2\/categories?post=3395"},{"taxonomy":"post_tag","embeddable":true,"href":"https:\/\/www.jugendfussball-wendelstein.de\/wordpress\/wp-json\/wp\/v2\/tags?post=3395"}],"curies":[{"name":"wp","href":"https:\/\/api.w.org\/{rel}","templated":true}]}}