{"id":3399,"date":"2016-03-21T20:16:56","date_gmt":"2016-03-21T18:16:56","guid":{"rendered":"http:\/\/www.jugendfussball-wendelstein.de\/wordpress\/?p=3399"},"modified":"2016-03-21T20:16:56","modified_gmt":"2016-03-21T18:16:56","slug":"jfg-freystadt-jfgw-01","status":"publish","type":"post","link":"https:\/\/www.jugendfussball-wendelstein.de\/wordpress\/jfg-freystadt-jfgw-01\/","title":{"rendered":"JFG Freystadt  &#8211;  JFGW  0:1"},"content":{"rendered":"<p>20.03.2016 : Handball in Freystadt!\u00a0 &#8211; Trotz Krankheit, Verletzungen und Abstellungen zum U17 Spitzenspiel schlug sich unsere U16 in Freystadt erwartungsgem\u00e4\u00df. In einem \u00e4usserst einseitigen Spiel war der Gastgeber \u00fcber die gesamte Spieldauer auf Schadensbegrenzung aus und verteidigte vielbeinig den eigenen 16er. Mittelfeldass Deni Mudugov brach mit seinem sehenswerten Treffer in der 28. Spielminute den Bann. Leider vers\u00e4umten unsere Jungs in vielen aussichtsreichen Spielsituationen zielstrebiger aufzutreten, um fr\u00fchzeitig f\u00fcr klare Verh\u00e4ltnisse zu sorgen und somit den Sieg standesgem\u00e4\u00df auszubauen.<br \/>\nHerzlichen Dank an unsere vier Gastspieler aus der U15 (Tom Schmidtlein, Samuel Andert, Maximilian Takacs, Yannick N\u00fc\u00dflein) und an U15 Coach Roland Andert!<\/p>\n<p>Dieser Sieg rundet ein tolles Wochenende ab &#8211; Gratulation !<\/p>\n<p>Autor : E.Z.<\/p>\n","protected":false},"excerpt":{"rendered":"<p>20.03.2016 : Handball in Freystadt!\u00a0 &#8211; Trotz Krankheit, Verletzungen und Abstellungen zum U17 Spitzenspiel schlug sich unsere U16 in Freystadt erwartungsgem\u00e4\u00df. In einem \u00e4usserst einseitigen Spiel war der Gastgeber \u00fcber die gesamte Spieldauer auf Schadensbegrenzung aus und verteidigte vielbeinig den eigenen 16er. Mittelfeldass Deni Mudugov brach mit seinem sehenswerten Treffer in der 28. Spielminute den [&hellip;]<\/p>\n","protected":false},"author":4,"featured_media":0,"comment_status":"closed","ping_status":"closed","sticky":false,"template":"","format":"standard","meta":{"saved_in_kubio":false,"footnotes":""},"categories":[2,16,20],"tags":[],"class_list":["post-3399","post","type-post","status-publish","format-standard","hentry","category-gf","category-spielbericht","category-u16"],"yoast_head":"<!-- This site is optimized with the Yoast SEO plugin v27.4 - https:\/\/yoast.com\/product\/yoast-seo-wordpress\/ -->\n<title>JFG Freystadt - JFGW 0:1 - JFG Wendelstein<\/title>\n<meta name=\"robots\" content=\"index, follow, max-snippet:-1, max-image-preview:large, max-video-preview:-1\" \/>\n<link rel=\"canonical\" href=\"https:\/\/www.jugendfussball-wendelstein.de\/wordpress\/jfg-freystadt-jfgw-01\/\" \/>\n<meta property=\"og:locale\" content=\"de_DE\" \/>\n<meta property=\"og:type\" content=\"article\" \/>\n<meta property=\"og:title\" content=\"JFG Freystadt - JFGW 0:1 - JFG Wendelstein\" \/>\n<meta property=\"og:description\" content=\"20.03.2016 : Handball in Freystadt!\u00a0 &#8211; Trotz Krankheit, Verletzungen und Abstellungen zum U17 Spitzenspiel schlug sich unsere U16 in Freystadt erwartungsgem\u00e4\u00df. In einem \u00e4usserst einseitigen Spiel war der Gastgeber \u00fcber die gesamte Spieldauer auf Schadensbegrenzung aus und verteidigte vielbeinig den eigenen 16er. Mittelfeldass Deni Mudugov brach mit seinem sehenswerten Treffer in der 28. Spielminute den [&hellip;]\" \/>\n<meta property=\"og:url\" content=\"https:\/\/www.jugendfussball-wendelstein.de\/wordpress\/jfg-freystadt-jfgw-01\/\" \/>\n<meta property=\"og:site_name\" content=\"JFG Wendelstein\" \/>\n<meta property=\"article:published_time\" content=\"2016-03-21T18:16:56+00:00\" \/>\n<meta name=\"author\" content=\"Autor\" \/>\n<meta name=\"twitter:card\" content=\"summary_large_image\" \/>\n<meta name=\"twitter:label1\" content=\"Verfasst von\" \/>\n\t<meta name=\"twitter:data1\" content=\"Autor\" \/>\n\t<meta name=\"twitter:label2\" content=\"Gesch\u00e4tzte Lesezeit\" \/>\n\t<meta name=\"twitter:data2\" content=\"1\u00a0Minute\" \/>\n<script type=\"application\/ld+json\" class=\"yoast-schema-graph\">{\"@context\":\"https:\\\/\\\/schema.org\",\"@graph\":[{\"@type\":\"Article\",\"@id\":\"https:\\\/\\\/www.jugendfussball-wendelstein.de\\\/wordpress\\\/jfg-freystadt-jfgw-01\\\/#article\",\"isPartOf\":{\"@id\":\"https:\\\/\\\/www.jugendfussball-wendelstein.de\\\/wordpress\\\/jfg-freystadt-jfgw-01\\\/\"},\"author\":{\"name\":\"Autor\",\"@id\":\"https:\\\/\\\/www.jugendfussball-wendelstein.de\\\/wordpress\\\/#\\\/schema\\\/person\\\/75aadcbd4be1b3af1c1d785397472bc9\"},\"headline\":\"JFG Freystadt &#8211; JFGW 0:1\",\"datePublished\":\"2016-03-21T18:16:56+00:00\",\"mainEntityOfPage\":{\"@id\":\"https:\\\/\\\/www.jugendfussball-wendelstein.de\\\/wordpress\\\/jfg-freystadt-jfgw-01\\\/\"},\"wordCount\":120,\"articleSection\":[\"Gro\u00dffeld\",\"Spielbericht\",\"U16\"],\"inLanguage\":\"de\"},{\"@type\":\"WebPage\",\"@id\":\"https:\\\/\\\/www.jugendfussball-wendelstein.de\\\/wordpress\\\/jfg-freystadt-jfgw-01\\\/\",\"url\":\"https:\\\/\\\/www.jugendfussball-wendelstein.de\\\/wordpress\\\/jfg-freystadt-jfgw-01\\\/\",\"name\":\"JFG Freystadt - JFGW 0:1 - JFG Wendelstein\",\"isPartOf\":{\"@id\":\"https:\\\/\\\/www.jugendfussball-wendelstein.de\\\/wordpress\\\/#website\"},\"datePublished\":\"2016-03-21T18:16:56+00:00\",\"author\":{\"@id\":\"https:\\\/\\\/www.jugendfussball-wendelstein.de\\\/wordpress\\\/#\\\/schema\\\/person\\\/75aadcbd4be1b3af1c1d785397472bc9\"},\"breadcrumb\":{\"@id\":\"https:\\\/\\\/www.jugendfussball-wendelstein.de\\\/wordpress\\\/jfg-freystadt-jfgw-01\\\/#breadcrumb\"},\"inLanguage\":\"de\",\"potentialAction\":[{\"@type\":\"ReadAction\",\"target\":[\"https:\\\/\\\/www.jugendfussball-wendelstein.de\\\/wordpress\\\/jfg-freystadt-jfgw-01\\\/\"]}]},{\"@type\":\"BreadcrumbList\",\"@id\":\"https:\\\/\\\/www.jugendfussball-wendelstein.de\\\/wordpress\\\/jfg-freystadt-jfgw-01\\\/#breadcrumb\",\"itemListElement\":[{\"@type\":\"ListItem\",\"position\":1,\"name\":\"Startseite\",\"item\":\"https:\\\/\\\/www.jugendfussball-wendelstein.de\\\/wordpress\\\/\"},{\"@type\":\"ListItem\",\"position\":2,\"name\":\"JFG Freystadt &#8211; JFGW 0:1\"}]},{\"@type\":\"WebSite\",\"@id\":\"https:\\\/\\\/www.jugendfussball-wendelstein.de\\\/wordpress\\\/#website\",\"url\":\"https:\\\/\\\/www.jugendfussball-wendelstein.de\\\/wordpress\\\/\",\"name\":\"JFG Wendelstein\",\"description\":\"Juniorenfu\u00dfball\",\"potentialAction\":[{\"@type\":\"SearchAction\",\"target\":{\"@type\":\"EntryPoint\",\"urlTemplate\":\"https:\\\/\\\/www.jugendfussball-wendelstein.de\\\/wordpress\\\/?s={search_term_string}\"},\"query-input\":{\"@type\":\"PropertyValueSpecification\",\"valueRequired\":true,\"valueName\":\"search_term_string\"}}],\"inLanguage\":\"de\"},{\"@type\":\"Person\",\"@id\":\"https:\\\/\\\/www.jugendfussball-wendelstein.de\\\/wordpress\\\/#\\\/schema\\\/person\\\/75aadcbd4be1b3af1c1d785397472bc9\",\"name\":\"Autor\",\"image\":{\"@type\":\"ImageObject\",\"inLanguage\":\"de\",\"@id\":\"https:\\\/\\\/secure.gravatar.com\\\/avatar\\\/01dd9b7f2dc8d635302f1c57c2289838e9fe288acd1c06c8f8ad332b8e2a60c9?s=96&d=mm&r=g\",\"url\":\"https:\\\/\\\/secure.gravatar.com\\\/avatar\\\/01dd9b7f2dc8d635302f1c57c2289838e9fe288acd1c06c8f8ad332b8e2a60c9?s=96&d=mm&r=g\",\"contentUrl\":\"https:\\\/\\\/secure.gravatar.com\\\/avatar\\\/01dd9b7f2dc8d635302f1c57c2289838e9fe288acd1c06c8f8ad332b8e2a60c9?s=96&d=mm&r=g\",\"caption\":\"Autor\"},\"url\":\"https:\\\/\\\/www.jugendfussball-wendelstein.de\\\/wordpress\\\/author\\\/autor\\\/\"}]}<\/script>\n<!-- \/ Yoast SEO plugin. -->","yoast_head_json":{"title":"JFG Freystadt - JFGW 0:1 - JFG Wendelstein","robots":{"index":"index","follow":"follow","max-snippet":"max-snippet:-1","max-image-preview":"max-image-preview:large","max-video-preview":"max-video-preview:-1"},"canonical":"https:\/\/www.jugendfussball-wendelstein.de\/wordpress\/jfg-freystadt-jfgw-01\/","og_locale":"de_DE","og_type":"article","og_title":"JFG Freystadt - JFGW 0:1 - JFG Wendelstein","og_description":"20.03.2016 : Handball in Freystadt!\u00a0 &#8211; Trotz Krankheit, Verletzungen und Abstellungen zum U17 Spitzenspiel schlug sich unsere U16 in Freystadt erwartungsgem\u00e4\u00df. In einem \u00e4usserst einseitigen Spiel war der Gastgeber \u00fcber die gesamte Spieldauer auf Schadensbegrenzung aus und verteidigte vielbeinig den eigenen 16er. Mittelfeldass Deni Mudugov brach mit seinem sehenswerten Treffer in der 28. Spielminute den [&hellip;]","og_url":"https:\/\/www.jugendfussball-wendelstein.de\/wordpress\/jfg-freystadt-jfgw-01\/","og_site_name":"JFG Wendelstein","article_published_time":"2016-03-21T18:16:56+00:00","author":"Autor","twitter_card":"summary_large_image","twitter_misc":{"Verfasst von":"Autor","Gesch\u00e4tzte Lesezeit":"1\u00a0Minute"},"schema":{"@context":"https:\/\/schema.org","@graph":[{"@type":"Article","@id":"https:\/\/www.jugendfussball-wendelstein.de\/wordpress\/jfg-freystadt-jfgw-01\/#article","isPartOf":{"@id":"https:\/\/www.jugendfussball-wendelstein.de\/wordpress\/jfg-freystadt-jfgw-01\/"},"author":{"name":"Autor","@id":"https:\/\/www.jugendfussball-wendelstein.de\/wordpress\/#\/schema\/person\/75aadcbd4be1b3af1c1d785397472bc9"},"headline":"JFG Freystadt &#8211; JFGW 0:1","datePublished":"2016-03-21T18:16:56+00:00","mainEntityOfPage":{"@id":"https:\/\/www.jugendfussball-wendelstein.de\/wordpress\/jfg-freystadt-jfgw-01\/"},"wordCount":120,"articleSection":["Gro\u00dffeld","Spielbericht","U16"],"inLanguage":"de"},{"@type":"WebPage","@id":"https:\/\/www.jugendfussball-wendelstein.de\/wordpress\/jfg-freystadt-jfgw-01\/","url":"https:\/\/www.jugendfussball-wendelstein.de\/wordpress\/jfg-freystadt-jfgw-01\/","name":"JFG Freystadt - JFGW 0:1 - JFG Wendelstein","isPartOf":{"@id":"https:\/\/www.jugendfussball-wendelstein.de\/wordpress\/#website"},"datePublished":"2016-03-21T18:16:56+00:00","author":{"@id":"https:\/\/www.jugendfussball-wendelstein.de\/wordpress\/#\/schema\/person\/75aadcbd4be1b3af1c1d785397472bc9"},"breadcrumb":{"@id":"https:\/\/www.jugendfussball-wendelstein.de\/wordpress\/jfg-freystadt-jfgw-01\/#breadcrumb"},"inLanguage":"de","potentialAction":[{"@type":"ReadAction","target":["https:\/\/www.jugendfussball-wendelstein.de\/wordpress\/jfg-freystadt-jfgw-01\/"]}]},{"@type":"BreadcrumbList","@id":"https:\/\/www.jugendfussball-wendelstein.de\/wordpress\/jfg-freystadt-jfgw-01\/#breadcrumb","itemListElement":[{"@type":"ListItem","position":1,"name":"Startseite","item":"https:\/\/www.jugendfussball-wendelstein.de\/wordpress\/"},{"@type":"ListItem","position":2,"name":"JFG Freystadt &#8211; JFGW 0:1"}]},{"@type":"WebSite","@id":"https:\/\/www.jugendfussball-wendelstein.de\/wordpress\/#website","url":"https:\/\/www.jugendfussball-wendelstein.de\/wordpress\/","name":"JFG Wendelstein","description":"Juniorenfu\u00dfball","potentialAction":[{"@type":"SearchAction","target":{"@type":"EntryPoint","urlTemplate":"https:\/\/www.jugendfussball-wendelstein.de\/wordpress\/?s={search_term_string}"},"query-input":{"@type":"PropertyValueSpecification","valueRequired":true,"valueName":"search_term_string"}}],"inLanguage":"de"},{"@type":"Person","@id":"https:\/\/www.jugendfussball-wendelstein.de\/wordpress\/#\/schema\/person\/75aadcbd4be1b3af1c1d785397472bc9","name":"Autor","image":{"@type":"ImageObject","inLanguage":"de","@id":"https:\/\/secure.gravatar.com\/avatar\/01dd9b7f2dc8d635302f1c57c2289838e9fe288acd1c06c8f8ad332b8e2a60c9?s=96&d=mm&r=g","url":"https:\/\/secure.gravatar.com\/avatar\/01dd9b7f2dc8d635302f1c57c2289838e9fe288acd1c06c8f8ad332b8e2a60c9?s=96&d=mm&r=g","contentUrl":"https:\/\/secure.gravatar.com\/avatar\/01dd9b7f2dc8d635302f1c57c2289838e9fe288acd1c06c8f8ad332b8e2a60c9?s=96&d=mm&r=g","caption":"Autor"},"url":"https:\/\/www.jugendfussball-wendelstein.de\/wordpress\/author\/autor\/"}]}},"_links":{"self":[{"href":"https:\/\/www.jugendfussball-wendelstein.de\/wordpress\/wp-json\/wp\/v2\/posts\/3399","targetHints":{"allow":["GET"]}}],"collection":[{"href":"https:\/\/www.jugendfussball-wendelstein.de\/wordpress\/wp-json\/wp\/v2\/posts"}],"about":[{"href":"https:\/\/www.jugendfussball-wendelstein.de\/wordpress\/wp-json\/wp\/v2\/types\/post"}],"author":[{"embeddable":true,"href":"https:\/\/www.jugendfussball-wendelstein.de\/wordpress\/wp-json\/wp\/v2\/users\/4"}],"replies":[{"embeddable":true,"href":"https:\/\/www.jugendfussball-wendelstein.de\/wordpress\/wp-json\/wp\/v2\/comments?post=3399"}],"version-history":[{"count":0,"href":"https:\/\/www.jugendfussball-wendelstein.de\/wordpress\/wp-json\/wp\/v2\/posts\/3399\/revisions"}],"wp:attachment":[{"href":"https:\/\/www.jugendfussball-wendelstein.de\/wordpress\/wp-json\/wp\/v2\/media?parent=3399"}],"wp:term":[{"taxonomy":"category","embeddable":true,"href":"https:\/\/www.jugendfussball-wendelstein.de\/wordpress\/wp-json\/wp\/v2\/categories?post=3399"},{"taxonomy":"post_tag","embeddable":true,"href":"https:\/\/www.jugendfussball-wendelstein.de\/wordpress\/wp-json\/wp\/v2\/tags?post=3399"}],"curies":[{"name":"wp","href":"https:\/\/api.w.org\/{rel}","templated":true}]}}