{"id":3457,"date":"2016-04-06T21:38:43","date_gmt":"2016-04-06T19:38:43","guid":{"rendered":"http:\/\/www.jugendfussball-wendelstein.de\/wordpress\/?p=3457"},"modified":"2016-04-06T21:38:43","modified_gmt":"2016-04-06T19:38:43","slug":"spvgg-greuther-fuerth-jfgw-11","status":"publish","type":"post","link":"https:\/\/www.jugendfussball-wendelstein.de\/wordpress\/spvgg-greuther-fuerth-jfgw-11\/","title":{"rendered":"SpVgg Greuther F\u00fcrth \u2013 JFGW   1:1"},"content":{"rendered":"<p>Heute trafen wir uns zum Leistungsvergleich beim Jahrgang 2004 der SpVgg Greuther F\u00fcrth. In einem sehr temporeichen Spiel ging es hin und her, doch die klareren Chancen erspielten wir uns. Sieben Minuten vor dem Halbzeitpfiff gingen wir dann verdient mit 1:0 in F\u00fchrung \u2013 das war auch das Halbzeitergebnis. In der zweiten H\u00e4lfte ging es genauso temporeich weiter und wieder erspielten wir uns tolle M\u00f6glichkeiten, konnten sie aber nicht erfolgreich verwerten. Die letzten zehn Minuten bekamen dann die F\u00fcrther drei gute Chancen und konnten eine davon auch zum Endstand von 1:1 nutzen.<\/p>\n<p>Ein sch\u00f6nes,\u00a0sehr faires und vor allem ein temporeiches Testspiel ging damit zu Ende. Herzlichen Dank an Greuther F\u00fcrth und viel Erfolg weiterhin.<\/p>\n<p><img loading=\"lazy\" decoding=\"async\" class=\"alignleft size-full wp-image-3458\" src=\"https:\/\/www.jugendfussball-wendelstein.de\/wordpress\/wp-content\/uploads\/2016\/04\/image.jpeg\" alt=\"image\" width=\"1344\" height=\"760\" srcset=\"https:\/\/www.jugendfussball-wendelstein.de\/wordpress\/wp-content\/uploads\/2016\/04\/image.jpeg 1344w, https:\/\/www.jugendfussball-wendelstein.de\/wordpress\/wp-content\/uploads\/2016\/04\/image-350x198.jpeg 350w, https:\/\/www.jugendfussball-wendelstein.de\/wordpress\/wp-content\/uploads\/2016\/04\/image-768x434.jpeg 768w, https:\/\/www.jugendfussball-wendelstein.de\/wordpress\/wp-content\/uploads\/2016\/04\/image-1024x579.jpeg 1024w\" sizes=\"(max-width: 1344px) 100vw, 1344px\" \/><\/p>\n","protected":false},"excerpt":{"rendered":"<p>Heute trafen wir uns zum Leistungsvergleich beim Jahrgang 2004 der SpVgg Greuther F\u00fcrth. In einem sehr temporeichen Spiel ging es hin und her, doch die klareren Chancen erspielten wir uns. Sieben Minuten vor dem Halbzeitpfiff gingen wir dann verdient mit 1:0 in F\u00fchrung \u2013 das war auch das Halbzeitergebnis. In der zweiten H\u00e4lfte ging es [&hellip;]<\/p>\n","protected":false},"author":4,"featured_media":0,"comment_status":"closed","ping_status":"closed","sticky":false,"template":"","format":"standard","meta":{"saved_in_kubio":false,"footnotes":""},"categories":[2,16,9],"tags":[],"class_list":["post-3457","post","type-post","status-publish","format-standard","hentry","category-gf","category-spielbericht","category-u12"],"yoast_head":"<!-- This site is optimized with the Yoast SEO plugin v27.4 - https:\/\/yoast.com\/product\/yoast-seo-wordpress\/ -->\n<title>SpVgg Greuther F\u00fcrth \u2013 JFGW  1:1 - JFG Wendelstein<\/title>\n<meta name=\"robots\" content=\"index, follow, max-snippet:-1, max-image-preview:large, max-video-preview:-1\" \/>\n<link rel=\"canonical\" href=\"https:\/\/www.jugendfussball-wendelstein.de\/wordpress\/spvgg-greuther-fuerth-jfgw-11\/\" \/>\n<meta property=\"og:locale\" content=\"de_DE\" \/>\n<meta property=\"og:type\" content=\"article\" \/>\n<meta property=\"og:title\" content=\"SpVgg Greuther F\u00fcrth \u2013 JFGW  1:1 - JFG Wendelstein\" \/>\n<meta property=\"og:description\" content=\"Heute trafen wir uns zum Leistungsvergleich beim Jahrgang 2004 der SpVgg Greuther F\u00fcrth. In einem sehr temporeichen Spiel ging es hin und her, doch die klareren Chancen erspielten wir uns. Sieben Minuten vor dem Halbzeitpfiff gingen wir dann verdient mit 1:0 in F\u00fchrung \u2013 das war auch das Halbzeitergebnis. In der zweiten H\u00e4lfte ging es [&hellip;]\" \/>\n<meta property=\"og:url\" content=\"https:\/\/www.jugendfussball-wendelstein.de\/wordpress\/spvgg-greuther-fuerth-jfgw-11\/\" \/>\n<meta property=\"og:site_name\" content=\"JFG Wendelstein\" \/>\n<meta property=\"article:published_time\" content=\"2016-04-06T19:38:43+00:00\" \/>\n<meta property=\"og:image\" content=\"http:\/\/www.jugendfussball-wendelstein.de\/wordpress\/wp-content\/uploads\/2016\/04\/image.jpeg\" \/>\n<meta name=\"author\" content=\"Autor\" \/>\n<meta name=\"twitter:card\" content=\"summary_large_image\" \/>\n<meta name=\"twitter:label1\" content=\"Verfasst von\" \/>\n\t<meta name=\"twitter:data1\" content=\"Autor\" \/>\n\t<meta name=\"twitter:label2\" content=\"Gesch\u00e4tzte Lesezeit\" \/>\n\t<meta name=\"twitter:data2\" content=\"1\u00a0Minute\" \/>\n<script type=\"application\/ld+json\" class=\"yoast-schema-graph\">{\"@context\":\"https:\\\/\\\/schema.org\",\"@graph\":[{\"@type\":\"Article\",\"@id\":\"https:\\\/\\\/www.jugendfussball-wendelstein.de\\\/wordpress\\\/spvgg-greuther-fuerth-jfgw-11\\\/#article\",\"isPartOf\":{\"@id\":\"https:\\\/\\\/www.jugendfussball-wendelstein.de\\\/wordpress\\\/spvgg-greuther-fuerth-jfgw-11\\\/\"},\"author\":{\"name\":\"Autor\",\"@id\":\"https:\\\/\\\/www.jugendfussball-wendelstein.de\\\/wordpress\\\/#\\\/schema\\\/person\\\/75aadcbd4be1b3af1c1d785397472bc9\"},\"headline\":\"SpVgg Greuther F\u00fcrth \u2013 JFGW 1:1\",\"datePublished\":\"2016-04-06T19:38:43+00:00\",\"mainEntityOfPage\":{\"@id\":\"https:\\\/\\\/www.jugendfussball-wendelstein.de\\\/wordpress\\\/spvgg-greuther-fuerth-jfgw-11\\\/\"},\"wordCount\":123,\"image\":{\"@id\":\"https:\\\/\\\/www.jugendfussball-wendelstein.de\\\/wordpress\\\/spvgg-greuther-fuerth-jfgw-11\\\/#primaryimage\"},\"thumbnailUrl\":\"http:\\\/\\\/www.jugendfussball-wendelstein.de\\\/wordpress\\\/wp-content\\\/uploads\\\/2016\\\/04\\\/image.jpeg\",\"articleSection\":[\"Gro\u00dffeld\",\"Spielbericht\",\"U12\"],\"inLanguage\":\"de\"},{\"@type\":\"WebPage\",\"@id\":\"https:\\\/\\\/www.jugendfussball-wendelstein.de\\\/wordpress\\\/spvgg-greuther-fuerth-jfgw-11\\\/\",\"url\":\"https:\\\/\\\/www.jugendfussball-wendelstein.de\\\/wordpress\\\/spvgg-greuther-fuerth-jfgw-11\\\/\",\"name\":\"SpVgg Greuther F\u00fcrth \u2013 JFGW 1:1 - JFG Wendelstein\",\"isPartOf\":{\"@id\":\"https:\\\/\\\/www.jugendfussball-wendelstein.de\\\/wordpress\\\/#website\"},\"primaryImageOfPage\":{\"@id\":\"https:\\\/\\\/www.jugendfussball-wendelstein.de\\\/wordpress\\\/spvgg-greuther-fuerth-jfgw-11\\\/#primaryimage\"},\"image\":{\"@id\":\"https:\\\/\\\/www.jugendfussball-wendelstein.de\\\/wordpress\\\/spvgg-greuther-fuerth-jfgw-11\\\/#primaryimage\"},\"thumbnailUrl\":\"http:\\\/\\\/www.jugendfussball-wendelstein.de\\\/wordpress\\\/wp-content\\\/uploads\\\/2016\\\/04\\\/image.jpeg\",\"datePublished\":\"2016-04-06T19:38:43+00:00\",\"author\":{\"@id\":\"https:\\\/\\\/www.jugendfussball-wendelstein.de\\\/wordpress\\\/#\\\/schema\\\/person\\\/75aadcbd4be1b3af1c1d785397472bc9\"},\"breadcrumb\":{\"@id\":\"https:\\\/\\\/www.jugendfussball-wendelstein.de\\\/wordpress\\\/spvgg-greuther-fuerth-jfgw-11\\\/#breadcrumb\"},\"inLanguage\":\"de\",\"potentialAction\":[{\"@type\":\"ReadAction\",\"target\":[\"https:\\\/\\\/www.jugendfussball-wendelstein.de\\\/wordpress\\\/spvgg-greuther-fuerth-jfgw-11\\\/\"]}]},{\"@type\":\"ImageObject\",\"inLanguage\":\"de\",\"@id\":\"https:\\\/\\\/www.jugendfussball-wendelstein.de\\\/wordpress\\\/spvgg-greuther-fuerth-jfgw-11\\\/#primaryimage\",\"url\":\"http:\\\/\\\/www.jugendfussball-wendelstein.de\\\/wordpress\\\/wp-content\\\/uploads\\\/2016\\\/04\\\/image.jpeg\",\"contentUrl\":\"http:\\\/\\\/www.jugendfussball-wendelstein.de\\\/wordpress\\\/wp-content\\\/uploads\\\/2016\\\/04\\\/image.jpeg\"},{\"@type\":\"BreadcrumbList\",\"@id\":\"https:\\\/\\\/www.jugendfussball-wendelstein.de\\\/wordpress\\\/spvgg-greuther-fuerth-jfgw-11\\\/#breadcrumb\",\"itemListElement\":[{\"@type\":\"ListItem\",\"position\":1,\"name\":\"Startseite\",\"item\":\"https:\\\/\\\/www.jugendfussball-wendelstein.de\\\/wordpress\\\/\"},{\"@type\":\"ListItem\",\"position\":2,\"name\":\"SpVgg Greuther F\u00fcrth \u2013 JFGW 1:1\"}]},{\"@type\":\"WebSite\",\"@id\":\"https:\\\/\\\/www.jugendfussball-wendelstein.de\\\/wordpress\\\/#website\",\"url\":\"https:\\\/\\\/www.jugendfussball-wendelstein.de\\\/wordpress\\\/\",\"name\":\"JFG Wendelstein\",\"description\":\"Juniorenfu\u00dfball\",\"potentialAction\":[{\"@type\":\"SearchAction\",\"target\":{\"@type\":\"EntryPoint\",\"urlTemplate\":\"https:\\\/\\\/www.jugendfussball-wendelstein.de\\\/wordpress\\\/?s={search_term_string}\"},\"query-input\":{\"@type\":\"PropertyValueSpecification\",\"valueRequired\":true,\"valueName\":\"search_term_string\"}}],\"inLanguage\":\"de\"},{\"@type\":\"Person\",\"@id\":\"https:\\\/\\\/www.jugendfussball-wendelstein.de\\\/wordpress\\\/#\\\/schema\\\/person\\\/75aadcbd4be1b3af1c1d785397472bc9\",\"name\":\"Autor\",\"image\":{\"@type\":\"ImageObject\",\"inLanguage\":\"de\",\"@id\":\"https:\\\/\\\/secure.gravatar.com\\\/avatar\\\/01dd9b7f2dc8d635302f1c57c2289838e9fe288acd1c06c8f8ad332b8e2a60c9?s=96&d=mm&r=g\",\"url\":\"https:\\\/\\\/secure.gravatar.com\\\/avatar\\\/01dd9b7f2dc8d635302f1c57c2289838e9fe288acd1c06c8f8ad332b8e2a60c9?s=96&d=mm&r=g\",\"contentUrl\":\"https:\\\/\\\/secure.gravatar.com\\\/avatar\\\/01dd9b7f2dc8d635302f1c57c2289838e9fe288acd1c06c8f8ad332b8e2a60c9?s=96&d=mm&r=g\",\"caption\":\"Autor\"},\"url\":\"https:\\\/\\\/www.jugendfussball-wendelstein.de\\\/wordpress\\\/author\\\/autor\\\/\"}]}<\/script>\n<!-- \/ Yoast SEO plugin. -->","yoast_head_json":{"title":"SpVgg Greuther F\u00fcrth \u2013 JFGW  1:1 - JFG Wendelstein","robots":{"index":"index","follow":"follow","max-snippet":"max-snippet:-1","max-image-preview":"max-image-preview:large","max-video-preview":"max-video-preview:-1"},"canonical":"https:\/\/www.jugendfussball-wendelstein.de\/wordpress\/spvgg-greuther-fuerth-jfgw-11\/","og_locale":"de_DE","og_type":"article","og_title":"SpVgg Greuther F\u00fcrth \u2013 JFGW  1:1 - JFG Wendelstein","og_description":"Heute trafen wir uns zum Leistungsvergleich beim Jahrgang 2004 der SpVgg Greuther F\u00fcrth. In einem sehr temporeichen Spiel ging es hin und her, doch die klareren Chancen erspielten wir uns. Sieben Minuten vor dem Halbzeitpfiff gingen wir dann verdient mit 1:0 in F\u00fchrung \u2013 das war auch das Halbzeitergebnis. In der zweiten H\u00e4lfte ging es [&hellip;]","og_url":"https:\/\/www.jugendfussball-wendelstein.de\/wordpress\/spvgg-greuther-fuerth-jfgw-11\/","og_site_name":"JFG Wendelstein","article_published_time":"2016-04-06T19:38:43+00:00","og_image":[{"url":"http:\/\/www.jugendfussball-wendelstein.de\/wordpress\/wp-content\/uploads\/2016\/04\/image.jpeg","type":"","width":"","height":""}],"author":"Autor","twitter_card":"summary_large_image","twitter_misc":{"Verfasst von":"Autor","Gesch\u00e4tzte Lesezeit":"1\u00a0Minute"},"schema":{"@context":"https:\/\/schema.org","@graph":[{"@type":"Article","@id":"https:\/\/www.jugendfussball-wendelstein.de\/wordpress\/spvgg-greuther-fuerth-jfgw-11\/#article","isPartOf":{"@id":"https:\/\/www.jugendfussball-wendelstein.de\/wordpress\/spvgg-greuther-fuerth-jfgw-11\/"},"author":{"name":"Autor","@id":"https:\/\/www.jugendfussball-wendelstein.de\/wordpress\/#\/schema\/person\/75aadcbd4be1b3af1c1d785397472bc9"},"headline":"SpVgg Greuther F\u00fcrth \u2013 JFGW 1:1","datePublished":"2016-04-06T19:38:43+00:00","mainEntityOfPage":{"@id":"https:\/\/www.jugendfussball-wendelstein.de\/wordpress\/spvgg-greuther-fuerth-jfgw-11\/"},"wordCount":123,"image":{"@id":"https:\/\/www.jugendfussball-wendelstein.de\/wordpress\/spvgg-greuther-fuerth-jfgw-11\/#primaryimage"},"thumbnailUrl":"http:\/\/www.jugendfussball-wendelstein.de\/wordpress\/wp-content\/uploads\/2016\/04\/image.jpeg","articleSection":["Gro\u00dffeld","Spielbericht","U12"],"inLanguage":"de"},{"@type":"WebPage","@id":"https:\/\/www.jugendfussball-wendelstein.de\/wordpress\/spvgg-greuther-fuerth-jfgw-11\/","url":"https:\/\/www.jugendfussball-wendelstein.de\/wordpress\/spvgg-greuther-fuerth-jfgw-11\/","name":"SpVgg Greuther F\u00fcrth \u2013 JFGW 1:1 - JFG Wendelstein","isPartOf":{"@id":"https:\/\/www.jugendfussball-wendelstein.de\/wordpress\/#website"},"primaryImageOfPage":{"@id":"https:\/\/www.jugendfussball-wendelstein.de\/wordpress\/spvgg-greuther-fuerth-jfgw-11\/#primaryimage"},"image":{"@id":"https:\/\/www.jugendfussball-wendelstein.de\/wordpress\/spvgg-greuther-fuerth-jfgw-11\/#primaryimage"},"thumbnailUrl":"http:\/\/www.jugendfussball-wendelstein.de\/wordpress\/wp-content\/uploads\/2016\/04\/image.jpeg","datePublished":"2016-04-06T19:38:43+00:00","author":{"@id":"https:\/\/www.jugendfussball-wendelstein.de\/wordpress\/#\/schema\/person\/75aadcbd4be1b3af1c1d785397472bc9"},"breadcrumb":{"@id":"https:\/\/www.jugendfussball-wendelstein.de\/wordpress\/spvgg-greuther-fuerth-jfgw-11\/#breadcrumb"},"inLanguage":"de","potentialAction":[{"@type":"ReadAction","target":["https:\/\/www.jugendfussball-wendelstein.de\/wordpress\/spvgg-greuther-fuerth-jfgw-11\/"]}]},{"@type":"ImageObject","inLanguage":"de","@id":"https:\/\/www.jugendfussball-wendelstein.de\/wordpress\/spvgg-greuther-fuerth-jfgw-11\/#primaryimage","url":"http:\/\/www.jugendfussball-wendelstein.de\/wordpress\/wp-content\/uploads\/2016\/04\/image.jpeg","contentUrl":"http:\/\/www.jugendfussball-wendelstein.de\/wordpress\/wp-content\/uploads\/2016\/04\/image.jpeg"},{"@type":"BreadcrumbList","@id":"https:\/\/www.jugendfussball-wendelstein.de\/wordpress\/spvgg-greuther-fuerth-jfgw-11\/#breadcrumb","itemListElement":[{"@type":"ListItem","position":1,"name":"Startseite","item":"https:\/\/www.jugendfussball-wendelstein.de\/wordpress\/"},{"@type":"ListItem","position":2,"name":"SpVgg Greuther F\u00fcrth \u2013 JFGW 1:1"}]},{"@type":"WebSite","@id":"https:\/\/www.jugendfussball-wendelstein.de\/wordpress\/#website","url":"https:\/\/www.jugendfussball-wendelstein.de\/wordpress\/","name":"JFG Wendelstein","description":"Juniorenfu\u00dfball","potentialAction":[{"@type":"SearchAction","target":{"@type":"EntryPoint","urlTemplate":"https:\/\/www.jugendfussball-wendelstein.de\/wordpress\/?s={search_term_string}"},"query-input":{"@type":"PropertyValueSpecification","valueRequired":true,"valueName":"search_term_string"}}],"inLanguage":"de"},{"@type":"Person","@id":"https:\/\/www.jugendfussball-wendelstein.de\/wordpress\/#\/schema\/person\/75aadcbd4be1b3af1c1d785397472bc9","name":"Autor","image":{"@type":"ImageObject","inLanguage":"de","@id":"https:\/\/secure.gravatar.com\/avatar\/01dd9b7f2dc8d635302f1c57c2289838e9fe288acd1c06c8f8ad332b8e2a60c9?s=96&d=mm&r=g","url":"https:\/\/secure.gravatar.com\/avatar\/01dd9b7f2dc8d635302f1c57c2289838e9fe288acd1c06c8f8ad332b8e2a60c9?s=96&d=mm&r=g","contentUrl":"https:\/\/secure.gravatar.com\/avatar\/01dd9b7f2dc8d635302f1c57c2289838e9fe288acd1c06c8f8ad332b8e2a60c9?s=96&d=mm&r=g","caption":"Autor"},"url":"https:\/\/www.jugendfussball-wendelstein.de\/wordpress\/author\/autor\/"}]}},"_links":{"self":[{"href":"https:\/\/www.jugendfussball-wendelstein.de\/wordpress\/wp-json\/wp\/v2\/posts\/3457","targetHints":{"allow":["GET"]}}],"collection":[{"href":"https:\/\/www.jugendfussball-wendelstein.de\/wordpress\/wp-json\/wp\/v2\/posts"}],"about":[{"href":"https:\/\/www.jugendfussball-wendelstein.de\/wordpress\/wp-json\/wp\/v2\/types\/post"}],"author":[{"embeddable":true,"href":"https:\/\/www.jugendfussball-wendelstein.de\/wordpress\/wp-json\/wp\/v2\/users\/4"}],"replies":[{"embeddable":true,"href":"https:\/\/www.jugendfussball-wendelstein.de\/wordpress\/wp-json\/wp\/v2\/comments?post=3457"}],"version-history":[{"count":0,"href":"https:\/\/www.jugendfussball-wendelstein.de\/wordpress\/wp-json\/wp\/v2\/posts\/3457\/revisions"}],"wp:attachment":[{"href":"https:\/\/www.jugendfussball-wendelstein.de\/wordpress\/wp-json\/wp\/v2\/media?parent=3457"}],"wp:term":[{"taxonomy":"category","embeddable":true,"href":"https:\/\/www.jugendfussball-wendelstein.de\/wordpress\/wp-json\/wp\/v2\/categories?post=3457"},{"taxonomy":"post_tag","embeddable":true,"href":"https:\/\/www.jugendfussball-wendelstein.de\/wordpress\/wp-json\/wp\/v2\/tags?post=3457"}],"curies":[{"name":"wp","href":"https:\/\/api.w.org\/{rel}","templated":true}]}}