{"id":3483,"date":"2016-04-11T16:58:49","date_gmt":"2016-04-11T14:58:49","guid":{"rendered":"http:\/\/www.jugendfussball-wendelstein.de\/wordpress\/?p=3483"},"modified":"2016-04-11T16:58:49","modified_gmt":"2016-04-11T14:58:49","slug":"tsg-roth-jfgw-47","status":"publish","type":"post","link":"https:\/\/www.jugendfussball-wendelstein.de\/wordpress\/tsg-roth-jfgw-47\/","title":{"rendered":"TSG Roth  &#8211; JFGW  4:7"},"content":{"rendered":"<p>09.04.2016 : Am Samstag Mittag war es soweit, endlich durfte man sich nach einer doch sehr langen Hallenrunde wieder auf dem gr\u00fcnen Rasen messen.Zu Gast im Leoni Sportpark der TSG Roth sollte unser 2006er Jahrgang auf einen reinen 2005er Jahrgang der TSG Roth treffen.Wendelstein legte los wie die Feuerwehr! Die ersten f\u00fcnf Minuten war es ein toller kombinationsfu\u00dfball der uns ein ums andere mal direkt vor dem gegnerischen Kasten auftauchen lies.<span class=\"text_exposed_show\">So stand es bereits nach 10Min 3:0 f\u00fcr die Blues!<br \/>\nWarum man das Spiel dann derart verwalten wollte und nicht einen sondern zwei G\u00e4nge zur\u00fcck schaltete wei\u00df wohl keiner der Jungs so genau.Im Fu\u00dfball wird eine derartige Passivit\u00e4t meist bestraft. Und warum sollte dies bei uns anders sein, Roth traf nun zum 3:1 Anschluss.<br \/>\nGut f\u00fcr uns das dieser Treffer wohl ein Signal f\u00fcr die durchweg ein oder gar zwei Jahre j\u00fcngeren wendelsteiner war.<br \/>\nDenn ab diesem Zeitpunkt bis ungef\u00e4hr zur 30 Spielminuten spielte die JFG wieder deutlich gef\u00e4lliger und hatte eine gro\u00dfchance nach der anderen.So war es am Ende eine unzureichende Chancenverwertung sowie drei individuelle Fehler welche einen Endstand von 7:4 f\u00fcr uns bedeuteten.Es wartet sicher noch einiges an Arbeit auf die Trainer des Teams. Jedoch war phasenweise schon zu erkennen das, dass wendelsteiner Kurzpassspiel seine Wirkung zeigte!!<\/span><\/p>\n<p>Autor : W.S.<\/p>\n","protected":false},"excerpt":{"rendered":"<p>09.04.2016 : Am Samstag Mittag war es soweit, endlich durfte man sich nach einer doch sehr langen Hallenrunde wieder auf dem gr\u00fcnen Rasen messen.Zu Gast im Leoni Sportpark der TSG Roth sollte unser 2006er Jahrgang auf einen reinen 2005er Jahrgang der TSG Roth treffen.Wendelstein legte los wie die Feuerwehr! Die ersten f\u00fcnf Minuten war es [&hellip;]<\/p>\n","protected":false},"author":4,"featured_media":0,"comment_status":"closed","ping_status":"closed","sticky":false,"template":"","format":"standard","meta":{"saved_in_kubio":false,"footnotes":""},"categories":[3,16,5],"tags":[],"class_list":["post-3483","post","type-post","status-publish","format-standard","hentry","category-kf","category-spielbericht","category-u10"],"yoast_head":"<!-- This site is optimized with the Yoast SEO plugin v27.4 - https:\/\/yoast.com\/product\/yoast-seo-wordpress\/ -->\n<title>TSG Roth - JFGW 4:7 - JFG Wendelstein<\/title>\n<meta name=\"robots\" content=\"index, follow, max-snippet:-1, max-image-preview:large, max-video-preview:-1\" \/>\n<link rel=\"canonical\" href=\"https:\/\/www.jugendfussball-wendelstein.de\/wordpress\/tsg-roth-jfgw-47\/\" \/>\n<meta property=\"og:locale\" content=\"de_DE\" \/>\n<meta property=\"og:type\" content=\"article\" \/>\n<meta property=\"og:title\" content=\"TSG Roth - JFGW 4:7 - JFG Wendelstein\" \/>\n<meta property=\"og:description\" content=\"09.04.2016 : Am Samstag Mittag war es soweit, endlich durfte man sich nach einer doch sehr langen Hallenrunde wieder auf dem gr\u00fcnen Rasen messen.Zu Gast im Leoni Sportpark der TSG Roth sollte unser 2006er Jahrgang auf einen reinen 2005er Jahrgang der TSG Roth treffen.Wendelstein legte los wie die Feuerwehr! Die ersten f\u00fcnf Minuten war es [&hellip;]\" \/>\n<meta property=\"og:url\" content=\"https:\/\/www.jugendfussball-wendelstein.de\/wordpress\/tsg-roth-jfgw-47\/\" \/>\n<meta property=\"og:site_name\" content=\"JFG Wendelstein\" \/>\n<meta property=\"article:published_time\" content=\"2016-04-11T14:58:49+00:00\" \/>\n<meta name=\"author\" content=\"Autor\" \/>\n<meta name=\"twitter:card\" content=\"summary_large_image\" \/>\n<meta name=\"twitter:label1\" content=\"Verfasst von\" \/>\n\t<meta name=\"twitter:data1\" content=\"Autor\" \/>\n\t<meta name=\"twitter:label2\" content=\"Gesch\u00e4tzte Lesezeit\" \/>\n\t<meta name=\"twitter:data2\" content=\"1\u00a0Minute\" \/>\n<script type=\"application\/ld+json\" class=\"yoast-schema-graph\">{\"@context\":\"https:\\\/\\\/schema.org\",\"@graph\":[{\"@type\":\"Article\",\"@id\":\"https:\\\/\\\/www.jugendfussball-wendelstein.de\\\/wordpress\\\/tsg-roth-jfgw-47\\\/#article\",\"isPartOf\":{\"@id\":\"https:\\\/\\\/www.jugendfussball-wendelstein.de\\\/wordpress\\\/tsg-roth-jfgw-47\\\/\"},\"author\":{\"name\":\"Autor\",\"@id\":\"https:\\\/\\\/www.jugendfussball-wendelstein.de\\\/wordpress\\\/#\\\/schema\\\/person\\\/75aadcbd4be1b3af1c1d785397472bc9\"},\"headline\":\"TSG Roth &#8211; JFGW 4:7\",\"datePublished\":\"2016-04-11T14:58:49+00:00\",\"mainEntityOfPage\":{\"@id\":\"https:\\\/\\\/www.jugendfussball-wendelstein.de\\\/wordpress\\\/tsg-roth-jfgw-47\\\/\"},\"wordCount\":231,\"articleSection\":[\"Kleinfeld\",\"Spielbericht\",\"U10\"],\"inLanguage\":\"de\"},{\"@type\":\"WebPage\",\"@id\":\"https:\\\/\\\/www.jugendfussball-wendelstein.de\\\/wordpress\\\/tsg-roth-jfgw-47\\\/\",\"url\":\"https:\\\/\\\/www.jugendfussball-wendelstein.de\\\/wordpress\\\/tsg-roth-jfgw-47\\\/\",\"name\":\"TSG Roth - JFGW 4:7 - JFG Wendelstein\",\"isPartOf\":{\"@id\":\"https:\\\/\\\/www.jugendfussball-wendelstein.de\\\/wordpress\\\/#website\"},\"datePublished\":\"2016-04-11T14:58:49+00:00\",\"author\":{\"@id\":\"https:\\\/\\\/www.jugendfussball-wendelstein.de\\\/wordpress\\\/#\\\/schema\\\/person\\\/75aadcbd4be1b3af1c1d785397472bc9\"},\"breadcrumb\":{\"@id\":\"https:\\\/\\\/www.jugendfussball-wendelstein.de\\\/wordpress\\\/tsg-roth-jfgw-47\\\/#breadcrumb\"},\"inLanguage\":\"de\",\"potentialAction\":[{\"@type\":\"ReadAction\",\"target\":[\"https:\\\/\\\/www.jugendfussball-wendelstein.de\\\/wordpress\\\/tsg-roth-jfgw-47\\\/\"]}]},{\"@type\":\"BreadcrumbList\",\"@id\":\"https:\\\/\\\/www.jugendfussball-wendelstein.de\\\/wordpress\\\/tsg-roth-jfgw-47\\\/#breadcrumb\",\"itemListElement\":[{\"@type\":\"ListItem\",\"position\":1,\"name\":\"Startseite\",\"item\":\"https:\\\/\\\/www.jugendfussball-wendelstein.de\\\/wordpress\\\/\"},{\"@type\":\"ListItem\",\"position\":2,\"name\":\"TSG Roth &#8211; JFGW 4:7\"}]},{\"@type\":\"WebSite\",\"@id\":\"https:\\\/\\\/www.jugendfussball-wendelstein.de\\\/wordpress\\\/#website\",\"url\":\"https:\\\/\\\/www.jugendfussball-wendelstein.de\\\/wordpress\\\/\",\"name\":\"JFG Wendelstein\",\"description\":\"Juniorenfu\u00dfball\",\"potentialAction\":[{\"@type\":\"SearchAction\",\"target\":{\"@type\":\"EntryPoint\",\"urlTemplate\":\"https:\\\/\\\/www.jugendfussball-wendelstein.de\\\/wordpress\\\/?s={search_term_string}\"},\"query-input\":{\"@type\":\"PropertyValueSpecification\",\"valueRequired\":true,\"valueName\":\"search_term_string\"}}],\"inLanguage\":\"de\"},{\"@type\":\"Person\",\"@id\":\"https:\\\/\\\/www.jugendfussball-wendelstein.de\\\/wordpress\\\/#\\\/schema\\\/person\\\/75aadcbd4be1b3af1c1d785397472bc9\",\"name\":\"Autor\",\"image\":{\"@type\":\"ImageObject\",\"inLanguage\":\"de\",\"@id\":\"https:\\\/\\\/secure.gravatar.com\\\/avatar\\\/01dd9b7f2dc8d635302f1c57c2289838e9fe288acd1c06c8f8ad332b8e2a60c9?s=96&d=mm&r=g\",\"url\":\"https:\\\/\\\/secure.gravatar.com\\\/avatar\\\/01dd9b7f2dc8d635302f1c57c2289838e9fe288acd1c06c8f8ad332b8e2a60c9?s=96&d=mm&r=g\",\"contentUrl\":\"https:\\\/\\\/secure.gravatar.com\\\/avatar\\\/01dd9b7f2dc8d635302f1c57c2289838e9fe288acd1c06c8f8ad332b8e2a60c9?s=96&d=mm&r=g\",\"caption\":\"Autor\"},\"url\":\"https:\\\/\\\/www.jugendfussball-wendelstein.de\\\/wordpress\\\/author\\\/autor\\\/\"}]}<\/script>\n<!-- \/ Yoast SEO plugin. -->","yoast_head_json":{"title":"TSG Roth - JFGW 4:7 - JFG Wendelstein","robots":{"index":"index","follow":"follow","max-snippet":"max-snippet:-1","max-image-preview":"max-image-preview:large","max-video-preview":"max-video-preview:-1"},"canonical":"https:\/\/www.jugendfussball-wendelstein.de\/wordpress\/tsg-roth-jfgw-47\/","og_locale":"de_DE","og_type":"article","og_title":"TSG Roth - JFGW 4:7 - JFG Wendelstein","og_description":"09.04.2016 : Am Samstag Mittag war es soweit, endlich durfte man sich nach einer doch sehr langen Hallenrunde wieder auf dem gr\u00fcnen Rasen messen.Zu Gast im Leoni Sportpark der TSG Roth sollte unser 2006er Jahrgang auf einen reinen 2005er Jahrgang der TSG Roth treffen.Wendelstein legte los wie die Feuerwehr! Die ersten f\u00fcnf Minuten war es [&hellip;]","og_url":"https:\/\/www.jugendfussball-wendelstein.de\/wordpress\/tsg-roth-jfgw-47\/","og_site_name":"JFG Wendelstein","article_published_time":"2016-04-11T14:58:49+00:00","author":"Autor","twitter_card":"summary_large_image","twitter_misc":{"Verfasst von":"Autor","Gesch\u00e4tzte Lesezeit":"1\u00a0Minute"},"schema":{"@context":"https:\/\/schema.org","@graph":[{"@type":"Article","@id":"https:\/\/www.jugendfussball-wendelstein.de\/wordpress\/tsg-roth-jfgw-47\/#article","isPartOf":{"@id":"https:\/\/www.jugendfussball-wendelstein.de\/wordpress\/tsg-roth-jfgw-47\/"},"author":{"name":"Autor","@id":"https:\/\/www.jugendfussball-wendelstein.de\/wordpress\/#\/schema\/person\/75aadcbd4be1b3af1c1d785397472bc9"},"headline":"TSG Roth &#8211; JFGW 4:7","datePublished":"2016-04-11T14:58:49+00:00","mainEntityOfPage":{"@id":"https:\/\/www.jugendfussball-wendelstein.de\/wordpress\/tsg-roth-jfgw-47\/"},"wordCount":231,"articleSection":["Kleinfeld","Spielbericht","U10"],"inLanguage":"de"},{"@type":"WebPage","@id":"https:\/\/www.jugendfussball-wendelstein.de\/wordpress\/tsg-roth-jfgw-47\/","url":"https:\/\/www.jugendfussball-wendelstein.de\/wordpress\/tsg-roth-jfgw-47\/","name":"TSG Roth - JFGW 4:7 - JFG Wendelstein","isPartOf":{"@id":"https:\/\/www.jugendfussball-wendelstein.de\/wordpress\/#website"},"datePublished":"2016-04-11T14:58:49+00:00","author":{"@id":"https:\/\/www.jugendfussball-wendelstein.de\/wordpress\/#\/schema\/person\/75aadcbd4be1b3af1c1d785397472bc9"},"breadcrumb":{"@id":"https:\/\/www.jugendfussball-wendelstein.de\/wordpress\/tsg-roth-jfgw-47\/#breadcrumb"},"inLanguage":"de","potentialAction":[{"@type":"ReadAction","target":["https:\/\/www.jugendfussball-wendelstein.de\/wordpress\/tsg-roth-jfgw-47\/"]}]},{"@type":"BreadcrumbList","@id":"https:\/\/www.jugendfussball-wendelstein.de\/wordpress\/tsg-roth-jfgw-47\/#breadcrumb","itemListElement":[{"@type":"ListItem","position":1,"name":"Startseite","item":"https:\/\/www.jugendfussball-wendelstein.de\/wordpress\/"},{"@type":"ListItem","position":2,"name":"TSG Roth &#8211; JFGW 4:7"}]},{"@type":"WebSite","@id":"https:\/\/www.jugendfussball-wendelstein.de\/wordpress\/#website","url":"https:\/\/www.jugendfussball-wendelstein.de\/wordpress\/","name":"JFG Wendelstein","description":"Juniorenfu\u00dfball","potentialAction":[{"@type":"SearchAction","target":{"@type":"EntryPoint","urlTemplate":"https:\/\/www.jugendfussball-wendelstein.de\/wordpress\/?s={search_term_string}"},"query-input":{"@type":"PropertyValueSpecification","valueRequired":true,"valueName":"search_term_string"}}],"inLanguage":"de"},{"@type":"Person","@id":"https:\/\/www.jugendfussball-wendelstein.de\/wordpress\/#\/schema\/person\/75aadcbd4be1b3af1c1d785397472bc9","name":"Autor","image":{"@type":"ImageObject","inLanguage":"de","@id":"https:\/\/secure.gravatar.com\/avatar\/01dd9b7f2dc8d635302f1c57c2289838e9fe288acd1c06c8f8ad332b8e2a60c9?s=96&d=mm&r=g","url":"https:\/\/secure.gravatar.com\/avatar\/01dd9b7f2dc8d635302f1c57c2289838e9fe288acd1c06c8f8ad332b8e2a60c9?s=96&d=mm&r=g","contentUrl":"https:\/\/secure.gravatar.com\/avatar\/01dd9b7f2dc8d635302f1c57c2289838e9fe288acd1c06c8f8ad332b8e2a60c9?s=96&d=mm&r=g","caption":"Autor"},"url":"https:\/\/www.jugendfussball-wendelstein.de\/wordpress\/author\/autor\/"}]}},"_links":{"self":[{"href":"https:\/\/www.jugendfussball-wendelstein.de\/wordpress\/wp-json\/wp\/v2\/posts\/3483","targetHints":{"allow":["GET"]}}],"collection":[{"href":"https:\/\/www.jugendfussball-wendelstein.de\/wordpress\/wp-json\/wp\/v2\/posts"}],"about":[{"href":"https:\/\/www.jugendfussball-wendelstein.de\/wordpress\/wp-json\/wp\/v2\/types\/post"}],"author":[{"embeddable":true,"href":"https:\/\/www.jugendfussball-wendelstein.de\/wordpress\/wp-json\/wp\/v2\/users\/4"}],"replies":[{"embeddable":true,"href":"https:\/\/www.jugendfussball-wendelstein.de\/wordpress\/wp-json\/wp\/v2\/comments?post=3483"}],"version-history":[{"count":0,"href":"https:\/\/www.jugendfussball-wendelstein.de\/wordpress\/wp-json\/wp\/v2\/posts\/3483\/revisions"}],"wp:attachment":[{"href":"https:\/\/www.jugendfussball-wendelstein.de\/wordpress\/wp-json\/wp\/v2\/media?parent=3483"}],"wp:term":[{"taxonomy":"category","embeddable":true,"href":"https:\/\/www.jugendfussball-wendelstein.de\/wordpress\/wp-json\/wp\/v2\/categories?post=3483"},{"taxonomy":"post_tag","embeddable":true,"href":"https:\/\/www.jugendfussball-wendelstein.de\/wordpress\/wp-json\/wp\/v2\/tags?post=3483"}],"curies":[{"name":"wp","href":"https:\/\/api.w.org\/{rel}","templated":true}]}}