{"id":3694,"date":"2016-06-27T14:51:50","date_gmt":"2016-06-27T12:51:50","guid":{"rendered":"http:\/\/www.jugendfussball-wendelstein.de\/wordpress\/?p=3694"},"modified":"2016-06-27T14:59:37","modified_gmt":"2016-06-27T12:59:37","slug":"turniersieg-bei-der-sg-nuernberg-hauchduenn-verpasst","status":"publish","type":"post","link":"https:\/\/www.jugendfussball-wendelstein.de\/wordpress\/turniersieg-bei-der-sg-nuernberg-hauchduenn-verpasst\/","title":{"rendered":"Turniersieg bei der SG N\u00fcrnberg hauchd\u00fcnn verpasst!"},"content":{"rendered":"<p>Die neue U15 und zuk\u00fcnftiger Bayernligist war heute Gast bei der SG 83 N\u00fcrnberg um an deren Sommerturnier teilzunehmen. Zuerst wurde in zwei Gruppen zu je f\u00fcnf Teams, bei einer Spielzeit von 20 Minuten, gespielt. Zum Auftakt ging es gegen den Ligakonkurrenten vom FSV Erlangen-Bruck. Ein Last-Minute-Treffer entschied zu unseren Gunsten eine ausgeglichene Begegnung. Anders lief das zweite Spiel ab. In den ersten Minuten wurden drei Tore erzielt, anschlie\u00dfend zwei G\u00e4nge heruntergefahren, sodass Johannis 83 sogar den Ehrentreffer markieren konnte. Dies sollte das einzige Gegentor im Turnierverlauf bleiben, ansonsten hielt die Truppe den Kasten sauber. Im dritten Spiel reichte uns gegen Neu- Ulm wieder ein Tor um den Sieg einzufahren. Gegen eine sehr gut agierende Mannschaft vom Post SV mussten wir uns im letzten Gruppenspiel mit einem torlosen Remis zufrieden geben. Dennoch zogen wir als Erster in die Finalrunde ein. Diese wurde von den jeweils ersten drei beider Gruppen ausgespielt. Der TSV Neu-Ulm und der Post SV begleiteten uns dahin. Die erspielten 4 Punkte und das Torverh\u00e4ltnis von 1:0 gegen diese Teams wurden der Finalrunde angerechnet, die anderen beiden Ergebnisse wurden gestrichen. Nun wurde also gegen die drei Mannschaften aus der Gruppe B gespielt. Gegen den SK Lauf reichte eine solide Vorstellung um mit 2:0 die Oberhand zu behalten. Mit dem selben Resultat wurde der SC Feucht bezwungen. Bevor wir zum Abschluss gegen den Gastgeber antraten wurde der Rechenschieber rausgeholt. Der Post SV war Punktgleich und hatte zu diesem Zeitpunkt die um zwei Tore bessere Differenz bei noch einer ausstehenden Begegnung. Es sollten also mindestens drei Treffer sein um die Chance auf den Turniersieg zu wahren. Spielbestimmend dr\u00fcckten die Jungs auf das Gaspedal und erreichten die Mindestvorgabe von drei Toren. Es w\u00e4ren durchaus einige mehr drin gewesen. Das Team vom Ebensee gewann die nachfolgende Partie gegen den SK Lauf mit 2:0 und holten durch ein Tor mehr den Turniersieg. So wurde die JFG ungeschlagen zweiter!<\/p>\n<p><strong><em>Danke an die SG 83 N\u00fcrnberg f\u00fcr die gute Durchf\u00fchrung des Turnieres.<\/em><\/strong><\/p>\n<p><img loading=\"lazy\" decoding=\"async\" class=\"alignleft size-full wp-image-3696\" src=\"https:\/\/www.jugendfussball-wendelstein.de\/wordpress\/wp-content\/uploads\/2016\/06\/image1.jpg\" alt=\"image1\" width=\"1600\" height=\"900\" srcset=\"https:\/\/www.jugendfussball-wendelstein.de\/wordpress\/wp-content\/uploads\/2016\/06\/image1.jpg 1600w, https:\/\/www.jugendfussball-wendelstein.de\/wordpress\/wp-content\/uploads\/2016\/06\/image1-350x197.jpg 350w, https:\/\/www.jugendfussball-wendelstein.de\/wordpress\/wp-content\/uploads\/2016\/06\/image1-768x432.jpg 768w, https:\/\/www.jugendfussball-wendelstein.de\/wordpress\/wp-content\/uploads\/2016\/06\/image1-1024x576.jpg 1024w\" sizes=\"(max-width: 1600px) 100vw, 1600px\" \/><\/p>\n","protected":false},"excerpt":{"rendered":"<p>Die neue U15 und zuk\u00fcnftiger Bayernligist war heute Gast bei der SG 83 N\u00fcrnberg um an deren Sommerturnier teilzunehmen. Zuerst wurde in zwei Gruppen zu je f\u00fcnf Teams, bei einer Spielzeit von 20 Minuten, gespielt. Zum Auftakt ging es gegen den Ligakonkurrenten vom FSV Erlangen-Bruck. Ein Last-Minute-Treffer entschied zu unseren Gunsten eine ausgeglichene Begegnung. Anders [&hellip;]<\/p>\n","protected":false},"author":4,"featured_media":0,"comment_status":"closed","ping_status":"closed","sticky":false,"template":"","format":"standard","meta":{"saved_in_kubio":false,"footnotes":""},"categories":[2,16,18],"tags":[],"class_list":["post-3694","post","type-post","status-publish","format-standard","hentry","category-gf","category-spielbericht","category-u14"],"yoast_head":"<!-- This site is optimized with the Yoast SEO plugin v27.4 - https:\/\/yoast.com\/product\/yoast-seo-wordpress\/ -->\n<title>Turniersieg bei der SG N\u00fcrnberg hauchd\u00fcnn verpasst! - JFG Wendelstein<\/title>\n<meta name=\"robots\" content=\"index, follow, max-snippet:-1, max-image-preview:large, max-video-preview:-1\" \/>\n<link rel=\"canonical\" href=\"https:\/\/www.jugendfussball-wendelstein.de\/wordpress\/turniersieg-bei-der-sg-nuernberg-hauchduenn-verpasst\/\" \/>\n<meta property=\"og:locale\" content=\"de_DE\" \/>\n<meta property=\"og:type\" content=\"article\" \/>\n<meta property=\"og:title\" content=\"Turniersieg bei der SG N\u00fcrnberg hauchd\u00fcnn verpasst! - JFG Wendelstein\" \/>\n<meta property=\"og:description\" content=\"Die neue U15 und zuk\u00fcnftiger Bayernligist war heute Gast bei der SG 83 N\u00fcrnberg um an deren Sommerturnier teilzunehmen. Zuerst wurde in zwei Gruppen zu je f\u00fcnf Teams, bei einer Spielzeit von 20 Minuten, gespielt. Zum Auftakt ging es gegen den Ligakonkurrenten vom FSV Erlangen-Bruck. Ein Last-Minute-Treffer entschied zu unseren Gunsten eine ausgeglichene Begegnung. Anders [&hellip;]\" \/>\n<meta property=\"og:url\" content=\"https:\/\/www.jugendfussball-wendelstein.de\/wordpress\/turniersieg-bei-der-sg-nuernberg-hauchduenn-verpasst\/\" \/>\n<meta property=\"og:site_name\" content=\"JFG Wendelstein\" \/>\n<meta property=\"article:published_time\" content=\"2016-06-27T12:51:50+00:00\" \/>\n<meta property=\"article:modified_time\" content=\"2016-06-27T12:59:37+00:00\" \/>\n<meta property=\"og:image\" content=\"http:\/\/www.jugendfussball-wendelstein.de\/wordpress\/wp-content\/uploads\/2016\/06\/image1.jpg\" \/>\n<meta name=\"author\" content=\"Autor\" \/>\n<meta name=\"twitter:card\" content=\"summary_large_image\" \/>\n<meta name=\"twitter:label1\" content=\"Verfasst von\" \/>\n\t<meta name=\"twitter:data1\" content=\"Autor\" \/>\n\t<meta name=\"twitter:label2\" content=\"Gesch\u00e4tzte Lesezeit\" \/>\n\t<meta name=\"twitter:data2\" content=\"2\u00a0Minuten\" \/>\n<script type=\"application\/ld+json\" class=\"yoast-schema-graph\">{\"@context\":\"https:\\\/\\\/schema.org\",\"@graph\":[{\"@type\":\"Article\",\"@id\":\"https:\\\/\\\/www.jugendfussball-wendelstein.de\\\/wordpress\\\/turniersieg-bei-der-sg-nuernberg-hauchduenn-verpasst\\\/#article\",\"isPartOf\":{\"@id\":\"https:\\\/\\\/www.jugendfussball-wendelstein.de\\\/wordpress\\\/turniersieg-bei-der-sg-nuernberg-hauchduenn-verpasst\\\/\"},\"author\":{\"name\":\"Autor\",\"@id\":\"https:\\\/\\\/www.jugendfussball-wendelstein.de\\\/wordpress\\\/#\\\/schema\\\/person\\\/75aadcbd4be1b3af1c1d785397472bc9\"},\"headline\":\"Turniersieg bei der SG N\u00fcrnberg hauchd\u00fcnn verpasst!\",\"datePublished\":\"2016-06-27T12:51:50+00:00\",\"dateModified\":\"2016-06-27T12:59:37+00:00\",\"mainEntityOfPage\":{\"@id\":\"https:\\\/\\\/www.jugendfussball-wendelstein.de\\\/wordpress\\\/turniersieg-bei-der-sg-nuernberg-hauchduenn-verpasst\\\/\"},\"wordCount\":339,\"image\":{\"@id\":\"https:\\\/\\\/www.jugendfussball-wendelstein.de\\\/wordpress\\\/turniersieg-bei-der-sg-nuernberg-hauchduenn-verpasst\\\/#primaryimage\"},\"thumbnailUrl\":\"http:\\\/\\\/www.jugendfussball-wendelstein.de\\\/wordpress\\\/wp-content\\\/uploads\\\/2016\\\/06\\\/image1.jpg\",\"articleSection\":[\"Gro\u00dffeld\",\"Spielbericht\",\"U14\"],\"inLanguage\":\"de\"},{\"@type\":\"WebPage\",\"@id\":\"https:\\\/\\\/www.jugendfussball-wendelstein.de\\\/wordpress\\\/turniersieg-bei-der-sg-nuernberg-hauchduenn-verpasst\\\/\",\"url\":\"https:\\\/\\\/www.jugendfussball-wendelstein.de\\\/wordpress\\\/turniersieg-bei-der-sg-nuernberg-hauchduenn-verpasst\\\/\",\"name\":\"Turniersieg bei der SG N\u00fcrnberg hauchd\u00fcnn verpasst! - JFG Wendelstein\",\"isPartOf\":{\"@id\":\"https:\\\/\\\/www.jugendfussball-wendelstein.de\\\/wordpress\\\/#website\"},\"primaryImageOfPage\":{\"@id\":\"https:\\\/\\\/www.jugendfussball-wendelstein.de\\\/wordpress\\\/turniersieg-bei-der-sg-nuernberg-hauchduenn-verpasst\\\/#primaryimage\"},\"image\":{\"@id\":\"https:\\\/\\\/www.jugendfussball-wendelstein.de\\\/wordpress\\\/turniersieg-bei-der-sg-nuernberg-hauchduenn-verpasst\\\/#primaryimage\"},\"thumbnailUrl\":\"http:\\\/\\\/www.jugendfussball-wendelstein.de\\\/wordpress\\\/wp-content\\\/uploads\\\/2016\\\/06\\\/image1.jpg\",\"datePublished\":\"2016-06-27T12:51:50+00:00\",\"dateModified\":\"2016-06-27T12:59:37+00:00\",\"author\":{\"@id\":\"https:\\\/\\\/www.jugendfussball-wendelstein.de\\\/wordpress\\\/#\\\/schema\\\/person\\\/75aadcbd4be1b3af1c1d785397472bc9\"},\"breadcrumb\":{\"@id\":\"https:\\\/\\\/www.jugendfussball-wendelstein.de\\\/wordpress\\\/turniersieg-bei-der-sg-nuernberg-hauchduenn-verpasst\\\/#breadcrumb\"},\"inLanguage\":\"de\",\"potentialAction\":[{\"@type\":\"ReadAction\",\"target\":[\"https:\\\/\\\/www.jugendfussball-wendelstein.de\\\/wordpress\\\/turniersieg-bei-der-sg-nuernberg-hauchduenn-verpasst\\\/\"]}]},{\"@type\":\"ImageObject\",\"inLanguage\":\"de\",\"@id\":\"https:\\\/\\\/www.jugendfussball-wendelstein.de\\\/wordpress\\\/turniersieg-bei-der-sg-nuernberg-hauchduenn-verpasst\\\/#primaryimage\",\"url\":\"http:\\\/\\\/www.jugendfussball-wendelstein.de\\\/wordpress\\\/wp-content\\\/uploads\\\/2016\\\/06\\\/image1.jpg\",\"contentUrl\":\"http:\\\/\\\/www.jugendfussball-wendelstein.de\\\/wordpress\\\/wp-content\\\/uploads\\\/2016\\\/06\\\/image1.jpg\"},{\"@type\":\"BreadcrumbList\",\"@id\":\"https:\\\/\\\/www.jugendfussball-wendelstein.de\\\/wordpress\\\/turniersieg-bei-der-sg-nuernberg-hauchduenn-verpasst\\\/#breadcrumb\",\"itemListElement\":[{\"@type\":\"ListItem\",\"position\":1,\"name\":\"Startseite\",\"item\":\"https:\\\/\\\/www.jugendfussball-wendelstein.de\\\/wordpress\\\/\"},{\"@type\":\"ListItem\",\"position\":2,\"name\":\"Turniersieg bei der SG N\u00fcrnberg hauchd\u00fcnn verpasst!\"}]},{\"@type\":\"WebSite\",\"@id\":\"https:\\\/\\\/www.jugendfussball-wendelstein.de\\\/wordpress\\\/#website\",\"url\":\"https:\\\/\\\/www.jugendfussball-wendelstein.de\\\/wordpress\\\/\",\"name\":\"JFG Wendelstein\",\"description\":\"Juniorenfu\u00dfball\",\"potentialAction\":[{\"@type\":\"SearchAction\",\"target\":{\"@type\":\"EntryPoint\",\"urlTemplate\":\"https:\\\/\\\/www.jugendfussball-wendelstein.de\\\/wordpress\\\/?s={search_term_string}\"},\"query-input\":{\"@type\":\"PropertyValueSpecification\",\"valueRequired\":true,\"valueName\":\"search_term_string\"}}],\"inLanguage\":\"de\"},{\"@type\":\"Person\",\"@id\":\"https:\\\/\\\/www.jugendfussball-wendelstein.de\\\/wordpress\\\/#\\\/schema\\\/person\\\/75aadcbd4be1b3af1c1d785397472bc9\",\"name\":\"Autor\",\"image\":{\"@type\":\"ImageObject\",\"inLanguage\":\"de\",\"@id\":\"https:\\\/\\\/secure.gravatar.com\\\/avatar\\\/01dd9b7f2dc8d635302f1c57c2289838e9fe288acd1c06c8f8ad332b8e2a60c9?s=96&d=mm&r=g\",\"url\":\"https:\\\/\\\/secure.gravatar.com\\\/avatar\\\/01dd9b7f2dc8d635302f1c57c2289838e9fe288acd1c06c8f8ad332b8e2a60c9?s=96&d=mm&r=g\",\"contentUrl\":\"https:\\\/\\\/secure.gravatar.com\\\/avatar\\\/01dd9b7f2dc8d635302f1c57c2289838e9fe288acd1c06c8f8ad332b8e2a60c9?s=96&d=mm&r=g\",\"caption\":\"Autor\"},\"url\":\"https:\\\/\\\/www.jugendfussball-wendelstein.de\\\/wordpress\\\/author\\\/autor\\\/\"}]}<\/script>\n<!-- \/ Yoast SEO plugin. -->","yoast_head_json":{"title":"Turniersieg bei der SG N\u00fcrnberg hauchd\u00fcnn verpasst! - JFG Wendelstein","robots":{"index":"index","follow":"follow","max-snippet":"max-snippet:-1","max-image-preview":"max-image-preview:large","max-video-preview":"max-video-preview:-1"},"canonical":"https:\/\/www.jugendfussball-wendelstein.de\/wordpress\/turniersieg-bei-der-sg-nuernberg-hauchduenn-verpasst\/","og_locale":"de_DE","og_type":"article","og_title":"Turniersieg bei der SG N\u00fcrnberg hauchd\u00fcnn verpasst! - JFG Wendelstein","og_description":"Die neue U15 und zuk\u00fcnftiger Bayernligist war heute Gast bei der SG 83 N\u00fcrnberg um an deren Sommerturnier teilzunehmen. Zuerst wurde in zwei Gruppen zu je f\u00fcnf Teams, bei einer Spielzeit von 20 Minuten, gespielt. Zum Auftakt ging es gegen den Ligakonkurrenten vom FSV Erlangen-Bruck. Ein Last-Minute-Treffer entschied zu unseren Gunsten eine ausgeglichene Begegnung. Anders [&hellip;]","og_url":"https:\/\/www.jugendfussball-wendelstein.de\/wordpress\/turniersieg-bei-der-sg-nuernberg-hauchduenn-verpasst\/","og_site_name":"JFG Wendelstein","article_published_time":"2016-06-27T12:51:50+00:00","article_modified_time":"2016-06-27T12:59:37+00:00","og_image":[{"url":"http:\/\/www.jugendfussball-wendelstein.de\/wordpress\/wp-content\/uploads\/2016\/06\/image1.jpg","type":"","width":"","height":""}],"author":"Autor","twitter_card":"summary_large_image","twitter_misc":{"Verfasst von":"Autor","Gesch\u00e4tzte Lesezeit":"2\u00a0Minuten"},"schema":{"@context":"https:\/\/schema.org","@graph":[{"@type":"Article","@id":"https:\/\/www.jugendfussball-wendelstein.de\/wordpress\/turniersieg-bei-der-sg-nuernberg-hauchduenn-verpasst\/#article","isPartOf":{"@id":"https:\/\/www.jugendfussball-wendelstein.de\/wordpress\/turniersieg-bei-der-sg-nuernberg-hauchduenn-verpasst\/"},"author":{"name":"Autor","@id":"https:\/\/www.jugendfussball-wendelstein.de\/wordpress\/#\/schema\/person\/75aadcbd4be1b3af1c1d785397472bc9"},"headline":"Turniersieg bei der SG N\u00fcrnberg hauchd\u00fcnn verpasst!","datePublished":"2016-06-27T12:51:50+00:00","dateModified":"2016-06-27T12:59:37+00:00","mainEntityOfPage":{"@id":"https:\/\/www.jugendfussball-wendelstein.de\/wordpress\/turniersieg-bei-der-sg-nuernberg-hauchduenn-verpasst\/"},"wordCount":339,"image":{"@id":"https:\/\/www.jugendfussball-wendelstein.de\/wordpress\/turniersieg-bei-der-sg-nuernberg-hauchduenn-verpasst\/#primaryimage"},"thumbnailUrl":"http:\/\/www.jugendfussball-wendelstein.de\/wordpress\/wp-content\/uploads\/2016\/06\/image1.jpg","articleSection":["Gro\u00dffeld","Spielbericht","U14"],"inLanguage":"de"},{"@type":"WebPage","@id":"https:\/\/www.jugendfussball-wendelstein.de\/wordpress\/turniersieg-bei-der-sg-nuernberg-hauchduenn-verpasst\/","url":"https:\/\/www.jugendfussball-wendelstein.de\/wordpress\/turniersieg-bei-der-sg-nuernberg-hauchduenn-verpasst\/","name":"Turniersieg bei der SG N\u00fcrnberg hauchd\u00fcnn verpasst! - JFG Wendelstein","isPartOf":{"@id":"https:\/\/www.jugendfussball-wendelstein.de\/wordpress\/#website"},"primaryImageOfPage":{"@id":"https:\/\/www.jugendfussball-wendelstein.de\/wordpress\/turniersieg-bei-der-sg-nuernberg-hauchduenn-verpasst\/#primaryimage"},"image":{"@id":"https:\/\/www.jugendfussball-wendelstein.de\/wordpress\/turniersieg-bei-der-sg-nuernberg-hauchduenn-verpasst\/#primaryimage"},"thumbnailUrl":"http:\/\/www.jugendfussball-wendelstein.de\/wordpress\/wp-content\/uploads\/2016\/06\/image1.jpg","datePublished":"2016-06-27T12:51:50+00:00","dateModified":"2016-06-27T12:59:37+00:00","author":{"@id":"https:\/\/www.jugendfussball-wendelstein.de\/wordpress\/#\/schema\/person\/75aadcbd4be1b3af1c1d785397472bc9"},"breadcrumb":{"@id":"https:\/\/www.jugendfussball-wendelstein.de\/wordpress\/turniersieg-bei-der-sg-nuernberg-hauchduenn-verpasst\/#breadcrumb"},"inLanguage":"de","potentialAction":[{"@type":"ReadAction","target":["https:\/\/www.jugendfussball-wendelstein.de\/wordpress\/turniersieg-bei-der-sg-nuernberg-hauchduenn-verpasst\/"]}]},{"@type":"ImageObject","inLanguage":"de","@id":"https:\/\/www.jugendfussball-wendelstein.de\/wordpress\/turniersieg-bei-der-sg-nuernberg-hauchduenn-verpasst\/#primaryimage","url":"http:\/\/www.jugendfussball-wendelstein.de\/wordpress\/wp-content\/uploads\/2016\/06\/image1.jpg","contentUrl":"http:\/\/www.jugendfussball-wendelstein.de\/wordpress\/wp-content\/uploads\/2016\/06\/image1.jpg"},{"@type":"BreadcrumbList","@id":"https:\/\/www.jugendfussball-wendelstein.de\/wordpress\/turniersieg-bei-der-sg-nuernberg-hauchduenn-verpasst\/#breadcrumb","itemListElement":[{"@type":"ListItem","position":1,"name":"Startseite","item":"https:\/\/www.jugendfussball-wendelstein.de\/wordpress\/"},{"@type":"ListItem","position":2,"name":"Turniersieg bei der SG N\u00fcrnberg hauchd\u00fcnn verpasst!"}]},{"@type":"WebSite","@id":"https:\/\/www.jugendfussball-wendelstein.de\/wordpress\/#website","url":"https:\/\/www.jugendfussball-wendelstein.de\/wordpress\/","name":"JFG Wendelstein","description":"Juniorenfu\u00dfball","potentialAction":[{"@type":"SearchAction","target":{"@type":"EntryPoint","urlTemplate":"https:\/\/www.jugendfussball-wendelstein.de\/wordpress\/?s={search_term_string}"},"query-input":{"@type":"PropertyValueSpecification","valueRequired":true,"valueName":"search_term_string"}}],"inLanguage":"de"},{"@type":"Person","@id":"https:\/\/www.jugendfussball-wendelstein.de\/wordpress\/#\/schema\/person\/75aadcbd4be1b3af1c1d785397472bc9","name":"Autor","image":{"@type":"ImageObject","inLanguage":"de","@id":"https:\/\/secure.gravatar.com\/avatar\/01dd9b7f2dc8d635302f1c57c2289838e9fe288acd1c06c8f8ad332b8e2a60c9?s=96&d=mm&r=g","url":"https:\/\/secure.gravatar.com\/avatar\/01dd9b7f2dc8d635302f1c57c2289838e9fe288acd1c06c8f8ad332b8e2a60c9?s=96&d=mm&r=g","contentUrl":"https:\/\/secure.gravatar.com\/avatar\/01dd9b7f2dc8d635302f1c57c2289838e9fe288acd1c06c8f8ad332b8e2a60c9?s=96&d=mm&r=g","caption":"Autor"},"url":"https:\/\/www.jugendfussball-wendelstein.de\/wordpress\/author\/autor\/"}]}},"_links":{"self":[{"href":"https:\/\/www.jugendfussball-wendelstein.de\/wordpress\/wp-json\/wp\/v2\/posts\/3694","targetHints":{"allow":["GET"]}}],"collection":[{"href":"https:\/\/www.jugendfussball-wendelstein.de\/wordpress\/wp-json\/wp\/v2\/posts"}],"about":[{"href":"https:\/\/www.jugendfussball-wendelstein.de\/wordpress\/wp-json\/wp\/v2\/types\/post"}],"author":[{"embeddable":true,"href":"https:\/\/www.jugendfussball-wendelstein.de\/wordpress\/wp-json\/wp\/v2\/users\/4"}],"replies":[{"embeddable":true,"href":"https:\/\/www.jugendfussball-wendelstein.de\/wordpress\/wp-json\/wp\/v2\/comments?post=3694"}],"version-history":[{"count":0,"href":"https:\/\/www.jugendfussball-wendelstein.de\/wordpress\/wp-json\/wp\/v2\/posts\/3694\/revisions"}],"wp:attachment":[{"href":"https:\/\/www.jugendfussball-wendelstein.de\/wordpress\/wp-json\/wp\/v2\/media?parent=3694"}],"wp:term":[{"taxonomy":"category","embeddable":true,"href":"https:\/\/www.jugendfussball-wendelstein.de\/wordpress\/wp-json\/wp\/v2\/categories?post=3694"},{"taxonomy":"post_tag","embeddable":true,"href":"https:\/\/www.jugendfussball-wendelstein.de\/wordpress\/wp-json\/wp\/v2\/tags?post=3694"}],"curies":[{"name":"wp","href":"https:\/\/api.w.org\/{rel}","templated":true}]}}