{"id":4253,"date":"2016-09-05T09:39:27","date_gmt":"2016-09-05T07:39:27","guid":{"rendered":"http:\/\/www.jugendfussball-wendelstein.de\/wordpress\/?p=4253"},"modified":"2016-09-05T09:39:27","modified_gmt":"2016-09-05T07:39:27","slug":"schwere-verletzung-ueberschattet-20-erfolg-gegen-amberg","status":"publish","type":"post","link":"https:\/\/www.jugendfussball-wendelstein.de\/wordpress\/schwere-verletzung-ueberschattet-20-erfolg-gegen-amberg\/","title":{"rendered":"Schwere Verletzung \u00fcberschattet 2:0 Erfolg gegen Amberg"},"content":{"rendered":"<p>Einen Tag nach dem ersten Test gegen Wei\u00dfenburg ging es gleich weiter gegen den FC Amberg.<\/p>\n<p>Doch nach 10 Minuten wurde das sportliche erstmal beiseite geschoben. Unser Christopher, der nach f\u00fcnf Monaten Verletzungspause erst am Vortag wieder auf dem Platz stand, brach sich den Unterarm. Beim Antritt zum Sprint rutschte er weg. Er wurde noch am Nachmittag erfolgreich operiert. Von hier aus nochmals gute Besserung.<\/p>\n<p><img loading=\"lazy\" decoding=\"async\" class=\" wp-image-4266 aligncenter\" src=\"https:\/\/www.jugendfussball-wendelstein.de\/wordpress\/wp-content\/uploads\/2016\/08\/13995579_1109562729131211_4801628333246564004_o-350x231.jpg\" alt=\"13995579_1109562729131211_4801628333246564004_o\" width=\"340\" height=\"224\" srcset=\"https:\/\/www.jugendfussball-wendelstein.de\/wordpress\/wp-content\/uploads\/2016\/08\/13995579_1109562729131211_4801628333246564004_o-350x231.jpg 350w, https:\/\/www.jugendfussball-wendelstein.de\/wordpress\/wp-content\/uploads\/2016\/08\/13995579_1109562729131211_4801628333246564004_o-768x507.jpg 768w, https:\/\/www.jugendfussball-wendelstein.de\/wordpress\/wp-content\/uploads\/2016\/08\/13995579_1109562729131211_4801628333246564004_o.jpg 1000w\" sizes=\"(max-width: 340px) 100vw, 340px\" \/><\/p>\n<p>Der sportliche Teil gestaltete sich angenehmer als beim Gastspiel in Wei\u00dfenburg. Aus einer sicheren Defensive heraus \u00fcbernahm man das Kommando. Man zwang den FC Amberg dazu \u00fcberwiegend mit langen B\u00e4llen zu operieren, die meist souver\u00e4n gekl\u00e4rt wurden. Die JFG selbst konnte mit einer guten Spielanlage gefallen. Im zweiten Durchgang \u00fcberlie\u00df man dem Gast das Spiel ohne ernsthaft in Gefahr zu geraten. Das 2:0 geht sicher in Ordnung.<\/p>\n","protected":false},"excerpt":{"rendered":"<p>Einen Tag nach dem ersten Test gegen Wei\u00dfenburg ging es gleich weiter gegen den FC Amberg. Doch nach 10 Minuten wurde das sportliche erstmal beiseite geschoben. Unser Christopher, der nach f\u00fcnf Monaten Verletzungspause erst am Vortag wieder auf dem Platz stand, brach sich den Unterarm. Beim Antritt zum Sprint rutschte er weg. Er wurde noch [&hellip;]<\/p>\n","protected":false},"author":4,"featured_media":0,"comment_status":"closed","ping_status":"closed","sticky":false,"template":"","format":"standard","meta":{"saved_in_kubio":false,"footnotes":""},"categories":[2,16,17],"tags":[],"class_list":["post-4253","post","type-post","status-publish","format-standard","hentry","category-gf","category-spielbericht","category-u15"],"yoast_head":"<!-- This site is optimized with the Yoast SEO plugin v27.4 - https:\/\/yoast.com\/product\/yoast-seo-wordpress\/ -->\n<title>Schwere Verletzung \u00fcberschattet 2:0 Erfolg gegen Amberg - JFG Wendelstein<\/title>\n<meta name=\"robots\" content=\"index, follow, max-snippet:-1, max-image-preview:large, max-video-preview:-1\" \/>\n<link rel=\"canonical\" href=\"https:\/\/www.jugendfussball-wendelstein.de\/wordpress\/schwere-verletzung-ueberschattet-20-erfolg-gegen-amberg\/\" \/>\n<meta property=\"og:locale\" content=\"de_DE\" \/>\n<meta property=\"og:type\" content=\"article\" \/>\n<meta property=\"og:title\" content=\"Schwere Verletzung \u00fcberschattet 2:0 Erfolg gegen Amberg - JFG Wendelstein\" \/>\n<meta property=\"og:description\" content=\"Einen Tag nach dem ersten Test gegen Wei\u00dfenburg ging es gleich weiter gegen den FC Amberg. Doch nach 10 Minuten wurde das sportliche erstmal beiseite geschoben. Unser Christopher, der nach f\u00fcnf Monaten Verletzungspause erst am Vortag wieder auf dem Platz stand, brach sich den Unterarm. Beim Antritt zum Sprint rutschte er weg. Er wurde noch [&hellip;]\" \/>\n<meta property=\"og:url\" content=\"https:\/\/www.jugendfussball-wendelstein.de\/wordpress\/schwere-verletzung-ueberschattet-20-erfolg-gegen-amberg\/\" \/>\n<meta property=\"og:site_name\" content=\"JFG Wendelstein\" \/>\n<meta property=\"article:published_time\" content=\"2016-09-05T07:39:27+00:00\" \/>\n<meta property=\"og:image\" content=\"http:\/\/www.jugendfussball-wendelstein.de\/wordpress\/wp-content\/uploads\/2016\/08\/13995579_1109562729131211_4801628333246564004_o-350x231.jpg\" \/>\n<meta name=\"author\" content=\"Autor\" \/>\n<meta name=\"twitter:card\" content=\"summary_large_image\" \/>\n<meta name=\"twitter:label1\" content=\"Verfasst von\" \/>\n\t<meta name=\"twitter:data1\" content=\"Autor\" \/>\n\t<meta name=\"twitter:label2\" content=\"Gesch\u00e4tzte Lesezeit\" \/>\n\t<meta name=\"twitter:data2\" content=\"1\u00a0Minute\" \/>\n<script type=\"application\/ld+json\" class=\"yoast-schema-graph\">{\"@context\":\"https:\\\/\\\/schema.org\",\"@graph\":[{\"@type\":\"Article\",\"@id\":\"https:\\\/\\\/www.jugendfussball-wendelstein.de\\\/wordpress\\\/schwere-verletzung-ueberschattet-20-erfolg-gegen-amberg\\\/#article\",\"isPartOf\":{\"@id\":\"https:\\\/\\\/www.jugendfussball-wendelstein.de\\\/wordpress\\\/schwere-verletzung-ueberschattet-20-erfolg-gegen-amberg\\\/\"},\"author\":{\"name\":\"Autor\",\"@id\":\"https:\\\/\\\/www.jugendfussball-wendelstein.de\\\/wordpress\\\/#\\\/schema\\\/person\\\/75aadcbd4be1b3af1c1d785397472bc9\"},\"headline\":\"Schwere Verletzung \u00fcberschattet 2:0 Erfolg gegen Amberg\",\"datePublished\":\"2016-09-05T07:39:27+00:00\",\"mainEntityOfPage\":{\"@id\":\"https:\\\/\\\/www.jugendfussball-wendelstein.de\\\/wordpress\\\/schwere-verletzung-ueberschattet-20-erfolg-gegen-amberg\\\/\"},\"wordCount\":142,\"image\":{\"@id\":\"https:\\\/\\\/www.jugendfussball-wendelstein.de\\\/wordpress\\\/schwere-verletzung-ueberschattet-20-erfolg-gegen-amberg\\\/#primaryimage\"},\"thumbnailUrl\":\"http:\\\/\\\/www.jugendfussball-wendelstein.de\\\/wordpress\\\/wp-content\\\/uploads\\\/2016\\\/08\\\/13995579_1109562729131211_4801628333246564004_o-350x231.jpg\",\"articleSection\":[\"Gro\u00dffeld\",\"Spielbericht\",\"U15\"],\"inLanguage\":\"de\"},{\"@type\":\"WebPage\",\"@id\":\"https:\\\/\\\/www.jugendfussball-wendelstein.de\\\/wordpress\\\/schwere-verletzung-ueberschattet-20-erfolg-gegen-amberg\\\/\",\"url\":\"https:\\\/\\\/www.jugendfussball-wendelstein.de\\\/wordpress\\\/schwere-verletzung-ueberschattet-20-erfolg-gegen-amberg\\\/\",\"name\":\"Schwere Verletzung \u00fcberschattet 2:0 Erfolg gegen Amberg - JFG Wendelstein\",\"isPartOf\":{\"@id\":\"https:\\\/\\\/www.jugendfussball-wendelstein.de\\\/wordpress\\\/#website\"},\"primaryImageOfPage\":{\"@id\":\"https:\\\/\\\/www.jugendfussball-wendelstein.de\\\/wordpress\\\/schwere-verletzung-ueberschattet-20-erfolg-gegen-amberg\\\/#primaryimage\"},\"image\":{\"@id\":\"https:\\\/\\\/www.jugendfussball-wendelstein.de\\\/wordpress\\\/schwere-verletzung-ueberschattet-20-erfolg-gegen-amberg\\\/#primaryimage\"},\"thumbnailUrl\":\"http:\\\/\\\/www.jugendfussball-wendelstein.de\\\/wordpress\\\/wp-content\\\/uploads\\\/2016\\\/08\\\/13995579_1109562729131211_4801628333246564004_o-350x231.jpg\",\"datePublished\":\"2016-09-05T07:39:27+00:00\",\"author\":{\"@id\":\"https:\\\/\\\/www.jugendfussball-wendelstein.de\\\/wordpress\\\/#\\\/schema\\\/person\\\/75aadcbd4be1b3af1c1d785397472bc9\"},\"breadcrumb\":{\"@id\":\"https:\\\/\\\/www.jugendfussball-wendelstein.de\\\/wordpress\\\/schwere-verletzung-ueberschattet-20-erfolg-gegen-amberg\\\/#breadcrumb\"},\"inLanguage\":\"de\",\"potentialAction\":[{\"@type\":\"ReadAction\",\"target\":[\"https:\\\/\\\/www.jugendfussball-wendelstein.de\\\/wordpress\\\/schwere-verletzung-ueberschattet-20-erfolg-gegen-amberg\\\/\"]}]},{\"@type\":\"ImageObject\",\"inLanguage\":\"de\",\"@id\":\"https:\\\/\\\/www.jugendfussball-wendelstein.de\\\/wordpress\\\/schwere-verletzung-ueberschattet-20-erfolg-gegen-amberg\\\/#primaryimage\",\"url\":\"http:\\\/\\\/www.jugendfussball-wendelstein.de\\\/wordpress\\\/wp-content\\\/uploads\\\/2016\\\/08\\\/13995579_1109562729131211_4801628333246564004_o-350x231.jpg\",\"contentUrl\":\"http:\\\/\\\/www.jugendfussball-wendelstein.de\\\/wordpress\\\/wp-content\\\/uploads\\\/2016\\\/08\\\/13995579_1109562729131211_4801628333246564004_o-350x231.jpg\"},{\"@type\":\"BreadcrumbList\",\"@id\":\"https:\\\/\\\/www.jugendfussball-wendelstein.de\\\/wordpress\\\/schwere-verletzung-ueberschattet-20-erfolg-gegen-amberg\\\/#breadcrumb\",\"itemListElement\":[{\"@type\":\"ListItem\",\"position\":1,\"name\":\"Startseite\",\"item\":\"https:\\\/\\\/www.jugendfussball-wendelstein.de\\\/wordpress\\\/\"},{\"@type\":\"ListItem\",\"position\":2,\"name\":\"Schwere Verletzung \u00fcberschattet 2:0 Erfolg gegen Amberg\"}]},{\"@type\":\"WebSite\",\"@id\":\"https:\\\/\\\/www.jugendfussball-wendelstein.de\\\/wordpress\\\/#website\",\"url\":\"https:\\\/\\\/www.jugendfussball-wendelstein.de\\\/wordpress\\\/\",\"name\":\"JFG Wendelstein\",\"description\":\"Juniorenfu\u00dfball\",\"potentialAction\":[{\"@type\":\"SearchAction\",\"target\":{\"@type\":\"EntryPoint\",\"urlTemplate\":\"https:\\\/\\\/www.jugendfussball-wendelstein.de\\\/wordpress\\\/?s={search_term_string}\"},\"query-input\":{\"@type\":\"PropertyValueSpecification\",\"valueRequired\":true,\"valueName\":\"search_term_string\"}}],\"inLanguage\":\"de\"},{\"@type\":\"Person\",\"@id\":\"https:\\\/\\\/www.jugendfussball-wendelstein.de\\\/wordpress\\\/#\\\/schema\\\/person\\\/75aadcbd4be1b3af1c1d785397472bc9\",\"name\":\"Autor\",\"image\":{\"@type\":\"ImageObject\",\"inLanguage\":\"de\",\"@id\":\"https:\\\/\\\/secure.gravatar.com\\\/avatar\\\/01dd9b7f2dc8d635302f1c57c2289838e9fe288acd1c06c8f8ad332b8e2a60c9?s=96&d=mm&r=g\",\"url\":\"https:\\\/\\\/secure.gravatar.com\\\/avatar\\\/01dd9b7f2dc8d635302f1c57c2289838e9fe288acd1c06c8f8ad332b8e2a60c9?s=96&d=mm&r=g\",\"contentUrl\":\"https:\\\/\\\/secure.gravatar.com\\\/avatar\\\/01dd9b7f2dc8d635302f1c57c2289838e9fe288acd1c06c8f8ad332b8e2a60c9?s=96&d=mm&r=g\",\"caption\":\"Autor\"},\"url\":\"https:\\\/\\\/www.jugendfussball-wendelstein.de\\\/wordpress\\\/author\\\/autor\\\/\"}]}<\/script>\n<!-- \/ Yoast SEO plugin. -->","yoast_head_json":{"title":"Schwere Verletzung \u00fcberschattet 2:0 Erfolg gegen Amberg - JFG Wendelstein","robots":{"index":"index","follow":"follow","max-snippet":"max-snippet:-1","max-image-preview":"max-image-preview:large","max-video-preview":"max-video-preview:-1"},"canonical":"https:\/\/www.jugendfussball-wendelstein.de\/wordpress\/schwere-verletzung-ueberschattet-20-erfolg-gegen-amberg\/","og_locale":"de_DE","og_type":"article","og_title":"Schwere Verletzung \u00fcberschattet 2:0 Erfolg gegen Amberg - JFG Wendelstein","og_description":"Einen Tag nach dem ersten Test gegen Wei\u00dfenburg ging es gleich weiter gegen den FC Amberg. Doch nach 10 Minuten wurde das sportliche erstmal beiseite geschoben. Unser Christopher, der nach f\u00fcnf Monaten Verletzungspause erst am Vortag wieder auf dem Platz stand, brach sich den Unterarm. Beim Antritt zum Sprint rutschte er weg. Er wurde noch [&hellip;]","og_url":"https:\/\/www.jugendfussball-wendelstein.de\/wordpress\/schwere-verletzung-ueberschattet-20-erfolg-gegen-amberg\/","og_site_name":"JFG Wendelstein","article_published_time":"2016-09-05T07:39:27+00:00","og_image":[{"url":"http:\/\/www.jugendfussball-wendelstein.de\/wordpress\/wp-content\/uploads\/2016\/08\/13995579_1109562729131211_4801628333246564004_o-350x231.jpg","type":"","width":"","height":""}],"author":"Autor","twitter_card":"summary_large_image","twitter_misc":{"Verfasst von":"Autor","Gesch\u00e4tzte Lesezeit":"1\u00a0Minute"},"schema":{"@context":"https:\/\/schema.org","@graph":[{"@type":"Article","@id":"https:\/\/www.jugendfussball-wendelstein.de\/wordpress\/schwere-verletzung-ueberschattet-20-erfolg-gegen-amberg\/#article","isPartOf":{"@id":"https:\/\/www.jugendfussball-wendelstein.de\/wordpress\/schwere-verletzung-ueberschattet-20-erfolg-gegen-amberg\/"},"author":{"name":"Autor","@id":"https:\/\/www.jugendfussball-wendelstein.de\/wordpress\/#\/schema\/person\/75aadcbd4be1b3af1c1d785397472bc9"},"headline":"Schwere Verletzung \u00fcberschattet 2:0 Erfolg gegen Amberg","datePublished":"2016-09-05T07:39:27+00:00","mainEntityOfPage":{"@id":"https:\/\/www.jugendfussball-wendelstein.de\/wordpress\/schwere-verletzung-ueberschattet-20-erfolg-gegen-amberg\/"},"wordCount":142,"image":{"@id":"https:\/\/www.jugendfussball-wendelstein.de\/wordpress\/schwere-verletzung-ueberschattet-20-erfolg-gegen-amberg\/#primaryimage"},"thumbnailUrl":"http:\/\/www.jugendfussball-wendelstein.de\/wordpress\/wp-content\/uploads\/2016\/08\/13995579_1109562729131211_4801628333246564004_o-350x231.jpg","articleSection":["Gro\u00dffeld","Spielbericht","U15"],"inLanguage":"de"},{"@type":"WebPage","@id":"https:\/\/www.jugendfussball-wendelstein.de\/wordpress\/schwere-verletzung-ueberschattet-20-erfolg-gegen-amberg\/","url":"https:\/\/www.jugendfussball-wendelstein.de\/wordpress\/schwere-verletzung-ueberschattet-20-erfolg-gegen-amberg\/","name":"Schwere Verletzung \u00fcberschattet 2:0 Erfolg gegen Amberg - JFG Wendelstein","isPartOf":{"@id":"https:\/\/www.jugendfussball-wendelstein.de\/wordpress\/#website"},"primaryImageOfPage":{"@id":"https:\/\/www.jugendfussball-wendelstein.de\/wordpress\/schwere-verletzung-ueberschattet-20-erfolg-gegen-amberg\/#primaryimage"},"image":{"@id":"https:\/\/www.jugendfussball-wendelstein.de\/wordpress\/schwere-verletzung-ueberschattet-20-erfolg-gegen-amberg\/#primaryimage"},"thumbnailUrl":"http:\/\/www.jugendfussball-wendelstein.de\/wordpress\/wp-content\/uploads\/2016\/08\/13995579_1109562729131211_4801628333246564004_o-350x231.jpg","datePublished":"2016-09-05T07:39:27+00:00","author":{"@id":"https:\/\/www.jugendfussball-wendelstein.de\/wordpress\/#\/schema\/person\/75aadcbd4be1b3af1c1d785397472bc9"},"breadcrumb":{"@id":"https:\/\/www.jugendfussball-wendelstein.de\/wordpress\/schwere-verletzung-ueberschattet-20-erfolg-gegen-amberg\/#breadcrumb"},"inLanguage":"de","potentialAction":[{"@type":"ReadAction","target":["https:\/\/www.jugendfussball-wendelstein.de\/wordpress\/schwere-verletzung-ueberschattet-20-erfolg-gegen-amberg\/"]}]},{"@type":"ImageObject","inLanguage":"de","@id":"https:\/\/www.jugendfussball-wendelstein.de\/wordpress\/schwere-verletzung-ueberschattet-20-erfolg-gegen-amberg\/#primaryimage","url":"http:\/\/www.jugendfussball-wendelstein.de\/wordpress\/wp-content\/uploads\/2016\/08\/13995579_1109562729131211_4801628333246564004_o-350x231.jpg","contentUrl":"http:\/\/www.jugendfussball-wendelstein.de\/wordpress\/wp-content\/uploads\/2016\/08\/13995579_1109562729131211_4801628333246564004_o-350x231.jpg"},{"@type":"BreadcrumbList","@id":"https:\/\/www.jugendfussball-wendelstein.de\/wordpress\/schwere-verletzung-ueberschattet-20-erfolg-gegen-amberg\/#breadcrumb","itemListElement":[{"@type":"ListItem","position":1,"name":"Startseite","item":"https:\/\/www.jugendfussball-wendelstein.de\/wordpress\/"},{"@type":"ListItem","position":2,"name":"Schwere Verletzung \u00fcberschattet 2:0 Erfolg gegen Amberg"}]},{"@type":"WebSite","@id":"https:\/\/www.jugendfussball-wendelstein.de\/wordpress\/#website","url":"https:\/\/www.jugendfussball-wendelstein.de\/wordpress\/","name":"JFG Wendelstein","description":"Juniorenfu\u00dfball","potentialAction":[{"@type":"SearchAction","target":{"@type":"EntryPoint","urlTemplate":"https:\/\/www.jugendfussball-wendelstein.de\/wordpress\/?s={search_term_string}"},"query-input":{"@type":"PropertyValueSpecification","valueRequired":true,"valueName":"search_term_string"}}],"inLanguage":"de"},{"@type":"Person","@id":"https:\/\/www.jugendfussball-wendelstein.de\/wordpress\/#\/schema\/person\/75aadcbd4be1b3af1c1d785397472bc9","name":"Autor","image":{"@type":"ImageObject","inLanguage":"de","@id":"https:\/\/secure.gravatar.com\/avatar\/01dd9b7f2dc8d635302f1c57c2289838e9fe288acd1c06c8f8ad332b8e2a60c9?s=96&d=mm&r=g","url":"https:\/\/secure.gravatar.com\/avatar\/01dd9b7f2dc8d635302f1c57c2289838e9fe288acd1c06c8f8ad332b8e2a60c9?s=96&d=mm&r=g","contentUrl":"https:\/\/secure.gravatar.com\/avatar\/01dd9b7f2dc8d635302f1c57c2289838e9fe288acd1c06c8f8ad332b8e2a60c9?s=96&d=mm&r=g","caption":"Autor"},"url":"https:\/\/www.jugendfussball-wendelstein.de\/wordpress\/author\/autor\/"}]}},"_links":{"self":[{"href":"https:\/\/www.jugendfussball-wendelstein.de\/wordpress\/wp-json\/wp\/v2\/posts\/4253","targetHints":{"allow":["GET"]}}],"collection":[{"href":"https:\/\/www.jugendfussball-wendelstein.de\/wordpress\/wp-json\/wp\/v2\/posts"}],"about":[{"href":"https:\/\/www.jugendfussball-wendelstein.de\/wordpress\/wp-json\/wp\/v2\/types\/post"}],"author":[{"embeddable":true,"href":"https:\/\/www.jugendfussball-wendelstein.de\/wordpress\/wp-json\/wp\/v2\/users\/4"}],"replies":[{"embeddable":true,"href":"https:\/\/www.jugendfussball-wendelstein.de\/wordpress\/wp-json\/wp\/v2\/comments?post=4253"}],"version-history":[{"count":0,"href":"https:\/\/www.jugendfussball-wendelstein.de\/wordpress\/wp-json\/wp\/v2\/posts\/4253\/revisions"}],"wp:attachment":[{"href":"https:\/\/www.jugendfussball-wendelstein.de\/wordpress\/wp-json\/wp\/v2\/media?parent=4253"}],"wp:term":[{"taxonomy":"category","embeddable":true,"href":"https:\/\/www.jugendfussball-wendelstein.de\/wordpress\/wp-json\/wp\/v2\/categories?post=4253"},{"taxonomy":"post_tag","embeddable":true,"href":"https:\/\/www.jugendfussball-wendelstein.de\/wordpress\/wp-json\/wp\/v2\/tags?post=4253"}],"curies":[{"name":"wp","href":"https:\/\/api.w.org\/{rel}","templated":true}]}}