{"id":4536,"date":"2016-11-01T21:53:00","date_gmt":"2016-11-01T20:53:00","guid":{"rendered":"http:\/\/www.jugendfussball-wendelstein.de\/wordpress\/?p=4536"},"modified":"2016-11-01T21:53:00","modified_gmt":"2016-11-01T20:53:00","slug":"fc-bayern-hof-jfgw-00","status":"publish","type":"post","link":"https:\/\/www.jugendfussball-wendelstein.de\/wordpress\/fc-bayern-hof-jfgw-00\/","title":{"rendered":"FC Bayern Hof  &#8211;  JFGW  0:0"},"content":{"rendered":"<p><em><\/em><strong>25.10.2016 : <\/strong>Als Zehnter im Tableau, fuhren wir mit dem Bus des Reiseunternehmens Frank zum punktgleichen Elften, der SpVgg Bayern Hof. Das nasskalte Wetter hinterlie\u00df folgerichtig ihre Spuren auf dem Platz. Auf tiefem Gel\u00e4uf war es relativ schwer, vern\u00fcnftig den Ball laufen zu lassen, so entwickelte sich eine eher durchschnittliche Partie. Die Gastgeber kamen dennoch besser rein, das Gl\u00fcck stand uns aber mehrfach zur Seite. Eine sehr gute M\u00f6glichkeit hatten auch wir, doch es ging torlos in die Kabine.<\/p>\n<p>Die zweite H\u00e4lfte war gepr\u00e4gt von Chancen allererster G\u00fcte auf beiden Seiten, der Ball fand h\u00fcben wie dr\u00fcben allerdings nicht den Weg in eines der Geh\u00e4use. So scheiterte das Heimteam am Pfosten, Latte oder am hervorragend aufgelegten JFG-Keeper. Wir selbst hatten zum Ende durch Konter die M\u00f6glichkeiten den Dreier mitzunehmen, aber auch dies gelang nicht. Den Punktgewinn erarbeiteten wir uns mit etwas Gl\u00fcck und k\u00e4mpferischem Einsatz.<\/p>\n<p>Autor : P.L.<\/p>\n<p><img loading=\"lazy\" decoding=\"async\" class=\"alignnone size-medium wp-image-4537\" src=\"https:\/\/www.jugendfussball-wendelstein.de\/wordpress\/wp-content\/uploads\/2016\/11\/team-U15_201617-350x256.jpg\" alt=\"team-u15_201617\" width=\"350\" height=\"256\" srcset=\"https:\/\/www.jugendfussball-wendelstein.de\/wordpress\/wp-content\/uploads\/2016\/11\/team-U15_201617-350x256.jpg 350w, https:\/\/www.jugendfussball-wendelstein.de\/wordpress\/wp-content\/uploads\/2016\/11\/team-U15_201617-768x561.jpg 768w, https:\/\/www.jugendfussball-wendelstein.de\/wordpress\/wp-content\/uploads\/2016\/11\/team-U15_201617.jpg 1000w\" sizes=\"(max-width: 350px) 100vw, 350px\" \/><\/p>\n","protected":false},"excerpt":{"rendered":"<p>25.10.2016 : Als Zehnter im Tableau, fuhren wir mit dem Bus des Reiseunternehmens Frank zum punktgleichen Elften, der SpVgg Bayern Hof. Das nasskalte Wetter hinterlie\u00df folgerichtig ihre Spuren auf dem Platz. Auf tiefem Gel\u00e4uf war es relativ schwer, vern\u00fcnftig den Ball laufen zu lassen, so entwickelte sich eine eher durchschnittliche Partie. Die Gastgeber kamen dennoch [&hellip;]<\/p>\n","protected":false},"author":4,"featured_media":0,"comment_status":"closed","ping_status":"closed","sticky":false,"template":"","format":"standard","meta":{"saved_in_kubio":false,"footnotes":""},"categories":[2,16,17],"tags":[],"class_list":["post-4536","post","type-post","status-publish","format-standard","hentry","category-gf","category-spielbericht","category-u15"],"yoast_head":"<!-- This site is optimized with the Yoast SEO plugin v27.4 - https:\/\/yoast.com\/product\/yoast-seo-wordpress\/ -->\n<title>FC Bayern Hof - JFGW 0:0 - JFG Wendelstein<\/title>\n<meta name=\"robots\" content=\"index, follow, max-snippet:-1, max-image-preview:large, max-video-preview:-1\" \/>\n<link rel=\"canonical\" href=\"https:\/\/www.jugendfussball-wendelstein.de\/wordpress\/fc-bayern-hof-jfgw-00\/\" \/>\n<meta property=\"og:locale\" content=\"de_DE\" \/>\n<meta property=\"og:type\" content=\"article\" \/>\n<meta property=\"og:title\" content=\"FC Bayern Hof - JFGW 0:0 - JFG Wendelstein\" \/>\n<meta property=\"og:description\" content=\"25.10.2016 : Als Zehnter im Tableau, fuhren wir mit dem Bus des Reiseunternehmens Frank zum punktgleichen Elften, der SpVgg Bayern Hof. Das nasskalte Wetter hinterlie\u00df folgerichtig ihre Spuren auf dem Platz. Auf tiefem Gel\u00e4uf war es relativ schwer, vern\u00fcnftig den Ball laufen zu lassen, so entwickelte sich eine eher durchschnittliche Partie. Die Gastgeber kamen dennoch [&hellip;]\" \/>\n<meta property=\"og:url\" content=\"https:\/\/www.jugendfussball-wendelstein.de\/wordpress\/fc-bayern-hof-jfgw-00\/\" \/>\n<meta property=\"og:site_name\" content=\"JFG Wendelstein\" \/>\n<meta property=\"article:published_time\" content=\"2016-11-01T20:53:00+00:00\" \/>\n<meta property=\"og:image\" content=\"http:\/\/www.jugendfussball-wendelstein.de\/wordpress\/wp-content\/uploads\/2016\/11\/team-U15_201617-350x256.jpg\" \/>\n<meta name=\"author\" content=\"Autor\" \/>\n<meta name=\"twitter:card\" content=\"summary_large_image\" \/>\n<meta name=\"twitter:label1\" content=\"Verfasst von\" \/>\n\t<meta name=\"twitter:data1\" content=\"Autor\" \/>\n\t<meta name=\"twitter:label2\" content=\"Gesch\u00e4tzte Lesezeit\" \/>\n\t<meta name=\"twitter:data2\" content=\"1\u00a0Minute\" \/>\n<script type=\"application\/ld+json\" class=\"yoast-schema-graph\">{\"@context\":\"https:\\\/\\\/schema.org\",\"@graph\":[{\"@type\":\"Article\",\"@id\":\"https:\\\/\\\/www.jugendfussball-wendelstein.de\\\/wordpress\\\/fc-bayern-hof-jfgw-00\\\/#article\",\"isPartOf\":{\"@id\":\"https:\\\/\\\/www.jugendfussball-wendelstein.de\\\/wordpress\\\/fc-bayern-hof-jfgw-00\\\/\"},\"author\":{\"name\":\"Autor\",\"@id\":\"https:\\\/\\\/www.jugendfussball-wendelstein.de\\\/wordpress\\\/#\\\/schema\\\/person\\\/75aadcbd4be1b3af1c1d785397472bc9\"},\"headline\":\"FC Bayern Hof &#8211; JFGW 0:0\",\"datePublished\":\"2016-11-01T20:53:00+00:00\",\"mainEntityOfPage\":{\"@id\":\"https:\\\/\\\/www.jugendfussball-wendelstein.de\\\/wordpress\\\/fc-bayern-hof-jfgw-00\\\/\"},\"wordCount\":164,\"image\":{\"@id\":\"https:\\\/\\\/www.jugendfussball-wendelstein.de\\\/wordpress\\\/fc-bayern-hof-jfgw-00\\\/#primaryimage\"},\"thumbnailUrl\":\"http:\\\/\\\/www.jugendfussball-wendelstein.de\\\/wordpress\\\/wp-content\\\/uploads\\\/2016\\\/11\\\/team-U15_201617-350x256.jpg\",\"articleSection\":[\"Gro\u00dffeld\",\"Spielbericht\",\"U15\"],\"inLanguage\":\"de\"},{\"@type\":\"WebPage\",\"@id\":\"https:\\\/\\\/www.jugendfussball-wendelstein.de\\\/wordpress\\\/fc-bayern-hof-jfgw-00\\\/\",\"url\":\"https:\\\/\\\/www.jugendfussball-wendelstein.de\\\/wordpress\\\/fc-bayern-hof-jfgw-00\\\/\",\"name\":\"FC Bayern Hof - JFGW 0:0 - JFG Wendelstein\",\"isPartOf\":{\"@id\":\"https:\\\/\\\/www.jugendfussball-wendelstein.de\\\/wordpress\\\/#website\"},\"primaryImageOfPage\":{\"@id\":\"https:\\\/\\\/www.jugendfussball-wendelstein.de\\\/wordpress\\\/fc-bayern-hof-jfgw-00\\\/#primaryimage\"},\"image\":{\"@id\":\"https:\\\/\\\/www.jugendfussball-wendelstein.de\\\/wordpress\\\/fc-bayern-hof-jfgw-00\\\/#primaryimage\"},\"thumbnailUrl\":\"http:\\\/\\\/www.jugendfussball-wendelstein.de\\\/wordpress\\\/wp-content\\\/uploads\\\/2016\\\/11\\\/team-U15_201617-350x256.jpg\",\"datePublished\":\"2016-11-01T20:53:00+00:00\",\"author\":{\"@id\":\"https:\\\/\\\/www.jugendfussball-wendelstein.de\\\/wordpress\\\/#\\\/schema\\\/person\\\/75aadcbd4be1b3af1c1d785397472bc9\"},\"breadcrumb\":{\"@id\":\"https:\\\/\\\/www.jugendfussball-wendelstein.de\\\/wordpress\\\/fc-bayern-hof-jfgw-00\\\/#breadcrumb\"},\"inLanguage\":\"de\",\"potentialAction\":[{\"@type\":\"ReadAction\",\"target\":[\"https:\\\/\\\/www.jugendfussball-wendelstein.de\\\/wordpress\\\/fc-bayern-hof-jfgw-00\\\/\"]}]},{\"@type\":\"ImageObject\",\"inLanguage\":\"de\",\"@id\":\"https:\\\/\\\/www.jugendfussball-wendelstein.de\\\/wordpress\\\/fc-bayern-hof-jfgw-00\\\/#primaryimage\",\"url\":\"http:\\\/\\\/www.jugendfussball-wendelstein.de\\\/wordpress\\\/wp-content\\\/uploads\\\/2016\\\/11\\\/team-U15_201617-350x256.jpg\",\"contentUrl\":\"http:\\\/\\\/www.jugendfussball-wendelstein.de\\\/wordpress\\\/wp-content\\\/uploads\\\/2016\\\/11\\\/team-U15_201617-350x256.jpg\"},{\"@type\":\"BreadcrumbList\",\"@id\":\"https:\\\/\\\/www.jugendfussball-wendelstein.de\\\/wordpress\\\/fc-bayern-hof-jfgw-00\\\/#breadcrumb\",\"itemListElement\":[{\"@type\":\"ListItem\",\"position\":1,\"name\":\"Startseite\",\"item\":\"https:\\\/\\\/www.jugendfussball-wendelstein.de\\\/wordpress\\\/\"},{\"@type\":\"ListItem\",\"position\":2,\"name\":\"FC Bayern Hof &#8211; JFGW 0:0\"}]},{\"@type\":\"WebSite\",\"@id\":\"https:\\\/\\\/www.jugendfussball-wendelstein.de\\\/wordpress\\\/#website\",\"url\":\"https:\\\/\\\/www.jugendfussball-wendelstein.de\\\/wordpress\\\/\",\"name\":\"JFG Wendelstein\",\"description\":\"Juniorenfu\u00dfball\",\"potentialAction\":[{\"@type\":\"SearchAction\",\"target\":{\"@type\":\"EntryPoint\",\"urlTemplate\":\"https:\\\/\\\/www.jugendfussball-wendelstein.de\\\/wordpress\\\/?s={search_term_string}\"},\"query-input\":{\"@type\":\"PropertyValueSpecification\",\"valueRequired\":true,\"valueName\":\"search_term_string\"}}],\"inLanguage\":\"de\"},{\"@type\":\"Person\",\"@id\":\"https:\\\/\\\/www.jugendfussball-wendelstein.de\\\/wordpress\\\/#\\\/schema\\\/person\\\/75aadcbd4be1b3af1c1d785397472bc9\",\"name\":\"Autor\",\"image\":{\"@type\":\"ImageObject\",\"inLanguage\":\"de\",\"@id\":\"https:\\\/\\\/secure.gravatar.com\\\/avatar\\\/01dd9b7f2dc8d635302f1c57c2289838e9fe288acd1c06c8f8ad332b8e2a60c9?s=96&d=mm&r=g\",\"url\":\"https:\\\/\\\/secure.gravatar.com\\\/avatar\\\/01dd9b7f2dc8d635302f1c57c2289838e9fe288acd1c06c8f8ad332b8e2a60c9?s=96&d=mm&r=g\",\"contentUrl\":\"https:\\\/\\\/secure.gravatar.com\\\/avatar\\\/01dd9b7f2dc8d635302f1c57c2289838e9fe288acd1c06c8f8ad332b8e2a60c9?s=96&d=mm&r=g\",\"caption\":\"Autor\"},\"url\":\"https:\\\/\\\/www.jugendfussball-wendelstein.de\\\/wordpress\\\/author\\\/autor\\\/\"}]}<\/script>\n<!-- \/ Yoast SEO plugin. -->","yoast_head_json":{"title":"FC Bayern Hof - JFGW 0:0 - JFG Wendelstein","robots":{"index":"index","follow":"follow","max-snippet":"max-snippet:-1","max-image-preview":"max-image-preview:large","max-video-preview":"max-video-preview:-1"},"canonical":"https:\/\/www.jugendfussball-wendelstein.de\/wordpress\/fc-bayern-hof-jfgw-00\/","og_locale":"de_DE","og_type":"article","og_title":"FC Bayern Hof - JFGW 0:0 - JFG Wendelstein","og_description":"25.10.2016 : Als Zehnter im Tableau, fuhren wir mit dem Bus des Reiseunternehmens Frank zum punktgleichen Elften, der SpVgg Bayern Hof. Das nasskalte Wetter hinterlie\u00df folgerichtig ihre Spuren auf dem Platz. Auf tiefem Gel\u00e4uf war es relativ schwer, vern\u00fcnftig den Ball laufen zu lassen, so entwickelte sich eine eher durchschnittliche Partie. Die Gastgeber kamen dennoch [&hellip;]","og_url":"https:\/\/www.jugendfussball-wendelstein.de\/wordpress\/fc-bayern-hof-jfgw-00\/","og_site_name":"JFG Wendelstein","article_published_time":"2016-11-01T20:53:00+00:00","og_image":[{"url":"http:\/\/www.jugendfussball-wendelstein.de\/wordpress\/wp-content\/uploads\/2016\/11\/team-U15_201617-350x256.jpg","type":"","width":"","height":""}],"author":"Autor","twitter_card":"summary_large_image","twitter_misc":{"Verfasst von":"Autor","Gesch\u00e4tzte Lesezeit":"1\u00a0Minute"},"schema":{"@context":"https:\/\/schema.org","@graph":[{"@type":"Article","@id":"https:\/\/www.jugendfussball-wendelstein.de\/wordpress\/fc-bayern-hof-jfgw-00\/#article","isPartOf":{"@id":"https:\/\/www.jugendfussball-wendelstein.de\/wordpress\/fc-bayern-hof-jfgw-00\/"},"author":{"name":"Autor","@id":"https:\/\/www.jugendfussball-wendelstein.de\/wordpress\/#\/schema\/person\/75aadcbd4be1b3af1c1d785397472bc9"},"headline":"FC Bayern Hof &#8211; JFGW 0:0","datePublished":"2016-11-01T20:53:00+00:00","mainEntityOfPage":{"@id":"https:\/\/www.jugendfussball-wendelstein.de\/wordpress\/fc-bayern-hof-jfgw-00\/"},"wordCount":164,"image":{"@id":"https:\/\/www.jugendfussball-wendelstein.de\/wordpress\/fc-bayern-hof-jfgw-00\/#primaryimage"},"thumbnailUrl":"http:\/\/www.jugendfussball-wendelstein.de\/wordpress\/wp-content\/uploads\/2016\/11\/team-U15_201617-350x256.jpg","articleSection":["Gro\u00dffeld","Spielbericht","U15"],"inLanguage":"de"},{"@type":"WebPage","@id":"https:\/\/www.jugendfussball-wendelstein.de\/wordpress\/fc-bayern-hof-jfgw-00\/","url":"https:\/\/www.jugendfussball-wendelstein.de\/wordpress\/fc-bayern-hof-jfgw-00\/","name":"FC Bayern Hof - JFGW 0:0 - JFG Wendelstein","isPartOf":{"@id":"https:\/\/www.jugendfussball-wendelstein.de\/wordpress\/#website"},"primaryImageOfPage":{"@id":"https:\/\/www.jugendfussball-wendelstein.de\/wordpress\/fc-bayern-hof-jfgw-00\/#primaryimage"},"image":{"@id":"https:\/\/www.jugendfussball-wendelstein.de\/wordpress\/fc-bayern-hof-jfgw-00\/#primaryimage"},"thumbnailUrl":"http:\/\/www.jugendfussball-wendelstein.de\/wordpress\/wp-content\/uploads\/2016\/11\/team-U15_201617-350x256.jpg","datePublished":"2016-11-01T20:53:00+00:00","author":{"@id":"https:\/\/www.jugendfussball-wendelstein.de\/wordpress\/#\/schema\/person\/75aadcbd4be1b3af1c1d785397472bc9"},"breadcrumb":{"@id":"https:\/\/www.jugendfussball-wendelstein.de\/wordpress\/fc-bayern-hof-jfgw-00\/#breadcrumb"},"inLanguage":"de","potentialAction":[{"@type":"ReadAction","target":["https:\/\/www.jugendfussball-wendelstein.de\/wordpress\/fc-bayern-hof-jfgw-00\/"]}]},{"@type":"ImageObject","inLanguage":"de","@id":"https:\/\/www.jugendfussball-wendelstein.de\/wordpress\/fc-bayern-hof-jfgw-00\/#primaryimage","url":"http:\/\/www.jugendfussball-wendelstein.de\/wordpress\/wp-content\/uploads\/2016\/11\/team-U15_201617-350x256.jpg","contentUrl":"http:\/\/www.jugendfussball-wendelstein.de\/wordpress\/wp-content\/uploads\/2016\/11\/team-U15_201617-350x256.jpg"},{"@type":"BreadcrumbList","@id":"https:\/\/www.jugendfussball-wendelstein.de\/wordpress\/fc-bayern-hof-jfgw-00\/#breadcrumb","itemListElement":[{"@type":"ListItem","position":1,"name":"Startseite","item":"https:\/\/www.jugendfussball-wendelstein.de\/wordpress\/"},{"@type":"ListItem","position":2,"name":"FC Bayern Hof &#8211; JFGW 0:0"}]},{"@type":"WebSite","@id":"https:\/\/www.jugendfussball-wendelstein.de\/wordpress\/#website","url":"https:\/\/www.jugendfussball-wendelstein.de\/wordpress\/","name":"JFG Wendelstein","description":"Juniorenfu\u00dfball","potentialAction":[{"@type":"SearchAction","target":{"@type":"EntryPoint","urlTemplate":"https:\/\/www.jugendfussball-wendelstein.de\/wordpress\/?s={search_term_string}"},"query-input":{"@type":"PropertyValueSpecification","valueRequired":true,"valueName":"search_term_string"}}],"inLanguage":"de"},{"@type":"Person","@id":"https:\/\/www.jugendfussball-wendelstein.de\/wordpress\/#\/schema\/person\/75aadcbd4be1b3af1c1d785397472bc9","name":"Autor","image":{"@type":"ImageObject","inLanguage":"de","@id":"https:\/\/secure.gravatar.com\/avatar\/01dd9b7f2dc8d635302f1c57c2289838e9fe288acd1c06c8f8ad332b8e2a60c9?s=96&d=mm&r=g","url":"https:\/\/secure.gravatar.com\/avatar\/01dd9b7f2dc8d635302f1c57c2289838e9fe288acd1c06c8f8ad332b8e2a60c9?s=96&d=mm&r=g","contentUrl":"https:\/\/secure.gravatar.com\/avatar\/01dd9b7f2dc8d635302f1c57c2289838e9fe288acd1c06c8f8ad332b8e2a60c9?s=96&d=mm&r=g","caption":"Autor"},"url":"https:\/\/www.jugendfussball-wendelstein.de\/wordpress\/author\/autor\/"}]}},"_links":{"self":[{"href":"https:\/\/www.jugendfussball-wendelstein.de\/wordpress\/wp-json\/wp\/v2\/posts\/4536","targetHints":{"allow":["GET"]}}],"collection":[{"href":"https:\/\/www.jugendfussball-wendelstein.de\/wordpress\/wp-json\/wp\/v2\/posts"}],"about":[{"href":"https:\/\/www.jugendfussball-wendelstein.de\/wordpress\/wp-json\/wp\/v2\/types\/post"}],"author":[{"embeddable":true,"href":"https:\/\/www.jugendfussball-wendelstein.de\/wordpress\/wp-json\/wp\/v2\/users\/4"}],"replies":[{"embeddable":true,"href":"https:\/\/www.jugendfussball-wendelstein.de\/wordpress\/wp-json\/wp\/v2\/comments?post=4536"}],"version-history":[{"count":0,"href":"https:\/\/www.jugendfussball-wendelstein.de\/wordpress\/wp-json\/wp\/v2\/posts\/4536\/revisions"}],"wp:attachment":[{"href":"https:\/\/www.jugendfussball-wendelstein.de\/wordpress\/wp-json\/wp\/v2\/media?parent=4536"}],"wp:term":[{"taxonomy":"category","embeddable":true,"href":"https:\/\/www.jugendfussball-wendelstein.de\/wordpress\/wp-json\/wp\/v2\/categories?post=4536"},{"taxonomy":"post_tag","embeddable":true,"href":"https:\/\/www.jugendfussball-wendelstein.de\/wordpress\/wp-json\/wp\/v2\/tags?post=4536"}],"curies":[{"name":"wp","href":"https:\/\/api.w.org\/{rel}","templated":true}]}}