{"id":4554,"date":"2016-11-02T21:28:47","date_gmt":"2016-11-02T20:28:47","guid":{"rendered":"http:\/\/www.jugendfussball-wendelstein.de\/wordpress\/?p=4554"},"modified":"2016-11-03T13:32:19","modified_gmt":"2016-11-03T12:32:19","slug":"u113-6-platz-in-der-herbstrunde","status":"publish","type":"post","link":"https:\/\/www.jugendfussball-wendelstein.de\/wordpress\/u113-6-platz-in-der-herbstrunde\/","title":{"rendered":"U11\/3 &#8211; 3.Platz in der Herbstrunde"},"content":{"rendered":"<p>02.11.2016 : Herbstrunde 2016\/17<\/p>\n<p>Nach einer viel zu langen Sommerpause und einem zu kurzem Trainingsauftakt ging es am 16.9 los mit dem ersten Punktspiel der Herbstrunde.<\/p>\n<p>Zu Gast auf heimischen Gel\u00e4uf war der TSV Rohr. Nach zehn Minuten abtasten gingen wir dann mit 1:0 in f\u00fchrung,und kurz danach konnten wir auch auf 2:0 erh\u00f6hen.<\/p>\n<p>Nach 20 Minuten tr\u00e4umte die Mannschaft dann schon vom ersten Saisonsieg und so kam es wie es kommen musste die G\u00e4ste schossen den Anschlusstreffer vor der Halbzeitpause. Nach dem Pausentee und einer kurzen Ansprache zur Halbzeit die ich auch dem Torpfosten erz\u00e4hlen h\u00e4tte k\u00f6nnen h\u00f6rten die Jungs komplett das Fussball spielen auf und luden den Gegner zu drei weiteren Treffern ein. So stand es am Ende nach einer 2:0 F\u00fchrung dann 2:4 f\u00fcr den Gegner. Die Ans\u00e4tze sind da haben aber leider nicht gereicht zum ersten Sieg.<\/p>\n<p>Zwei Trainingseinheiten sp\u00e4ter fuhren wir zum SV Leerstetten zu unserem zweiten Punktspiel.<\/p>\n<p>Es ging wieder ziemlich gut los f\u00fcr meine Jungs und wir f\u00fchrten wieder ziemlich fr\u00fch mit 2:0.Nach zwei unachtsamkeiten in der Abwehr luden wir die Jungs aus Leerstetten zum Toreschiessen ein und schon stand es 2:2. Aber diesmal lie\u00dfen sich meine Jungs davon nicht beeindrucken und legten sofort nach mit den Treffern 3 und 4. So ging es dann in die Halbzeit und wir konnten danach frei aufspielen. So schafften wir nochmal 5 Tore und gewann das Spiel mit 2:9. Kompliment an die Mannschaft aus Leerstetten die zu keiner Zeit aufgegeben hat und munter nach vorne gespielt hat . Ihr seid eine sehr sympatische Truppe.<\/p>\n<p>Unser n\u00e4chstes Heimspiel bestritten wir gegen den TSV M\u00fchlhof-Reichelsdorf.<\/p>\n<p>Mit dem Sieg aus Leerstetten im Kopf und einer Top aufgelegten Mannschaft f\u00fchrten wir nach 25 Minuten mit 5:0 und konnten befreit in die zweite H\u00e4lfte gehen. Da konnten wir dann auch noch nachlegen und schossen auch noch ein paar Tore, so hie\u00df es am Schlu\u00df 14:2 f\u00fcr uns.<\/p>\n<p>Am 4. Spieltag stand nun das wohl schwerste Spiel auf dem Programm.<\/p>\n<p>Wir mussten zum SC Gro\u00dfschwarzenlohe. Trotz meiner Warnung in der Kabine den Gegner keinesfalls zum schie\u00dfen kommen zu lassen hatten die Jungs das anscheinend auf dem Weg zum Platz schon wieder vergessen denn das Spiel war gerade mal eine Minute alt fiel das 1:0 f\u00fcr den Gastgeber wie ich prophezeite durch einen schuss aus ca. 20 Metern unhaltbar f\u00fcr unseren Goalie. Nach drei Minuten \u00c4hnliche Situation nur diesmal nochmal 5 Meter weiter hinten ein Gl\u00fccksschuss da unser Torh\u00fcter etwas zu weit vorne stand . 5 Minuten sp\u00e4ter dann der Anschlusstreffer zum 2:1 und dann kamen wir etwas besser ins Spiel . Torchancen gab es dann auf beiden Seiten die aber nicht zu Toren f\u00fchrten . Nach einem guten Angriff unserer Jungs liefen wir dann kurz vor der Pause in einen Konter und kassierten den dritten Gegentreffer.So ging es dann auch in die Pause. Mittlerweile war auch das Flutlicht an denn es wurde langsam etwas duster am Platz . 8 Minuten nach Wiederanpfiff kamen wir wieder heran und es stand 3:2. Nun spielten wir mutig nach vorne und hatten auch noch einige Chancen. In der 45 Minuteschlug dann allerdings der SC nochmal zu und erh\u00f6hte auf 4:2. Noch iin den Freudentaumel des Gegners hinein verk\u00fcrzten wir wiederrum vom Anstoss aus.<\/p>\n<p>Nun waren noch 4 Minuten zu spielen und wir rikierten alles und griffen bedingungslos an. Eine Minute vor schluss hatten wir dann die riesen Gelegenheit . Unser Rechtau\u00dfen hatte den Ball ca 2 Meter vorm Tor traf aber mit seinem Schuss die Unterseite der Latte, der erste Nachschuss ging an den Pfosten und der zweite dann leider zwei Zentimeter am rechten Pfosten vorbei. Der Stein der dem gegnerischen Trainer vom Herzen gefallen ist hat man bestimmt in Kleinlohe noch fallen h\u00f6ren. Kompliment an Daniel und seine Truppe war ein super Spiel.<\/p>\n<p>Am 5. Spieltag waren dann unsere Freunde aus Kornburg\u00a0 zu Gast. Wir wollten nat\u00fcrlich gewinnen um weiter in der Tabelle vorne dran zu bleiben.\u00a0 Nach der ersten Halbzeit f\u00fchrten wir mit der Toren und konnten befreit weiter spielen. Wir erh\u00f6hten noch auf 6:0 und feierten einen weiteren Heimsieg. Unser gut aufgelegter Torwart hielt uns auch das zu null fest.<\/p>\n<p>Das vorletzte Spiel f\u00fchrte uns nach Penzendorf. Nach zwei Unachtsamkeiten lagen wir nach 15 Minuten mit 2:0 zur\u00fcck. Ein Fu\u00dfballspiel war allerdings auch in den ersten 25 Minuten nicht wirklich zu erkennen. Nach ein paar deutlichen Worten in der Halbzeitpause kamen wir dann auch gleich nach zwei gespielten Minuten zu 2 Toren und glichen aus. Allerdings spielte auch der Gegner weiter Fu\u00dfball und erh\u00f6hte wieder auf 3:2. Aber wir gaben heute nicht auf und erspielten uns weitere Chancen und machten dann die Tore 3 und 4. Nun lagen wir vorne und hatten noch zehn minuten zu spielen aber anstatt jetzt sicher hinten zu stehen meinte meine Abwehr sie m\u00fcsste komplett aufmachen und so liefen wir nat\u00fcrlich 5 Minuten vor Schluss in einen Konter uns so stand es am Ende 4:4.<\/p>\n<p>Am letzten Spieltag reiste der TV Eckersm\u00fchlen an. Wir mussten dieses Spiel gewinnen um an Eckersm\u00fchlen in der Tabelle vorbeizukommen.<\/p>\n<p>Nach zehn Minuten abtasten fiel dann endlich das erste Tor und diesmal fiel bei mir der Stein. Wir legten dann noch zwei nach und gingen mit einem 3:0 Vorsprung in die Pause.<\/p>\n<p>Nach der Pause allerdings legte der Gast dann los wie die Feuerwehr. Ein ums andere mal tauchten auf einmal ihre schnellen St\u00fcrmer vor unserem Tor auf und brachten uns in Bedr\u00e4ngnis. Aber wir hatten heute eine fast un\u00fcberwindbare Wand im Tor mit Namen Jannik der alles was ging rausfischte auch die Abpraller der eigenen Mitspieler.Nur einmal musste er sich geschlagen geben. Ich hatte teilweise das Gef\u00fchl wir w\u00fcrden mit drei Spielern weniger spielen. Nach dem\u00a0 Gegentreffer zum 4:1 sind meine Jungs dann doch nochmal aufgewacht und legten noch zwei Tore nach. 6:1 hie\u00df der Endstand aber den gr\u00f6\u00dften Anteil hatten heute nicht die St\u00fcrmer sondern unser Torwart der den Sieg in den Ersten 10 Minuten der zweiten H\u00e4lfte festgehalten hat.<\/p>\n<p>Mit diesem Sieg konnten wir den dritten Platz in der Tabelle erk\u00e4mfen.<\/p>\n<p>Ich bin Stolz auf euch Jungs macht weiter so und es ist noch mehr drin.<\/p>\n<p>Zum Vergleich letzte Herbstrunde<\/p>\n<p>3.Platz 15:34 Tore 2 Siege 5 Niederlagen<\/p>\n<p>Autor :M.P.<\/p>\n<p><img loading=\"lazy\" decoding=\"async\" class=\"alignnone size-medium wp-image-4555\" src=\"https:\/\/www.jugendfussball-wendelstein.de\/wordpress\/wp-content\/uploads\/2016\/11\/team-U11-3_201617-350x266.jpg\" alt=\"team-u11-3_201617\" width=\"350\" height=\"266\" srcset=\"https:\/\/www.jugendfussball-wendelstein.de\/wordpress\/wp-content\/uploads\/2016\/11\/team-U11-3_201617-350x266.jpg 350w, https:\/\/www.jugendfussball-wendelstein.de\/wordpress\/wp-content\/uploads\/2016\/11\/team-U11-3_201617-768x584.jpg 768w, https:\/\/www.jugendfussball-wendelstein.de\/wordpress\/wp-content\/uploads\/2016\/11\/team-U11-3_201617.jpg 1000w\" sizes=\"(max-width: 350px) 100vw, 350px\" \/><\/p>\n","protected":false},"excerpt":{"rendered":"<p>02.11.2016 : Herbstrunde 2016\/17 Nach einer viel zu langen Sommerpause und einem zu kurzem Trainingsauftakt ging es am 16.9 los mit dem ersten Punktspiel der Herbstrunde. Zu Gast auf heimischen Gel\u00e4uf war der TSV Rohr. Nach zehn Minuten abtasten gingen wir dann mit 1:0 in f\u00fchrung,und kurz danach konnten wir auch auf 2:0 erh\u00f6hen. Nach [&hellip;]<\/p>\n","protected":false},"author":4,"featured_media":0,"comment_status":"closed","ping_status":"closed","sticky":false,"template":"","format":"standard","meta":{"saved_in_kubio":false,"footnotes":""},"categories":[3,16,6],"tags":[],"class_list":["post-4554","post","type-post","status-publish","format-standard","hentry","category-kf","category-spielbericht","category-u11-3"],"yoast_head":"<!-- This site is optimized with the Yoast SEO plugin v27.4 - https:\/\/yoast.com\/product\/yoast-seo-wordpress\/ -->\n<title>U11\/3 - 3.Platz in der Herbstrunde - JFG Wendelstein<\/title>\n<meta name=\"robots\" content=\"index, follow, max-snippet:-1, max-image-preview:large, max-video-preview:-1\" \/>\n<link rel=\"canonical\" href=\"https:\/\/www.jugendfussball-wendelstein.de\/wordpress\/u113-6-platz-in-der-herbstrunde\/\" \/>\n<meta property=\"og:locale\" content=\"de_DE\" \/>\n<meta property=\"og:type\" content=\"article\" \/>\n<meta property=\"og:title\" content=\"U11\/3 - 3.Platz in der Herbstrunde - JFG Wendelstein\" \/>\n<meta property=\"og:description\" content=\"02.11.2016 : Herbstrunde 2016\/17 Nach einer viel zu langen Sommerpause und einem zu kurzem Trainingsauftakt ging es am 16.9 los mit dem ersten Punktspiel der Herbstrunde. Zu Gast auf heimischen Gel\u00e4uf war der TSV Rohr. Nach zehn Minuten abtasten gingen wir dann mit 1:0 in f\u00fchrung,und kurz danach konnten wir auch auf 2:0 erh\u00f6hen. Nach [&hellip;]\" \/>\n<meta property=\"og:url\" content=\"https:\/\/www.jugendfussball-wendelstein.de\/wordpress\/u113-6-platz-in-der-herbstrunde\/\" \/>\n<meta property=\"og:site_name\" content=\"JFG Wendelstein\" \/>\n<meta property=\"article:published_time\" content=\"2016-11-02T20:28:47+00:00\" \/>\n<meta property=\"article:modified_time\" content=\"2016-11-03T12:32:19+00:00\" \/>\n<meta property=\"og:image\" content=\"http:\/\/www.jugendfussball-wendelstein.de\/wordpress\/wp-content\/uploads\/2016\/11\/team-U11-3_201617-350x266.jpg\" \/>\n<meta name=\"author\" content=\"Autor\" \/>\n<meta name=\"twitter:card\" content=\"summary_large_image\" \/>\n<meta name=\"twitter:label1\" content=\"Verfasst von\" \/>\n\t<meta name=\"twitter:data1\" content=\"Autor\" \/>\n\t<meta name=\"twitter:label2\" content=\"Gesch\u00e4tzte Lesezeit\" \/>\n\t<meta name=\"twitter:data2\" content=\"5\u00a0Minuten\" \/>\n<script type=\"application\/ld+json\" class=\"yoast-schema-graph\">{\"@context\":\"https:\\\/\\\/schema.org\",\"@graph\":[{\"@type\":\"Article\",\"@id\":\"https:\\\/\\\/www.jugendfussball-wendelstein.de\\\/wordpress\\\/u113-6-platz-in-der-herbstrunde\\\/#article\",\"isPartOf\":{\"@id\":\"https:\\\/\\\/www.jugendfussball-wendelstein.de\\\/wordpress\\\/u113-6-platz-in-der-herbstrunde\\\/\"},\"author\":{\"name\":\"Autor\",\"@id\":\"https:\\\/\\\/www.jugendfussball-wendelstein.de\\\/wordpress\\\/#\\\/schema\\\/person\\\/75aadcbd4be1b3af1c1d785397472bc9\"},\"headline\":\"U11\\\/3 &#8211; 3.Platz in der Herbstrunde\",\"datePublished\":\"2016-11-02T20:28:47+00:00\",\"dateModified\":\"2016-11-03T12:32:19+00:00\",\"mainEntityOfPage\":{\"@id\":\"https:\\\/\\\/www.jugendfussball-wendelstein.de\\\/wordpress\\\/u113-6-platz-in-der-herbstrunde\\\/\"},\"wordCount\":1041,\"image\":{\"@id\":\"https:\\\/\\\/www.jugendfussball-wendelstein.de\\\/wordpress\\\/u113-6-platz-in-der-herbstrunde\\\/#primaryimage\"},\"thumbnailUrl\":\"http:\\\/\\\/www.jugendfussball-wendelstein.de\\\/wordpress\\\/wp-content\\\/uploads\\\/2016\\\/11\\\/team-U11-3_201617-350x266.jpg\",\"articleSection\":[\"Kleinfeld\",\"Spielbericht\",\"U11-3\"],\"inLanguage\":\"de\"},{\"@type\":\"WebPage\",\"@id\":\"https:\\\/\\\/www.jugendfussball-wendelstein.de\\\/wordpress\\\/u113-6-platz-in-der-herbstrunde\\\/\",\"url\":\"https:\\\/\\\/www.jugendfussball-wendelstein.de\\\/wordpress\\\/u113-6-platz-in-der-herbstrunde\\\/\",\"name\":\"U11\\\/3 - 3.Platz in der Herbstrunde - JFG Wendelstein\",\"isPartOf\":{\"@id\":\"https:\\\/\\\/www.jugendfussball-wendelstein.de\\\/wordpress\\\/#website\"},\"primaryImageOfPage\":{\"@id\":\"https:\\\/\\\/www.jugendfussball-wendelstein.de\\\/wordpress\\\/u113-6-platz-in-der-herbstrunde\\\/#primaryimage\"},\"image\":{\"@id\":\"https:\\\/\\\/www.jugendfussball-wendelstein.de\\\/wordpress\\\/u113-6-platz-in-der-herbstrunde\\\/#primaryimage\"},\"thumbnailUrl\":\"http:\\\/\\\/www.jugendfussball-wendelstein.de\\\/wordpress\\\/wp-content\\\/uploads\\\/2016\\\/11\\\/team-U11-3_201617-350x266.jpg\",\"datePublished\":\"2016-11-02T20:28:47+00:00\",\"dateModified\":\"2016-11-03T12:32:19+00:00\",\"author\":{\"@id\":\"https:\\\/\\\/www.jugendfussball-wendelstein.de\\\/wordpress\\\/#\\\/schema\\\/person\\\/75aadcbd4be1b3af1c1d785397472bc9\"},\"breadcrumb\":{\"@id\":\"https:\\\/\\\/www.jugendfussball-wendelstein.de\\\/wordpress\\\/u113-6-platz-in-der-herbstrunde\\\/#breadcrumb\"},\"inLanguage\":\"de\",\"potentialAction\":[{\"@type\":\"ReadAction\",\"target\":[\"https:\\\/\\\/www.jugendfussball-wendelstein.de\\\/wordpress\\\/u113-6-platz-in-der-herbstrunde\\\/\"]}]},{\"@type\":\"ImageObject\",\"inLanguage\":\"de\",\"@id\":\"https:\\\/\\\/www.jugendfussball-wendelstein.de\\\/wordpress\\\/u113-6-platz-in-der-herbstrunde\\\/#primaryimage\",\"url\":\"http:\\\/\\\/www.jugendfussball-wendelstein.de\\\/wordpress\\\/wp-content\\\/uploads\\\/2016\\\/11\\\/team-U11-3_201617-350x266.jpg\",\"contentUrl\":\"http:\\\/\\\/www.jugendfussball-wendelstein.de\\\/wordpress\\\/wp-content\\\/uploads\\\/2016\\\/11\\\/team-U11-3_201617-350x266.jpg\"},{\"@type\":\"BreadcrumbList\",\"@id\":\"https:\\\/\\\/www.jugendfussball-wendelstein.de\\\/wordpress\\\/u113-6-platz-in-der-herbstrunde\\\/#breadcrumb\",\"itemListElement\":[{\"@type\":\"ListItem\",\"position\":1,\"name\":\"Startseite\",\"item\":\"https:\\\/\\\/www.jugendfussball-wendelstein.de\\\/wordpress\\\/\"},{\"@type\":\"ListItem\",\"position\":2,\"name\":\"U11\\\/3 &#8211; 3.Platz in der Herbstrunde\"}]},{\"@type\":\"WebSite\",\"@id\":\"https:\\\/\\\/www.jugendfussball-wendelstein.de\\\/wordpress\\\/#website\",\"url\":\"https:\\\/\\\/www.jugendfussball-wendelstein.de\\\/wordpress\\\/\",\"name\":\"JFG Wendelstein\",\"description\":\"Juniorenfu\u00dfball\",\"potentialAction\":[{\"@type\":\"SearchAction\",\"target\":{\"@type\":\"EntryPoint\",\"urlTemplate\":\"https:\\\/\\\/www.jugendfussball-wendelstein.de\\\/wordpress\\\/?s={search_term_string}\"},\"query-input\":{\"@type\":\"PropertyValueSpecification\",\"valueRequired\":true,\"valueName\":\"search_term_string\"}}],\"inLanguage\":\"de\"},{\"@type\":\"Person\",\"@id\":\"https:\\\/\\\/www.jugendfussball-wendelstein.de\\\/wordpress\\\/#\\\/schema\\\/person\\\/75aadcbd4be1b3af1c1d785397472bc9\",\"name\":\"Autor\",\"image\":{\"@type\":\"ImageObject\",\"inLanguage\":\"de\",\"@id\":\"https:\\\/\\\/secure.gravatar.com\\\/avatar\\\/01dd9b7f2dc8d635302f1c57c2289838e9fe288acd1c06c8f8ad332b8e2a60c9?s=96&d=mm&r=g\",\"url\":\"https:\\\/\\\/secure.gravatar.com\\\/avatar\\\/01dd9b7f2dc8d635302f1c57c2289838e9fe288acd1c06c8f8ad332b8e2a60c9?s=96&d=mm&r=g\",\"contentUrl\":\"https:\\\/\\\/secure.gravatar.com\\\/avatar\\\/01dd9b7f2dc8d635302f1c57c2289838e9fe288acd1c06c8f8ad332b8e2a60c9?s=96&d=mm&r=g\",\"caption\":\"Autor\"},\"url\":\"https:\\\/\\\/www.jugendfussball-wendelstein.de\\\/wordpress\\\/author\\\/autor\\\/\"}]}<\/script>\n<!-- \/ Yoast SEO plugin. -->","yoast_head_json":{"title":"U11\/3 - 3.Platz in der Herbstrunde - JFG Wendelstein","robots":{"index":"index","follow":"follow","max-snippet":"max-snippet:-1","max-image-preview":"max-image-preview:large","max-video-preview":"max-video-preview:-1"},"canonical":"https:\/\/www.jugendfussball-wendelstein.de\/wordpress\/u113-6-platz-in-der-herbstrunde\/","og_locale":"de_DE","og_type":"article","og_title":"U11\/3 - 3.Platz in der Herbstrunde - JFG Wendelstein","og_description":"02.11.2016 : Herbstrunde 2016\/17 Nach einer viel zu langen Sommerpause und einem zu kurzem Trainingsauftakt ging es am 16.9 los mit dem ersten Punktspiel der Herbstrunde. Zu Gast auf heimischen Gel\u00e4uf war der TSV Rohr. Nach zehn Minuten abtasten gingen wir dann mit 1:0 in f\u00fchrung,und kurz danach konnten wir auch auf 2:0 erh\u00f6hen. Nach [&hellip;]","og_url":"https:\/\/www.jugendfussball-wendelstein.de\/wordpress\/u113-6-platz-in-der-herbstrunde\/","og_site_name":"JFG Wendelstein","article_published_time":"2016-11-02T20:28:47+00:00","article_modified_time":"2016-11-03T12:32:19+00:00","og_image":[{"url":"http:\/\/www.jugendfussball-wendelstein.de\/wordpress\/wp-content\/uploads\/2016\/11\/team-U11-3_201617-350x266.jpg","type":"","width":"","height":""}],"author":"Autor","twitter_card":"summary_large_image","twitter_misc":{"Verfasst von":"Autor","Gesch\u00e4tzte Lesezeit":"5\u00a0Minuten"},"schema":{"@context":"https:\/\/schema.org","@graph":[{"@type":"Article","@id":"https:\/\/www.jugendfussball-wendelstein.de\/wordpress\/u113-6-platz-in-der-herbstrunde\/#article","isPartOf":{"@id":"https:\/\/www.jugendfussball-wendelstein.de\/wordpress\/u113-6-platz-in-der-herbstrunde\/"},"author":{"name":"Autor","@id":"https:\/\/www.jugendfussball-wendelstein.de\/wordpress\/#\/schema\/person\/75aadcbd4be1b3af1c1d785397472bc9"},"headline":"U11\/3 &#8211; 3.Platz in der Herbstrunde","datePublished":"2016-11-02T20:28:47+00:00","dateModified":"2016-11-03T12:32:19+00:00","mainEntityOfPage":{"@id":"https:\/\/www.jugendfussball-wendelstein.de\/wordpress\/u113-6-platz-in-der-herbstrunde\/"},"wordCount":1041,"image":{"@id":"https:\/\/www.jugendfussball-wendelstein.de\/wordpress\/u113-6-platz-in-der-herbstrunde\/#primaryimage"},"thumbnailUrl":"http:\/\/www.jugendfussball-wendelstein.de\/wordpress\/wp-content\/uploads\/2016\/11\/team-U11-3_201617-350x266.jpg","articleSection":["Kleinfeld","Spielbericht","U11-3"],"inLanguage":"de"},{"@type":"WebPage","@id":"https:\/\/www.jugendfussball-wendelstein.de\/wordpress\/u113-6-platz-in-der-herbstrunde\/","url":"https:\/\/www.jugendfussball-wendelstein.de\/wordpress\/u113-6-platz-in-der-herbstrunde\/","name":"U11\/3 - 3.Platz in der Herbstrunde - JFG Wendelstein","isPartOf":{"@id":"https:\/\/www.jugendfussball-wendelstein.de\/wordpress\/#website"},"primaryImageOfPage":{"@id":"https:\/\/www.jugendfussball-wendelstein.de\/wordpress\/u113-6-platz-in-der-herbstrunde\/#primaryimage"},"image":{"@id":"https:\/\/www.jugendfussball-wendelstein.de\/wordpress\/u113-6-platz-in-der-herbstrunde\/#primaryimage"},"thumbnailUrl":"http:\/\/www.jugendfussball-wendelstein.de\/wordpress\/wp-content\/uploads\/2016\/11\/team-U11-3_201617-350x266.jpg","datePublished":"2016-11-02T20:28:47+00:00","dateModified":"2016-11-03T12:32:19+00:00","author":{"@id":"https:\/\/www.jugendfussball-wendelstein.de\/wordpress\/#\/schema\/person\/75aadcbd4be1b3af1c1d785397472bc9"},"breadcrumb":{"@id":"https:\/\/www.jugendfussball-wendelstein.de\/wordpress\/u113-6-platz-in-der-herbstrunde\/#breadcrumb"},"inLanguage":"de","potentialAction":[{"@type":"ReadAction","target":["https:\/\/www.jugendfussball-wendelstein.de\/wordpress\/u113-6-platz-in-der-herbstrunde\/"]}]},{"@type":"ImageObject","inLanguage":"de","@id":"https:\/\/www.jugendfussball-wendelstein.de\/wordpress\/u113-6-platz-in-der-herbstrunde\/#primaryimage","url":"http:\/\/www.jugendfussball-wendelstein.de\/wordpress\/wp-content\/uploads\/2016\/11\/team-U11-3_201617-350x266.jpg","contentUrl":"http:\/\/www.jugendfussball-wendelstein.de\/wordpress\/wp-content\/uploads\/2016\/11\/team-U11-3_201617-350x266.jpg"},{"@type":"BreadcrumbList","@id":"https:\/\/www.jugendfussball-wendelstein.de\/wordpress\/u113-6-platz-in-der-herbstrunde\/#breadcrumb","itemListElement":[{"@type":"ListItem","position":1,"name":"Startseite","item":"https:\/\/www.jugendfussball-wendelstein.de\/wordpress\/"},{"@type":"ListItem","position":2,"name":"U11\/3 &#8211; 3.Platz in der Herbstrunde"}]},{"@type":"WebSite","@id":"https:\/\/www.jugendfussball-wendelstein.de\/wordpress\/#website","url":"https:\/\/www.jugendfussball-wendelstein.de\/wordpress\/","name":"JFG Wendelstein","description":"Juniorenfu\u00dfball","potentialAction":[{"@type":"SearchAction","target":{"@type":"EntryPoint","urlTemplate":"https:\/\/www.jugendfussball-wendelstein.de\/wordpress\/?s={search_term_string}"},"query-input":{"@type":"PropertyValueSpecification","valueRequired":true,"valueName":"search_term_string"}}],"inLanguage":"de"},{"@type":"Person","@id":"https:\/\/www.jugendfussball-wendelstein.de\/wordpress\/#\/schema\/person\/75aadcbd4be1b3af1c1d785397472bc9","name":"Autor","image":{"@type":"ImageObject","inLanguage":"de","@id":"https:\/\/secure.gravatar.com\/avatar\/01dd9b7f2dc8d635302f1c57c2289838e9fe288acd1c06c8f8ad332b8e2a60c9?s=96&d=mm&r=g","url":"https:\/\/secure.gravatar.com\/avatar\/01dd9b7f2dc8d635302f1c57c2289838e9fe288acd1c06c8f8ad332b8e2a60c9?s=96&d=mm&r=g","contentUrl":"https:\/\/secure.gravatar.com\/avatar\/01dd9b7f2dc8d635302f1c57c2289838e9fe288acd1c06c8f8ad332b8e2a60c9?s=96&d=mm&r=g","caption":"Autor"},"url":"https:\/\/www.jugendfussball-wendelstein.de\/wordpress\/author\/autor\/"}]}},"_links":{"self":[{"href":"https:\/\/www.jugendfussball-wendelstein.de\/wordpress\/wp-json\/wp\/v2\/posts\/4554","targetHints":{"allow":["GET"]}}],"collection":[{"href":"https:\/\/www.jugendfussball-wendelstein.de\/wordpress\/wp-json\/wp\/v2\/posts"}],"about":[{"href":"https:\/\/www.jugendfussball-wendelstein.de\/wordpress\/wp-json\/wp\/v2\/types\/post"}],"author":[{"embeddable":true,"href":"https:\/\/www.jugendfussball-wendelstein.de\/wordpress\/wp-json\/wp\/v2\/users\/4"}],"replies":[{"embeddable":true,"href":"https:\/\/www.jugendfussball-wendelstein.de\/wordpress\/wp-json\/wp\/v2\/comments?post=4554"}],"version-history":[{"count":0,"href":"https:\/\/www.jugendfussball-wendelstein.de\/wordpress\/wp-json\/wp\/v2\/posts\/4554\/revisions"}],"wp:attachment":[{"href":"https:\/\/www.jugendfussball-wendelstein.de\/wordpress\/wp-json\/wp\/v2\/media?parent=4554"}],"wp:term":[{"taxonomy":"category","embeddable":true,"href":"https:\/\/www.jugendfussball-wendelstein.de\/wordpress\/wp-json\/wp\/v2\/categories?post=4554"},{"taxonomy":"post_tag","embeddable":true,"href":"https:\/\/www.jugendfussball-wendelstein.de\/wordpress\/wp-json\/wp\/v2\/tags?post=4554"}],"curies":[{"name":"wp","href":"https:\/\/api.w.org\/{rel}","templated":true}]}}