{"id":4820,"date":"2017-02-08T22:09:34","date_gmt":"2017-02-08T21:09:34","guid":{"rendered":"http:\/\/www.jugendfussball-wendelstein.de\/wordpress\/?p=4820"},"modified":"2017-02-08T22:09:34","modified_gmt":"2017-02-08T21:09:34","slug":"u11-eigenes-hallenturnier-am-4-2-2017","status":"publish","type":"post","link":"https:\/\/www.jugendfussball-wendelstein.de\/wordpress\/u11-eigenes-hallenturnier-am-4-2-2017\/","title":{"rendered":"U11 &#8211; Eigenes Hallenturnier am 4.2.2017"},"content":{"rendered":"<p>Am Samstag den 4.2. lud die U11 der JFG Wendelstein zu Ihrem zweiten eigenen Hallenturnier in diesem Jahr. Mit einem \u00fcberwiegend regionalen Teilnehmerfeld wurde in zwei vierer Gruppen um den Einzug ins Halbfinale gek\u00e4mpft.<\/p>\n<p>Die Blues mussten ihr erstes Gruppenspiel gegen den spielstarken VFL N\u00fcrnberg bestreiten. Bereits nach kurzer Zeit geriet die Truppe mit 0:1 in R\u00fcckstand. An Moral, Willen und Biss sollte es an diesem Turnier aber nicht scheitern! So k\u00e4mpfte man sich mit dem toll herausgespielten Ausgleichstreffer zur\u00fcck in das Spielgeschehen. Mit den beiden n\u00e4chsten gro\u00dfen Chancen konnte man zun\u00e4chst mit 2:1 in F\u00fchrung gehen um dann sogar den 3:1 Endstand herzustellen.<\/p>\n<p>Im zweiten Gruppenspiel ging es dann gegen eine der st\u00e4rksten Mannschaften bei diesem Turnier. Der ATV Frankonia Nbg. sollte der erwartet schwere Brocken werden. Dem Gegner gelang es uns mit seinen fr\u00fchen Abschl\u00fcssen und robusten Spiel mit 1:3 in die Schranken zu weisen.<\/p>\n<p>Die Konstellation war also klar, wollte man das Halbfinale noch erreichen, so musste man die SG Quelle F\u00fcrth schlagen. Wer den Jugendfu\u00dfball etwas kennt und verfolgt wei\u00df sicher auch, dass dies kein leichtes Unterfangen ist. Es gelang der Mannschaft dann aber mit einer geschlossenen und spielerisch sauberen Leistung die Partie mit 2:1 f\u00fcr sich zu entscheiden.<\/p>\n<p>Dies war dann auch gleichbedeutend mit dem Einzug ins Halbfinale. Der Gegner dieser K.O.-Partie war der FC Sand. Ab der ersten Sekunde dieses Halbfinals merkte man den Blues an, was nun das Ziel war. Die Mannschaft wollte mit aller Macht ins Finale! Es gelang uns Chance um Chance herauszuspielen. Aufgrund mangelnder Chancenverwertung und eines Top aufgelegten Sander` Torh\u00fcters konnte man die Partie dennoch knapp mit 1:0 f\u00fcr sich entscheiden. Was aber z\u00e4hlte, ist die kontinuierliche Steigerung im spielerischen Bereich.<\/p>\n<p>Am Ende der Partie um Platz 3 musste man dann wieder einmal ein negatives Beispiel f\u00fcr das Auftreten von Trainern vor Kindern beobachten. Nach vielen Fouls und harter Gangart gingen je ein Spieler des FC Sand und des ATV Frankonia N\u00fcrnberg im R\u00fccken des Schiedsrichters aufeinander los. Als unser Schiedsrichter die beiden Jungs trennen wollte, indem er beide Kids zur Seite schob und sich zwischen Beide stellte, st\u00fcrmte der Trainer des ATV Frankonia auf den Schiedsrichter, um diesen in Richtung Bande zu schubsen. Die Reaktion des Trainers hat sich keinem Beobachter in der gut gef\u00fcllten Halle erschlossen! Es ist mir unerkl\u00e4rlich, wie man als Mannschaftsverantwortlicher Trainer vor ca.80 neun bis elfj\u00e4hrigen so reagieren kann! Ein solches Verhalten ist besch\u00e4mend f\u00fcr den Sport, den wir alle so lieben, vor allem aber f\u00fcr eine Zusammenarbeit mit KINDERN!!! Auch der FC Sand verhielt sich erst nicht richtig, beruhigte sich aber sehr schnell wieder. (FC Sand \u2013 ATV Frankonia 0:1)<\/p>\n<p>Nun aber zur\u00fcck zum sportlichen Teil, denn es gab ja noch ein Finale in dem das Team der U11 um den Turniersieg k\u00e4mpfen durfte. Viele Worte ben\u00f6tigt das Spiel gegen den SV Wacker Nbg. in seiner Beschreibung nicht. Die Blues brannten ein regelrechtes Feuerwerk ab! Mit der Lautstarken Unterst\u00fctzung unserer U10 sowie der restlichen U11 sollte nie ein Zweifel am verdienten Turniersieg aufkommen! Mit 4:2 konnte man den Gegner in die Schranken wei\u00dfen. So stand am Ende eines tollen Turniers der erste Platz zu Buche stand!<\/p>\n<p>Gl\u00fcckwunsch an meine Jungs zu einer klasse Leistung und einem tollen Turnier. Gl\u00fcckwunsch aber auch an unsere U10 die sich bei einem gut besetzten U11 Hallenturnier gegen die ein Jahr \u00e4lteren Jungs \u00e4u\u00dferst teuer verkauft hatten!!<\/p>\n<p>Ein gro\u00dfer Dank geht nat\u00fcrlich an all meine Helfer im Verkauf, an die Turnierleitung und insbesondere an die Schiedsrichter!!<\/p>\n<p>Autor : W.S.<\/p>\n<p><img loading=\"lazy\" decoding=\"async\" class=\"alignnone size-medium wp-image-4821\" src=\"https:\/\/www.jugendfussball-wendelstein.de\/wordpress\/wp-content\/uploads\/2017\/02\/U11-350x197.jpg\" alt=\"\" width=\"350\" height=\"197\" srcset=\"https:\/\/www.jugendfussball-wendelstein.de\/wordpress\/wp-content\/uploads\/2017\/02\/U11-350x197.jpg 350w, https:\/\/www.jugendfussball-wendelstein.de\/wordpress\/wp-content\/uploads\/2017\/02\/U11-768x432.jpg 768w, https:\/\/www.jugendfussball-wendelstein.de\/wordpress\/wp-content\/uploads\/2017\/02\/U11-1024x576.jpg 1024w, https:\/\/www.jugendfussball-wendelstein.de\/wordpress\/wp-content\/uploads\/2017\/02\/U11.jpg 1517w\" sizes=\"(max-width: 350px) 100vw, 350px\" \/><\/p>\n","protected":false},"excerpt":{"rendered":"<p>Am Samstag den 4.2. lud die U11 der JFG Wendelstein zu Ihrem zweiten eigenen Hallenturnier in diesem Jahr. Mit einem \u00fcberwiegend regionalen Teilnehmerfeld wurde in zwei vierer Gruppen um den Einzug ins Halbfinale gek\u00e4mpft. Die Blues mussten ihr erstes Gruppenspiel gegen den spielstarken VFL N\u00fcrnberg bestreiten. Bereits nach kurzer Zeit geriet die Truppe mit 0:1 [&hellip;]<\/p>\n","protected":false},"author":4,"featured_media":0,"comment_status":"closed","ping_status":"closed","sticky":false,"template":"","format":"standard","meta":{"saved_in_kubio":false,"footnotes":""},"categories":[3,16,4],"tags":[],"class_list":["post-4820","post","type-post","status-publish","format-standard","hentry","category-kf","category-spielbericht","category-u11"],"yoast_head":"<!-- This site is optimized with the Yoast SEO plugin v27.4 - https:\/\/yoast.com\/product\/yoast-seo-wordpress\/ -->\n<title>U11 - Eigenes Hallenturnier am 4.2.2017 - JFG Wendelstein<\/title>\n<meta name=\"robots\" content=\"index, follow, max-snippet:-1, max-image-preview:large, max-video-preview:-1\" \/>\n<link rel=\"canonical\" href=\"https:\/\/www.jugendfussball-wendelstein.de\/wordpress\/u11-eigenes-hallenturnier-am-4-2-2017\/\" \/>\n<meta property=\"og:locale\" content=\"de_DE\" \/>\n<meta property=\"og:type\" content=\"article\" \/>\n<meta property=\"og:title\" content=\"U11 - Eigenes Hallenturnier am 4.2.2017 - JFG Wendelstein\" \/>\n<meta property=\"og:description\" content=\"Am Samstag den 4.2. lud die U11 der JFG Wendelstein zu Ihrem zweiten eigenen Hallenturnier in diesem Jahr. Mit einem \u00fcberwiegend regionalen Teilnehmerfeld wurde in zwei vierer Gruppen um den Einzug ins Halbfinale gek\u00e4mpft. Die Blues mussten ihr erstes Gruppenspiel gegen den spielstarken VFL N\u00fcrnberg bestreiten. Bereits nach kurzer Zeit geriet die Truppe mit 0:1 [&hellip;]\" \/>\n<meta property=\"og:url\" content=\"https:\/\/www.jugendfussball-wendelstein.de\/wordpress\/u11-eigenes-hallenturnier-am-4-2-2017\/\" \/>\n<meta property=\"og:site_name\" content=\"JFG Wendelstein\" \/>\n<meta property=\"article:published_time\" content=\"2017-02-08T21:09:34+00:00\" \/>\n<meta property=\"og:image\" content=\"http:\/\/www.jugendfussball-wendelstein.de\/wordpress\/wp-content\/uploads\/2017\/02\/U11-350x197.jpg\" \/>\n<meta name=\"author\" content=\"Autor\" \/>\n<meta name=\"twitter:card\" content=\"summary_large_image\" \/>\n<meta name=\"twitter:label1\" content=\"Verfasst von\" \/>\n\t<meta name=\"twitter:data1\" content=\"Autor\" \/>\n\t<meta name=\"twitter:label2\" content=\"Gesch\u00e4tzte Lesezeit\" \/>\n\t<meta name=\"twitter:data2\" content=\"3\u00a0Minuten\" \/>\n<script type=\"application\/ld+json\" class=\"yoast-schema-graph\">{\"@context\":\"https:\\\/\\\/schema.org\",\"@graph\":[{\"@type\":\"Article\",\"@id\":\"https:\\\/\\\/www.jugendfussball-wendelstein.de\\\/wordpress\\\/u11-eigenes-hallenturnier-am-4-2-2017\\\/#article\",\"isPartOf\":{\"@id\":\"https:\\\/\\\/www.jugendfussball-wendelstein.de\\\/wordpress\\\/u11-eigenes-hallenturnier-am-4-2-2017\\\/\"},\"author\":{\"name\":\"Autor\",\"@id\":\"https:\\\/\\\/www.jugendfussball-wendelstein.de\\\/wordpress\\\/#\\\/schema\\\/person\\\/75aadcbd4be1b3af1c1d785397472bc9\"},\"headline\":\"U11 &#8211; Eigenes Hallenturnier am 4.2.2017\",\"datePublished\":\"2017-02-08T21:09:34+00:00\",\"mainEntityOfPage\":{\"@id\":\"https:\\\/\\\/www.jugendfussball-wendelstein.de\\\/wordpress\\\/u11-eigenes-hallenturnier-am-4-2-2017\\\/\"},\"wordCount\":616,\"image\":{\"@id\":\"https:\\\/\\\/www.jugendfussball-wendelstein.de\\\/wordpress\\\/u11-eigenes-hallenturnier-am-4-2-2017\\\/#primaryimage\"},\"thumbnailUrl\":\"http:\\\/\\\/www.jugendfussball-wendelstein.de\\\/wordpress\\\/wp-content\\\/uploads\\\/2017\\\/02\\\/U11-350x197.jpg\",\"articleSection\":[\"Kleinfeld\",\"Spielbericht\",\"U11\"],\"inLanguage\":\"de\"},{\"@type\":\"WebPage\",\"@id\":\"https:\\\/\\\/www.jugendfussball-wendelstein.de\\\/wordpress\\\/u11-eigenes-hallenturnier-am-4-2-2017\\\/\",\"url\":\"https:\\\/\\\/www.jugendfussball-wendelstein.de\\\/wordpress\\\/u11-eigenes-hallenturnier-am-4-2-2017\\\/\",\"name\":\"U11 - Eigenes Hallenturnier am 4.2.2017 - JFG Wendelstein\",\"isPartOf\":{\"@id\":\"https:\\\/\\\/www.jugendfussball-wendelstein.de\\\/wordpress\\\/#website\"},\"primaryImageOfPage\":{\"@id\":\"https:\\\/\\\/www.jugendfussball-wendelstein.de\\\/wordpress\\\/u11-eigenes-hallenturnier-am-4-2-2017\\\/#primaryimage\"},\"image\":{\"@id\":\"https:\\\/\\\/www.jugendfussball-wendelstein.de\\\/wordpress\\\/u11-eigenes-hallenturnier-am-4-2-2017\\\/#primaryimage\"},\"thumbnailUrl\":\"http:\\\/\\\/www.jugendfussball-wendelstein.de\\\/wordpress\\\/wp-content\\\/uploads\\\/2017\\\/02\\\/U11-350x197.jpg\",\"datePublished\":\"2017-02-08T21:09:34+00:00\",\"author\":{\"@id\":\"https:\\\/\\\/www.jugendfussball-wendelstein.de\\\/wordpress\\\/#\\\/schema\\\/person\\\/75aadcbd4be1b3af1c1d785397472bc9\"},\"breadcrumb\":{\"@id\":\"https:\\\/\\\/www.jugendfussball-wendelstein.de\\\/wordpress\\\/u11-eigenes-hallenturnier-am-4-2-2017\\\/#breadcrumb\"},\"inLanguage\":\"de\",\"potentialAction\":[{\"@type\":\"ReadAction\",\"target\":[\"https:\\\/\\\/www.jugendfussball-wendelstein.de\\\/wordpress\\\/u11-eigenes-hallenturnier-am-4-2-2017\\\/\"]}]},{\"@type\":\"ImageObject\",\"inLanguage\":\"de\",\"@id\":\"https:\\\/\\\/www.jugendfussball-wendelstein.de\\\/wordpress\\\/u11-eigenes-hallenturnier-am-4-2-2017\\\/#primaryimage\",\"url\":\"http:\\\/\\\/www.jugendfussball-wendelstein.de\\\/wordpress\\\/wp-content\\\/uploads\\\/2017\\\/02\\\/U11-350x197.jpg\",\"contentUrl\":\"http:\\\/\\\/www.jugendfussball-wendelstein.de\\\/wordpress\\\/wp-content\\\/uploads\\\/2017\\\/02\\\/U11-350x197.jpg\"},{\"@type\":\"BreadcrumbList\",\"@id\":\"https:\\\/\\\/www.jugendfussball-wendelstein.de\\\/wordpress\\\/u11-eigenes-hallenturnier-am-4-2-2017\\\/#breadcrumb\",\"itemListElement\":[{\"@type\":\"ListItem\",\"position\":1,\"name\":\"Startseite\",\"item\":\"https:\\\/\\\/www.jugendfussball-wendelstein.de\\\/wordpress\\\/\"},{\"@type\":\"ListItem\",\"position\":2,\"name\":\"U11 &#8211; Eigenes Hallenturnier am 4.2.2017\"}]},{\"@type\":\"WebSite\",\"@id\":\"https:\\\/\\\/www.jugendfussball-wendelstein.de\\\/wordpress\\\/#website\",\"url\":\"https:\\\/\\\/www.jugendfussball-wendelstein.de\\\/wordpress\\\/\",\"name\":\"JFG Wendelstein\",\"description\":\"Juniorenfu\u00dfball\",\"potentialAction\":[{\"@type\":\"SearchAction\",\"target\":{\"@type\":\"EntryPoint\",\"urlTemplate\":\"https:\\\/\\\/www.jugendfussball-wendelstein.de\\\/wordpress\\\/?s={search_term_string}\"},\"query-input\":{\"@type\":\"PropertyValueSpecification\",\"valueRequired\":true,\"valueName\":\"search_term_string\"}}],\"inLanguage\":\"de\"},{\"@type\":\"Person\",\"@id\":\"https:\\\/\\\/www.jugendfussball-wendelstein.de\\\/wordpress\\\/#\\\/schema\\\/person\\\/75aadcbd4be1b3af1c1d785397472bc9\",\"name\":\"Autor\",\"image\":{\"@type\":\"ImageObject\",\"inLanguage\":\"de\",\"@id\":\"https:\\\/\\\/secure.gravatar.com\\\/avatar\\\/01dd9b7f2dc8d635302f1c57c2289838e9fe288acd1c06c8f8ad332b8e2a60c9?s=96&d=mm&r=g\",\"url\":\"https:\\\/\\\/secure.gravatar.com\\\/avatar\\\/01dd9b7f2dc8d635302f1c57c2289838e9fe288acd1c06c8f8ad332b8e2a60c9?s=96&d=mm&r=g\",\"contentUrl\":\"https:\\\/\\\/secure.gravatar.com\\\/avatar\\\/01dd9b7f2dc8d635302f1c57c2289838e9fe288acd1c06c8f8ad332b8e2a60c9?s=96&d=mm&r=g\",\"caption\":\"Autor\"},\"url\":\"https:\\\/\\\/www.jugendfussball-wendelstein.de\\\/wordpress\\\/author\\\/autor\\\/\"}]}<\/script>\n<!-- \/ Yoast SEO plugin. -->","yoast_head_json":{"title":"U11 - Eigenes Hallenturnier am 4.2.2017 - JFG Wendelstein","robots":{"index":"index","follow":"follow","max-snippet":"max-snippet:-1","max-image-preview":"max-image-preview:large","max-video-preview":"max-video-preview:-1"},"canonical":"https:\/\/www.jugendfussball-wendelstein.de\/wordpress\/u11-eigenes-hallenturnier-am-4-2-2017\/","og_locale":"de_DE","og_type":"article","og_title":"U11 - Eigenes Hallenturnier am 4.2.2017 - JFG Wendelstein","og_description":"Am Samstag den 4.2. lud die U11 der JFG Wendelstein zu Ihrem zweiten eigenen Hallenturnier in diesem Jahr. Mit einem \u00fcberwiegend regionalen Teilnehmerfeld wurde in zwei vierer Gruppen um den Einzug ins Halbfinale gek\u00e4mpft. Die Blues mussten ihr erstes Gruppenspiel gegen den spielstarken VFL N\u00fcrnberg bestreiten. Bereits nach kurzer Zeit geriet die Truppe mit 0:1 [&hellip;]","og_url":"https:\/\/www.jugendfussball-wendelstein.de\/wordpress\/u11-eigenes-hallenturnier-am-4-2-2017\/","og_site_name":"JFG Wendelstein","article_published_time":"2017-02-08T21:09:34+00:00","og_image":[{"url":"http:\/\/www.jugendfussball-wendelstein.de\/wordpress\/wp-content\/uploads\/2017\/02\/U11-350x197.jpg","type":"","width":"","height":""}],"author":"Autor","twitter_card":"summary_large_image","twitter_misc":{"Verfasst von":"Autor","Gesch\u00e4tzte Lesezeit":"3\u00a0Minuten"},"schema":{"@context":"https:\/\/schema.org","@graph":[{"@type":"Article","@id":"https:\/\/www.jugendfussball-wendelstein.de\/wordpress\/u11-eigenes-hallenturnier-am-4-2-2017\/#article","isPartOf":{"@id":"https:\/\/www.jugendfussball-wendelstein.de\/wordpress\/u11-eigenes-hallenturnier-am-4-2-2017\/"},"author":{"name":"Autor","@id":"https:\/\/www.jugendfussball-wendelstein.de\/wordpress\/#\/schema\/person\/75aadcbd4be1b3af1c1d785397472bc9"},"headline":"U11 &#8211; Eigenes Hallenturnier am 4.2.2017","datePublished":"2017-02-08T21:09:34+00:00","mainEntityOfPage":{"@id":"https:\/\/www.jugendfussball-wendelstein.de\/wordpress\/u11-eigenes-hallenturnier-am-4-2-2017\/"},"wordCount":616,"image":{"@id":"https:\/\/www.jugendfussball-wendelstein.de\/wordpress\/u11-eigenes-hallenturnier-am-4-2-2017\/#primaryimage"},"thumbnailUrl":"http:\/\/www.jugendfussball-wendelstein.de\/wordpress\/wp-content\/uploads\/2017\/02\/U11-350x197.jpg","articleSection":["Kleinfeld","Spielbericht","U11"],"inLanguage":"de"},{"@type":"WebPage","@id":"https:\/\/www.jugendfussball-wendelstein.de\/wordpress\/u11-eigenes-hallenturnier-am-4-2-2017\/","url":"https:\/\/www.jugendfussball-wendelstein.de\/wordpress\/u11-eigenes-hallenturnier-am-4-2-2017\/","name":"U11 - Eigenes Hallenturnier am 4.2.2017 - JFG Wendelstein","isPartOf":{"@id":"https:\/\/www.jugendfussball-wendelstein.de\/wordpress\/#website"},"primaryImageOfPage":{"@id":"https:\/\/www.jugendfussball-wendelstein.de\/wordpress\/u11-eigenes-hallenturnier-am-4-2-2017\/#primaryimage"},"image":{"@id":"https:\/\/www.jugendfussball-wendelstein.de\/wordpress\/u11-eigenes-hallenturnier-am-4-2-2017\/#primaryimage"},"thumbnailUrl":"http:\/\/www.jugendfussball-wendelstein.de\/wordpress\/wp-content\/uploads\/2017\/02\/U11-350x197.jpg","datePublished":"2017-02-08T21:09:34+00:00","author":{"@id":"https:\/\/www.jugendfussball-wendelstein.de\/wordpress\/#\/schema\/person\/75aadcbd4be1b3af1c1d785397472bc9"},"breadcrumb":{"@id":"https:\/\/www.jugendfussball-wendelstein.de\/wordpress\/u11-eigenes-hallenturnier-am-4-2-2017\/#breadcrumb"},"inLanguage":"de","potentialAction":[{"@type":"ReadAction","target":["https:\/\/www.jugendfussball-wendelstein.de\/wordpress\/u11-eigenes-hallenturnier-am-4-2-2017\/"]}]},{"@type":"ImageObject","inLanguage":"de","@id":"https:\/\/www.jugendfussball-wendelstein.de\/wordpress\/u11-eigenes-hallenturnier-am-4-2-2017\/#primaryimage","url":"http:\/\/www.jugendfussball-wendelstein.de\/wordpress\/wp-content\/uploads\/2017\/02\/U11-350x197.jpg","contentUrl":"http:\/\/www.jugendfussball-wendelstein.de\/wordpress\/wp-content\/uploads\/2017\/02\/U11-350x197.jpg"},{"@type":"BreadcrumbList","@id":"https:\/\/www.jugendfussball-wendelstein.de\/wordpress\/u11-eigenes-hallenturnier-am-4-2-2017\/#breadcrumb","itemListElement":[{"@type":"ListItem","position":1,"name":"Startseite","item":"https:\/\/www.jugendfussball-wendelstein.de\/wordpress\/"},{"@type":"ListItem","position":2,"name":"U11 &#8211; Eigenes Hallenturnier am 4.2.2017"}]},{"@type":"WebSite","@id":"https:\/\/www.jugendfussball-wendelstein.de\/wordpress\/#website","url":"https:\/\/www.jugendfussball-wendelstein.de\/wordpress\/","name":"JFG Wendelstein","description":"Juniorenfu\u00dfball","potentialAction":[{"@type":"SearchAction","target":{"@type":"EntryPoint","urlTemplate":"https:\/\/www.jugendfussball-wendelstein.de\/wordpress\/?s={search_term_string}"},"query-input":{"@type":"PropertyValueSpecification","valueRequired":true,"valueName":"search_term_string"}}],"inLanguage":"de"},{"@type":"Person","@id":"https:\/\/www.jugendfussball-wendelstein.de\/wordpress\/#\/schema\/person\/75aadcbd4be1b3af1c1d785397472bc9","name":"Autor","image":{"@type":"ImageObject","inLanguage":"de","@id":"https:\/\/secure.gravatar.com\/avatar\/01dd9b7f2dc8d635302f1c57c2289838e9fe288acd1c06c8f8ad332b8e2a60c9?s=96&d=mm&r=g","url":"https:\/\/secure.gravatar.com\/avatar\/01dd9b7f2dc8d635302f1c57c2289838e9fe288acd1c06c8f8ad332b8e2a60c9?s=96&d=mm&r=g","contentUrl":"https:\/\/secure.gravatar.com\/avatar\/01dd9b7f2dc8d635302f1c57c2289838e9fe288acd1c06c8f8ad332b8e2a60c9?s=96&d=mm&r=g","caption":"Autor"},"url":"https:\/\/www.jugendfussball-wendelstein.de\/wordpress\/author\/autor\/"}]}},"_links":{"self":[{"href":"https:\/\/www.jugendfussball-wendelstein.de\/wordpress\/wp-json\/wp\/v2\/posts\/4820","targetHints":{"allow":["GET"]}}],"collection":[{"href":"https:\/\/www.jugendfussball-wendelstein.de\/wordpress\/wp-json\/wp\/v2\/posts"}],"about":[{"href":"https:\/\/www.jugendfussball-wendelstein.de\/wordpress\/wp-json\/wp\/v2\/types\/post"}],"author":[{"embeddable":true,"href":"https:\/\/www.jugendfussball-wendelstein.de\/wordpress\/wp-json\/wp\/v2\/users\/4"}],"replies":[{"embeddable":true,"href":"https:\/\/www.jugendfussball-wendelstein.de\/wordpress\/wp-json\/wp\/v2\/comments?post=4820"}],"version-history":[{"count":0,"href":"https:\/\/www.jugendfussball-wendelstein.de\/wordpress\/wp-json\/wp\/v2\/posts\/4820\/revisions"}],"wp:attachment":[{"href":"https:\/\/www.jugendfussball-wendelstein.de\/wordpress\/wp-json\/wp\/v2\/media?parent=4820"}],"wp:term":[{"taxonomy":"category","embeddable":true,"href":"https:\/\/www.jugendfussball-wendelstein.de\/wordpress\/wp-json\/wp\/v2\/categories?post=4820"},{"taxonomy":"post_tag","embeddable":true,"href":"https:\/\/www.jugendfussball-wendelstein.de\/wordpress\/wp-json\/wp\/v2\/tags?post=4820"}],"curies":[{"name":"wp","href":"https:\/\/api.w.org\/{rel}","templated":true}]}}