{"id":4866,"date":"2017-02-26T19:59:04","date_gmt":"2017-02-26T18:59:04","guid":{"rendered":"http:\/\/www.jugendfussball-wendelstein.de\/wordpress\/?p=4866"},"modified":"2017-02-26T19:59:04","modified_gmt":"2017-02-26T18:59:04","slug":"sv-sg-hetzles-jfg-wendelstein-02","status":"publish","type":"post","link":"https:\/\/www.jugendfussball-wendelstein.de\/wordpress\/sv-sg-hetzles-jfg-wendelstein-02\/","title":{"rendered":"SV (SG) Hetzles : JFG Wendelstein 0:2"},"content":{"rendered":"<p>Verletzungsbedingt mit gerade mal 11 Spielern angetreten, gelang unserer U17 beim Tabellendritten der Kreisliga Erlangen\/ Pegnitzgrund ein verdienter Erfolg. Ein Tor fehlte, da der Schiedsrichter einem deutlich verwandelten Strafsto\u00df durch Samuel Andert die Anerkennung verweigerte. Einige Hochkar\u00e4ter versemmelte Wendelstein noch dazu. Auf der anderen Seite waren auch die Gastgeber zu harmlos, um aus ihren M\u00f6glichkeiten z\u00e4hlbares zu erreichen. Nach einer dominanten ersten Halbzeit war ein Kr\u00e4fteabbau im zweiten Durchgang auf Wendelsteiner Seite erkennbar. Neben einer \u00fcberzeugenden Abwehrkette verdienten sich Sam Zander und Max Kettlitz mit unerm\u00fcdlichem Einsatz und weiten Wegen Bestnoten. Auf dem gro\u00dfen und bestens gepflegten Spielfeld in Dormitz war das nach einer intensiven Trainingswoche hervorragende Konditionsarbeit f\u00fcr unsere Vorbereitung auf den Punktspielstart am 12.03.17.<\/p>\n<p>Autor : E.Z.<\/p>\n<p><img loading=\"lazy\" decoding=\"async\" class=\"alignnone size-medium wp-image-4455\" src=\"https:\/\/www.jugendfussball-wendelstein.de\/wordpress\/wp-content\/uploads\/2016\/10\/teambild-U17_1617-350x245.jpg\" alt=\"\" width=\"350\" height=\"245\" srcset=\"https:\/\/www.jugendfussball-wendelstein.de\/wordpress\/wp-content\/uploads\/2016\/10\/teambild-U17_1617-350x245.jpg 350w, https:\/\/www.jugendfussball-wendelstein.de\/wordpress\/wp-content\/uploads\/2016\/10\/teambild-U17_1617-768x538.jpg 768w, https:\/\/www.jugendfussball-wendelstein.de\/wordpress\/wp-content\/uploads\/2016\/10\/teambild-U17_1617.jpg 1000w\" sizes=\"(max-width: 350px) 100vw, 350px\" \/><\/p>\n","protected":false},"excerpt":{"rendered":"<p>Verletzungsbedingt mit gerade mal 11 Spielern angetreten, gelang unserer U17 beim Tabellendritten der Kreisliga Erlangen\/ Pegnitzgrund ein verdienter Erfolg. Ein Tor fehlte, da der Schiedsrichter einem deutlich verwandelten Strafsto\u00df durch Samuel Andert die Anerkennung verweigerte. Einige Hochkar\u00e4ter versemmelte Wendelstein noch dazu. Auf der anderen Seite waren auch die Gastgeber zu harmlos, um aus ihren M\u00f6glichkeiten [&hellip;]<\/p>\n","protected":false},"author":4,"featured_media":0,"comment_status":"closed","ping_status":"closed","sticky":false,"template":"","format":"standard","meta":{"saved_in_kubio":false,"footnotes":""},"categories":[2,16,21],"tags":[],"class_list":["post-4866","post","type-post","status-publish","format-standard","hentry","category-gf","category-spielbericht","category-u17"],"yoast_head":"<!-- This site is optimized with the Yoast SEO plugin v27.4 - https:\/\/yoast.com\/product\/yoast-seo-wordpress\/ -->\n<title>SV (SG) Hetzles : JFG Wendelstein 0:2 - JFG Wendelstein<\/title>\n<meta name=\"robots\" content=\"index, follow, max-snippet:-1, max-image-preview:large, max-video-preview:-1\" \/>\n<link rel=\"canonical\" href=\"https:\/\/www.jugendfussball-wendelstein.de\/wordpress\/sv-sg-hetzles-jfg-wendelstein-02\/\" \/>\n<meta property=\"og:locale\" content=\"de_DE\" \/>\n<meta property=\"og:type\" content=\"article\" \/>\n<meta property=\"og:title\" content=\"SV (SG) Hetzles : JFG Wendelstein 0:2 - JFG Wendelstein\" \/>\n<meta property=\"og:description\" content=\"Verletzungsbedingt mit gerade mal 11 Spielern angetreten, gelang unserer U17 beim Tabellendritten der Kreisliga Erlangen\/ Pegnitzgrund ein verdienter Erfolg. Ein Tor fehlte, da der Schiedsrichter einem deutlich verwandelten Strafsto\u00df durch Samuel Andert die Anerkennung verweigerte. Einige Hochkar\u00e4ter versemmelte Wendelstein noch dazu. Auf der anderen Seite waren auch die Gastgeber zu harmlos, um aus ihren M\u00f6glichkeiten [&hellip;]\" \/>\n<meta property=\"og:url\" content=\"https:\/\/www.jugendfussball-wendelstein.de\/wordpress\/sv-sg-hetzles-jfg-wendelstein-02\/\" \/>\n<meta property=\"og:site_name\" content=\"JFG Wendelstein\" \/>\n<meta property=\"article:published_time\" content=\"2017-02-26T18:59:04+00:00\" \/>\n<meta property=\"og:image\" content=\"http:\/\/www.jugendfussball-wendelstein.de\/wordpress\/wp-content\/uploads\/2016\/10\/teambild-U17_1617-350x245.jpg\" \/>\n<meta name=\"author\" content=\"Autor\" \/>\n<meta name=\"twitter:card\" content=\"summary_large_image\" \/>\n<meta name=\"twitter:label1\" content=\"Verfasst von\" \/>\n\t<meta name=\"twitter:data1\" content=\"Autor\" \/>\n\t<meta name=\"twitter:label2\" content=\"Gesch\u00e4tzte Lesezeit\" \/>\n\t<meta name=\"twitter:data2\" content=\"1\u00a0Minute\" \/>\n<script type=\"application\/ld+json\" class=\"yoast-schema-graph\">{\"@context\":\"https:\\\/\\\/schema.org\",\"@graph\":[{\"@type\":\"Article\",\"@id\":\"https:\\\/\\\/www.jugendfussball-wendelstein.de\\\/wordpress\\\/sv-sg-hetzles-jfg-wendelstein-02\\\/#article\",\"isPartOf\":{\"@id\":\"https:\\\/\\\/www.jugendfussball-wendelstein.de\\\/wordpress\\\/sv-sg-hetzles-jfg-wendelstein-02\\\/\"},\"author\":{\"name\":\"Autor\",\"@id\":\"https:\\\/\\\/www.jugendfussball-wendelstein.de\\\/wordpress\\\/#\\\/schema\\\/person\\\/75aadcbd4be1b3af1c1d785397472bc9\"},\"headline\":\"SV (SG) Hetzles : JFG Wendelstein 0:2\",\"datePublished\":\"2017-02-26T18:59:04+00:00\",\"mainEntityOfPage\":{\"@id\":\"https:\\\/\\\/www.jugendfussball-wendelstein.de\\\/wordpress\\\/sv-sg-hetzles-jfg-wendelstein-02\\\/\"},\"wordCount\":129,\"image\":{\"@id\":\"https:\\\/\\\/www.jugendfussball-wendelstein.de\\\/wordpress\\\/sv-sg-hetzles-jfg-wendelstein-02\\\/#primaryimage\"},\"thumbnailUrl\":\"http:\\\/\\\/www.jugendfussball-wendelstein.de\\\/wordpress\\\/wp-content\\\/uploads\\\/2016\\\/10\\\/teambild-U17_1617-350x245.jpg\",\"articleSection\":[\"Gro\u00dffeld\",\"Spielbericht\",\"U17\"],\"inLanguage\":\"de\"},{\"@type\":\"WebPage\",\"@id\":\"https:\\\/\\\/www.jugendfussball-wendelstein.de\\\/wordpress\\\/sv-sg-hetzles-jfg-wendelstein-02\\\/\",\"url\":\"https:\\\/\\\/www.jugendfussball-wendelstein.de\\\/wordpress\\\/sv-sg-hetzles-jfg-wendelstein-02\\\/\",\"name\":\"SV (SG) Hetzles : JFG Wendelstein 0:2 - JFG Wendelstein\",\"isPartOf\":{\"@id\":\"https:\\\/\\\/www.jugendfussball-wendelstein.de\\\/wordpress\\\/#website\"},\"primaryImageOfPage\":{\"@id\":\"https:\\\/\\\/www.jugendfussball-wendelstein.de\\\/wordpress\\\/sv-sg-hetzles-jfg-wendelstein-02\\\/#primaryimage\"},\"image\":{\"@id\":\"https:\\\/\\\/www.jugendfussball-wendelstein.de\\\/wordpress\\\/sv-sg-hetzles-jfg-wendelstein-02\\\/#primaryimage\"},\"thumbnailUrl\":\"http:\\\/\\\/www.jugendfussball-wendelstein.de\\\/wordpress\\\/wp-content\\\/uploads\\\/2016\\\/10\\\/teambild-U17_1617-350x245.jpg\",\"datePublished\":\"2017-02-26T18:59:04+00:00\",\"author\":{\"@id\":\"https:\\\/\\\/www.jugendfussball-wendelstein.de\\\/wordpress\\\/#\\\/schema\\\/person\\\/75aadcbd4be1b3af1c1d785397472bc9\"},\"breadcrumb\":{\"@id\":\"https:\\\/\\\/www.jugendfussball-wendelstein.de\\\/wordpress\\\/sv-sg-hetzles-jfg-wendelstein-02\\\/#breadcrumb\"},\"inLanguage\":\"de\",\"potentialAction\":[{\"@type\":\"ReadAction\",\"target\":[\"https:\\\/\\\/www.jugendfussball-wendelstein.de\\\/wordpress\\\/sv-sg-hetzles-jfg-wendelstein-02\\\/\"]}]},{\"@type\":\"ImageObject\",\"inLanguage\":\"de\",\"@id\":\"https:\\\/\\\/www.jugendfussball-wendelstein.de\\\/wordpress\\\/sv-sg-hetzles-jfg-wendelstein-02\\\/#primaryimage\",\"url\":\"http:\\\/\\\/www.jugendfussball-wendelstein.de\\\/wordpress\\\/wp-content\\\/uploads\\\/2016\\\/10\\\/teambild-U17_1617-350x245.jpg\",\"contentUrl\":\"http:\\\/\\\/www.jugendfussball-wendelstein.de\\\/wordpress\\\/wp-content\\\/uploads\\\/2016\\\/10\\\/teambild-U17_1617-350x245.jpg\"},{\"@type\":\"BreadcrumbList\",\"@id\":\"https:\\\/\\\/www.jugendfussball-wendelstein.de\\\/wordpress\\\/sv-sg-hetzles-jfg-wendelstein-02\\\/#breadcrumb\",\"itemListElement\":[{\"@type\":\"ListItem\",\"position\":1,\"name\":\"Startseite\",\"item\":\"https:\\\/\\\/www.jugendfussball-wendelstein.de\\\/wordpress\\\/\"},{\"@type\":\"ListItem\",\"position\":2,\"name\":\"SV (SG) Hetzles : JFG Wendelstein 0:2\"}]},{\"@type\":\"WebSite\",\"@id\":\"https:\\\/\\\/www.jugendfussball-wendelstein.de\\\/wordpress\\\/#website\",\"url\":\"https:\\\/\\\/www.jugendfussball-wendelstein.de\\\/wordpress\\\/\",\"name\":\"JFG Wendelstein\",\"description\":\"Juniorenfu\u00dfball\",\"potentialAction\":[{\"@type\":\"SearchAction\",\"target\":{\"@type\":\"EntryPoint\",\"urlTemplate\":\"https:\\\/\\\/www.jugendfussball-wendelstein.de\\\/wordpress\\\/?s={search_term_string}\"},\"query-input\":{\"@type\":\"PropertyValueSpecification\",\"valueRequired\":true,\"valueName\":\"search_term_string\"}}],\"inLanguage\":\"de\"},{\"@type\":\"Person\",\"@id\":\"https:\\\/\\\/www.jugendfussball-wendelstein.de\\\/wordpress\\\/#\\\/schema\\\/person\\\/75aadcbd4be1b3af1c1d785397472bc9\",\"name\":\"Autor\",\"image\":{\"@type\":\"ImageObject\",\"inLanguage\":\"de\",\"@id\":\"https:\\\/\\\/secure.gravatar.com\\\/avatar\\\/01dd9b7f2dc8d635302f1c57c2289838e9fe288acd1c06c8f8ad332b8e2a60c9?s=96&d=mm&r=g\",\"url\":\"https:\\\/\\\/secure.gravatar.com\\\/avatar\\\/01dd9b7f2dc8d635302f1c57c2289838e9fe288acd1c06c8f8ad332b8e2a60c9?s=96&d=mm&r=g\",\"contentUrl\":\"https:\\\/\\\/secure.gravatar.com\\\/avatar\\\/01dd9b7f2dc8d635302f1c57c2289838e9fe288acd1c06c8f8ad332b8e2a60c9?s=96&d=mm&r=g\",\"caption\":\"Autor\"},\"url\":\"https:\\\/\\\/www.jugendfussball-wendelstein.de\\\/wordpress\\\/author\\\/autor\\\/\"}]}<\/script>\n<!-- \/ Yoast SEO plugin. -->","yoast_head_json":{"title":"SV (SG) Hetzles : JFG Wendelstein 0:2 - JFG Wendelstein","robots":{"index":"index","follow":"follow","max-snippet":"max-snippet:-1","max-image-preview":"max-image-preview:large","max-video-preview":"max-video-preview:-1"},"canonical":"https:\/\/www.jugendfussball-wendelstein.de\/wordpress\/sv-sg-hetzles-jfg-wendelstein-02\/","og_locale":"de_DE","og_type":"article","og_title":"SV (SG) Hetzles : JFG Wendelstein 0:2 - JFG Wendelstein","og_description":"Verletzungsbedingt mit gerade mal 11 Spielern angetreten, gelang unserer U17 beim Tabellendritten der Kreisliga Erlangen\/ Pegnitzgrund ein verdienter Erfolg. Ein Tor fehlte, da der Schiedsrichter einem deutlich verwandelten Strafsto\u00df durch Samuel Andert die Anerkennung verweigerte. Einige Hochkar\u00e4ter versemmelte Wendelstein noch dazu. Auf der anderen Seite waren auch die Gastgeber zu harmlos, um aus ihren M\u00f6glichkeiten [&hellip;]","og_url":"https:\/\/www.jugendfussball-wendelstein.de\/wordpress\/sv-sg-hetzles-jfg-wendelstein-02\/","og_site_name":"JFG Wendelstein","article_published_time":"2017-02-26T18:59:04+00:00","og_image":[{"url":"http:\/\/www.jugendfussball-wendelstein.de\/wordpress\/wp-content\/uploads\/2016\/10\/teambild-U17_1617-350x245.jpg","type":"","width":"","height":""}],"author":"Autor","twitter_card":"summary_large_image","twitter_misc":{"Verfasst von":"Autor","Gesch\u00e4tzte Lesezeit":"1\u00a0Minute"},"schema":{"@context":"https:\/\/schema.org","@graph":[{"@type":"Article","@id":"https:\/\/www.jugendfussball-wendelstein.de\/wordpress\/sv-sg-hetzles-jfg-wendelstein-02\/#article","isPartOf":{"@id":"https:\/\/www.jugendfussball-wendelstein.de\/wordpress\/sv-sg-hetzles-jfg-wendelstein-02\/"},"author":{"name":"Autor","@id":"https:\/\/www.jugendfussball-wendelstein.de\/wordpress\/#\/schema\/person\/75aadcbd4be1b3af1c1d785397472bc9"},"headline":"SV (SG) Hetzles : JFG Wendelstein 0:2","datePublished":"2017-02-26T18:59:04+00:00","mainEntityOfPage":{"@id":"https:\/\/www.jugendfussball-wendelstein.de\/wordpress\/sv-sg-hetzles-jfg-wendelstein-02\/"},"wordCount":129,"image":{"@id":"https:\/\/www.jugendfussball-wendelstein.de\/wordpress\/sv-sg-hetzles-jfg-wendelstein-02\/#primaryimage"},"thumbnailUrl":"http:\/\/www.jugendfussball-wendelstein.de\/wordpress\/wp-content\/uploads\/2016\/10\/teambild-U17_1617-350x245.jpg","articleSection":["Gro\u00dffeld","Spielbericht","U17"],"inLanguage":"de"},{"@type":"WebPage","@id":"https:\/\/www.jugendfussball-wendelstein.de\/wordpress\/sv-sg-hetzles-jfg-wendelstein-02\/","url":"https:\/\/www.jugendfussball-wendelstein.de\/wordpress\/sv-sg-hetzles-jfg-wendelstein-02\/","name":"SV (SG) Hetzles : JFG Wendelstein 0:2 - JFG Wendelstein","isPartOf":{"@id":"https:\/\/www.jugendfussball-wendelstein.de\/wordpress\/#website"},"primaryImageOfPage":{"@id":"https:\/\/www.jugendfussball-wendelstein.de\/wordpress\/sv-sg-hetzles-jfg-wendelstein-02\/#primaryimage"},"image":{"@id":"https:\/\/www.jugendfussball-wendelstein.de\/wordpress\/sv-sg-hetzles-jfg-wendelstein-02\/#primaryimage"},"thumbnailUrl":"http:\/\/www.jugendfussball-wendelstein.de\/wordpress\/wp-content\/uploads\/2016\/10\/teambild-U17_1617-350x245.jpg","datePublished":"2017-02-26T18:59:04+00:00","author":{"@id":"https:\/\/www.jugendfussball-wendelstein.de\/wordpress\/#\/schema\/person\/75aadcbd4be1b3af1c1d785397472bc9"},"breadcrumb":{"@id":"https:\/\/www.jugendfussball-wendelstein.de\/wordpress\/sv-sg-hetzles-jfg-wendelstein-02\/#breadcrumb"},"inLanguage":"de","potentialAction":[{"@type":"ReadAction","target":["https:\/\/www.jugendfussball-wendelstein.de\/wordpress\/sv-sg-hetzles-jfg-wendelstein-02\/"]}]},{"@type":"ImageObject","inLanguage":"de","@id":"https:\/\/www.jugendfussball-wendelstein.de\/wordpress\/sv-sg-hetzles-jfg-wendelstein-02\/#primaryimage","url":"http:\/\/www.jugendfussball-wendelstein.de\/wordpress\/wp-content\/uploads\/2016\/10\/teambild-U17_1617-350x245.jpg","contentUrl":"http:\/\/www.jugendfussball-wendelstein.de\/wordpress\/wp-content\/uploads\/2016\/10\/teambild-U17_1617-350x245.jpg"},{"@type":"BreadcrumbList","@id":"https:\/\/www.jugendfussball-wendelstein.de\/wordpress\/sv-sg-hetzles-jfg-wendelstein-02\/#breadcrumb","itemListElement":[{"@type":"ListItem","position":1,"name":"Startseite","item":"https:\/\/www.jugendfussball-wendelstein.de\/wordpress\/"},{"@type":"ListItem","position":2,"name":"SV (SG) Hetzles : JFG Wendelstein 0:2"}]},{"@type":"WebSite","@id":"https:\/\/www.jugendfussball-wendelstein.de\/wordpress\/#website","url":"https:\/\/www.jugendfussball-wendelstein.de\/wordpress\/","name":"JFG Wendelstein","description":"Juniorenfu\u00dfball","potentialAction":[{"@type":"SearchAction","target":{"@type":"EntryPoint","urlTemplate":"https:\/\/www.jugendfussball-wendelstein.de\/wordpress\/?s={search_term_string}"},"query-input":{"@type":"PropertyValueSpecification","valueRequired":true,"valueName":"search_term_string"}}],"inLanguage":"de"},{"@type":"Person","@id":"https:\/\/www.jugendfussball-wendelstein.de\/wordpress\/#\/schema\/person\/75aadcbd4be1b3af1c1d785397472bc9","name":"Autor","image":{"@type":"ImageObject","inLanguage":"de","@id":"https:\/\/secure.gravatar.com\/avatar\/01dd9b7f2dc8d635302f1c57c2289838e9fe288acd1c06c8f8ad332b8e2a60c9?s=96&d=mm&r=g","url":"https:\/\/secure.gravatar.com\/avatar\/01dd9b7f2dc8d635302f1c57c2289838e9fe288acd1c06c8f8ad332b8e2a60c9?s=96&d=mm&r=g","contentUrl":"https:\/\/secure.gravatar.com\/avatar\/01dd9b7f2dc8d635302f1c57c2289838e9fe288acd1c06c8f8ad332b8e2a60c9?s=96&d=mm&r=g","caption":"Autor"},"url":"https:\/\/www.jugendfussball-wendelstein.de\/wordpress\/author\/autor\/"}]}},"_links":{"self":[{"href":"https:\/\/www.jugendfussball-wendelstein.de\/wordpress\/wp-json\/wp\/v2\/posts\/4866","targetHints":{"allow":["GET"]}}],"collection":[{"href":"https:\/\/www.jugendfussball-wendelstein.de\/wordpress\/wp-json\/wp\/v2\/posts"}],"about":[{"href":"https:\/\/www.jugendfussball-wendelstein.de\/wordpress\/wp-json\/wp\/v2\/types\/post"}],"author":[{"embeddable":true,"href":"https:\/\/www.jugendfussball-wendelstein.de\/wordpress\/wp-json\/wp\/v2\/users\/4"}],"replies":[{"embeddable":true,"href":"https:\/\/www.jugendfussball-wendelstein.de\/wordpress\/wp-json\/wp\/v2\/comments?post=4866"}],"version-history":[{"count":0,"href":"https:\/\/www.jugendfussball-wendelstein.de\/wordpress\/wp-json\/wp\/v2\/posts\/4866\/revisions"}],"wp:attachment":[{"href":"https:\/\/www.jugendfussball-wendelstein.de\/wordpress\/wp-json\/wp\/v2\/media?parent=4866"}],"wp:term":[{"taxonomy":"category","embeddable":true,"href":"https:\/\/www.jugendfussball-wendelstein.de\/wordpress\/wp-json\/wp\/v2\/categories?post=4866"},{"taxonomy":"post_tag","embeddable":true,"href":"https:\/\/www.jugendfussball-wendelstein.de\/wordpress\/wp-json\/wp\/v2\/tags?post=4866"}],"curies":[{"name":"wp","href":"https:\/\/api.w.org\/{rel}","templated":true}]}}