{"id":4888,"date":"2017-03-14T19:57:53","date_gmt":"2017-03-14T18:57:53","guid":{"rendered":"http:\/\/www.jugendfussball-wendelstein.de\/wordpress\/?p=4888"},"modified":"2017-03-14T19:57:53","modified_gmt":"2017-03-14T18:57:53","slug":"u12-der-blues-mit-kantersieg-im-zweiten-test","status":"publish","type":"post","link":"https:\/\/www.jugendfussball-wendelstein.de\/wordpress\/u12-der-blues-mit-kantersieg-im-zweiten-test\/","title":{"rendered":"U12 der \u201eBlues\u201c mit Kantersieg im zweiten Test"},"content":{"rendered":"<p><strong>10:0 Sieg bei der D1 von Franken-Jura<br \/>\n<\/strong><\/p>\n<p>Im zweiten Testspiel konnte man sich zur Vorwoche in Amberg nochmal steigern. Trotz Spinning und Fitnessboxen tags zuvor, zeigte man keine Erm\u00fcdungserscheinungen. Ganz im Gegenteil. Gerade im l\u00e4uferischen Bereich zeigte man sich in allen Mannschaftsteilen \u00fcberlegen und konnte so dem Gegner kaum Luft zum Atmen lassen. Mit einem guten Spielaufbau und guter Spielverlagerung konnte man immer wieder L\u00fccken rei\u00dfen und in regelm\u00e4\u00dfigen Abst\u00e4nden bis zur ersten Pause auf 3:0 davon ziehen. Im zweiten Drittel kam der engagierte Gastgeber auf dem gut bespielbaren B-Platz des FC Schwand dann auch zu Chancen, doch entweder stand der gute Wendelsteiner Keeper Benni, das Aluminium oder das eigene Unverm\u00f6gen im Wege. Wendelstein zeigte sich da schon kaltschn\u00e4uzig und zog bis zur zweiten Pause auf 6:0 davon. Im letzten Drittel stand man wieder stabiler und so lie\u00df man kaum mehr was zu. Und vorne kombinierte man sich immer wieder sch\u00f6n durch die Abwehrreihen des Gastgebers und zog zum Endstand auf 10:0 davon. Ein sehr guter Test der \u201eBlues\u201c die sich wirklich in beachtlicher Fr\u00fchform befinden und schon hei\u00df sind auf den R\u00fcckrundenauftakt.<\/p>\n<p>Autor : U.F.<\/p>\n<p><img loading=\"lazy\" decoding=\"async\" class=\"alignnone size-medium wp-image-4473\" src=\"https:\/\/www.jugendfussball-wendelstein.de\/wordpress\/wp-content\/uploads\/2016\/10\/team-U12_201617-350x249.jpg\" alt=\"\" width=\"350\" height=\"249\" srcset=\"https:\/\/www.jugendfussball-wendelstein.de\/wordpress\/wp-content\/uploads\/2016\/10\/team-U12_201617-350x249.jpg 350w, https:\/\/www.jugendfussball-wendelstein.de\/wordpress\/wp-content\/uploads\/2016\/10\/team-U12_201617-768x545.jpg 768w, https:\/\/www.jugendfussball-wendelstein.de\/wordpress\/wp-content\/uploads\/2016\/10\/team-U12_201617.jpg 1000w\" sizes=\"(max-width: 350px) 100vw, 350px\" \/><\/p>\n","protected":false},"excerpt":{"rendered":"<p>10:0 Sieg bei der D1 von Franken-Jura Im zweiten Testspiel konnte man sich zur Vorwoche in Amberg nochmal steigern. Trotz Spinning und Fitnessboxen tags zuvor, zeigte man keine Erm\u00fcdungserscheinungen. Ganz im Gegenteil. Gerade im l\u00e4uferischen Bereich zeigte man sich in allen Mannschaftsteilen \u00fcberlegen und konnte so dem Gegner kaum Luft zum Atmen lassen. Mit einem [&hellip;]<\/p>\n","protected":false},"author":4,"featured_media":0,"comment_status":"closed","ping_status":"closed","sticky":false,"template":"","format":"standard","meta":{"saved_in_kubio":false,"footnotes":""},"categories":[2,16,9],"tags":[],"class_list":["post-4888","post","type-post","status-publish","format-standard","hentry","category-gf","category-spielbericht","category-u12"],"yoast_head":"<!-- This site is optimized with the Yoast SEO plugin v27.4 - https:\/\/yoast.com\/product\/yoast-seo-wordpress\/ -->\n<title>U12 der \u201eBlues\u201c mit Kantersieg im zweiten Test - JFG Wendelstein<\/title>\n<meta name=\"robots\" content=\"index, follow, max-snippet:-1, max-image-preview:large, max-video-preview:-1\" \/>\n<link rel=\"canonical\" href=\"https:\/\/www.jugendfussball-wendelstein.de\/wordpress\/u12-der-blues-mit-kantersieg-im-zweiten-test\/\" \/>\n<meta property=\"og:locale\" content=\"de_DE\" \/>\n<meta property=\"og:type\" content=\"article\" \/>\n<meta property=\"og:title\" content=\"U12 der \u201eBlues\u201c mit Kantersieg im zweiten Test - JFG Wendelstein\" \/>\n<meta property=\"og:description\" content=\"10:0 Sieg bei der D1 von Franken-Jura Im zweiten Testspiel konnte man sich zur Vorwoche in Amberg nochmal steigern. Trotz Spinning und Fitnessboxen tags zuvor, zeigte man keine Erm\u00fcdungserscheinungen. Ganz im Gegenteil. Gerade im l\u00e4uferischen Bereich zeigte man sich in allen Mannschaftsteilen \u00fcberlegen und konnte so dem Gegner kaum Luft zum Atmen lassen. Mit einem [&hellip;]\" \/>\n<meta property=\"og:url\" content=\"https:\/\/www.jugendfussball-wendelstein.de\/wordpress\/u12-der-blues-mit-kantersieg-im-zweiten-test\/\" \/>\n<meta property=\"og:site_name\" content=\"JFG Wendelstein\" \/>\n<meta property=\"article:published_time\" content=\"2017-03-14T18:57:53+00:00\" \/>\n<meta property=\"og:image\" content=\"http:\/\/www.jugendfussball-wendelstein.de\/wordpress\/wp-content\/uploads\/2016\/10\/team-U12_201617-350x249.jpg\" \/>\n<meta name=\"author\" content=\"Autor\" \/>\n<meta name=\"twitter:card\" content=\"summary_large_image\" \/>\n<meta name=\"twitter:label1\" content=\"Verfasst von\" \/>\n\t<meta name=\"twitter:data1\" content=\"Autor\" \/>\n\t<meta name=\"twitter:label2\" content=\"Gesch\u00e4tzte Lesezeit\" \/>\n\t<meta name=\"twitter:data2\" content=\"1\u00a0Minute\" \/>\n<script type=\"application\/ld+json\" class=\"yoast-schema-graph\">{\"@context\":\"https:\\\/\\\/schema.org\",\"@graph\":[{\"@type\":\"Article\",\"@id\":\"https:\\\/\\\/www.jugendfussball-wendelstein.de\\\/wordpress\\\/u12-der-blues-mit-kantersieg-im-zweiten-test\\\/#article\",\"isPartOf\":{\"@id\":\"https:\\\/\\\/www.jugendfussball-wendelstein.de\\\/wordpress\\\/u12-der-blues-mit-kantersieg-im-zweiten-test\\\/\"},\"author\":{\"name\":\"Autor\",\"@id\":\"https:\\\/\\\/www.jugendfussball-wendelstein.de\\\/wordpress\\\/#\\\/schema\\\/person\\\/75aadcbd4be1b3af1c1d785397472bc9\"},\"headline\":\"U12 der \u201eBlues\u201c mit Kantersieg im zweiten Test\",\"datePublished\":\"2017-03-14T18:57:53+00:00\",\"mainEntityOfPage\":{\"@id\":\"https:\\\/\\\/www.jugendfussball-wendelstein.de\\\/wordpress\\\/u12-der-blues-mit-kantersieg-im-zweiten-test\\\/\"},\"wordCount\":201,\"image\":{\"@id\":\"https:\\\/\\\/www.jugendfussball-wendelstein.de\\\/wordpress\\\/u12-der-blues-mit-kantersieg-im-zweiten-test\\\/#primaryimage\"},\"thumbnailUrl\":\"http:\\\/\\\/www.jugendfussball-wendelstein.de\\\/wordpress\\\/wp-content\\\/uploads\\\/2016\\\/10\\\/team-U12_201617-350x249.jpg\",\"articleSection\":[\"Gro\u00dffeld\",\"Spielbericht\",\"U12\"],\"inLanguage\":\"de\"},{\"@type\":\"WebPage\",\"@id\":\"https:\\\/\\\/www.jugendfussball-wendelstein.de\\\/wordpress\\\/u12-der-blues-mit-kantersieg-im-zweiten-test\\\/\",\"url\":\"https:\\\/\\\/www.jugendfussball-wendelstein.de\\\/wordpress\\\/u12-der-blues-mit-kantersieg-im-zweiten-test\\\/\",\"name\":\"U12 der \u201eBlues\u201c mit Kantersieg im zweiten Test - JFG Wendelstein\",\"isPartOf\":{\"@id\":\"https:\\\/\\\/www.jugendfussball-wendelstein.de\\\/wordpress\\\/#website\"},\"primaryImageOfPage\":{\"@id\":\"https:\\\/\\\/www.jugendfussball-wendelstein.de\\\/wordpress\\\/u12-der-blues-mit-kantersieg-im-zweiten-test\\\/#primaryimage\"},\"image\":{\"@id\":\"https:\\\/\\\/www.jugendfussball-wendelstein.de\\\/wordpress\\\/u12-der-blues-mit-kantersieg-im-zweiten-test\\\/#primaryimage\"},\"thumbnailUrl\":\"http:\\\/\\\/www.jugendfussball-wendelstein.de\\\/wordpress\\\/wp-content\\\/uploads\\\/2016\\\/10\\\/team-U12_201617-350x249.jpg\",\"datePublished\":\"2017-03-14T18:57:53+00:00\",\"author\":{\"@id\":\"https:\\\/\\\/www.jugendfussball-wendelstein.de\\\/wordpress\\\/#\\\/schema\\\/person\\\/75aadcbd4be1b3af1c1d785397472bc9\"},\"breadcrumb\":{\"@id\":\"https:\\\/\\\/www.jugendfussball-wendelstein.de\\\/wordpress\\\/u12-der-blues-mit-kantersieg-im-zweiten-test\\\/#breadcrumb\"},\"inLanguage\":\"de\",\"potentialAction\":[{\"@type\":\"ReadAction\",\"target\":[\"https:\\\/\\\/www.jugendfussball-wendelstein.de\\\/wordpress\\\/u12-der-blues-mit-kantersieg-im-zweiten-test\\\/\"]}]},{\"@type\":\"ImageObject\",\"inLanguage\":\"de\",\"@id\":\"https:\\\/\\\/www.jugendfussball-wendelstein.de\\\/wordpress\\\/u12-der-blues-mit-kantersieg-im-zweiten-test\\\/#primaryimage\",\"url\":\"http:\\\/\\\/www.jugendfussball-wendelstein.de\\\/wordpress\\\/wp-content\\\/uploads\\\/2016\\\/10\\\/team-U12_201617-350x249.jpg\",\"contentUrl\":\"http:\\\/\\\/www.jugendfussball-wendelstein.de\\\/wordpress\\\/wp-content\\\/uploads\\\/2016\\\/10\\\/team-U12_201617-350x249.jpg\"},{\"@type\":\"BreadcrumbList\",\"@id\":\"https:\\\/\\\/www.jugendfussball-wendelstein.de\\\/wordpress\\\/u12-der-blues-mit-kantersieg-im-zweiten-test\\\/#breadcrumb\",\"itemListElement\":[{\"@type\":\"ListItem\",\"position\":1,\"name\":\"Startseite\",\"item\":\"https:\\\/\\\/www.jugendfussball-wendelstein.de\\\/wordpress\\\/\"},{\"@type\":\"ListItem\",\"position\":2,\"name\":\"U12 der \u201eBlues\u201c mit Kantersieg im zweiten Test\"}]},{\"@type\":\"WebSite\",\"@id\":\"https:\\\/\\\/www.jugendfussball-wendelstein.de\\\/wordpress\\\/#website\",\"url\":\"https:\\\/\\\/www.jugendfussball-wendelstein.de\\\/wordpress\\\/\",\"name\":\"JFG Wendelstein\",\"description\":\"Juniorenfu\u00dfball\",\"potentialAction\":[{\"@type\":\"SearchAction\",\"target\":{\"@type\":\"EntryPoint\",\"urlTemplate\":\"https:\\\/\\\/www.jugendfussball-wendelstein.de\\\/wordpress\\\/?s={search_term_string}\"},\"query-input\":{\"@type\":\"PropertyValueSpecification\",\"valueRequired\":true,\"valueName\":\"search_term_string\"}}],\"inLanguage\":\"de\"},{\"@type\":\"Person\",\"@id\":\"https:\\\/\\\/www.jugendfussball-wendelstein.de\\\/wordpress\\\/#\\\/schema\\\/person\\\/75aadcbd4be1b3af1c1d785397472bc9\",\"name\":\"Autor\",\"image\":{\"@type\":\"ImageObject\",\"inLanguage\":\"de\",\"@id\":\"https:\\\/\\\/secure.gravatar.com\\\/avatar\\\/01dd9b7f2dc8d635302f1c57c2289838e9fe288acd1c06c8f8ad332b8e2a60c9?s=96&d=mm&r=g\",\"url\":\"https:\\\/\\\/secure.gravatar.com\\\/avatar\\\/01dd9b7f2dc8d635302f1c57c2289838e9fe288acd1c06c8f8ad332b8e2a60c9?s=96&d=mm&r=g\",\"contentUrl\":\"https:\\\/\\\/secure.gravatar.com\\\/avatar\\\/01dd9b7f2dc8d635302f1c57c2289838e9fe288acd1c06c8f8ad332b8e2a60c9?s=96&d=mm&r=g\",\"caption\":\"Autor\"},\"url\":\"https:\\\/\\\/www.jugendfussball-wendelstein.de\\\/wordpress\\\/author\\\/autor\\\/\"}]}<\/script>\n<!-- \/ Yoast SEO plugin. -->","yoast_head_json":{"title":"U12 der \u201eBlues\u201c mit Kantersieg im zweiten Test - JFG Wendelstein","robots":{"index":"index","follow":"follow","max-snippet":"max-snippet:-1","max-image-preview":"max-image-preview:large","max-video-preview":"max-video-preview:-1"},"canonical":"https:\/\/www.jugendfussball-wendelstein.de\/wordpress\/u12-der-blues-mit-kantersieg-im-zweiten-test\/","og_locale":"de_DE","og_type":"article","og_title":"U12 der \u201eBlues\u201c mit Kantersieg im zweiten Test - JFG Wendelstein","og_description":"10:0 Sieg bei der D1 von Franken-Jura Im zweiten Testspiel konnte man sich zur Vorwoche in Amberg nochmal steigern. Trotz Spinning und Fitnessboxen tags zuvor, zeigte man keine Erm\u00fcdungserscheinungen. Ganz im Gegenteil. Gerade im l\u00e4uferischen Bereich zeigte man sich in allen Mannschaftsteilen \u00fcberlegen und konnte so dem Gegner kaum Luft zum Atmen lassen. Mit einem [&hellip;]","og_url":"https:\/\/www.jugendfussball-wendelstein.de\/wordpress\/u12-der-blues-mit-kantersieg-im-zweiten-test\/","og_site_name":"JFG Wendelstein","article_published_time":"2017-03-14T18:57:53+00:00","og_image":[{"url":"http:\/\/www.jugendfussball-wendelstein.de\/wordpress\/wp-content\/uploads\/2016\/10\/team-U12_201617-350x249.jpg","type":"","width":"","height":""}],"author":"Autor","twitter_card":"summary_large_image","twitter_misc":{"Verfasst von":"Autor","Gesch\u00e4tzte Lesezeit":"1\u00a0Minute"},"schema":{"@context":"https:\/\/schema.org","@graph":[{"@type":"Article","@id":"https:\/\/www.jugendfussball-wendelstein.de\/wordpress\/u12-der-blues-mit-kantersieg-im-zweiten-test\/#article","isPartOf":{"@id":"https:\/\/www.jugendfussball-wendelstein.de\/wordpress\/u12-der-blues-mit-kantersieg-im-zweiten-test\/"},"author":{"name":"Autor","@id":"https:\/\/www.jugendfussball-wendelstein.de\/wordpress\/#\/schema\/person\/75aadcbd4be1b3af1c1d785397472bc9"},"headline":"U12 der \u201eBlues\u201c mit Kantersieg im zweiten Test","datePublished":"2017-03-14T18:57:53+00:00","mainEntityOfPage":{"@id":"https:\/\/www.jugendfussball-wendelstein.de\/wordpress\/u12-der-blues-mit-kantersieg-im-zweiten-test\/"},"wordCount":201,"image":{"@id":"https:\/\/www.jugendfussball-wendelstein.de\/wordpress\/u12-der-blues-mit-kantersieg-im-zweiten-test\/#primaryimage"},"thumbnailUrl":"http:\/\/www.jugendfussball-wendelstein.de\/wordpress\/wp-content\/uploads\/2016\/10\/team-U12_201617-350x249.jpg","articleSection":["Gro\u00dffeld","Spielbericht","U12"],"inLanguage":"de"},{"@type":"WebPage","@id":"https:\/\/www.jugendfussball-wendelstein.de\/wordpress\/u12-der-blues-mit-kantersieg-im-zweiten-test\/","url":"https:\/\/www.jugendfussball-wendelstein.de\/wordpress\/u12-der-blues-mit-kantersieg-im-zweiten-test\/","name":"U12 der \u201eBlues\u201c mit Kantersieg im zweiten Test - JFG Wendelstein","isPartOf":{"@id":"https:\/\/www.jugendfussball-wendelstein.de\/wordpress\/#website"},"primaryImageOfPage":{"@id":"https:\/\/www.jugendfussball-wendelstein.de\/wordpress\/u12-der-blues-mit-kantersieg-im-zweiten-test\/#primaryimage"},"image":{"@id":"https:\/\/www.jugendfussball-wendelstein.de\/wordpress\/u12-der-blues-mit-kantersieg-im-zweiten-test\/#primaryimage"},"thumbnailUrl":"http:\/\/www.jugendfussball-wendelstein.de\/wordpress\/wp-content\/uploads\/2016\/10\/team-U12_201617-350x249.jpg","datePublished":"2017-03-14T18:57:53+00:00","author":{"@id":"https:\/\/www.jugendfussball-wendelstein.de\/wordpress\/#\/schema\/person\/75aadcbd4be1b3af1c1d785397472bc9"},"breadcrumb":{"@id":"https:\/\/www.jugendfussball-wendelstein.de\/wordpress\/u12-der-blues-mit-kantersieg-im-zweiten-test\/#breadcrumb"},"inLanguage":"de","potentialAction":[{"@type":"ReadAction","target":["https:\/\/www.jugendfussball-wendelstein.de\/wordpress\/u12-der-blues-mit-kantersieg-im-zweiten-test\/"]}]},{"@type":"ImageObject","inLanguage":"de","@id":"https:\/\/www.jugendfussball-wendelstein.de\/wordpress\/u12-der-blues-mit-kantersieg-im-zweiten-test\/#primaryimage","url":"http:\/\/www.jugendfussball-wendelstein.de\/wordpress\/wp-content\/uploads\/2016\/10\/team-U12_201617-350x249.jpg","contentUrl":"http:\/\/www.jugendfussball-wendelstein.de\/wordpress\/wp-content\/uploads\/2016\/10\/team-U12_201617-350x249.jpg"},{"@type":"BreadcrumbList","@id":"https:\/\/www.jugendfussball-wendelstein.de\/wordpress\/u12-der-blues-mit-kantersieg-im-zweiten-test\/#breadcrumb","itemListElement":[{"@type":"ListItem","position":1,"name":"Startseite","item":"https:\/\/www.jugendfussball-wendelstein.de\/wordpress\/"},{"@type":"ListItem","position":2,"name":"U12 der \u201eBlues\u201c mit Kantersieg im zweiten Test"}]},{"@type":"WebSite","@id":"https:\/\/www.jugendfussball-wendelstein.de\/wordpress\/#website","url":"https:\/\/www.jugendfussball-wendelstein.de\/wordpress\/","name":"JFG Wendelstein","description":"Juniorenfu\u00dfball","potentialAction":[{"@type":"SearchAction","target":{"@type":"EntryPoint","urlTemplate":"https:\/\/www.jugendfussball-wendelstein.de\/wordpress\/?s={search_term_string}"},"query-input":{"@type":"PropertyValueSpecification","valueRequired":true,"valueName":"search_term_string"}}],"inLanguage":"de"},{"@type":"Person","@id":"https:\/\/www.jugendfussball-wendelstein.de\/wordpress\/#\/schema\/person\/75aadcbd4be1b3af1c1d785397472bc9","name":"Autor","image":{"@type":"ImageObject","inLanguage":"de","@id":"https:\/\/secure.gravatar.com\/avatar\/01dd9b7f2dc8d635302f1c57c2289838e9fe288acd1c06c8f8ad332b8e2a60c9?s=96&d=mm&r=g","url":"https:\/\/secure.gravatar.com\/avatar\/01dd9b7f2dc8d635302f1c57c2289838e9fe288acd1c06c8f8ad332b8e2a60c9?s=96&d=mm&r=g","contentUrl":"https:\/\/secure.gravatar.com\/avatar\/01dd9b7f2dc8d635302f1c57c2289838e9fe288acd1c06c8f8ad332b8e2a60c9?s=96&d=mm&r=g","caption":"Autor"},"url":"https:\/\/www.jugendfussball-wendelstein.de\/wordpress\/author\/autor\/"}]}},"_links":{"self":[{"href":"https:\/\/www.jugendfussball-wendelstein.de\/wordpress\/wp-json\/wp\/v2\/posts\/4888","targetHints":{"allow":["GET"]}}],"collection":[{"href":"https:\/\/www.jugendfussball-wendelstein.de\/wordpress\/wp-json\/wp\/v2\/posts"}],"about":[{"href":"https:\/\/www.jugendfussball-wendelstein.de\/wordpress\/wp-json\/wp\/v2\/types\/post"}],"author":[{"embeddable":true,"href":"https:\/\/www.jugendfussball-wendelstein.de\/wordpress\/wp-json\/wp\/v2\/users\/4"}],"replies":[{"embeddable":true,"href":"https:\/\/www.jugendfussball-wendelstein.de\/wordpress\/wp-json\/wp\/v2\/comments?post=4888"}],"version-history":[{"count":0,"href":"https:\/\/www.jugendfussball-wendelstein.de\/wordpress\/wp-json\/wp\/v2\/posts\/4888\/revisions"}],"wp:attachment":[{"href":"https:\/\/www.jugendfussball-wendelstein.de\/wordpress\/wp-json\/wp\/v2\/media?parent=4888"}],"wp:term":[{"taxonomy":"category","embeddable":true,"href":"https:\/\/www.jugendfussball-wendelstein.de\/wordpress\/wp-json\/wp\/v2\/categories?post=4888"},{"taxonomy":"post_tag","embeddable":true,"href":"https:\/\/www.jugendfussball-wendelstein.de\/wordpress\/wp-json\/wp\/v2\/tags?post=4888"}],"curies":[{"name":"wp","href":"https:\/\/api.w.org\/{rel}","templated":true}]}}