{"id":4890,"date":"2017-03-14T20:00:10","date_gmt":"2017-03-14T19:00:10","guid":{"rendered":"http:\/\/www.jugendfussball-wendelstein.de\/wordpress\/?p=4890"},"modified":"2017-03-14T20:00:10","modified_gmt":"2017-03-14T19:00:10","slug":"u12-der-blues-mit-licht-und-schatten-im-dritten-test","status":"publish","type":"post","link":"https:\/\/www.jugendfussball-wendelstein.de\/wordpress\/u12-der-blues-mit-licht-und-schatten-im-dritten-test\/","title":{"rendered":"U12 der \u201eBlues\u201c mit Licht und Schatten im dritten Test"},"content":{"rendered":"<p><strong>4:3 Niederlage in F\u00fcrth<br \/>\n<\/strong><\/p>\n<p>Im dritten Test traf man auf dem Gel\u00e4nde des ASV Veitsbronn auf einen wahrlich guten Gegner der JFG N\u00f6rdlicher Landkreis F\u00fcrth. Die Zuschauer sahen ein intensives Spiel bei 3 x 25 Minuten, was hin und her wog, mit einem am Ende knappen Sieg des Gastgebers. Bereits in der ersten Minute geriet man in R\u00fcckstand, war man mit den Gedanken noch in der Kabine? In der Folge kamen die \u201eBlues\u201c besser auf, das neue System kommt langsam in die K\u00f6pfe der Jungs. Folgerichtig nach gutem Pressing und guter Balleroberung von Elbi, mit \u00dcbersicht auf Julian und dem 1:1. Durch zwei weitere individuelle Fehler geriet man vor der ersten Pause noch mit 1:3 in R\u00fcckstand. Das zweite Drittel ist schnell erz\u00e4hlt, zwei gute Chancen auf jeder Seite, aber keine weiteren Treffer. Im letzten Drittel verschliefen die \u201eBlues\u201c wieder die Anfangsphase und gerieten nach einem Konter mit 1:4 in R\u00fcckstand. Das war anscheinend ein Signal, denn von nun an rollte Angriff auf Angriff auf das Tor des Gastgebers. Mit einem sch\u00f6n herausgespielten Tor verk\u00fcrzte man auf 2:4 wieder durch Julian, das 3:4 f\u00fcnf Minuten vor dem Ende dann nach einem Feisto\u00df, den der TW der F\u00fcrther nicht festhalten konnte, Simon war zur Stelle und dr\u00fcckte den Ball \u00fcber die Linie. Das es am Ende nicht zum 4:4 langte, lag an der mangelnden Chancenverwertung und dem ersten Drittel. Trotzdem war es ein guter Test gegen einen guten und sympathischen Gegner, nach dem Spiel waren sich beide Seiten schnell einig, das R\u00fcckspiel wird folgen.<\/p>\n<p>Autor : U.F.<\/p>\n<p><img loading=\"lazy\" decoding=\"async\" class=\"alignnone size-medium wp-image-4473\" src=\"https:\/\/www.jugendfussball-wendelstein.de\/wordpress\/wp-content\/uploads\/2016\/10\/team-U12_201617-350x249.jpg\" alt=\"\" width=\"350\" height=\"249\" srcset=\"https:\/\/www.jugendfussball-wendelstein.de\/wordpress\/wp-content\/uploads\/2016\/10\/team-U12_201617-350x249.jpg 350w, https:\/\/www.jugendfussball-wendelstein.de\/wordpress\/wp-content\/uploads\/2016\/10\/team-U12_201617-768x545.jpg 768w, https:\/\/www.jugendfussball-wendelstein.de\/wordpress\/wp-content\/uploads\/2016\/10\/team-U12_201617.jpg 1000w\" sizes=\"(max-width: 350px) 100vw, 350px\" \/><\/p>\n","protected":false},"excerpt":{"rendered":"<p>4:3 Niederlage in F\u00fcrth Im dritten Test traf man auf dem Gel\u00e4nde des ASV Veitsbronn auf einen wahrlich guten Gegner der JFG N\u00f6rdlicher Landkreis F\u00fcrth. Die Zuschauer sahen ein intensives Spiel bei 3 x 25 Minuten, was hin und her wog, mit einem am Ende knappen Sieg des Gastgebers. Bereits in der ersten Minute geriet [&hellip;]<\/p>\n","protected":false},"author":4,"featured_media":0,"comment_status":"closed","ping_status":"closed","sticky":false,"template":"","format":"standard","meta":{"saved_in_kubio":false,"footnotes":""},"categories":[2,16,9],"tags":[],"class_list":["post-4890","post","type-post","status-publish","format-standard","hentry","category-gf","category-spielbericht","category-u12"],"yoast_head":"<!-- This site is optimized with the Yoast SEO plugin v27.4 - https:\/\/yoast.com\/product\/yoast-seo-wordpress\/ -->\n<title>U12 der \u201eBlues\u201c mit Licht und Schatten im dritten Test - JFG Wendelstein<\/title>\n<meta name=\"robots\" content=\"index, follow, max-snippet:-1, max-image-preview:large, max-video-preview:-1\" \/>\n<link rel=\"canonical\" href=\"https:\/\/www.jugendfussball-wendelstein.de\/wordpress\/u12-der-blues-mit-licht-und-schatten-im-dritten-test\/\" \/>\n<meta property=\"og:locale\" content=\"de_DE\" \/>\n<meta property=\"og:type\" content=\"article\" \/>\n<meta property=\"og:title\" content=\"U12 der \u201eBlues\u201c mit Licht und Schatten im dritten Test - JFG Wendelstein\" \/>\n<meta property=\"og:description\" content=\"4:3 Niederlage in F\u00fcrth Im dritten Test traf man auf dem Gel\u00e4nde des ASV Veitsbronn auf einen wahrlich guten Gegner der JFG N\u00f6rdlicher Landkreis F\u00fcrth. Die Zuschauer sahen ein intensives Spiel bei 3 x 25 Minuten, was hin und her wog, mit einem am Ende knappen Sieg des Gastgebers. Bereits in der ersten Minute geriet [&hellip;]\" \/>\n<meta property=\"og:url\" content=\"https:\/\/www.jugendfussball-wendelstein.de\/wordpress\/u12-der-blues-mit-licht-und-schatten-im-dritten-test\/\" \/>\n<meta property=\"og:site_name\" content=\"JFG Wendelstein\" \/>\n<meta property=\"article:published_time\" content=\"2017-03-14T19:00:10+00:00\" \/>\n<meta property=\"og:image\" content=\"http:\/\/www.jugendfussball-wendelstein.de\/wordpress\/wp-content\/uploads\/2016\/10\/team-U12_201617-350x249.jpg\" \/>\n<meta name=\"author\" content=\"Autor\" \/>\n<meta name=\"twitter:card\" content=\"summary_large_image\" \/>\n<meta name=\"twitter:label1\" content=\"Verfasst von\" \/>\n\t<meta name=\"twitter:data1\" content=\"Autor\" \/>\n\t<meta name=\"twitter:label2\" content=\"Gesch\u00e4tzte Lesezeit\" \/>\n\t<meta name=\"twitter:data2\" content=\"1\u00a0Minute\" \/>\n<script type=\"application\/ld+json\" class=\"yoast-schema-graph\">{\"@context\":\"https:\\\/\\\/schema.org\",\"@graph\":[{\"@type\":\"Article\",\"@id\":\"https:\\\/\\\/www.jugendfussball-wendelstein.de\\\/wordpress\\\/u12-der-blues-mit-licht-und-schatten-im-dritten-test\\\/#article\",\"isPartOf\":{\"@id\":\"https:\\\/\\\/www.jugendfussball-wendelstein.de\\\/wordpress\\\/u12-der-blues-mit-licht-und-schatten-im-dritten-test\\\/\"},\"author\":{\"name\":\"Autor\",\"@id\":\"https:\\\/\\\/www.jugendfussball-wendelstein.de\\\/wordpress\\\/#\\\/schema\\\/person\\\/75aadcbd4be1b3af1c1d785397472bc9\"},\"headline\":\"U12 der \u201eBlues\u201c mit Licht und Schatten im dritten Test\",\"datePublished\":\"2017-03-14T19:00:10+00:00\",\"mainEntityOfPage\":{\"@id\":\"https:\\\/\\\/www.jugendfussball-wendelstein.de\\\/wordpress\\\/u12-der-blues-mit-licht-und-schatten-im-dritten-test\\\/\"},\"wordCount\":272,\"image\":{\"@id\":\"https:\\\/\\\/www.jugendfussball-wendelstein.de\\\/wordpress\\\/u12-der-blues-mit-licht-und-schatten-im-dritten-test\\\/#primaryimage\"},\"thumbnailUrl\":\"http:\\\/\\\/www.jugendfussball-wendelstein.de\\\/wordpress\\\/wp-content\\\/uploads\\\/2016\\\/10\\\/team-U12_201617-350x249.jpg\",\"articleSection\":[\"Gro\u00dffeld\",\"Spielbericht\",\"U12\"],\"inLanguage\":\"de\"},{\"@type\":\"WebPage\",\"@id\":\"https:\\\/\\\/www.jugendfussball-wendelstein.de\\\/wordpress\\\/u12-der-blues-mit-licht-und-schatten-im-dritten-test\\\/\",\"url\":\"https:\\\/\\\/www.jugendfussball-wendelstein.de\\\/wordpress\\\/u12-der-blues-mit-licht-und-schatten-im-dritten-test\\\/\",\"name\":\"U12 der \u201eBlues\u201c mit Licht und Schatten im dritten Test - JFG Wendelstein\",\"isPartOf\":{\"@id\":\"https:\\\/\\\/www.jugendfussball-wendelstein.de\\\/wordpress\\\/#website\"},\"primaryImageOfPage\":{\"@id\":\"https:\\\/\\\/www.jugendfussball-wendelstein.de\\\/wordpress\\\/u12-der-blues-mit-licht-und-schatten-im-dritten-test\\\/#primaryimage\"},\"image\":{\"@id\":\"https:\\\/\\\/www.jugendfussball-wendelstein.de\\\/wordpress\\\/u12-der-blues-mit-licht-und-schatten-im-dritten-test\\\/#primaryimage\"},\"thumbnailUrl\":\"http:\\\/\\\/www.jugendfussball-wendelstein.de\\\/wordpress\\\/wp-content\\\/uploads\\\/2016\\\/10\\\/team-U12_201617-350x249.jpg\",\"datePublished\":\"2017-03-14T19:00:10+00:00\",\"author\":{\"@id\":\"https:\\\/\\\/www.jugendfussball-wendelstein.de\\\/wordpress\\\/#\\\/schema\\\/person\\\/75aadcbd4be1b3af1c1d785397472bc9\"},\"breadcrumb\":{\"@id\":\"https:\\\/\\\/www.jugendfussball-wendelstein.de\\\/wordpress\\\/u12-der-blues-mit-licht-und-schatten-im-dritten-test\\\/#breadcrumb\"},\"inLanguage\":\"de\",\"potentialAction\":[{\"@type\":\"ReadAction\",\"target\":[\"https:\\\/\\\/www.jugendfussball-wendelstein.de\\\/wordpress\\\/u12-der-blues-mit-licht-und-schatten-im-dritten-test\\\/\"]}]},{\"@type\":\"ImageObject\",\"inLanguage\":\"de\",\"@id\":\"https:\\\/\\\/www.jugendfussball-wendelstein.de\\\/wordpress\\\/u12-der-blues-mit-licht-und-schatten-im-dritten-test\\\/#primaryimage\",\"url\":\"http:\\\/\\\/www.jugendfussball-wendelstein.de\\\/wordpress\\\/wp-content\\\/uploads\\\/2016\\\/10\\\/team-U12_201617-350x249.jpg\",\"contentUrl\":\"http:\\\/\\\/www.jugendfussball-wendelstein.de\\\/wordpress\\\/wp-content\\\/uploads\\\/2016\\\/10\\\/team-U12_201617-350x249.jpg\"},{\"@type\":\"BreadcrumbList\",\"@id\":\"https:\\\/\\\/www.jugendfussball-wendelstein.de\\\/wordpress\\\/u12-der-blues-mit-licht-und-schatten-im-dritten-test\\\/#breadcrumb\",\"itemListElement\":[{\"@type\":\"ListItem\",\"position\":1,\"name\":\"Startseite\",\"item\":\"https:\\\/\\\/www.jugendfussball-wendelstein.de\\\/wordpress\\\/\"},{\"@type\":\"ListItem\",\"position\":2,\"name\":\"U12 der \u201eBlues\u201c mit Licht und Schatten im dritten Test\"}]},{\"@type\":\"WebSite\",\"@id\":\"https:\\\/\\\/www.jugendfussball-wendelstein.de\\\/wordpress\\\/#website\",\"url\":\"https:\\\/\\\/www.jugendfussball-wendelstein.de\\\/wordpress\\\/\",\"name\":\"JFG Wendelstein\",\"description\":\"Juniorenfu\u00dfball\",\"potentialAction\":[{\"@type\":\"SearchAction\",\"target\":{\"@type\":\"EntryPoint\",\"urlTemplate\":\"https:\\\/\\\/www.jugendfussball-wendelstein.de\\\/wordpress\\\/?s={search_term_string}\"},\"query-input\":{\"@type\":\"PropertyValueSpecification\",\"valueRequired\":true,\"valueName\":\"search_term_string\"}}],\"inLanguage\":\"de\"},{\"@type\":\"Person\",\"@id\":\"https:\\\/\\\/www.jugendfussball-wendelstein.de\\\/wordpress\\\/#\\\/schema\\\/person\\\/75aadcbd4be1b3af1c1d785397472bc9\",\"name\":\"Autor\",\"image\":{\"@type\":\"ImageObject\",\"inLanguage\":\"de\",\"@id\":\"https:\\\/\\\/secure.gravatar.com\\\/avatar\\\/01dd9b7f2dc8d635302f1c57c2289838e9fe288acd1c06c8f8ad332b8e2a60c9?s=96&d=mm&r=g\",\"url\":\"https:\\\/\\\/secure.gravatar.com\\\/avatar\\\/01dd9b7f2dc8d635302f1c57c2289838e9fe288acd1c06c8f8ad332b8e2a60c9?s=96&d=mm&r=g\",\"contentUrl\":\"https:\\\/\\\/secure.gravatar.com\\\/avatar\\\/01dd9b7f2dc8d635302f1c57c2289838e9fe288acd1c06c8f8ad332b8e2a60c9?s=96&d=mm&r=g\",\"caption\":\"Autor\"},\"url\":\"https:\\\/\\\/www.jugendfussball-wendelstein.de\\\/wordpress\\\/author\\\/autor\\\/\"}]}<\/script>\n<!-- \/ Yoast SEO plugin. -->","yoast_head_json":{"title":"U12 der \u201eBlues\u201c mit Licht und Schatten im dritten Test - JFG Wendelstein","robots":{"index":"index","follow":"follow","max-snippet":"max-snippet:-1","max-image-preview":"max-image-preview:large","max-video-preview":"max-video-preview:-1"},"canonical":"https:\/\/www.jugendfussball-wendelstein.de\/wordpress\/u12-der-blues-mit-licht-und-schatten-im-dritten-test\/","og_locale":"de_DE","og_type":"article","og_title":"U12 der \u201eBlues\u201c mit Licht und Schatten im dritten Test - JFG Wendelstein","og_description":"4:3 Niederlage in F\u00fcrth Im dritten Test traf man auf dem Gel\u00e4nde des ASV Veitsbronn auf einen wahrlich guten Gegner der JFG N\u00f6rdlicher Landkreis F\u00fcrth. Die Zuschauer sahen ein intensives Spiel bei 3 x 25 Minuten, was hin und her wog, mit einem am Ende knappen Sieg des Gastgebers. Bereits in der ersten Minute geriet [&hellip;]","og_url":"https:\/\/www.jugendfussball-wendelstein.de\/wordpress\/u12-der-blues-mit-licht-und-schatten-im-dritten-test\/","og_site_name":"JFG Wendelstein","article_published_time":"2017-03-14T19:00:10+00:00","og_image":[{"url":"http:\/\/www.jugendfussball-wendelstein.de\/wordpress\/wp-content\/uploads\/2016\/10\/team-U12_201617-350x249.jpg","type":"","width":"","height":""}],"author":"Autor","twitter_card":"summary_large_image","twitter_misc":{"Verfasst von":"Autor","Gesch\u00e4tzte Lesezeit":"1\u00a0Minute"},"schema":{"@context":"https:\/\/schema.org","@graph":[{"@type":"Article","@id":"https:\/\/www.jugendfussball-wendelstein.de\/wordpress\/u12-der-blues-mit-licht-und-schatten-im-dritten-test\/#article","isPartOf":{"@id":"https:\/\/www.jugendfussball-wendelstein.de\/wordpress\/u12-der-blues-mit-licht-und-schatten-im-dritten-test\/"},"author":{"name":"Autor","@id":"https:\/\/www.jugendfussball-wendelstein.de\/wordpress\/#\/schema\/person\/75aadcbd4be1b3af1c1d785397472bc9"},"headline":"U12 der \u201eBlues\u201c mit Licht und Schatten im dritten Test","datePublished":"2017-03-14T19:00:10+00:00","mainEntityOfPage":{"@id":"https:\/\/www.jugendfussball-wendelstein.de\/wordpress\/u12-der-blues-mit-licht-und-schatten-im-dritten-test\/"},"wordCount":272,"image":{"@id":"https:\/\/www.jugendfussball-wendelstein.de\/wordpress\/u12-der-blues-mit-licht-und-schatten-im-dritten-test\/#primaryimage"},"thumbnailUrl":"http:\/\/www.jugendfussball-wendelstein.de\/wordpress\/wp-content\/uploads\/2016\/10\/team-U12_201617-350x249.jpg","articleSection":["Gro\u00dffeld","Spielbericht","U12"],"inLanguage":"de"},{"@type":"WebPage","@id":"https:\/\/www.jugendfussball-wendelstein.de\/wordpress\/u12-der-blues-mit-licht-und-schatten-im-dritten-test\/","url":"https:\/\/www.jugendfussball-wendelstein.de\/wordpress\/u12-der-blues-mit-licht-und-schatten-im-dritten-test\/","name":"U12 der \u201eBlues\u201c mit Licht und Schatten im dritten Test - JFG Wendelstein","isPartOf":{"@id":"https:\/\/www.jugendfussball-wendelstein.de\/wordpress\/#website"},"primaryImageOfPage":{"@id":"https:\/\/www.jugendfussball-wendelstein.de\/wordpress\/u12-der-blues-mit-licht-und-schatten-im-dritten-test\/#primaryimage"},"image":{"@id":"https:\/\/www.jugendfussball-wendelstein.de\/wordpress\/u12-der-blues-mit-licht-und-schatten-im-dritten-test\/#primaryimage"},"thumbnailUrl":"http:\/\/www.jugendfussball-wendelstein.de\/wordpress\/wp-content\/uploads\/2016\/10\/team-U12_201617-350x249.jpg","datePublished":"2017-03-14T19:00:10+00:00","author":{"@id":"https:\/\/www.jugendfussball-wendelstein.de\/wordpress\/#\/schema\/person\/75aadcbd4be1b3af1c1d785397472bc9"},"breadcrumb":{"@id":"https:\/\/www.jugendfussball-wendelstein.de\/wordpress\/u12-der-blues-mit-licht-und-schatten-im-dritten-test\/#breadcrumb"},"inLanguage":"de","potentialAction":[{"@type":"ReadAction","target":["https:\/\/www.jugendfussball-wendelstein.de\/wordpress\/u12-der-blues-mit-licht-und-schatten-im-dritten-test\/"]}]},{"@type":"ImageObject","inLanguage":"de","@id":"https:\/\/www.jugendfussball-wendelstein.de\/wordpress\/u12-der-blues-mit-licht-und-schatten-im-dritten-test\/#primaryimage","url":"http:\/\/www.jugendfussball-wendelstein.de\/wordpress\/wp-content\/uploads\/2016\/10\/team-U12_201617-350x249.jpg","contentUrl":"http:\/\/www.jugendfussball-wendelstein.de\/wordpress\/wp-content\/uploads\/2016\/10\/team-U12_201617-350x249.jpg"},{"@type":"BreadcrumbList","@id":"https:\/\/www.jugendfussball-wendelstein.de\/wordpress\/u12-der-blues-mit-licht-und-schatten-im-dritten-test\/#breadcrumb","itemListElement":[{"@type":"ListItem","position":1,"name":"Startseite","item":"https:\/\/www.jugendfussball-wendelstein.de\/wordpress\/"},{"@type":"ListItem","position":2,"name":"U12 der \u201eBlues\u201c mit Licht und Schatten im dritten Test"}]},{"@type":"WebSite","@id":"https:\/\/www.jugendfussball-wendelstein.de\/wordpress\/#website","url":"https:\/\/www.jugendfussball-wendelstein.de\/wordpress\/","name":"JFG Wendelstein","description":"Juniorenfu\u00dfball","potentialAction":[{"@type":"SearchAction","target":{"@type":"EntryPoint","urlTemplate":"https:\/\/www.jugendfussball-wendelstein.de\/wordpress\/?s={search_term_string}"},"query-input":{"@type":"PropertyValueSpecification","valueRequired":true,"valueName":"search_term_string"}}],"inLanguage":"de"},{"@type":"Person","@id":"https:\/\/www.jugendfussball-wendelstein.de\/wordpress\/#\/schema\/person\/75aadcbd4be1b3af1c1d785397472bc9","name":"Autor","image":{"@type":"ImageObject","inLanguage":"de","@id":"https:\/\/secure.gravatar.com\/avatar\/01dd9b7f2dc8d635302f1c57c2289838e9fe288acd1c06c8f8ad332b8e2a60c9?s=96&d=mm&r=g","url":"https:\/\/secure.gravatar.com\/avatar\/01dd9b7f2dc8d635302f1c57c2289838e9fe288acd1c06c8f8ad332b8e2a60c9?s=96&d=mm&r=g","contentUrl":"https:\/\/secure.gravatar.com\/avatar\/01dd9b7f2dc8d635302f1c57c2289838e9fe288acd1c06c8f8ad332b8e2a60c9?s=96&d=mm&r=g","caption":"Autor"},"url":"https:\/\/www.jugendfussball-wendelstein.de\/wordpress\/author\/autor\/"}]}},"_links":{"self":[{"href":"https:\/\/www.jugendfussball-wendelstein.de\/wordpress\/wp-json\/wp\/v2\/posts\/4890","targetHints":{"allow":["GET"]}}],"collection":[{"href":"https:\/\/www.jugendfussball-wendelstein.de\/wordpress\/wp-json\/wp\/v2\/posts"}],"about":[{"href":"https:\/\/www.jugendfussball-wendelstein.de\/wordpress\/wp-json\/wp\/v2\/types\/post"}],"author":[{"embeddable":true,"href":"https:\/\/www.jugendfussball-wendelstein.de\/wordpress\/wp-json\/wp\/v2\/users\/4"}],"replies":[{"embeddable":true,"href":"https:\/\/www.jugendfussball-wendelstein.de\/wordpress\/wp-json\/wp\/v2\/comments?post=4890"}],"version-history":[{"count":0,"href":"https:\/\/www.jugendfussball-wendelstein.de\/wordpress\/wp-json\/wp\/v2\/posts\/4890\/revisions"}],"wp:attachment":[{"href":"https:\/\/www.jugendfussball-wendelstein.de\/wordpress\/wp-json\/wp\/v2\/media?parent=4890"}],"wp:term":[{"taxonomy":"category","embeddable":true,"href":"https:\/\/www.jugendfussball-wendelstein.de\/wordpress\/wp-json\/wp\/v2\/categories?post=4890"},{"taxonomy":"post_tag","embeddable":true,"href":"https:\/\/www.jugendfussball-wendelstein.de\/wordpress\/wp-json\/wp\/v2\/tags?post=4890"}],"curies":[{"name":"wp","href":"https:\/\/api.w.org\/{rel}","templated":true}]}}