{"id":4894,"date":"2017-03-14T20:03:04","date_gmt":"2017-03-14T19:03:04","guid":{"rendered":"http:\/\/www.jugendfussball-wendelstein.de\/wordpress\/?p=4894"},"modified":"2017-03-14T20:03:04","modified_gmt":"2017-03-14T19:03:04","slug":"u12-der-blues-mit-klarem-sieg-im-letzten-test-vor-dem-punktspielauftakt","status":"publish","type":"post","link":"https:\/\/www.jugendfussball-wendelstein.de\/wordpress\/u12-der-blues-mit-klarem-sieg-im-letzten-test-vor-dem-punktspielauftakt\/","title":{"rendered":"U12 der \u201eBlues\u201c mit klarem Sieg im letzten Test vor dem Punktspielauftakt"},"content":{"rendered":"<p><strong>7:0 Sieg bei der D1 des FSV Stadeln<\/strong><\/p>\n<p>Im letzten Test vor dem R\u00fcckrundenauftakt am 17.03. in Berching, fuhr man zum FSV Stadeln um gegen die D1 der F\u00fcrther zu testen. Auch heute spielte man 3 x 25 Minuten und auch heute brauchte man einige Minuten um ins Spiel zu kommen. Dann kontrollierte man aber Ball und Gegner und kam folgerichtig durch Julian B. zum 1:0. Im zweiten Drittel konnte man die \u00dcberlegenheit in weitere Tore umm\u00fcnzen. Erst traf Noah nach einem Freisto\u00df mit dem Kopf zum 2:0, ehe Simon zum 3:0 erh\u00f6hte. Das 4:0 erzielte dann nach guter \u00dcbersicht und Vorlage von Simon unser Tizi, bei dem heute eine gute Leistungssteigerung zu sehen war. Auch im letzten Drittel war man dem Gastgeber klar \u00fcberlegen, aber es war trotzdem viel St\u00fcckwerk dabei, teilweise wollte man den Ball ins Tor tragen. Simon war es dann vorbehalten in den letzten f\u00fcnf Minuten einen lupenreinen Hattrick zu markieren (70.,74.,75.). Ein ordentlicher Test und eine ordentliche Vorbereitung absolvierten die Jungs und sind nun hei\u00df in einer Woche zum R\u00fcckrundenauftakt nach Berching zu reisen, wo man als Tabellenf\u00fchrer auf den Tabellenzweiten trifft und seine Position best\u00e4tigen will. Ein Dank gilt heute auch Beppo und dem FSV Stadeln die heute das Spiel m\u00f6glich gemacht haben.<\/p>\n<p>Autor : U.F.<\/p>\n<p><img loading=\"lazy\" decoding=\"async\" class=\"alignnone size-medium wp-image-4473\" src=\"https:\/\/www.jugendfussball-wendelstein.de\/wordpress\/wp-content\/uploads\/2016\/10\/team-U12_201617-350x249.jpg\" alt=\"\" width=\"350\" height=\"249\" srcset=\"https:\/\/www.jugendfussball-wendelstein.de\/wordpress\/wp-content\/uploads\/2016\/10\/team-U12_201617-350x249.jpg 350w, https:\/\/www.jugendfussball-wendelstein.de\/wordpress\/wp-content\/uploads\/2016\/10\/team-U12_201617-768x545.jpg 768w, https:\/\/www.jugendfussball-wendelstein.de\/wordpress\/wp-content\/uploads\/2016\/10\/team-U12_201617.jpg 1000w\" sizes=\"(max-width: 350px) 100vw, 350px\" \/><\/p>\n","protected":false},"excerpt":{"rendered":"<p>7:0 Sieg bei der D1 des FSV Stadeln Im letzten Test vor dem R\u00fcckrundenauftakt am 17.03. in Berching, fuhr man zum FSV Stadeln um gegen die D1 der F\u00fcrther zu testen. Auch heute spielte man 3 x 25 Minuten und auch heute brauchte man einige Minuten um ins Spiel zu kommen. Dann kontrollierte man aber [&hellip;]<\/p>\n","protected":false},"author":4,"featured_media":0,"comment_status":"closed","ping_status":"closed","sticky":false,"template":"","format":"standard","meta":{"saved_in_kubio":false,"footnotes":""},"categories":[2,16,9],"tags":[],"class_list":["post-4894","post","type-post","status-publish","format-standard","hentry","category-gf","category-spielbericht","category-u12"],"yoast_head":"<!-- This site is optimized with the Yoast SEO plugin v27.4 - https:\/\/yoast.com\/product\/yoast-seo-wordpress\/ -->\n<title>U12 der \u201eBlues\u201c mit klarem Sieg im letzten Test vor dem Punktspielauftakt - JFG Wendelstein<\/title>\n<meta name=\"robots\" content=\"index, follow, max-snippet:-1, max-image-preview:large, max-video-preview:-1\" \/>\n<link rel=\"canonical\" href=\"https:\/\/www.jugendfussball-wendelstein.de\/wordpress\/u12-der-blues-mit-klarem-sieg-im-letzten-test-vor-dem-punktspielauftakt\/\" \/>\n<meta property=\"og:locale\" content=\"de_DE\" \/>\n<meta property=\"og:type\" content=\"article\" \/>\n<meta property=\"og:title\" content=\"U12 der \u201eBlues\u201c mit klarem Sieg im letzten Test vor dem Punktspielauftakt - JFG Wendelstein\" \/>\n<meta property=\"og:description\" content=\"7:0 Sieg bei der D1 des FSV Stadeln Im letzten Test vor dem R\u00fcckrundenauftakt am 17.03. in Berching, fuhr man zum FSV Stadeln um gegen die D1 der F\u00fcrther zu testen. Auch heute spielte man 3 x 25 Minuten und auch heute brauchte man einige Minuten um ins Spiel zu kommen. Dann kontrollierte man aber [&hellip;]\" \/>\n<meta property=\"og:url\" content=\"https:\/\/www.jugendfussball-wendelstein.de\/wordpress\/u12-der-blues-mit-klarem-sieg-im-letzten-test-vor-dem-punktspielauftakt\/\" \/>\n<meta property=\"og:site_name\" content=\"JFG Wendelstein\" \/>\n<meta property=\"article:published_time\" content=\"2017-03-14T19:03:04+00:00\" \/>\n<meta property=\"og:image\" content=\"http:\/\/www.jugendfussball-wendelstein.de\/wordpress\/wp-content\/uploads\/2016\/10\/team-U12_201617-350x249.jpg\" \/>\n<meta name=\"author\" content=\"Autor\" \/>\n<meta name=\"twitter:card\" content=\"summary_large_image\" \/>\n<meta name=\"twitter:label1\" content=\"Verfasst von\" \/>\n\t<meta name=\"twitter:data1\" content=\"Autor\" \/>\n\t<meta name=\"twitter:label2\" content=\"Gesch\u00e4tzte Lesezeit\" \/>\n\t<meta name=\"twitter:data2\" content=\"1\u00a0Minute\" \/>\n<script type=\"application\/ld+json\" class=\"yoast-schema-graph\">{\"@context\":\"https:\\\/\\\/schema.org\",\"@graph\":[{\"@type\":\"Article\",\"@id\":\"https:\\\/\\\/www.jugendfussball-wendelstein.de\\\/wordpress\\\/u12-der-blues-mit-klarem-sieg-im-letzten-test-vor-dem-punktspielauftakt\\\/#article\",\"isPartOf\":{\"@id\":\"https:\\\/\\\/www.jugendfussball-wendelstein.de\\\/wordpress\\\/u12-der-blues-mit-klarem-sieg-im-letzten-test-vor-dem-punktspielauftakt\\\/\"},\"author\":{\"name\":\"Autor\",\"@id\":\"https:\\\/\\\/www.jugendfussball-wendelstein.de\\\/wordpress\\\/#\\\/schema\\\/person\\\/75aadcbd4be1b3af1c1d785397472bc9\"},\"headline\":\"U12 der \u201eBlues\u201c mit klarem Sieg im letzten Test vor dem Punktspielauftakt\",\"datePublished\":\"2017-03-14T19:03:04+00:00\",\"mainEntityOfPage\":{\"@id\":\"https:\\\/\\\/www.jugendfussball-wendelstein.de\\\/wordpress\\\/u12-der-blues-mit-klarem-sieg-im-letzten-test-vor-dem-punktspielauftakt\\\/\"},\"wordCount\":225,\"image\":{\"@id\":\"https:\\\/\\\/www.jugendfussball-wendelstein.de\\\/wordpress\\\/u12-der-blues-mit-klarem-sieg-im-letzten-test-vor-dem-punktspielauftakt\\\/#primaryimage\"},\"thumbnailUrl\":\"http:\\\/\\\/www.jugendfussball-wendelstein.de\\\/wordpress\\\/wp-content\\\/uploads\\\/2016\\\/10\\\/team-U12_201617-350x249.jpg\",\"articleSection\":[\"Gro\u00dffeld\",\"Spielbericht\",\"U12\"],\"inLanguage\":\"de\"},{\"@type\":\"WebPage\",\"@id\":\"https:\\\/\\\/www.jugendfussball-wendelstein.de\\\/wordpress\\\/u12-der-blues-mit-klarem-sieg-im-letzten-test-vor-dem-punktspielauftakt\\\/\",\"url\":\"https:\\\/\\\/www.jugendfussball-wendelstein.de\\\/wordpress\\\/u12-der-blues-mit-klarem-sieg-im-letzten-test-vor-dem-punktspielauftakt\\\/\",\"name\":\"U12 der \u201eBlues\u201c mit klarem Sieg im letzten Test vor dem Punktspielauftakt - JFG Wendelstein\",\"isPartOf\":{\"@id\":\"https:\\\/\\\/www.jugendfussball-wendelstein.de\\\/wordpress\\\/#website\"},\"primaryImageOfPage\":{\"@id\":\"https:\\\/\\\/www.jugendfussball-wendelstein.de\\\/wordpress\\\/u12-der-blues-mit-klarem-sieg-im-letzten-test-vor-dem-punktspielauftakt\\\/#primaryimage\"},\"image\":{\"@id\":\"https:\\\/\\\/www.jugendfussball-wendelstein.de\\\/wordpress\\\/u12-der-blues-mit-klarem-sieg-im-letzten-test-vor-dem-punktspielauftakt\\\/#primaryimage\"},\"thumbnailUrl\":\"http:\\\/\\\/www.jugendfussball-wendelstein.de\\\/wordpress\\\/wp-content\\\/uploads\\\/2016\\\/10\\\/team-U12_201617-350x249.jpg\",\"datePublished\":\"2017-03-14T19:03:04+00:00\",\"author\":{\"@id\":\"https:\\\/\\\/www.jugendfussball-wendelstein.de\\\/wordpress\\\/#\\\/schema\\\/person\\\/75aadcbd4be1b3af1c1d785397472bc9\"},\"breadcrumb\":{\"@id\":\"https:\\\/\\\/www.jugendfussball-wendelstein.de\\\/wordpress\\\/u12-der-blues-mit-klarem-sieg-im-letzten-test-vor-dem-punktspielauftakt\\\/#breadcrumb\"},\"inLanguage\":\"de\",\"potentialAction\":[{\"@type\":\"ReadAction\",\"target\":[\"https:\\\/\\\/www.jugendfussball-wendelstein.de\\\/wordpress\\\/u12-der-blues-mit-klarem-sieg-im-letzten-test-vor-dem-punktspielauftakt\\\/\"]}]},{\"@type\":\"ImageObject\",\"inLanguage\":\"de\",\"@id\":\"https:\\\/\\\/www.jugendfussball-wendelstein.de\\\/wordpress\\\/u12-der-blues-mit-klarem-sieg-im-letzten-test-vor-dem-punktspielauftakt\\\/#primaryimage\",\"url\":\"http:\\\/\\\/www.jugendfussball-wendelstein.de\\\/wordpress\\\/wp-content\\\/uploads\\\/2016\\\/10\\\/team-U12_201617-350x249.jpg\",\"contentUrl\":\"http:\\\/\\\/www.jugendfussball-wendelstein.de\\\/wordpress\\\/wp-content\\\/uploads\\\/2016\\\/10\\\/team-U12_201617-350x249.jpg\"},{\"@type\":\"BreadcrumbList\",\"@id\":\"https:\\\/\\\/www.jugendfussball-wendelstein.de\\\/wordpress\\\/u12-der-blues-mit-klarem-sieg-im-letzten-test-vor-dem-punktspielauftakt\\\/#breadcrumb\",\"itemListElement\":[{\"@type\":\"ListItem\",\"position\":1,\"name\":\"Startseite\",\"item\":\"https:\\\/\\\/www.jugendfussball-wendelstein.de\\\/wordpress\\\/\"},{\"@type\":\"ListItem\",\"position\":2,\"name\":\"U12 der \u201eBlues\u201c mit klarem Sieg im letzten Test vor dem Punktspielauftakt\"}]},{\"@type\":\"WebSite\",\"@id\":\"https:\\\/\\\/www.jugendfussball-wendelstein.de\\\/wordpress\\\/#website\",\"url\":\"https:\\\/\\\/www.jugendfussball-wendelstein.de\\\/wordpress\\\/\",\"name\":\"JFG Wendelstein\",\"description\":\"Juniorenfu\u00dfball\",\"potentialAction\":[{\"@type\":\"SearchAction\",\"target\":{\"@type\":\"EntryPoint\",\"urlTemplate\":\"https:\\\/\\\/www.jugendfussball-wendelstein.de\\\/wordpress\\\/?s={search_term_string}\"},\"query-input\":{\"@type\":\"PropertyValueSpecification\",\"valueRequired\":true,\"valueName\":\"search_term_string\"}}],\"inLanguage\":\"de\"},{\"@type\":\"Person\",\"@id\":\"https:\\\/\\\/www.jugendfussball-wendelstein.de\\\/wordpress\\\/#\\\/schema\\\/person\\\/75aadcbd4be1b3af1c1d785397472bc9\",\"name\":\"Autor\",\"image\":{\"@type\":\"ImageObject\",\"inLanguage\":\"de\",\"@id\":\"https:\\\/\\\/secure.gravatar.com\\\/avatar\\\/01dd9b7f2dc8d635302f1c57c2289838e9fe288acd1c06c8f8ad332b8e2a60c9?s=96&d=mm&r=g\",\"url\":\"https:\\\/\\\/secure.gravatar.com\\\/avatar\\\/01dd9b7f2dc8d635302f1c57c2289838e9fe288acd1c06c8f8ad332b8e2a60c9?s=96&d=mm&r=g\",\"contentUrl\":\"https:\\\/\\\/secure.gravatar.com\\\/avatar\\\/01dd9b7f2dc8d635302f1c57c2289838e9fe288acd1c06c8f8ad332b8e2a60c9?s=96&d=mm&r=g\",\"caption\":\"Autor\"},\"url\":\"https:\\\/\\\/www.jugendfussball-wendelstein.de\\\/wordpress\\\/author\\\/autor\\\/\"}]}<\/script>\n<!-- \/ Yoast SEO plugin. -->","yoast_head_json":{"title":"U12 der \u201eBlues\u201c mit klarem Sieg im letzten Test vor dem Punktspielauftakt - JFG Wendelstein","robots":{"index":"index","follow":"follow","max-snippet":"max-snippet:-1","max-image-preview":"max-image-preview:large","max-video-preview":"max-video-preview:-1"},"canonical":"https:\/\/www.jugendfussball-wendelstein.de\/wordpress\/u12-der-blues-mit-klarem-sieg-im-letzten-test-vor-dem-punktspielauftakt\/","og_locale":"de_DE","og_type":"article","og_title":"U12 der \u201eBlues\u201c mit klarem Sieg im letzten Test vor dem Punktspielauftakt - JFG Wendelstein","og_description":"7:0 Sieg bei der D1 des FSV Stadeln Im letzten Test vor dem R\u00fcckrundenauftakt am 17.03. in Berching, fuhr man zum FSV Stadeln um gegen die D1 der F\u00fcrther zu testen. Auch heute spielte man 3 x 25 Minuten und auch heute brauchte man einige Minuten um ins Spiel zu kommen. Dann kontrollierte man aber [&hellip;]","og_url":"https:\/\/www.jugendfussball-wendelstein.de\/wordpress\/u12-der-blues-mit-klarem-sieg-im-letzten-test-vor-dem-punktspielauftakt\/","og_site_name":"JFG Wendelstein","article_published_time":"2017-03-14T19:03:04+00:00","og_image":[{"url":"http:\/\/www.jugendfussball-wendelstein.de\/wordpress\/wp-content\/uploads\/2016\/10\/team-U12_201617-350x249.jpg","type":"","width":"","height":""}],"author":"Autor","twitter_card":"summary_large_image","twitter_misc":{"Verfasst von":"Autor","Gesch\u00e4tzte Lesezeit":"1\u00a0Minute"},"schema":{"@context":"https:\/\/schema.org","@graph":[{"@type":"Article","@id":"https:\/\/www.jugendfussball-wendelstein.de\/wordpress\/u12-der-blues-mit-klarem-sieg-im-letzten-test-vor-dem-punktspielauftakt\/#article","isPartOf":{"@id":"https:\/\/www.jugendfussball-wendelstein.de\/wordpress\/u12-der-blues-mit-klarem-sieg-im-letzten-test-vor-dem-punktspielauftakt\/"},"author":{"name":"Autor","@id":"https:\/\/www.jugendfussball-wendelstein.de\/wordpress\/#\/schema\/person\/75aadcbd4be1b3af1c1d785397472bc9"},"headline":"U12 der \u201eBlues\u201c mit klarem Sieg im letzten Test vor dem Punktspielauftakt","datePublished":"2017-03-14T19:03:04+00:00","mainEntityOfPage":{"@id":"https:\/\/www.jugendfussball-wendelstein.de\/wordpress\/u12-der-blues-mit-klarem-sieg-im-letzten-test-vor-dem-punktspielauftakt\/"},"wordCount":225,"image":{"@id":"https:\/\/www.jugendfussball-wendelstein.de\/wordpress\/u12-der-blues-mit-klarem-sieg-im-letzten-test-vor-dem-punktspielauftakt\/#primaryimage"},"thumbnailUrl":"http:\/\/www.jugendfussball-wendelstein.de\/wordpress\/wp-content\/uploads\/2016\/10\/team-U12_201617-350x249.jpg","articleSection":["Gro\u00dffeld","Spielbericht","U12"],"inLanguage":"de"},{"@type":"WebPage","@id":"https:\/\/www.jugendfussball-wendelstein.de\/wordpress\/u12-der-blues-mit-klarem-sieg-im-letzten-test-vor-dem-punktspielauftakt\/","url":"https:\/\/www.jugendfussball-wendelstein.de\/wordpress\/u12-der-blues-mit-klarem-sieg-im-letzten-test-vor-dem-punktspielauftakt\/","name":"U12 der \u201eBlues\u201c mit klarem Sieg im letzten Test vor dem Punktspielauftakt - JFG Wendelstein","isPartOf":{"@id":"https:\/\/www.jugendfussball-wendelstein.de\/wordpress\/#website"},"primaryImageOfPage":{"@id":"https:\/\/www.jugendfussball-wendelstein.de\/wordpress\/u12-der-blues-mit-klarem-sieg-im-letzten-test-vor-dem-punktspielauftakt\/#primaryimage"},"image":{"@id":"https:\/\/www.jugendfussball-wendelstein.de\/wordpress\/u12-der-blues-mit-klarem-sieg-im-letzten-test-vor-dem-punktspielauftakt\/#primaryimage"},"thumbnailUrl":"http:\/\/www.jugendfussball-wendelstein.de\/wordpress\/wp-content\/uploads\/2016\/10\/team-U12_201617-350x249.jpg","datePublished":"2017-03-14T19:03:04+00:00","author":{"@id":"https:\/\/www.jugendfussball-wendelstein.de\/wordpress\/#\/schema\/person\/75aadcbd4be1b3af1c1d785397472bc9"},"breadcrumb":{"@id":"https:\/\/www.jugendfussball-wendelstein.de\/wordpress\/u12-der-blues-mit-klarem-sieg-im-letzten-test-vor-dem-punktspielauftakt\/#breadcrumb"},"inLanguage":"de","potentialAction":[{"@type":"ReadAction","target":["https:\/\/www.jugendfussball-wendelstein.de\/wordpress\/u12-der-blues-mit-klarem-sieg-im-letzten-test-vor-dem-punktspielauftakt\/"]}]},{"@type":"ImageObject","inLanguage":"de","@id":"https:\/\/www.jugendfussball-wendelstein.de\/wordpress\/u12-der-blues-mit-klarem-sieg-im-letzten-test-vor-dem-punktspielauftakt\/#primaryimage","url":"http:\/\/www.jugendfussball-wendelstein.de\/wordpress\/wp-content\/uploads\/2016\/10\/team-U12_201617-350x249.jpg","contentUrl":"http:\/\/www.jugendfussball-wendelstein.de\/wordpress\/wp-content\/uploads\/2016\/10\/team-U12_201617-350x249.jpg"},{"@type":"BreadcrumbList","@id":"https:\/\/www.jugendfussball-wendelstein.de\/wordpress\/u12-der-blues-mit-klarem-sieg-im-letzten-test-vor-dem-punktspielauftakt\/#breadcrumb","itemListElement":[{"@type":"ListItem","position":1,"name":"Startseite","item":"https:\/\/www.jugendfussball-wendelstein.de\/wordpress\/"},{"@type":"ListItem","position":2,"name":"U12 der \u201eBlues\u201c mit klarem Sieg im letzten Test vor dem Punktspielauftakt"}]},{"@type":"WebSite","@id":"https:\/\/www.jugendfussball-wendelstein.de\/wordpress\/#website","url":"https:\/\/www.jugendfussball-wendelstein.de\/wordpress\/","name":"JFG Wendelstein","description":"Juniorenfu\u00dfball","potentialAction":[{"@type":"SearchAction","target":{"@type":"EntryPoint","urlTemplate":"https:\/\/www.jugendfussball-wendelstein.de\/wordpress\/?s={search_term_string}"},"query-input":{"@type":"PropertyValueSpecification","valueRequired":true,"valueName":"search_term_string"}}],"inLanguage":"de"},{"@type":"Person","@id":"https:\/\/www.jugendfussball-wendelstein.de\/wordpress\/#\/schema\/person\/75aadcbd4be1b3af1c1d785397472bc9","name":"Autor","image":{"@type":"ImageObject","inLanguage":"de","@id":"https:\/\/secure.gravatar.com\/avatar\/01dd9b7f2dc8d635302f1c57c2289838e9fe288acd1c06c8f8ad332b8e2a60c9?s=96&d=mm&r=g","url":"https:\/\/secure.gravatar.com\/avatar\/01dd9b7f2dc8d635302f1c57c2289838e9fe288acd1c06c8f8ad332b8e2a60c9?s=96&d=mm&r=g","contentUrl":"https:\/\/secure.gravatar.com\/avatar\/01dd9b7f2dc8d635302f1c57c2289838e9fe288acd1c06c8f8ad332b8e2a60c9?s=96&d=mm&r=g","caption":"Autor"},"url":"https:\/\/www.jugendfussball-wendelstein.de\/wordpress\/author\/autor\/"}]}},"_links":{"self":[{"href":"https:\/\/www.jugendfussball-wendelstein.de\/wordpress\/wp-json\/wp\/v2\/posts\/4894","targetHints":{"allow":["GET"]}}],"collection":[{"href":"https:\/\/www.jugendfussball-wendelstein.de\/wordpress\/wp-json\/wp\/v2\/posts"}],"about":[{"href":"https:\/\/www.jugendfussball-wendelstein.de\/wordpress\/wp-json\/wp\/v2\/types\/post"}],"author":[{"embeddable":true,"href":"https:\/\/www.jugendfussball-wendelstein.de\/wordpress\/wp-json\/wp\/v2\/users\/4"}],"replies":[{"embeddable":true,"href":"https:\/\/www.jugendfussball-wendelstein.de\/wordpress\/wp-json\/wp\/v2\/comments?post=4894"}],"version-history":[{"count":0,"href":"https:\/\/www.jugendfussball-wendelstein.de\/wordpress\/wp-json\/wp\/v2\/posts\/4894\/revisions"}],"wp:attachment":[{"href":"https:\/\/www.jugendfussball-wendelstein.de\/wordpress\/wp-json\/wp\/v2\/media?parent=4894"}],"wp:term":[{"taxonomy":"category","embeddable":true,"href":"https:\/\/www.jugendfussball-wendelstein.de\/wordpress\/wp-json\/wp\/v2\/categories?post=4894"},{"taxonomy":"post_tag","embeddable":true,"href":"https:\/\/www.jugendfussball-wendelstein.de\/wordpress\/wp-json\/wp\/v2\/tags?post=4894"}],"curies":[{"name":"wp","href":"https:\/\/api.w.org\/{rel}","templated":true}]}}