{"id":5165,"date":"2017-07-26T21:32:14","date_gmt":"2017-07-26T19:32:14","guid":{"rendered":"http:\/\/www.jugendfussball-wendelstein.de\/wordpress\/?p=5165"},"modified":"2017-07-26T21:32:14","modified_gmt":"2017-07-26T19:32:14","slug":"u17-leistungsvergleich-in-wendelstein-2-platz","status":"publish","type":"post","link":"https:\/\/www.jugendfussball-wendelstein.de\/wordpress\/u17-leistungsvergleich-in-wendelstein-2-platz\/","title":{"rendered":"U17 &#8211; Leistungsvergleich in Wendelstein  2.Platz"},"content":{"rendered":"<p>Am Sonntag Vormittag besuchten uns zu einem Leistungsvergleich die Mannschaften der Spvgg Ansbach (Bayernliga), des TSV Buch (Kreisliga) und das BOL Team des\u00a0 TSV Burgfarrnbach.<\/p>\n<p>Im ersten Spiel konnten wir spielerisch die \u00dcberhand \u00fcber unseren Kontrahenten aus Buch behalten und gewannen das Spiel deutlich mit 7:0.<\/p>\n<p>Im zweiten Spiel wartete der Favorit des Tages, die SpVgg Ansbach aus der Bayernliga. Wir waren leider nicht wirklich bei der Sache und hatten anscheinend zu viel Respekt vor dem starken Gegner. Die Ansbacher gingen mit 1:0 in F\u00fchrung. Kurz darauf hatten die Kicker der JFG den Ausgleich auf dem Fu\u00df, doch der Pfosten stand uns leider im Weg. Die Nervosit\u00e4t zog sich leider fast durch die gesamte Mannschaft und machte sich im ganzen Spiel bemerkbar. Am Ende mussten wir uns mit 0:4 geschlagen geben.<\/p>\n<p>Jetzt hie\u00df es die Partie gegen die SpVgg schnell abhaken und sich auf das n\u00e4chste Spiel gegen den TSV Burgfarrnbach vorbereiten. Das Team war von Beginn an wieder da, \u00fcberzeugte spielerisch und individuell. Unsere Mannschaft konnte in 50 Minuten Spielzeit gegen die ebenfalls in der BOL spielenden Burgfarrnbacher \u00fcberzeugen und ein 6:0 Sieg einfahren.<\/p>\n<p>Am Ende des Tages, des intensiven Leistungsvergleichs (Spielzeit insgesamt 3&#215;50 Minuten), konnte das Trainerteam sehr positiv gestimmt das Restwochenende genie\u00dfen. Das gesamte Team kann mit der Leistung unserer jungen Mannschaft in der noch sehr jungen Vorbereitungszeit sehr zufrieden sein.<\/p>\n<p>Und auch hier nochmal ein Riesendank an die Eltern f\u00fcr die Organisation der Verpflegung. Wir haben uns alle, Trainer und Spieler, sehr \u00fcber eure vorbildliche Unterst\u00fctzung gefreut.<\/p>\n","protected":false},"excerpt":{"rendered":"<p>Am Sonntag Vormittag besuchten uns zu einem Leistungsvergleich die Mannschaften der Spvgg Ansbach (Bayernliga), des TSV Buch (Kreisliga) und das BOL Team des\u00a0 TSV Burgfarrnbach. Im ersten Spiel konnten wir spielerisch die \u00dcberhand \u00fcber unseren Kontrahenten aus Buch behalten und gewannen das Spiel deutlich mit 7:0. Im zweiten Spiel wartete der Favorit des Tages, die [&hellip;]<\/p>\n","protected":false},"author":4,"featured_media":0,"comment_status":"closed","ping_status":"closed","sticky":false,"template":"","format":"standard","meta":{"saved_in_kubio":false,"footnotes":""},"categories":[2,16,21],"tags":[],"class_list":["post-5165","post","type-post","status-publish","format-standard","hentry","category-gf","category-spielbericht","category-u17"],"yoast_head":"<!-- This site is optimized with the Yoast SEO plugin v27.4 - https:\/\/yoast.com\/product\/yoast-seo-wordpress\/ -->\n<title>U17 - Leistungsvergleich in Wendelstein 2.Platz - JFG Wendelstein<\/title>\n<meta name=\"robots\" content=\"index, follow, max-snippet:-1, max-image-preview:large, max-video-preview:-1\" \/>\n<link rel=\"canonical\" href=\"https:\/\/www.jugendfussball-wendelstein.de\/wordpress\/u17-leistungsvergleich-in-wendelstein-2-platz\/\" \/>\n<meta property=\"og:locale\" content=\"de_DE\" \/>\n<meta property=\"og:type\" content=\"article\" \/>\n<meta property=\"og:title\" content=\"U17 - Leistungsvergleich in Wendelstein 2.Platz - JFG Wendelstein\" \/>\n<meta property=\"og:description\" content=\"Am Sonntag Vormittag besuchten uns zu einem Leistungsvergleich die Mannschaften der Spvgg Ansbach (Bayernliga), des TSV Buch (Kreisliga) und das BOL Team des\u00a0 TSV Burgfarrnbach. Im ersten Spiel konnten wir spielerisch die \u00dcberhand \u00fcber unseren Kontrahenten aus Buch behalten und gewannen das Spiel deutlich mit 7:0. Im zweiten Spiel wartete der Favorit des Tages, die [&hellip;]\" \/>\n<meta property=\"og:url\" content=\"https:\/\/www.jugendfussball-wendelstein.de\/wordpress\/u17-leistungsvergleich-in-wendelstein-2-platz\/\" \/>\n<meta property=\"og:site_name\" content=\"JFG Wendelstein\" \/>\n<meta property=\"article:published_time\" content=\"2017-07-26T19:32:14+00:00\" \/>\n<meta name=\"author\" content=\"Autor\" \/>\n<meta name=\"twitter:card\" content=\"summary_large_image\" \/>\n<meta name=\"twitter:label1\" content=\"Verfasst von\" \/>\n\t<meta name=\"twitter:data1\" content=\"Autor\" \/>\n\t<meta name=\"twitter:label2\" content=\"Gesch\u00e4tzte Lesezeit\" \/>\n\t<meta name=\"twitter:data2\" content=\"1\u00a0Minute\" \/>\n<script type=\"application\/ld+json\" class=\"yoast-schema-graph\">{\"@context\":\"https:\\\/\\\/schema.org\",\"@graph\":[{\"@type\":\"Article\",\"@id\":\"https:\\\/\\\/www.jugendfussball-wendelstein.de\\\/wordpress\\\/u17-leistungsvergleich-in-wendelstein-2-platz\\\/#article\",\"isPartOf\":{\"@id\":\"https:\\\/\\\/www.jugendfussball-wendelstein.de\\\/wordpress\\\/u17-leistungsvergleich-in-wendelstein-2-platz\\\/\"},\"author\":{\"name\":\"Autor\",\"@id\":\"https:\\\/\\\/www.jugendfussball-wendelstein.de\\\/wordpress\\\/#\\\/schema\\\/person\\\/75aadcbd4be1b3af1c1d785397472bc9\"},\"headline\":\"U17 &#8211; Leistungsvergleich in Wendelstein 2.Platz\",\"datePublished\":\"2017-07-26T19:32:14+00:00\",\"mainEntityOfPage\":{\"@id\":\"https:\\\/\\\/www.jugendfussball-wendelstein.de\\\/wordpress\\\/u17-leistungsvergleich-in-wendelstein-2-platz\\\/\"},\"wordCount\":258,\"articleSection\":[\"Gro\u00dffeld\",\"Spielbericht\",\"U17\"],\"inLanguage\":\"de\"},{\"@type\":\"WebPage\",\"@id\":\"https:\\\/\\\/www.jugendfussball-wendelstein.de\\\/wordpress\\\/u17-leistungsvergleich-in-wendelstein-2-platz\\\/\",\"url\":\"https:\\\/\\\/www.jugendfussball-wendelstein.de\\\/wordpress\\\/u17-leistungsvergleich-in-wendelstein-2-platz\\\/\",\"name\":\"U17 - Leistungsvergleich in Wendelstein 2.Platz - JFG Wendelstein\",\"isPartOf\":{\"@id\":\"https:\\\/\\\/www.jugendfussball-wendelstein.de\\\/wordpress\\\/#website\"},\"datePublished\":\"2017-07-26T19:32:14+00:00\",\"author\":{\"@id\":\"https:\\\/\\\/www.jugendfussball-wendelstein.de\\\/wordpress\\\/#\\\/schema\\\/person\\\/75aadcbd4be1b3af1c1d785397472bc9\"},\"breadcrumb\":{\"@id\":\"https:\\\/\\\/www.jugendfussball-wendelstein.de\\\/wordpress\\\/u17-leistungsvergleich-in-wendelstein-2-platz\\\/#breadcrumb\"},\"inLanguage\":\"de\",\"potentialAction\":[{\"@type\":\"ReadAction\",\"target\":[\"https:\\\/\\\/www.jugendfussball-wendelstein.de\\\/wordpress\\\/u17-leistungsvergleich-in-wendelstein-2-platz\\\/\"]}]},{\"@type\":\"BreadcrumbList\",\"@id\":\"https:\\\/\\\/www.jugendfussball-wendelstein.de\\\/wordpress\\\/u17-leistungsvergleich-in-wendelstein-2-platz\\\/#breadcrumb\",\"itemListElement\":[{\"@type\":\"ListItem\",\"position\":1,\"name\":\"Startseite\",\"item\":\"https:\\\/\\\/www.jugendfussball-wendelstein.de\\\/wordpress\\\/\"},{\"@type\":\"ListItem\",\"position\":2,\"name\":\"U17 &#8211; Leistungsvergleich in Wendelstein 2.Platz\"}]},{\"@type\":\"WebSite\",\"@id\":\"https:\\\/\\\/www.jugendfussball-wendelstein.de\\\/wordpress\\\/#website\",\"url\":\"https:\\\/\\\/www.jugendfussball-wendelstein.de\\\/wordpress\\\/\",\"name\":\"JFG Wendelstein\",\"description\":\"Juniorenfu\u00dfball\",\"potentialAction\":[{\"@type\":\"SearchAction\",\"target\":{\"@type\":\"EntryPoint\",\"urlTemplate\":\"https:\\\/\\\/www.jugendfussball-wendelstein.de\\\/wordpress\\\/?s={search_term_string}\"},\"query-input\":{\"@type\":\"PropertyValueSpecification\",\"valueRequired\":true,\"valueName\":\"search_term_string\"}}],\"inLanguage\":\"de\"},{\"@type\":\"Person\",\"@id\":\"https:\\\/\\\/www.jugendfussball-wendelstein.de\\\/wordpress\\\/#\\\/schema\\\/person\\\/75aadcbd4be1b3af1c1d785397472bc9\",\"name\":\"Autor\",\"image\":{\"@type\":\"ImageObject\",\"inLanguage\":\"de\",\"@id\":\"https:\\\/\\\/secure.gravatar.com\\\/avatar\\\/01dd9b7f2dc8d635302f1c57c2289838e9fe288acd1c06c8f8ad332b8e2a60c9?s=96&d=mm&r=g\",\"url\":\"https:\\\/\\\/secure.gravatar.com\\\/avatar\\\/01dd9b7f2dc8d635302f1c57c2289838e9fe288acd1c06c8f8ad332b8e2a60c9?s=96&d=mm&r=g\",\"contentUrl\":\"https:\\\/\\\/secure.gravatar.com\\\/avatar\\\/01dd9b7f2dc8d635302f1c57c2289838e9fe288acd1c06c8f8ad332b8e2a60c9?s=96&d=mm&r=g\",\"caption\":\"Autor\"},\"url\":\"https:\\\/\\\/www.jugendfussball-wendelstein.de\\\/wordpress\\\/author\\\/autor\\\/\"}]}<\/script>\n<!-- \/ Yoast SEO plugin. -->","yoast_head_json":{"title":"U17 - Leistungsvergleich in Wendelstein 2.Platz - JFG Wendelstein","robots":{"index":"index","follow":"follow","max-snippet":"max-snippet:-1","max-image-preview":"max-image-preview:large","max-video-preview":"max-video-preview:-1"},"canonical":"https:\/\/www.jugendfussball-wendelstein.de\/wordpress\/u17-leistungsvergleich-in-wendelstein-2-platz\/","og_locale":"de_DE","og_type":"article","og_title":"U17 - Leistungsvergleich in Wendelstein 2.Platz - JFG Wendelstein","og_description":"Am Sonntag Vormittag besuchten uns zu einem Leistungsvergleich die Mannschaften der Spvgg Ansbach (Bayernliga), des TSV Buch (Kreisliga) und das BOL Team des\u00a0 TSV Burgfarrnbach. Im ersten Spiel konnten wir spielerisch die \u00dcberhand \u00fcber unseren Kontrahenten aus Buch behalten und gewannen das Spiel deutlich mit 7:0. Im zweiten Spiel wartete der Favorit des Tages, die [&hellip;]","og_url":"https:\/\/www.jugendfussball-wendelstein.de\/wordpress\/u17-leistungsvergleich-in-wendelstein-2-platz\/","og_site_name":"JFG Wendelstein","article_published_time":"2017-07-26T19:32:14+00:00","author":"Autor","twitter_card":"summary_large_image","twitter_misc":{"Verfasst von":"Autor","Gesch\u00e4tzte Lesezeit":"1\u00a0Minute"},"schema":{"@context":"https:\/\/schema.org","@graph":[{"@type":"Article","@id":"https:\/\/www.jugendfussball-wendelstein.de\/wordpress\/u17-leistungsvergleich-in-wendelstein-2-platz\/#article","isPartOf":{"@id":"https:\/\/www.jugendfussball-wendelstein.de\/wordpress\/u17-leistungsvergleich-in-wendelstein-2-platz\/"},"author":{"name":"Autor","@id":"https:\/\/www.jugendfussball-wendelstein.de\/wordpress\/#\/schema\/person\/75aadcbd4be1b3af1c1d785397472bc9"},"headline":"U17 &#8211; Leistungsvergleich in Wendelstein 2.Platz","datePublished":"2017-07-26T19:32:14+00:00","mainEntityOfPage":{"@id":"https:\/\/www.jugendfussball-wendelstein.de\/wordpress\/u17-leistungsvergleich-in-wendelstein-2-platz\/"},"wordCount":258,"articleSection":["Gro\u00dffeld","Spielbericht","U17"],"inLanguage":"de"},{"@type":"WebPage","@id":"https:\/\/www.jugendfussball-wendelstein.de\/wordpress\/u17-leistungsvergleich-in-wendelstein-2-platz\/","url":"https:\/\/www.jugendfussball-wendelstein.de\/wordpress\/u17-leistungsvergleich-in-wendelstein-2-platz\/","name":"U17 - Leistungsvergleich in Wendelstein 2.Platz - JFG Wendelstein","isPartOf":{"@id":"https:\/\/www.jugendfussball-wendelstein.de\/wordpress\/#website"},"datePublished":"2017-07-26T19:32:14+00:00","author":{"@id":"https:\/\/www.jugendfussball-wendelstein.de\/wordpress\/#\/schema\/person\/75aadcbd4be1b3af1c1d785397472bc9"},"breadcrumb":{"@id":"https:\/\/www.jugendfussball-wendelstein.de\/wordpress\/u17-leistungsvergleich-in-wendelstein-2-platz\/#breadcrumb"},"inLanguage":"de","potentialAction":[{"@type":"ReadAction","target":["https:\/\/www.jugendfussball-wendelstein.de\/wordpress\/u17-leistungsvergleich-in-wendelstein-2-platz\/"]}]},{"@type":"BreadcrumbList","@id":"https:\/\/www.jugendfussball-wendelstein.de\/wordpress\/u17-leistungsvergleich-in-wendelstein-2-platz\/#breadcrumb","itemListElement":[{"@type":"ListItem","position":1,"name":"Startseite","item":"https:\/\/www.jugendfussball-wendelstein.de\/wordpress\/"},{"@type":"ListItem","position":2,"name":"U17 &#8211; Leistungsvergleich in Wendelstein 2.Platz"}]},{"@type":"WebSite","@id":"https:\/\/www.jugendfussball-wendelstein.de\/wordpress\/#website","url":"https:\/\/www.jugendfussball-wendelstein.de\/wordpress\/","name":"JFG Wendelstein","description":"Juniorenfu\u00dfball","potentialAction":[{"@type":"SearchAction","target":{"@type":"EntryPoint","urlTemplate":"https:\/\/www.jugendfussball-wendelstein.de\/wordpress\/?s={search_term_string}"},"query-input":{"@type":"PropertyValueSpecification","valueRequired":true,"valueName":"search_term_string"}}],"inLanguage":"de"},{"@type":"Person","@id":"https:\/\/www.jugendfussball-wendelstein.de\/wordpress\/#\/schema\/person\/75aadcbd4be1b3af1c1d785397472bc9","name":"Autor","image":{"@type":"ImageObject","inLanguage":"de","@id":"https:\/\/secure.gravatar.com\/avatar\/01dd9b7f2dc8d635302f1c57c2289838e9fe288acd1c06c8f8ad332b8e2a60c9?s=96&d=mm&r=g","url":"https:\/\/secure.gravatar.com\/avatar\/01dd9b7f2dc8d635302f1c57c2289838e9fe288acd1c06c8f8ad332b8e2a60c9?s=96&d=mm&r=g","contentUrl":"https:\/\/secure.gravatar.com\/avatar\/01dd9b7f2dc8d635302f1c57c2289838e9fe288acd1c06c8f8ad332b8e2a60c9?s=96&d=mm&r=g","caption":"Autor"},"url":"https:\/\/www.jugendfussball-wendelstein.de\/wordpress\/author\/autor\/"}]}},"_links":{"self":[{"href":"https:\/\/www.jugendfussball-wendelstein.de\/wordpress\/wp-json\/wp\/v2\/posts\/5165","targetHints":{"allow":["GET"]}}],"collection":[{"href":"https:\/\/www.jugendfussball-wendelstein.de\/wordpress\/wp-json\/wp\/v2\/posts"}],"about":[{"href":"https:\/\/www.jugendfussball-wendelstein.de\/wordpress\/wp-json\/wp\/v2\/types\/post"}],"author":[{"embeddable":true,"href":"https:\/\/www.jugendfussball-wendelstein.de\/wordpress\/wp-json\/wp\/v2\/users\/4"}],"replies":[{"embeddable":true,"href":"https:\/\/www.jugendfussball-wendelstein.de\/wordpress\/wp-json\/wp\/v2\/comments?post=5165"}],"version-history":[{"count":0,"href":"https:\/\/www.jugendfussball-wendelstein.de\/wordpress\/wp-json\/wp\/v2\/posts\/5165\/revisions"}],"wp:attachment":[{"href":"https:\/\/www.jugendfussball-wendelstein.de\/wordpress\/wp-json\/wp\/v2\/media?parent=5165"}],"wp:term":[{"taxonomy":"category","embeddable":true,"href":"https:\/\/www.jugendfussball-wendelstein.de\/wordpress\/wp-json\/wp\/v2\/categories?post=5165"},{"taxonomy":"post_tag","embeddable":true,"href":"https:\/\/www.jugendfussball-wendelstein.de\/wordpress\/wp-json\/wp\/v2\/tags?post=5165"}],"curies":[{"name":"wp","href":"https:\/\/api.w.org\/{rel}","templated":true}]}}