{"id":5287,"date":"2017-09-11T22:33:48","date_gmt":"2017-09-11T20:33:48","guid":{"rendered":"http:\/\/www.jugendfussball-wendelstein.de\/wordpress\/?p=5287"},"modified":"2017-09-14T22:37:09","modified_gmt":"2017-09-14T20:37:09","slug":"jfgw-spvgg-bayreuth-53","status":"publish","type":"post","link":"https:\/\/www.jugendfussball-wendelstein.de\/wordpress\/jfgw-spvgg-bayreuth-53\/","title":{"rendered":"JFGW \u2013 SpVgg Bayreuth  5:3"},"content":{"rendered":"<p>1.09.17: <strong>Starker Test gegen die SpVgg Bayreuth<\/strong><\/p>\n<p>Am zweiten Tag unseres Trainingslagers durften wir auf dem sch\u00f6nen Platz des TSV Fichtelberg die U14 der SpVgg Bayreuth zum Testspiel begr\u00fc\u00dfen. Die Trainer hatten das Spiel ohne Schiedsrichter organisiert, quasi &#8222;Fairplay&#8220;. Die Blues hatten schon zwei Tage sehr anstrengende Einheiten in den Muskeln, waren sich aber der Spielst\u00e4rke der Bayreuther bewusst und gingen mit Elan und Vorfreude in das Spiel.<\/p>\n<p>Dies zogen die G\u00e4ste im ersten Drittel sichtbar an sich. Nachdem sich die Jungs etwas gefunden hatten rollten einige Angriffe \u00fcber die schnellen Bayreuther Vorderleute. Schnell war klar, das w\u00fcrde ein anstrengender Test werden. In der 14. Minute lief dann ein Angriff \u00fcber die Aussen und wurde eiskalt zum 0:1 abgeschlossen. Die Bayreuther machten direkt weiter ihr Spiel und hatten noch eine aussichtsreiche Freisto\u00dfchance. Aber auch die Blues kamen nach vorne, sorgten aber nicht f\u00fcr gro\u00dfe Gefahr. Kurz vor Ende des ersten Drittels erh\u00f6hten die G\u00e4ste auf 0:2.<\/p>\n<p>Die Wendelsteiner reagierten mit einigen Wechseln und einer Systemumstellung. Doch kurz nach Beginn des n\u00e4chsten Abschnitts erh\u00f6hten die Bayreuhter gleich auf 3:0. Doch die Blues steckten nicht auf, nahmen das Spiel der G\u00e4ste an und k\u00e4mpften sich eindrucksvoll zur\u00fcck. Innerhalb f\u00fcnf Minuten trafen sie zweimal ins gegnerische Tor und waren damit wieder im Spiel. Jetzt \u00fcbernahmen sie auch im Mittelfeld die Z\u00fcgel und bauten sch\u00f6ne Kombinationen auf.<\/p>\n<p>Auch im letzten Drittel ging es so weiter. Wendelstein lie\u00df wenig Anspiele in die Spitze zu und spielte schnell und direkt nach vorne. Die Belohnung folgte in der siebten Minute mit dem verdienten Ausgleich. Obwohl die Kr\u00e4fte schon ein wenig schwanden liessen die Blues aber nicht nach. Clever wurde der Ball nach vorne getragen und versicht die St\u00fcrmer in Szene zu setzen. In der 60. Minute konnte mit einem sehenswerten Tor dann die F\u00fchrung erzielt werden. Den folgenden Bem\u00fchungen der Bayreuther G\u00e4ste konnten die Wendelsteiner standhalten und mit Entlastungsangriffen begegnen. Zum Ende des intensiven Spiels hin wurde dann noch mit dem 5:3 der Hacken unter die Begegnung gesetzt. Die Blues gewannen aufgrund ihrer Einstellung verdient ein gutes Spiel gegen einen tollen Gegner. Zum Ausgleich wurden die beanspruchten Muskeln dann abends in der nahen Therme entspannt.<br \/>\n<strong><em>Danke der SpVgg Bayreuth f\u00fcr die unkomplizierte Organisation des Testspiels.<\/em><\/strong><\/p>\n","protected":false},"excerpt":{"rendered":"<p>1.09.17: Starker Test gegen die SpVgg Bayreuth Am zweiten Tag unseres Trainingslagers durften wir auf dem sch\u00f6nen Platz des TSV Fichtelberg die U14 der SpVgg Bayreuth zum Testspiel begr\u00fc\u00dfen. Die Trainer hatten das Spiel ohne Schiedsrichter organisiert, quasi &#8222;Fairplay&#8220;. Die Blues hatten schon zwei Tage sehr anstrengende Einheiten in den Muskeln, waren sich aber der [&hellip;]<\/p>\n","protected":false},"author":4,"featured_media":0,"comment_status":"closed","ping_status":"closed","sticky":false,"template":"","format":"standard","meta":{"saved_in_kubio":false,"footnotes":""},"categories":[2,16,18],"tags":[],"class_list":["post-5287","post","type-post","status-publish","format-standard","hentry","category-gf","category-spielbericht","category-u14"],"yoast_head":"<!-- This site is optimized with the Yoast SEO plugin v27.4 - https:\/\/yoast.com\/product\/yoast-seo-wordpress\/ -->\n<title>JFGW \u2013 SpVgg Bayreuth 5:3 - JFG Wendelstein<\/title>\n<meta name=\"robots\" content=\"index, follow, max-snippet:-1, max-image-preview:large, max-video-preview:-1\" \/>\n<link rel=\"canonical\" href=\"https:\/\/www.jugendfussball-wendelstein.de\/wordpress\/jfgw-spvgg-bayreuth-53\/\" \/>\n<meta property=\"og:locale\" content=\"de_DE\" \/>\n<meta property=\"og:type\" content=\"article\" \/>\n<meta property=\"og:title\" content=\"JFGW \u2013 SpVgg Bayreuth 5:3 - JFG Wendelstein\" \/>\n<meta property=\"og:description\" content=\"1.09.17: Starker Test gegen die SpVgg Bayreuth Am zweiten Tag unseres Trainingslagers durften wir auf dem sch\u00f6nen Platz des TSV Fichtelberg die U14 der SpVgg Bayreuth zum Testspiel begr\u00fc\u00dfen. Die Trainer hatten das Spiel ohne Schiedsrichter organisiert, quasi &#8222;Fairplay&#8220;. Die Blues hatten schon zwei Tage sehr anstrengende Einheiten in den Muskeln, waren sich aber der [&hellip;]\" \/>\n<meta property=\"og:url\" content=\"https:\/\/www.jugendfussball-wendelstein.de\/wordpress\/jfgw-spvgg-bayreuth-53\/\" \/>\n<meta property=\"og:site_name\" content=\"JFG Wendelstein\" \/>\n<meta property=\"article:published_time\" content=\"2017-09-11T20:33:48+00:00\" \/>\n<meta property=\"article:modified_time\" content=\"2017-09-14T20:37:09+00:00\" \/>\n<meta name=\"author\" content=\"Autor\" \/>\n<meta name=\"twitter:card\" content=\"summary_large_image\" \/>\n<meta name=\"twitter:label1\" content=\"Verfasst von\" \/>\n\t<meta name=\"twitter:data1\" content=\"Autor\" \/>\n\t<meta name=\"twitter:label2\" content=\"Gesch\u00e4tzte Lesezeit\" \/>\n\t<meta name=\"twitter:data2\" content=\"2\u00a0Minuten\" \/>\n<script type=\"application\/ld+json\" class=\"yoast-schema-graph\">{\"@context\":\"https:\\\/\\\/schema.org\",\"@graph\":[{\"@type\":\"Article\",\"@id\":\"https:\\\/\\\/www.jugendfussball-wendelstein.de\\\/wordpress\\\/jfgw-spvgg-bayreuth-53\\\/#article\",\"isPartOf\":{\"@id\":\"https:\\\/\\\/www.jugendfussball-wendelstein.de\\\/wordpress\\\/jfgw-spvgg-bayreuth-53\\\/\"},\"author\":{\"name\":\"Autor\",\"@id\":\"https:\\\/\\\/www.jugendfussball-wendelstein.de\\\/wordpress\\\/#\\\/schema\\\/person\\\/75aadcbd4be1b3af1c1d785397472bc9\"},\"headline\":\"JFGW \u2013 SpVgg Bayreuth 5:3\",\"datePublished\":\"2017-09-11T20:33:48+00:00\",\"dateModified\":\"2017-09-14T20:37:09+00:00\",\"mainEntityOfPage\":{\"@id\":\"https:\\\/\\\/www.jugendfussball-wendelstein.de\\\/wordpress\\\/jfgw-spvgg-bayreuth-53\\\/\"},\"wordCount\":388,\"articleSection\":[\"Gro\u00dffeld\",\"Spielbericht\",\"U14\"],\"inLanguage\":\"de\"},{\"@type\":\"WebPage\",\"@id\":\"https:\\\/\\\/www.jugendfussball-wendelstein.de\\\/wordpress\\\/jfgw-spvgg-bayreuth-53\\\/\",\"url\":\"https:\\\/\\\/www.jugendfussball-wendelstein.de\\\/wordpress\\\/jfgw-spvgg-bayreuth-53\\\/\",\"name\":\"JFGW \u2013 SpVgg Bayreuth 5:3 - JFG Wendelstein\",\"isPartOf\":{\"@id\":\"https:\\\/\\\/www.jugendfussball-wendelstein.de\\\/wordpress\\\/#website\"},\"datePublished\":\"2017-09-11T20:33:48+00:00\",\"dateModified\":\"2017-09-14T20:37:09+00:00\",\"author\":{\"@id\":\"https:\\\/\\\/www.jugendfussball-wendelstein.de\\\/wordpress\\\/#\\\/schema\\\/person\\\/75aadcbd4be1b3af1c1d785397472bc9\"},\"breadcrumb\":{\"@id\":\"https:\\\/\\\/www.jugendfussball-wendelstein.de\\\/wordpress\\\/jfgw-spvgg-bayreuth-53\\\/#breadcrumb\"},\"inLanguage\":\"de\",\"potentialAction\":[{\"@type\":\"ReadAction\",\"target\":[\"https:\\\/\\\/www.jugendfussball-wendelstein.de\\\/wordpress\\\/jfgw-spvgg-bayreuth-53\\\/\"]}]},{\"@type\":\"BreadcrumbList\",\"@id\":\"https:\\\/\\\/www.jugendfussball-wendelstein.de\\\/wordpress\\\/jfgw-spvgg-bayreuth-53\\\/#breadcrumb\",\"itemListElement\":[{\"@type\":\"ListItem\",\"position\":1,\"name\":\"Startseite\",\"item\":\"https:\\\/\\\/www.jugendfussball-wendelstein.de\\\/wordpress\\\/\"},{\"@type\":\"ListItem\",\"position\":2,\"name\":\"JFGW \u2013 SpVgg Bayreuth 5:3\"}]},{\"@type\":\"WebSite\",\"@id\":\"https:\\\/\\\/www.jugendfussball-wendelstein.de\\\/wordpress\\\/#website\",\"url\":\"https:\\\/\\\/www.jugendfussball-wendelstein.de\\\/wordpress\\\/\",\"name\":\"JFG Wendelstein\",\"description\":\"Juniorenfu\u00dfball\",\"potentialAction\":[{\"@type\":\"SearchAction\",\"target\":{\"@type\":\"EntryPoint\",\"urlTemplate\":\"https:\\\/\\\/www.jugendfussball-wendelstein.de\\\/wordpress\\\/?s={search_term_string}\"},\"query-input\":{\"@type\":\"PropertyValueSpecification\",\"valueRequired\":true,\"valueName\":\"search_term_string\"}}],\"inLanguage\":\"de\"},{\"@type\":\"Person\",\"@id\":\"https:\\\/\\\/www.jugendfussball-wendelstein.de\\\/wordpress\\\/#\\\/schema\\\/person\\\/75aadcbd4be1b3af1c1d785397472bc9\",\"name\":\"Autor\",\"image\":{\"@type\":\"ImageObject\",\"inLanguage\":\"de\",\"@id\":\"https:\\\/\\\/secure.gravatar.com\\\/avatar\\\/01dd9b7f2dc8d635302f1c57c2289838e9fe288acd1c06c8f8ad332b8e2a60c9?s=96&d=mm&r=g\",\"url\":\"https:\\\/\\\/secure.gravatar.com\\\/avatar\\\/01dd9b7f2dc8d635302f1c57c2289838e9fe288acd1c06c8f8ad332b8e2a60c9?s=96&d=mm&r=g\",\"contentUrl\":\"https:\\\/\\\/secure.gravatar.com\\\/avatar\\\/01dd9b7f2dc8d635302f1c57c2289838e9fe288acd1c06c8f8ad332b8e2a60c9?s=96&d=mm&r=g\",\"caption\":\"Autor\"},\"url\":\"https:\\\/\\\/www.jugendfussball-wendelstein.de\\\/wordpress\\\/author\\\/autor\\\/\"}]}<\/script>\n<!-- \/ Yoast SEO plugin. -->","yoast_head_json":{"title":"JFGW \u2013 SpVgg Bayreuth 5:3 - JFG Wendelstein","robots":{"index":"index","follow":"follow","max-snippet":"max-snippet:-1","max-image-preview":"max-image-preview:large","max-video-preview":"max-video-preview:-1"},"canonical":"https:\/\/www.jugendfussball-wendelstein.de\/wordpress\/jfgw-spvgg-bayreuth-53\/","og_locale":"de_DE","og_type":"article","og_title":"JFGW \u2013 SpVgg Bayreuth 5:3 - JFG Wendelstein","og_description":"1.09.17: Starker Test gegen die SpVgg Bayreuth Am zweiten Tag unseres Trainingslagers durften wir auf dem sch\u00f6nen Platz des TSV Fichtelberg die U14 der SpVgg Bayreuth zum Testspiel begr\u00fc\u00dfen. Die Trainer hatten das Spiel ohne Schiedsrichter organisiert, quasi &#8222;Fairplay&#8220;. Die Blues hatten schon zwei Tage sehr anstrengende Einheiten in den Muskeln, waren sich aber der [&hellip;]","og_url":"https:\/\/www.jugendfussball-wendelstein.de\/wordpress\/jfgw-spvgg-bayreuth-53\/","og_site_name":"JFG Wendelstein","article_published_time":"2017-09-11T20:33:48+00:00","article_modified_time":"2017-09-14T20:37:09+00:00","author":"Autor","twitter_card":"summary_large_image","twitter_misc":{"Verfasst von":"Autor","Gesch\u00e4tzte Lesezeit":"2\u00a0Minuten"},"schema":{"@context":"https:\/\/schema.org","@graph":[{"@type":"Article","@id":"https:\/\/www.jugendfussball-wendelstein.de\/wordpress\/jfgw-spvgg-bayreuth-53\/#article","isPartOf":{"@id":"https:\/\/www.jugendfussball-wendelstein.de\/wordpress\/jfgw-spvgg-bayreuth-53\/"},"author":{"name":"Autor","@id":"https:\/\/www.jugendfussball-wendelstein.de\/wordpress\/#\/schema\/person\/75aadcbd4be1b3af1c1d785397472bc9"},"headline":"JFGW \u2013 SpVgg Bayreuth 5:3","datePublished":"2017-09-11T20:33:48+00:00","dateModified":"2017-09-14T20:37:09+00:00","mainEntityOfPage":{"@id":"https:\/\/www.jugendfussball-wendelstein.de\/wordpress\/jfgw-spvgg-bayreuth-53\/"},"wordCount":388,"articleSection":["Gro\u00dffeld","Spielbericht","U14"],"inLanguage":"de"},{"@type":"WebPage","@id":"https:\/\/www.jugendfussball-wendelstein.de\/wordpress\/jfgw-spvgg-bayreuth-53\/","url":"https:\/\/www.jugendfussball-wendelstein.de\/wordpress\/jfgw-spvgg-bayreuth-53\/","name":"JFGW \u2013 SpVgg Bayreuth 5:3 - JFG Wendelstein","isPartOf":{"@id":"https:\/\/www.jugendfussball-wendelstein.de\/wordpress\/#website"},"datePublished":"2017-09-11T20:33:48+00:00","dateModified":"2017-09-14T20:37:09+00:00","author":{"@id":"https:\/\/www.jugendfussball-wendelstein.de\/wordpress\/#\/schema\/person\/75aadcbd4be1b3af1c1d785397472bc9"},"breadcrumb":{"@id":"https:\/\/www.jugendfussball-wendelstein.de\/wordpress\/jfgw-spvgg-bayreuth-53\/#breadcrumb"},"inLanguage":"de","potentialAction":[{"@type":"ReadAction","target":["https:\/\/www.jugendfussball-wendelstein.de\/wordpress\/jfgw-spvgg-bayreuth-53\/"]}]},{"@type":"BreadcrumbList","@id":"https:\/\/www.jugendfussball-wendelstein.de\/wordpress\/jfgw-spvgg-bayreuth-53\/#breadcrumb","itemListElement":[{"@type":"ListItem","position":1,"name":"Startseite","item":"https:\/\/www.jugendfussball-wendelstein.de\/wordpress\/"},{"@type":"ListItem","position":2,"name":"JFGW \u2013 SpVgg Bayreuth 5:3"}]},{"@type":"WebSite","@id":"https:\/\/www.jugendfussball-wendelstein.de\/wordpress\/#website","url":"https:\/\/www.jugendfussball-wendelstein.de\/wordpress\/","name":"JFG Wendelstein","description":"Juniorenfu\u00dfball","potentialAction":[{"@type":"SearchAction","target":{"@type":"EntryPoint","urlTemplate":"https:\/\/www.jugendfussball-wendelstein.de\/wordpress\/?s={search_term_string}"},"query-input":{"@type":"PropertyValueSpecification","valueRequired":true,"valueName":"search_term_string"}}],"inLanguage":"de"},{"@type":"Person","@id":"https:\/\/www.jugendfussball-wendelstein.de\/wordpress\/#\/schema\/person\/75aadcbd4be1b3af1c1d785397472bc9","name":"Autor","image":{"@type":"ImageObject","inLanguage":"de","@id":"https:\/\/secure.gravatar.com\/avatar\/01dd9b7f2dc8d635302f1c57c2289838e9fe288acd1c06c8f8ad332b8e2a60c9?s=96&d=mm&r=g","url":"https:\/\/secure.gravatar.com\/avatar\/01dd9b7f2dc8d635302f1c57c2289838e9fe288acd1c06c8f8ad332b8e2a60c9?s=96&d=mm&r=g","contentUrl":"https:\/\/secure.gravatar.com\/avatar\/01dd9b7f2dc8d635302f1c57c2289838e9fe288acd1c06c8f8ad332b8e2a60c9?s=96&d=mm&r=g","caption":"Autor"},"url":"https:\/\/www.jugendfussball-wendelstein.de\/wordpress\/author\/autor\/"}]}},"_links":{"self":[{"href":"https:\/\/www.jugendfussball-wendelstein.de\/wordpress\/wp-json\/wp\/v2\/posts\/5287","targetHints":{"allow":["GET"]}}],"collection":[{"href":"https:\/\/www.jugendfussball-wendelstein.de\/wordpress\/wp-json\/wp\/v2\/posts"}],"about":[{"href":"https:\/\/www.jugendfussball-wendelstein.de\/wordpress\/wp-json\/wp\/v2\/types\/post"}],"author":[{"embeddable":true,"href":"https:\/\/www.jugendfussball-wendelstein.de\/wordpress\/wp-json\/wp\/v2\/users\/4"}],"replies":[{"embeddable":true,"href":"https:\/\/www.jugendfussball-wendelstein.de\/wordpress\/wp-json\/wp\/v2\/comments?post=5287"}],"version-history":[{"count":0,"href":"https:\/\/www.jugendfussball-wendelstein.de\/wordpress\/wp-json\/wp\/v2\/posts\/5287\/revisions"}],"wp:attachment":[{"href":"https:\/\/www.jugendfussball-wendelstein.de\/wordpress\/wp-json\/wp\/v2\/media?parent=5287"}],"wp:term":[{"taxonomy":"category","embeddable":true,"href":"https:\/\/www.jugendfussball-wendelstein.de\/wordpress\/wp-json\/wp\/v2\/categories?post=5287"},{"taxonomy":"post_tag","embeddable":true,"href":"https:\/\/www.jugendfussball-wendelstein.de\/wordpress\/wp-json\/wp\/v2\/tags?post=5287"}],"curies":[{"name":"wp","href":"https:\/\/api.w.org\/{rel}","templated":true}]}}