{"id":5540,"date":"2017-11-13T15:13:11","date_gmt":"2017-11-13T14:13:11","guid":{"rendered":"http:\/\/www.jugendfussball-wendelstein.de\/wordpress\/?p=5540"},"modified":"2017-11-13T15:25:17","modified_gmt":"2017-11-13T14:25:17","slug":"jfg-rezattal-jfgw-14","status":"publish","type":"post","link":"https:\/\/www.jugendfussball-wendelstein.de\/wordpress\/jfg-rezattal-jfgw-14\/","title":{"rendered":"JFG Rezattal &#8211; JFGW  1:4"},"content":{"rendered":"<p>11.11.2017 : Spitzenspiel bei der JFG Rezattal<\/p>\n<p>Am vergangenen Samstag stand f\u00fcr die U14 der JFG Wendelstein ein wichtiges und zugleich richtungsweisendes Spiel auf dem Plan. Angesetzt war das Spiel auf dem Sportgel\u00e4nde des TSV R\u00f6thenbach b.St\/W. Aufgrund der schlechten Witterungsverh\u00e4ltnisse der letzten Tage und der damit verbundenen unbespielbaren Pl\u00e4tze in Wendelstein einigte man sich mit der JFG Razattal auf den Tausch des Heimrechts. Hier auch noch mal ein Dank an unsere Gastgeber welche sich hier sehr kooperativ zeigten. Und so machte sich der Wendelsteiner Tross also auf nach Abenberg dort n\u00e4mlich tr\u00e4gt die U15 der JFG Razattal Ihre Heimspiele aus. Und zur \u00dcberraschung aller war der Platz der DJK Abenberg trotz der widrigen Verh\u00e4ltnisse in einem Top Zustand. Nun aber zum sportlichen Teil dieser Kreisliga Partie. Ein echtes Spitzenspiel war es wenn man auf die Tabellensituation blickte. Und nicht nur die Ausgangslage das man als drittplatzierter zu Gast beim Tabellenzweiten war sollte viel Brisanz mit sich bringen, nein auch die vergangenen Spiele und Leistungen waren es welche eine Reaktion der Truppe forderten. Schon beim Aufw\u00e4rmen merkte man der jungen Wendelsteiner Truppe an, dass diese bis in die Haarspitzen motiviert war. Mit Beginn der Partie um 14Uhr schafften es die Blues diesen unb\u00e4ndigen Willen und Biss auch endlich so auf den Platz zu bringen wie man sich dies im Lager der Blues erhoffte.\u00a0 Ein ums andere mal war man in den Zweik\u00e4mpfen bissiger und damit zu einem hohen Prozentsatz erster Sieger. Nach vorne konnte man besonders \u00fcber die agilen Au\u00dfenbahnspieler viele Chancen kreieren. Lediglich die Verwertung dieser Gelegenheiten lies zu w\u00fcnschen \u00fcbrig. Die Heimtruppe blieb durch zwei Konter Brandgef\u00e4hrlich. In der 15 Minute konnte der Gast aus der Markgemeinde dann endlich eine dieser M\u00f6glichkeiten nutzen. Ein Eckball war es der aus kurzer Distanz ins Heimtor verl\u00e4ngert wurde. Diese 1:0 F\u00fchrung konnte dann bis zur Pause von keinem der beiden Teams mehr ver\u00e4ndert werden. Dort weiter zu machen wo man aufgeh\u00f6rt hatte. Dies nahm sich der junge C-Jugend Jahrgang aus Wendelstein vor. Doch bereits zwei Minuten nach Wiederanpfiff wieder eine kalte Dusche f\u00fcr die Blues. Durch einen Ballverlust in der Offensivbewegung konnte der G\u00e4stest\u00fcrmer eine Einzelaktion zum 1:1 Ausgleich vollenden. Wer nun dachte das die meist ein Jahr j\u00fcngeren G\u00e4ste aufstecken w\u00fcrden war auf dem Holzpfad. Die Reaktion auf diesen Gegentreffer war beeindruckend. Mit teils tollen Angriffen gelang es der G\u00e4stetruppe ein ums andere mal f\u00fcr Gefahr zu sorgen. Konnte die Heimtruppe die ersten drei bis vier Gelegenheiten noch vereiteln mussten Sie in der 52 Minute einen berechtigten Elfmeter gegen sich hinnehmen. Der Strafsto\u00df konnte sicher zur 2:1 F\u00fchrung verwandelt werden. Nun war das Spiel klar auf Seiten der Wendelsteiner. Und so war es auch die logische Konsequenz das die F\u00fchrung durch zwei Wundersch\u00f6ne Treffer in der 56 und 58 Minute auf 4:1 erh\u00f6ht werden konnte. Dieses 4:1 war auch zugleich der Endstand in einem von beiden Teams toll gef\u00fchrten Spiel. Aus Sicht der G\u00e4ste muss man den Hut vor der Reaktion auf die letzten Spiele ziehen. All das was in den letzten beiden Begegnungen noch etwas fehlte konnten die Blues in dieses eminent wichtige Spiel packen. Aufgrund eines Wei\u00dfenburger Ausrutschers bedeutete dieser Sieg auf Grund der besseren Tordifferenz auch zugleich die R\u00fcckeroberung der Tabellenspitze. Bereits am Mittwoch steht die n\u00e4chste Partie auf dem Plan. Dann n\u00e4mlich geht es zu Hause gegen die Nachbarn von der JFG Franken Jura. Die Blues sind hei\u00df darauf diesen Spirit des letzten Spiels auch in den n\u00e4chsten Partien zu zeigen.<\/p>\n<p><img loading=\"lazy\" decoding=\"async\" class=\"alignnone size-medium wp-image-5301\" src=\"https:\/\/www.jugendfussball-wendelstein.de\/wordpress\/wp-content\/uploads\/2017\/09\/team_U14-201718-350x242.jpg\" alt=\"\" width=\"350\" height=\"242\" srcset=\"https:\/\/www.jugendfussball-wendelstein.de\/wordpress\/wp-content\/uploads\/2017\/09\/team_U14-201718-350x242.jpg 350w, https:\/\/www.jugendfussball-wendelstein.de\/wordpress\/wp-content\/uploads\/2017\/09\/team_U14-201718-768x530.jpg 768w, https:\/\/www.jugendfussball-wendelstein.de\/wordpress\/wp-content\/uploads\/2017\/09\/team_U14-201718.jpg 1000w\" sizes=\"(max-width: 350px) 100vw, 350px\" \/><\/p>\n","protected":false},"excerpt":{"rendered":"<p>11.11.2017 : Spitzenspiel bei der JFG Rezattal Am vergangenen Samstag stand f\u00fcr die U14 der JFG Wendelstein ein wichtiges und zugleich richtungsweisendes Spiel auf dem Plan. Angesetzt war das Spiel auf dem Sportgel\u00e4nde des TSV R\u00f6thenbach b.St\/W. Aufgrund der schlechten Witterungsverh\u00e4ltnisse der letzten Tage und der damit verbundenen unbespielbaren Pl\u00e4tze in Wendelstein einigte man sich [&hellip;]<\/p>\n","protected":false},"author":4,"featured_media":0,"comment_status":"closed","ping_status":"closed","sticky":false,"template":"","format":"standard","meta":{"saved_in_kubio":false,"footnotes":""},"categories":[2,16,18],"tags":[],"class_list":["post-5540","post","type-post","status-publish","format-standard","hentry","category-gf","category-spielbericht","category-u14"],"yoast_head":"<!-- This site is optimized with the Yoast SEO plugin v27.4 - https:\/\/yoast.com\/product\/yoast-seo-wordpress\/ -->\n<title>JFG Rezattal - JFGW 1:4 - JFG Wendelstein<\/title>\n<meta name=\"robots\" content=\"index, follow, max-snippet:-1, max-image-preview:large, max-video-preview:-1\" \/>\n<link rel=\"canonical\" href=\"https:\/\/www.jugendfussball-wendelstein.de\/wordpress\/jfg-rezattal-jfgw-14\/\" \/>\n<meta property=\"og:locale\" content=\"de_DE\" \/>\n<meta property=\"og:type\" content=\"article\" \/>\n<meta property=\"og:title\" content=\"JFG Rezattal - JFGW 1:4 - JFG Wendelstein\" \/>\n<meta property=\"og:description\" content=\"11.11.2017 : Spitzenspiel bei der JFG Rezattal Am vergangenen Samstag stand f\u00fcr die U14 der JFG Wendelstein ein wichtiges und zugleich richtungsweisendes Spiel auf dem Plan. Angesetzt war das Spiel auf dem Sportgel\u00e4nde des TSV R\u00f6thenbach b.St\/W. Aufgrund der schlechten Witterungsverh\u00e4ltnisse der letzten Tage und der damit verbundenen unbespielbaren Pl\u00e4tze in Wendelstein einigte man sich [&hellip;]\" \/>\n<meta property=\"og:url\" content=\"https:\/\/www.jugendfussball-wendelstein.de\/wordpress\/jfg-rezattal-jfgw-14\/\" \/>\n<meta property=\"og:site_name\" content=\"JFG Wendelstein\" \/>\n<meta property=\"article:published_time\" content=\"2017-11-13T14:13:11+00:00\" \/>\n<meta property=\"article:modified_time\" content=\"2017-11-13T14:25:17+00:00\" \/>\n<meta property=\"og:image\" content=\"http:\/\/www.jugendfussball-wendelstein.de\/wordpress\/wp-content\/uploads\/2017\/09\/team_U14-201718-350x242.jpg\" \/>\n<meta name=\"author\" content=\"Autor\" \/>\n<meta name=\"twitter:card\" content=\"summary_large_image\" \/>\n<meta name=\"twitter:label1\" content=\"Verfasst von\" \/>\n\t<meta name=\"twitter:data1\" content=\"Autor\" \/>\n\t<meta name=\"twitter:label2\" content=\"Gesch\u00e4tzte Lesezeit\" \/>\n\t<meta name=\"twitter:data2\" content=\"3\u00a0Minuten\" \/>\n<script type=\"application\/ld+json\" class=\"yoast-schema-graph\">{\"@context\":\"https:\\\/\\\/schema.org\",\"@graph\":[{\"@type\":\"Article\",\"@id\":\"https:\\\/\\\/www.jugendfussball-wendelstein.de\\\/wordpress\\\/jfg-rezattal-jfgw-14\\\/#article\",\"isPartOf\":{\"@id\":\"https:\\\/\\\/www.jugendfussball-wendelstein.de\\\/wordpress\\\/jfg-rezattal-jfgw-14\\\/\"},\"author\":{\"name\":\"Autor\",\"@id\":\"https:\\\/\\\/www.jugendfussball-wendelstein.de\\\/wordpress\\\/#\\\/schema\\\/person\\\/75aadcbd4be1b3af1c1d785397472bc9\"},\"headline\":\"JFG Rezattal &#8211; JFGW 1:4\",\"datePublished\":\"2017-11-13T14:13:11+00:00\",\"dateModified\":\"2017-11-13T14:25:17+00:00\",\"mainEntityOfPage\":{\"@id\":\"https:\\\/\\\/www.jugendfussball-wendelstein.de\\\/wordpress\\\/jfg-rezattal-jfgw-14\\\/\"},\"wordCount\":608,\"image\":{\"@id\":\"https:\\\/\\\/www.jugendfussball-wendelstein.de\\\/wordpress\\\/jfg-rezattal-jfgw-14\\\/#primaryimage\"},\"thumbnailUrl\":\"http:\\\/\\\/www.jugendfussball-wendelstein.de\\\/wordpress\\\/wp-content\\\/uploads\\\/2017\\\/09\\\/team_U14-201718-350x242.jpg\",\"articleSection\":[\"Gro\u00dffeld\",\"Spielbericht\",\"U14\"],\"inLanguage\":\"de\"},{\"@type\":\"WebPage\",\"@id\":\"https:\\\/\\\/www.jugendfussball-wendelstein.de\\\/wordpress\\\/jfg-rezattal-jfgw-14\\\/\",\"url\":\"https:\\\/\\\/www.jugendfussball-wendelstein.de\\\/wordpress\\\/jfg-rezattal-jfgw-14\\\/\",\"name\":\"JFG Rezattal - JFGW 1:4 - JFG Wendelstein\",\"isPartOf\":{\"@id\":\"https:\\\/\\\/www.jugendfussball-wendelstein.de\\\/wordpress\\\/#website\"},\"primaryImageOfPage\":{\"@id\":\"https:\\\/\\\/www.jugendfussball-wendelstein.de\\\/wordpress\\\/jfg-rezattal-jfgw-14\\\/#primaryimage\"},\"image\":{\"@id\":\"https:\\\/\\\/www.jugendfussball-wendelstein.de\\\/wordpress\\\/jfg-rezattal-jfgw-14\\\/#primaryimage\"},\"thumbnailUrl\":\"http:\\\/\\\/www.jugendfussball-wendelstein.de\\\/wordpress\\\/wp-content\\\/uploads\\\/2017\\\/09\\\/team_U14-201718-350x242.jpg\",\"datePublished\":\"2017-11-13T14:13:11+00:00\",\"dateModified\":\"2017-11-13T14:25:17+00:00\",\"author\":{\"@id\":\"https:\\\/\\\/www.jugendfussball-wendelstein.de\\\/wordpress\\\/#\\\/schema\\\/person\\\/75aadcbd4be1b3af1c1d785397472bc9\"},\"breadcrumb\":{\"@id\":\"https:\\\/\\\/www.jugendfussball-wendelstein.de\\\/wordpress\\\/jfg-rezattal-jfgw-14\\\/#breadcrumb\"},\"inLanguage\":\"de\",\"potentialAction\":[{\"@type\":\"ReadAction\",\"target\":[\"https:\\\/\\\/www.jugendfussball-wendelstein.de\\\/wordpress\\\/jfg-rezattal-jfgw-14\\\/\"]}]},{\"@type\":\"ImageObject\",\"inLanguage\":\"de\",\"@id\":\"https:\\\/\\\/www.jugendfussball-wendelstein.de\\\/wordpress\\\/jfg-rezattal-jfgw-14\\\/#primaryimage\",\"url\":\"http:\\\/\\\/www.jugendfussball-wendelstein.de\\\/wordpress\\\/wp-content\\\/uploads\\\/2017\\\/09\\\/team_U14-201718-350x242.jpg\",\"contentUrl\":\"http:\\\/\\\/www.jugendfussball-wendelstein.de\\\/wordpress\\\/wp-content\\\/uploads\\\/2017\\\/09\\\/team_U14-201718-350x242.jpg\"},{\"@type\":\"BreadcrumbList\",\"@id\":\"https:\\\/\\\/www.jugendfussball-wendelstein.de\\\/wordpress\\\/jfg-rezattal-jfgw-14\\\/#breadcrumb\",\"itemListElement\":[{\"@type\":\"ListItem\",\"position\":1,\"name\":\"Startseite\",\"item\":\"https:\\\/\\\/www.jugendfussball-wendelstein.de\\\/wordpress\\\/\"},{\"@type\":\"ListItem\",\"position\":2,\"name\":\"JFG Rezattal &#8211; JFGW 1:4\"}]},{\"@type\":\"WebSite\",\"@id\":\"https:\\\/\\\/www.jugendfussball-wendelstein.de\\\/wordpress\\\/#website\",\"url\":\"https:\\\/\\\/www.jugendfussball-wendelstein.de\\\/wordpress\\\/\",\"name\":\"JFG Wendelstein\",\"description\":\"Juniorenfu\u00dfball\",\"potentialAction\":[{\"@type\":\"SearchAction\",\"target\":{\"@type\":\"EntryPoint\",\"urlTemplate\":\"https:\\\/\\\/www.jugendfussball-wendelstein.de\\\/wordpress\\\/?s={search_term_string}\"},\"query-input\":{\"@type\":\"PropertyValueSpecification\",\"valueRequired\":true,\"valueName\":\"search_term_string\"}}],\"inLanguage\":\"de\"},{\"@type\":\"Person\",\"@id\":\"https:\\\/\\\/www.jugendfussball-wendelstein.de\\\/wordpress\\\/#\\\/schema\\\/person\\\/75aadcbd4be1b3af1c1d785397472bc9\",\"name\":\"Autor\",\"image\":{\"@type\":\"ImageObject\",\"inLanguage\":\"de\",\"@id\":\"https:\\\/\\\/secure.gravatar.com\\\/avatar\\\/01dd9b7f2dc8d635302f1c57c2289838e9fe288acd1c06c8f8ad332b8e2a60c9?s=96&d=mm&r=g\",\"url\":\"https:\\\/\\\/secure.gravatar.com\\\/avatar\\\/01dd9b7f2dc8d635302f1c57c2289838e9fe288acd1c06c8f8ad332b8e2a60c9?s=96&d=mm&r=g\",\"contentUrl\":\"https:\\\/\\\/secure.gravatar.com\\\/avatar\\\/01dd9b7f2dc8d635302f1c57c2289838e9fe288acd1c06c8f8ad332b8e2a60c9?s=96&d=mm&r=g\",\"caption\":\"Autor\"},\"url\":\"https:\\\/\\\/www.jugendfussball-wendelstein.de\\\/wordpress\\\/author\\\/autor\\\/\"}]}<\/script>\n<!-- \/ Yoast SEO plugin. -->","yoast_head_json":{"title":"JFG Rezattal - JFGW 1:4 - JFG Wendelstein","robots":{"index":"index","follow":"follow","max-snippet":"max-snippet:-1","max-image-preview":"max-image-preview:large","max-video-preview":"max-video-preview:-1"},"canonical":"https:\/\/www.jugendfussball-wendelstein.de\/wordpress\/jfg-rezattal-jfgw-14\/","og_locale":"de_DE","og_type":"article","og_title":"JFG Rezattal - JFGW 1:4 - JFG Wendelstein","og_description":"11.11.2017 : Spitzenspiel bei der JFG Rezattal Am vergangenen Samstag stand f\u00fcr die U14 der JFG Wendelstein ein wichtiges und zugleich richtungsweisendes Spiel auf dem Plan. Angesetzt war das Spiel auf dem Sportgel\u00e4nde des TSV R\u00f6thenbach b.St\/W. Aufgrund der schlechten Witterungsverh\u00e4ltnisse der letzten Tage und der damit verbundenen unbespielbaren Pl\u00e4tze in Wendelstein einigte man sich [&hellip;]","og_url":"https:\/\/www.jugendfussball-wendelstein.de\/wordpress\/jfg-rezattal-jfgw-14\/","og_site_name":"JFG Wendelstein","article_published_time":"2017-11-13T14:13:11+00:00","article_modified_time":"2017-11-13T14:25:17+00:00","og_image":[{"url":"http:\/\/www.jugendfussball-wendelstein.de\/wordpress\/wp-content\/uploads\/2017\/09\/team_U14-201718-350x242.jpg","type":"","width":"","height":""}],"author":"Autor","twitter_card":"summary_large_image","twitter_misc":{"Verfasst von":"Autor","Gesch\u00e4tzte Lesezeit":"3\u00a0Minuten"},"schema":{"@context":"https:\/\/schema.org","@graph":[{"@type":"Article","@id":"https:\/\/www.jugendfussball-wendelstein.de\/wordpress\/jfg-rezattal-jfgw-14\/#article","isPartOf":{"@id":"https:\/\/www.jugendfussball-wendelstein.de\/wordpress\/jfg-rezattal-jfgw-14\/"},"author":{"name":"Autor","@id":"https:\/\/www.jugendfussball-wendelstein.de\/wordpress\/#\/schema\/person\/75aadcbd4be1b3af1c1d785397472bc9"},"headline":"JFG Rezattal &#8211; JFGW 1:4","datePublished":"2017-11-13T14:13:11+00:00","dateModified":"2017-11-13T14:25:17+00:00","mainEntityOfPage":{"@id":"https:\/\/www.jugendfussball-wendelstein.de\/wordpress\/jfg-rezattal-jfgw-14\/"},"wordCount":608,"image":{"@id":"https:\/\/www.jugendfussball-wendelstein.de\/wordpress\/jfg-rezattal-jfgw-14\/#primaryimage"},"thumbnailUrl":"http:\/\/www.jugendfussball-wendelstein.de\/wordpress\/wp-content\/uploads\/2017\/09\/team_U14-201718-350x242.jpg","articleSection":["Gro\u00dffeld","Spielbericht","U14"],"inLanguage":"de"},{"@type":"WebPage","@id":"https:\/\/www.jugendfussball-wendelstein.de\/wordpress\/jfg-rezattal-jfgw-14\/","url":"https:\/\/www.jugendfussball-wendelstein.de\/wordpress\/jfg-rezattal-jfgw-14\/","name":"JFG Rezattal - JFGW 1:4 - JFG Wendelstein","isPartOf":{"@id":"https:\/\/www.jugendfussball-wendelstein.de\/wordpress\/#website"},"primaryImageOfPage":{"@id":"https:\/\/www.jugendfussball-wendelstein.de\/wordpress\/jfg-rezattal-jfgw-14\/#primaryimage"},"image":{"@id":"https:\/\/www.jugendfussball-wendelstein.de\/wordpress\/jfg-rezattal-jfgw-14\/#primaryimage"},"thumbnailUrl":"http:\/\/www.jugendfussball-wendelstein.de\/wordpress\/wp-content\/uploads\/2017\/09\/team_U14-201718-350x242.jpg","datePublished":"2017-11-13T14:13:11+00:00","dateModified":"2017-11-13T14:25:17+00:00","author":{"@id":"https:\/\/www.jugendfussball-wendelstein.de\/wordpress\/#\/schema\/person\/75aadcbd4be1b3af1c1d785397472bc9"},"breadcrumb":{"@id":"https:\/\/www.jugendfussball-wendelstein.de\/wordpress\/jfg-rezattal-jfgw-14\/#breadcrumb"},"inLanguage":"de","potentialAction":[{"@type":"ReadAction","target":["https:\/\/www.jugendfussball-wendelstein.de\/wordpress\/jfg-rezattal-jfgw-14\/"]}]},{"@type":"ImageObject","inLanguage":"de","@id":"https:\/\/www.jugendfussball-wendelstein.de\/wordpress\/jfg-rezattal-jfgw-14\/#primaryimage","url":"http:\/\/www.jugendfussball-wendelstein.de\/wordpress\/wp-content\/uploads\/2017\/09\/team_U14-201718-350x242.jpg","contentUrl":"http:\/\/www.jugendfussball-wendelstein.de\/wordpress\/wp-content\/uploads\/2017\/09\/team_U14-201718-350x242.jpg"},{"@type":"BreadcrumbList","@id":"https:\/\/www.jugendfussball-wendelstein.de\/wordpress\/jfg-rezattal-jfgw-14\/#breadcrumb","itemListElement":[{"@type":"ListItem","position":1,"name":"Startseite","item":"https:\/\/www.jugendfussball-wendelstein.de\/wordpress\/"},{"@type":"ListItem","position":2,"name":"JFG Rezattal &#8211; JFGW 1:4"}]},{"@type":"WebSite","@id":"https:\/\/www.jugendfussball-wendelstein.de\/wordpress\/#website","url":"https:\/\/www.jugendfussball-wendelstein.de\/wordpress\/","name":"JFG Wendelstein","description":"Juniorenfu\u00dfball","potentialAction":[{"@type":"SearchAction","target":{"@type":"EntryPoint","urlTemplate":"https:\/\/www.jugendfussball-wendelstein.de\/wordpress\/?s={search_term_string}"},"query-input":{"@type":"PropertyValueSpecification","valueRequired":true,"valueName":"search_term_string"}}],"inLanguage":"de"},{"@type":"Person","@id":"https:\/\/www.jugendfussball-wendelstein.de\/wordpress\/#\/schema\/person\/75aadcbd4be1b3af1c1d785397472bc9","name":"Autor","image":{"@type":"ImageObject","inLanguage":"de","@id":"https:\/\/secure.gravatar.com\/avatar\/01dd9b7f2dc8d635302f1c57c2289838e9fe288acd1c06c8f8ad332b8e2a60c9?s=96&d=mm&r=g","url":"https:\/\/secure.gravatar.com\/avatar\/01dd9b7f2dc8d635302f1c57c2289838e9fe288acd1c06c8f8ad332b8e2a60c9?s=96&d=mm&r=g","contentUrl":"https:\/\/secure.gravatar.com\/avatar\/01dd9b7f2dc8d635302f1c57c2289838e9fe288acd1c06c8f8ad332b8e2a60c9?s=96&d=mm&r=g","caption":"Autor"},"url":"https:\/\/www.jugendfussball-wendelstein.de\/wordpress\/author\/autor\/"}]}},"_links":{"self":[{"href":"https:\/\/www.jugendfussball-wendelstein.de\/wordpress\/wp-json\/wp\/v2\/posts\/5540","targetHints":{"allow":["GET"]}}],"collection":[{"href":"https:\/\/www.jugendfussball-wendelstein.de\/wordpress\/wp-json\/wp\/v2\/posts"}],"about":[{"href":"https:\/\/www.jugendfussball-wendelstein.de\/wordpress\/wp-json\/wp\/v2\/types\/post"}],"author":[{"embeddable":true,"href":"https:\/\/www.jugendfussball-wendelstein.de\/wordpress\/wp-json\/wp\/v2\/users\/4"}],"replies":[{"embeddable":true,"href":"https:\/\/www.jugendfussball-wendelstein.de\/wordpress\/wp-json\/wp\/v2\/comments?post=5540"}],"version-history":[{"count":0,"href":"https:\/\/www.jugendfussball-wendelstein.de\/wordpress\/wp-json\/wp\/v2\/posts\/5540\/revisions"}],"wp:attachment":[{"href":"https:\/\/www.jugendfussball-wendelstein.de\/wordpress\/wp-json\/wp\/v2\/media?parent=5540"}],"wp:term":[{"taxonomy":"category","embeddable":true,"href":"https:\/\/www.jugendfussball-wendelstein.de\/wordpress\/wp-json\/wp\/v2\/categories?post=5540"},{"taxonomy":"post_tag","embeddable":true,"href":"https:\/\/www.jugendfussball-wendelstein.de\/wordpress\/wp-json\/wp\/v2\/tags?post=5540"}],"curies":[{"name":"wp","href":"https:\/\/api.w.org\/{rel}","templated":true}]}}