{"id":5545,"date":"2017-11-17T15:51:46","date_gmt":"2017-11-17T14:51:46","guid":{"rendered":"http:\/\/www.jugendfussball-wendelstein.de\/wordpress\/?p=5545"},"modified":"2017-11-17T15:51:46","modified_gmt":"2017-11-17T14:51:46","slug":"jfgw-jfg-franken-jura-60","status":"publish","type":"post","link":"https:\/\/www.jugendfussball-wendelstein.de\/wordpress\/jfgw-jfg-franken-jura-60\/","title":{"rendered":"JFGW &#8211; JFG Franken-Jura  6:0"},"content":{"rendered":"<p>15.11.2017 : Neuntes Punktspiel gegen die JFG Franken-Jura<\/p>\n<p>Am Mittwoch dieser Woche waren die Nachbarn der JFG Franken-Jura zum Nachholspiel zu Gast in Wendelstein. Genauer gesagt fand diese Kreisligapartie auf dem B-Platz des TSV R\u00f6thenbach b.St\/W statt. Angesetzt war das Spiel urspr\u00fcnglich schon vor zwei Wochen, dort war allerdings aufgrund des damals doch widrigen Wetters nicht an Fu\u00dfball auf unserem so geliebten Gr\u00fcn zu denken. So musste die U14 der JFG Wendelstein also Ihr zweites Flutlichtspiel der Saison bestreiten.<\/p>\n<p>Die G\u00e4ste stellen eine Spielgemeinschaft aus dem FC Schwand und dem SV Leerstetten. Sicher sind Sie mit neun Punkten aus acht Spielen nicht optimal in diese Saison gestartet, jedoch zeigen auch die engen Ergebnisse, dass dies sicher kein Selbstl\u00e4ufer werden wird. Der Abstand in der Tabelle betrug vor diesem Match also betr\u00e4chtliche neun Punkte. Eine solche Tabellensituation birgt aber f\u00fcr Mannschaft und Trainer auch immer die Gefahr, dass der Gegner im Unterbewusstsein etwas untersch\u00e4tzt wird. Die Blues hatten sich im Vorfeld aber fest vorgenommen Ihre erst letzte Woche zur\u00fcckeroberte Tabellenf\u00fchrung nicht mehr herzu schenken.<\/p>\n<p>Und so trat die Elf aus der Marktgemeinde auch auf. Auf nicht ganz einfach zu spielenden Rasen begann man vom Anpfiff weg den Gegner in der eigenen H\u00e4lfte einzuschn\u00fcren. Sehr hoch wollte man die G\u00e4ste anlaufen um fr\u00fch einen Ballverlust dieser zu provozieren. Ein gro\u00dfes Manko zieht sich nun aber schon von Beginn dieser Kreisligasaison bis heute wie ein roter Faden durch das Wendelsteiner Spiel. Das verwerten hochklassiger Einschussgelegenheiten bleibt leider auch in diesem Spiel mit einem zu hohen Prozentsatz ungenutzt. Man muss der Mannschaft aber immer wieder attestieren, dass diese Hochkar\u00e4tigen Chancen ein ums andere mal klasse herausgespielt sind.<\/p>\n<p>Und so war es in dieser Partie also nur eine Frage der Zeit ehe der Ball im Netz der G\u00e4ste zappelte. Einen schnell vorgetragenen Angriff mit pr\u00e4ziser Flanke konnten die Blues nach Abpraller vom G\u00e4stetorwart zur F\u00fchrung verwerten. Der eben erw\u00e4hnte G\u00e4stetorwart machte eine \u00fcberragende Partie und konnte im weiteren Verlauf einige Wahnsinnsparden zeigen. Dennoch konnte die Heimelf bis zum Pausenpfiff den Spielstand noch auf 4:0 erh\u00f6hen. Zwei Spiegelbilder des ersten Treffers und ein Elfmeter waren es welche die Blues weiter in Front brachten.<\/p>\n<p>In der Pause hatte das Wendelsteiner Trainerduo die Gelegenheit genutzt und gleich vier mal gewechselt. Spieler welche gerade auf dem Sprung in die erste Elf sind sollten sich pr\u00e4sentieren.<\/p>\n<p>Auf nun doch deutlich schwerer zu bespielenden Gel\u00e4uf war die zweite H\u00e4lfte im Vergleich zur ersten eher Ereignissarm. Wendelstein verwaltete die Partie ohne zwingend im Abschluss zu sein. Lediglich zwei Gelegenheiten konnten noch genutzt werden. Der Gast aus Schwanstetten wurde Offensiv nur durch zwei lange B\u00e4lle auff\u00e4llig. Und so war der Endstand von 6:0 auch in dieser H\u00f6he v\u00f6llig verdient.<\/p>\n<p>Wendelstein hat nach dem Sieg im Spitzenspiel gegen Retzattal zur\u00fcck in die Spur gefunden. Nun wird die Mannschaft weiter hart daran arbeiten den Platz an der Sonne nicht ein weiteres mal abzugeben. Bereits am Sonntag dieser Woche steht das vorletzte Spiel der Vorrunde auf dem Plan. Dann n\u00e4mlich gastiert die U14 der Blues bei der JFG Hopfenland, in Spalt.<\/p>\n<p><img loading=\"lazy\" decoding=\"async\" class=\"alignnone size-medium wp-image-5301\" src=\"https:\/\/www.jugendfussball-wendelstein.de\/wordpress\/wp-content\/uploads\/2017\/09\/team_U14-201718-350x242.jpg\" alt=\"\" width=\"350\" height=\"242\" srcset=\"https:\/\/www.jugendfussball-wendelstein.de\/wordpress\/wp-content\/uploads\/2017\/09\/team_U14-201718-350x242.jpg 350w, https:\/\/www.jugendfussball-wendelstein.de\/wordpress\/wp-content\/uploads\/2017\/09\/team_U14-201718-768x530.jpg 768w, https:\/\/www.jugendfussball-wendelstein.de\/wordpress\/wp-content\/uploads\/2017\/09\/team_U14-201718.jpg 1000w\" sizes=\"(max-width: 350px) 100vw, 350px\" \/><\/p>\n","protected":false},"excerpt":{"rendered":"<p>15.11.2017 : Neuntes Punktspiel gegen die JFG Franken-Jura Am Mittwoch dieser Woche waren die Nachbarn der JFG Franken-Jura zum Nachholspiel zu Gast in Wendelstein. Genauer gesagt fand diese Kreisligapartie auf dem B-Platz des TSV R\u00f6thenbach b.St\/W statt. Angesetzt war das Spiel urspr\u00fcnglich schon vor zwei Wochen, dort war allerdings aufgrund des damals doch widrigen Wetters [&hellip;]<\/p>\n","protected":false},"author":4,"featured_media":0,"comment_status":"closed","ping_status":"closed","sticky":false,"template":"","format":"standard","meta":{"saved_in_kubio":false,"footnotes":""},"categories":[2,16,18],"tags":[],"class_list":["post-5545","post","type-post","status-publish","format-standard","hentry","category-gf","category-spielbericht","category-u14"],"yoast_head":"<!-- This site is optimized with the Yoast SEO plugin v27.4 - https:\/\/yoast.com\/product\/yoast-seo-wordpress\/ -->\n<title>JFGW - JFG Franken-Jura 6:0 - JFG Wendelstein<\/title>\n<meta name=\"robots\" content=\"index, follow, max-snippet:-1, max-image-preview:large, max-video-preview:-1\" \/>\n<link rel=\"canonical\" href=\"https:\/\/www.jugendfussball-wendelstein.de\/wordpress\/jfgw-jfg-franken-jura-60\/\" \/>\n<meta property=\"og:locale\" content=\"de_DE\" \/>\n<meta property=\"og:type\" content=\"article\" \/>\n<meta property=\"og:title\" content=\"JFGW - JFG Franken-Jura 6:0 - JFG Wendelstein\" \/>\n<meta property=\"og:description\" content=\"15.11.2017 : Neuntes Punktspiel gegen die JFG Franken-Jura Am Mittwoch dieser Woche waren die Nachbarn der JFG Franken-Jura zum Nachholspiel zu Gast in Wendelstein. Genauer gesagt fand diese Kreisligapartie auf dem B-Platz des TSV R\u00f6thenbach b.St\/W statt. Angesetzt war das Spiel urspr\u00fcnglich schon vor zwei Wochen, dort war allerdings aufgrund des damals doch widrigen Wetters [&hellip;]\" \/>\n<meta property=\"og:url\" content=\"https:\/\/www.jugendfussball-wendelstein.de\/wordpress\/jfgw-jfg-franken-jura-60\/\" \/>\n<meta property=\"og:site_name\" content=\"JFG Wendelstein\" \/>\n<meta property=\"article:published_time\" content=\"2017-11-17T14:51:46+00:00\" \/>\n<meta property=\"og:image\" content=\"http:\/\/www.jugendfussball-wendelstein.de\/wordpress\/wp-content\/uploads\/2017\/09\/team_U14-201718-350x242.jpg\" \/>\n<meta name=\"author\" content=\"Autor\" \/>\n<meta name=\"twitter:card\" content=\"summary_large_image\" \/>\n<meta name=\"twitter:label1\" content=\"Verfasst von\" \/>\n\t<meta name=\"twitter:data1\" content=\"Autor\" \/>\n\t<meta name=\"twitter:label2\" content=\"Gesch\u00e4tzte Lesezeit\" \/>\n\t<meta name=\"twitter:data2\" content=\"3\u00a0Minuten\" \/>\n<script type=\"application\/ld+json\" class=\"yoast-schema-graph\">{\"@context\":\"https:\\\/\\\/schema.org\",\"@graph\":[{\"@type\":\"Article\",\"@id\":\"https:\\\/\\\/www.jugendfussball-wendelstein.de\\\/wordpress\\\/jfgw-jfg-franken-jura-60\\\/#article\",\"isPartOf\":{\"@id\":\"https:\\\/\\\/www.jugendfussball-wendelstein.de\\\/wordpress\\\/jfgw-jfg-franken-jura-60\\\/\"},\"author\":{\"name\":\"Autor\",\"@id\":\"https:\\\/\\\/www.jugendfussball-wendelstein.de\\\/wordpress\\\/#\\\/schema\\\/person\\\/75aadcbd4be1b3af1c1d785397472bc9\"},\"headline\":\"JFGW &#8211; JFG Franken-Jura 6:0\",\"datePublished\":\"2017-11-17T14:51:46+00:00\",\"mainEntityOfPage\":{\"@id\":\"https:\\\/\\\/www.jugendfussball-wendelstein.de\\\/wordpress\\\/jfgw-jfg-franken-jura-60\\\/\"},\"wordCount\":540,\"image\":{\"@id\":\"https:\\\/\\\/www.jugendfussball-wendelstein.de\\\/wordpress\\\/jfgw-jfg-franken-jura-60\\\/#primaryimage\"},\"thumbnailUrl\":\"http:\\\/\\\/www.jugendfussball-wendelstein.de\\\/wordpress\\\/wp-content\\\/uploads\\\/2017\\\/09\\\/team_U14-201718-350x242.jpg\",\"articleSection\":[\"Gro\u00dffeld\",\"Spielbericht\",\"U14\"],\"inLanguage\":\"de\"},{\"@type\":\"WebPage\",\"@id\":\"https:\\\/\\\/www.jugendfussball-wendelstein.de\\\/wordpress\\\/jfgw-jfg-franken-jura-60\\\/\",\"url\":\"https:\\\/\\\/www.jugendfussball-wendelstein.de\\\/wordpress\\\/jfgw-jfg-franken-jura-60\\\/\",\"name\":\"JFGW - JFG Franken-Jura 6:0 - JFG Wendelstein\",\"isPartOf\":{\"@id\":\"https:\\\/\\\/www.jugendfussball-wendelstein.de\\\/wordpress\\\/#website\"},\"primaryImageOfPage\":{\"@id\":\"https:\\\/\\\/www.jugendfussball-wendelstein.de\\\/wordpress\\\/jfgw-jfg-franken-jura-60\\\/#primaryimage\"},\"image\":{\"@id\":\"https:\\\/\\\/www.jugendfussball-wendelstein.de\\\/wordpress\\\/jfgw-jfg-franken-jura-60\\\/#primaryimage\"},\"thumbnailUrl\":\"http:\\\/\\\/www.jugendfussball-wendelstein.de\\\/wordpress\\\/wp-content\\\/uploads\\\/2017\\\/09\\\/team_U14-201718-350x242.jpg\",\"datePublished\":\"2017-11-17T14:51:46+00:00\",\"author\":{\"@id\":\"https:\\\/\\\/www.jugendfussball-wendelstein.de\\\/wordpress\\\/#\\\/schema\\\/person\\\/75aadcbd4be1b3af1c1d785397472bc9\"},\"breadcrumb\":{\"@id\":\"https:\\\/\\\/www.jugendfussball-wendelstein.de\\\/wordpress\\\/jfgw-jfg-franken-jura-60\\\/#breadcrumb\"},\"inLanguage\":\"de\",\"potentialAction\":[{\"@type\":\"ReadAction\",\"target\":[\"https:\\\/\\\/www.jugendfussball-wendelstein.de\\\/wordpress\\\/jfgw-jfg-franken-jura-60\\\/\"]}]},{\"@type\":\"ImageObject\",\"inLanguage\":\"de\",\"@id\":\"https:\\\/\\\/www.jugendfussball-wendelstein.de\\\/wordpress\\\/jfgw-jfg-franken-jura-60\\\/#primaryimage\",\"url\":\"http:\\\/\\\/www.jugendfussball-wendelstein.de\\\/wordpress\\\/wp-content\\\/uploads\\\/2017\\\/09\\\/team_U14-201718-350x242.jpg\",\"contentUrl\":\"http:\\\/\\\/www.jugendfussball-wendelstein.de\\\/wordpress\\\/wp-content\\\/uploads\\\/2017\\\/09\\\/team_U14-201718-350x242.jpg\"},{\"@type\":\"BreadcrumbList\",\"@id\":\"https:\\\/\\\/www.jugendfussball-wendelstein.de\\\/wordpress\\\/jfgw-jfg-franken-jura-60\\\/#breadcrumb\",\"itemListElement\":[{\"@type\":\"ListItem\",\"position\":1,\"name\":\"Startseite\",\"item\":\"https:\\\/\\\/www.jugendfussball-wendelstein.de\\\/wordpress\\\/\"},{\"@type\":\"ListItem\",\"position\":2,\"name\":\"JFGW &#8211; JFG Franken-Jura 6:0\"}]},{\"@type\":\"WebSite\",\"@id\":\"https:\\\/\\\/www.jugendfussball-wendelstein.de\\\/wordpress\\\/#website\",\"url\":\"https:\\\/\\\/www.jugendfussball-wendelstein.de\\\/wordpress\\\/\",\"name\":\"JFG Wendelstein\",\"description\":\"Juniorenfu\u00dfball\",\"potentialAction\":[{\"@type\":\"SearchAction\",\"target\":{\"@type\":\"EntryPoint\",\"urlTemplate\":\"https:\\\/\\\/www.jugendfussball-wendelstein.de\\\/wordpress\\\/?s={search_term_string}\"},\"query-input\":{\"@type\":\"PropertyValueSpecification\",\"valueRequired\":true,\"valueName\":\"search_term_string\"}}],\"inLanguage\":\"de\"},{\"@type\":\"Person\",\"@id\":\"https:\\\/\\\/www.jugendfussball-wendelstein.de\\\/wordpress\\\/#\\\/schema\\\/person\\\/75aadcbd4be1b3af1c1d785397472bc9\",\"name\":\"Autor\",\"image\":{\"@type\":\"ImageObject\",\"inLanguage\":\"de\",\"@id\":\"https:\\\/\\\/secure.gravatar.com\\\/avatar\\\/01dd9b7f2dc8d635302f1c57c2289838e9fe288acd1c06c8f8ad332b8e2a60c9?s=96&d=mm&r=g\",\"url\":\"https:\\\/\\\/secure.gravatar.com\\\/avatar\\\/01dd9b7f2dc8d635302f1c57c2289838e9fe288acd1c06c8f8ad332b8e2a60c9?s=96&d=mm&r=g\",\"contentUrl\":\"https:\\\/\\\/secure.gravatar.com\\\/avatar\\\/01dd9b7f2dc8d635302f1c57c2289838e9fe288acd1c06c8f8ad332b8e2a60c9?s=96&d=mm&r=g\",\"caption\":\"Autor\"},\"url\":\"https:\\\/\\\/www.jugendfussball-wendelstein.de\\\/wordpress\\\/author\\\/autor\\\/\"}]}<\/script>\n<!-- \/ Yoast SEO plugin. -->","yoast_head_json":{"title":"JFGW - JFG Franken-Jura 6:0 - JFG Wendelstein","robots":{"index":"index","follow":"follow","max-snippet":"max-snippet:-1","max-image-preview":"max-image-preview:large","max-video-preview":"max-video-preview:-1"},"canonical":"https:\/\/www.jugendfussball-wendelstein.de\/wordpress\/jfgw-jfg-franken-jura-60\/","og_locale":"de_DE","og_type":"article","og_title":"JFGW - JFG Franken-Jura 6:0 - JFG Wendelstein","og_description":"15.11.2017 : Neuntes Punktspiel gegen die JFG Franken-Jura Am Mittwoch dieser Woche waren die Nachbarn der JFG Franken-Jura zum Nachholspiel zu Gast in Wendelstein. Genauer gesagt fand diese Kreisligapartie auf dem B-Platz des TSV R\u00f6thenbach b.St\/W statt. Angesetzt war das Spiel urspr\u00fcnglich schon vor zwei Wochen, dort war allerdings aufgrund des damals doch widrigen Wetters [&hellip;]","og_url":"https:\/\/www.jugendfussball-wendelstein.de\/wordpress\/jfgw-jfg-franken-jura-60\/","og_site_name":"JFG Wendelstein","article_published_time":"2017-11-17T14:51:46+00:00","og_image":[{"url":"http:\/\/www.jugendfussball-wendelstein.de\/wordpress\/wp-content\/uploads\/2017\/09\/team_U14-201718-350x242.jpg","type":"","width":"","height":""}],"author":"Autor","twitter_card":"summary_large_image","twitter_misc":{"Verfasst von":"Autor","Gesch\u00e4tzte Lesezeit":"3\u00a0Minuten"},"schema":{"@context":"https:\/\/schema.org","@graph":[{"@type":"Article","@id":"https:\/\/www.jugendfussball-wendelstein.de\/wordpress\/jfgw-jfg-franken-jura-60\/#article","isPartOf":{"@id":"https:\/\/www.jugendfussball-wendelstein.de\/wordpress\/jfgw-jfg-franken-jura-60\/"},"author":{"name":"Autor","@id":"https:\/\/www.jugendfussball-wendelstein.de\/wordpress\/#\/schema\/person\/75aadcbd4be1b3af1c1d785397472bc9"},"headline":"JFGW &#8211; JFG Franken-Jura 6:0","datePublished":"2017-11-17T14:51:46+00:00","mainEntityOfPage":{"@id":"https:\/\/www.jugendfussball-wendelstein.de\/wordpress\/jfgw-jfg-franken-jura-60\/"},"wordCount":540,"image":{"@id":"https:\/\/www.jugendfussball-wendelstein.de\/wordpress\/jfgw-jfg-franken-jura-60\/#primaryimage"},"thumbnailUrl":"http:\/\/www.jugendfussball-wendelstein.de\/wordpress\/wp-content\/uploads\/2017\/09\/team_U14-201718-350x242.jpg","articleSection":["Gro\u00dffeld","Spielbericht","U14"],"inLanguage":"de"},{"@type":"WebPage","@id":"https:\/\/www.jugendfussball-wendelstein.de\/wordpress\/jfgw-jfg-franken-jura-60\/","url":"https:\/\/www.jugendfussball-wendelstein.de\/wordpress\/jfgw-jfg-franken-jura-60\/","name":"JFGW - JFG Franken-Jura 6:0 - JFG Wendelstein","isPartOf":{"@id":"https:\/\/www.jugendfussball-wendelstein.de\/wordpress\/#website"},"primaryImageOfPage":{"@id":"https:\/\/www.jugendfussball-wendelstein.de\/wordpress\/jfgw-jfg-franken-jura-60\/#primaryimage"},"image":{"@id":"https:\/\/www.jugendfussball-wendelstein.de\/wordpress\/jfgw-jfg-franken-jura-60\/#primaryimage"},"thumbnailUrl":"http:\/\/www.jugendfussball-wendelstein.de\/wordpress\/wp-content\/uploads\/2017\/09\/team_U14-201718-350x242.jpg","datePublished":"2017-11-17T14:51:46+00:00","author":{"@id":"https:\/\/www.jugendfussball-wendelstein.de\/wordpress\/#\/schema\/person\/75aadcbd4be1b3af1c1d785397472bc9"},"breadcrumb":{"@id":"https:\/\/www.jugendfussball-wendelstein.de\/wordpress\/jfgw-jfg-franken-jura-60\/#breadcrumb"},"inLanguage":"de","potentialAction":[{"@type":"ReadAction","target":["https:\/\/www.jugendfussball-wendelstein.de\/wordpress\/jfgw-jfg-franken-jura-60\/"]}]},{"@type":"ImageObject","inLanguage":"de","@id":"https:\/\/www.jugendfussball-wendelstein.de\/wordpress\/jfgw-jfg-franken-jura-60\/#primaryimage","url":"http:\/\/www.jugendfussball-wendelstein.de\/wordpress\/wp-content\/uploads\/2017\/09\/team_U14-201718-350x242.jpg","contentUrl":"http:\/\/www.jugendfussball-wendelstein.de\/wordpress\/wp-content\/uploads\/2017\/09\/team_U14-201718-350x242.jpg"},{"@type":"BreadcrumbList","@id":"https:\/\/www.jugendfussball-wendelstein.de\/wordpress\/jfgw-jfg-franken-jura-60\/#breadcrumb","itemListElement":[{"@type":"ListItem","position":1,"name":"Startseite","item":"https:\/\/www.jugendfussball-wendelstein.de\/wordpress\/"},{"@type":"ListItem","position":2,"name":"JFGW &#8211; JFG Franken-Jura 6:0"}]},{"@type":"WebSite","@id":"https:\/\/www.jugendfussball-wendelstein.de\/wordpress\/#website","url":"https:\/\/www.jugendfussball-wendelstein.de\/wordpress\/","name":"JFG Wendelstein","description":"Juniorenfu\u00dfball","potentialAction":[{"@type":"SearchAction","target":{"@type":"EntryPoint","urlTemplate":"https:\/\/www.jugendfussball-wendelstein.de\/wordpress\/?s={search_term_string}"},"query-input":{"@type":"PropertyValueSpecification","valueRequired":true,"valueName":"search_term_string"}}],"inLanguage":"de"},{"@type":"Person","@id":"https:\/\/www.jugendfussball-wendelstein.de\/wordpress\/#\/schema\/person\/75aadcbd4be1b3af1c1d785397472bc9","name":"Autor","image":{"@type":"ImageObject","inLanguage":"de","@id":"https:\/\/secure.gravatar.com\/avatar\/01dd9b7f2dc8d635302f1c57c2289838e9fe288acd1c06c8f8ad332b8e2a60c9?s=96&d=mm&r=g","url":"https:\/\/secure.gravatar.com\/avatar\/01dd9b7f2dc8d635302f1c57c2289838e9fe288acd1c06c8f8ad332b8e2a60c9?s=96&d=mm&r=g","contentUrl":"https:\/\/secure.gravatar.com\/avatar\/01dd9b7f2dc8d635302f1c57c2289838e9fe288acd1c06c8f8ad332b8e2a60c9?s=96&d=mm&r=g","caption":"Autor"},"url":"https:\/\/www.jugendfussball-wendelstein.de\/wordpress\/author\/autor\/"}]}},"_links":{"self":[{"href":"https:\/\/www.jugendfussball-wendelstein.de\/wordpress\/wp-json\/wp\/v2\/posts\/5545","targetHints":{"allow":["GET"]}}],"collection":[{"href":"https:\/\/www.jugendfussball-wendelstein.de\/wordpress\/wp-json\/wp\/v2\/posts"}],"about":[{"href":"https:\/\/www.jugendfussball-wendelstein.de\/wordpress\/wp-json\/wp\/v2\/types\/post"}],"author":[{"embeddable":true,"href":"https:\/\/www.jugendfussball-wendelstein.de\/wordpress\/wp-json\/wp\/v2\/users\/4"}],"replies":[{"embeddable":true,"href":"https:\/\/www.jugendfussball-wendelstein.de\/wordpress\/wp-json\/wp\/v2\/comments?post=5545"}],"version-history":[{"count":0,"href":"https:\/\/www.jugendfussball-wendelstein.de\/wordpress\/wp-json\/wp\/v2\/posts\/5545\/revisions"}],"wp:attachment":[{"href":"https:\/\/www.jugendfussball-wendelstein.de\/wordpress\/wp-json\/wp\/v2\/media?parent=5545"}],"wp:term":[{"taxonomy":"category","embeddable":true,"href":"https:\/\/www.jugendfussball-wendelstein.de\/wordpress\/wp-json\/wp\/v2\/categories?post=5545"},{"taxonomy":"post_tag","embeddable":true,"href":"https:\/\/www.jugendfussball-wendelstein.de\/wordpress\/wp-json\/wp\/v2\/tags?post=5545"}],"curies":[{"name":"wp","href":"https:\/\/api.w.org\/{rel}","templated":true}]}}