{"id":5551,"date":"2017-11-20T20:54:54","date_gmt":"2017-11-20T19:54:54","guid":{"rendered":"http:\/\/www.jugendfussball-wendelstein.de\/wordpress\/?p=5551"},"modified":"2017-11-20T20:54:54","modified_gmt":"2017-11-20T19:54:54","slug":"spvgg-moegeldorf-jfgw-00","status":"publish","type":"post","link":"https:\/\/www.jugendfussball-wendelstein.de\/wordpress\/spvgg-moegeldorf-jfgw-00\/","title":{"rendered":"SpVgg M\u00f6geldorf  &#8211;  JFGW  0:0"},"content":{"rendered":"<p>18.11.2017 : Seit Jahren nimmt der BFV die irregul\u00e4ren Platzbedingungen des M\u00f6geldorfer Hockeyfilzplatzes mit wei\u00dfen Hockey- und blauen &#8222;Fussballlinien&#8220; hin und gew\u00e4hrt Wettk\u00e4mpfe unter dem Pseudonym &#8222;Kunstrasen&#8220;. Der gef\u00e4hrlich glatte Untergrund mit dramatisch enger Eingrenzung durch Betonsockel und Einz\u00e4unung, auf dem sich bereits zahlreiche Spieler schwer verletzt haben, lie\u00df ein U19-Bezirksoberligaspiel nicht zu. Mit der bekannt hohen Zufallsquote<span class=\"text_exposed_show\"> auf diesem Gel\u00e4uf wollte keines der beiden Teams den entscheidenden Fehler machen und so mutierte dieses Punktspiel zu einem rutschigen Gebolze. Mit Schlittschuhen h\u00e4tte man wohl den besten Grip gehabt. Wendelstein gelangen zwar deutlich mehr Torabschl\u00fcsse wie den Gastgebern, aber nichts zwingendes. Die gr\u00f6\u00dften Aufreger waren wohl ein strafstossw\u00fcrdiges Foul an Marco Loos und eine zweifelhafte Abseitsentscheidung gegen den durchgebrochenen Tim Zagel. Das Schiedsrichtergespann glich sich jedoch dem Zufallsprinzip dieses Spiels an. Die Gastgeber konnten Keeper Baumann nicht pr\u00fcfen, sodass am Ende ein tr\u00fcbes Remis in die B\u00fccher wanderte. Der gro\u00dfe Mehrwert dieser Partie ist der gl\u00fcckliche Umstand, dass sich keine Spieler der beiden Teams verletzt haben.<\/span><\/p>\n<p><img loading=\"lazy\" decoding=\"async\" class=\"alignnone size-medium wp-image-5263\" src=\"https:\/\/www.jugendfussball-wendelstein.de\/wordpress\/wp-content\/uploads\/2017\/09\/team_U19-201718-350x238.jpg\" alt=\"\" width=\"350\" height=\"238\" srcset=\"https:\/\/www.jugendfussball-wendelstein.de\/wordpress\/wp-content\/uploads\/2017\/09\/team_U19-201718-350x238.jpg 350w, https:\/\/www.jugendfussball-wendelstein.de\/wordpress\/wp-content\/uploads\/2017\/09\/team_U19-201718-768x522.jpg 768w, https:\/\/www.jugendfussball-wendelstein.de\/wordpress\/wp-content\/uploads\/2017\/09\/team_U19-201718.jpg 1000w\" sizes=\"(max-width: 350px) 100vw, 350px\" \/><\/p>\n","protected":false},"excerpt":{"rendered":"<p>18.11.2017 : Seit Jahren nimmt der BFV die irregul\u00e4ren Platzbedingungen des M\u00f6geldorfer Hockeyfilzplatzes mit wei\u00dfen Hockey- und blauen &#8222;Fussballlinien&#8220; hin und gew\u00e4hrt Wettk\u00e4mpfe unter dem Pseudonym &#8222;Kunstrasen&#8220;. Der gef\u00e4hrlich glatte Untergrund mit dramatisch enger Eingrenzung durch Betonsockel und Einz\u00e4unung, auf dem sich bereits zahlreiche Spieler schwer verletzt haben, lie\u00df ein U19-Bezirksoberligaspiel nicht zu. Mit der [&hellip;]<\/p>\n","protected":false},"author":4,"featured_media":0,"comment_status":"closed","ping_status":"closed","sticky":false,"template":"","format":"standard","meta":{"saved_in_kubio":false,"footnotes":""},"categories":[2,16,22],"tags":[],"class_list":["post-5551","post","type-post","status-publish","format-standard","hentry","category-gf","category-spielbericht","category-u19"],"yoast_head":"<!-- This site is optimized with the Yoast SEO plugin v27.4 - https:\/\/yoast.com\/product\/yoast-seo-wordpress\/ -->\n<title>SpVgg M\u00f6geldorf - JFGW 0:0 - JFG Wendelstein<\/title>\n<meta name=\"robots\" content=\"index, follow, max-snippet:-1, max-image-preview:large, max-video-preview:-1\" \/>\n<link rel=\"canonical\" href=\"https:\/\/www.jugendfussball-wendelstein.de\/wordpress\/spvgg-moegeldorf-jfgw-00\/\" \/>\n<meta property=\"og:locale\" content=\"de_DE\" \/>\n<meta property=\"og:type\" content=\"article\" \/>\n<meta property=\"og:title\" content=\"SpVgg M\u00f6geldorf - JFGW 0:0 - JFG Wendelstein\" \/>\n<meta property=\"og:description\" content=\"18.11.2017 : Seit Jahren nimmt der BFV die irregul\u00e4ren Platzbedingungen des M\u00f6geldorfer Hockeyfilzplatzes mit wei\u00dfen Hockey- und blauen &#8222;Fussballlinien&#8220; hin und gew\u00e4hrt Wettk\u00e4mpfe unter dem Pseudonym &#8222;Kunstrasen&#8220;. Der gef\u00e4hrlich glatte Untergrund mit dramatisch enger Eingrenzung durch Betonsockel und Einz\u00e4unung, auf dem sich bereits zahlreiche Spieler schwer verletzt haben, lie\u00df ein U19-Bezirksoberligaspiel nicht zu. Mit der [&hellip;]\" \/>\n<meta property=\"og:url\" content=\"https:\/\/www.jugendfussball-wendelstein.de\/wordpress\/spvgg-moegeldorf-jfgw-00\/\" \/>\n<meta property=\"og:site_name\" content=\"JFG Wendelstein\" \/>\n<meta property=\"article:published_time\" content=\"2017-11-20T19:54:54+00:00\" \/>\n<meta property=\"og:image\" content=\"http:\/\/www.jugendfussball-wendelstein.de\/wordpress\/wp-content\/uploads\/2017\/09\/team_U19-201718-350x238.jpg\" \/>\n<meta name=\"author\" content=\"Autor\" \/>\n<meta name=\"twitter:card\" content=\"summary_large_image\" \/>\n<meta name=\"twitter:label1\" content=\"Verfasst von\" \/>\n\t<meta name=\"twitter:data1\" content=\"Autor\" \/>\n\t<meta name=\"twitter:label2\" content=\"Gesch\u00e4tzte Lesezeit\" \/>\n\t<meta name=\"twitter:data2\" content=\"1\u00a0Minute\" \/>\n<script type=\"application\/ld+json\" class=\"yoast-schema-graph\">{\"@context\":\"https:\\\/\\\/schema.org\",\"@graph\":[{\"@type\":\"Article\",\"@id\":\"https:\\\/\\\/www.jugendfussball-wendelstein.de\\\/wordpress\\\/spvgg-moegeldorf-jfgw-00\\\/#article\",\"isPartOf\":{\"@id\":\"https:\\\/\\\/www.jugendfussball-wendelstein.de\\\/wordpress\\\/spvgg-moegeldorf-jfgw-00\\\/\"},\"author\":{\"name\":\"Autor\",\"@id\":\"https:\\\/\\\/www.jugendfussball-wendelstein.de\\\/wordpress\\\/#\\\/schema\\\/person\\\/75aadcbd4be1b3af1c1d785397472bc9\"},\"headline\":\"SpVgg M\u00f6geldorf &#8211; JFGW 0:0\",\"datePublished\":\"2017-11-20T19:54:54+00:00\",\"mainEntityOfPage\":{\"@id\":\"https:\\\/\\\/www.jugendfussball-wendelstein.de\\\/wordpress\\\/spvgg-moegeldorf-jfgw-00\\\/\"},\"wordCount\":186,\"image\":{\"@id\":\"https:\\\/\\\/www.jugendfussball-wendelstein.de\\\/wordpress\\\/spvgg-moegeldorf-jfgw-00\\\/#primaryimage\"},\"thumbnailUrl\":\"http:\\\/\\\/www.jugendfussball-wendelstein.de\\\/wordpress\\\/wp-content\\\/uploads\\\/2017\\\/09\\\/team_U19-201718-350x238.jpg\",\"articleSection\":[\"Gro\u00dffeld\",\"Spielbericht\",\"U19\"],\"inLanguage\":\"de\"},{\"@type\":\"WebPage\",\"@id\":\"https:\\\/\\\/www.jugendfussball-wendelstein.de\\\/wordpress\\\/spvgg-moegeldorf-jfgw-00\\\/\",\"url\":\"https:\\\/\\\/www.jugendfussball-wendelstein.de\\\/wordpress\\\/spvgg-moegeldorf-jfgw-00\\\/\",\"name\":\"SpVgg M\u00f6geldorf - JFGW 0:0 - JFG Wendelstein\",\"isPartOf\":{\"@id\":\"https:\\\/\\\/www.jugendfussball-wendelstein.de\\\/wordpress\\\/#website\"},\"primaryImageOfPage\":{\"@id\":\"https:\\\/\\\/www.jugendfussball-wendelstein.de\\\/wordpress\\\/spvgg-moegeldorf-jfgw-00\\\/#primaryimage\"},\"image\":{\"@id\":\"https:\\\/\\\/www.jugendfussball-wendelstein.de\\\/wordpress\\\/spvgg-moegeldorf-jfgw-00\\\/#primaryimage\"},\"thumbnailUrl\":\"http:\\\/\\\/www.jugendfussball-wendelstein.de\\\/wordpress\\\/wp-content\\\/uploads\\\/2017\\\/09\\\/team_U19-201718-350x238.jpg\",\"datePublished\":\"2017-11-20T19:54:54+00:00\",\"author\":{\"@id\":\"https:\\\/\\\/www.jugendfussball-wendelstein.de\\\/wordpress\\\/#\\\/schema\\\/person\\\/75aadcbd4be1b3af1c1d785397472bc9\"},\"breadcrumb\":{\"@id\":\"https:\\\/\\\/www.jugendfussball-wendelstein.de\\\/wordpress\\\/spvgg-moegeldorf-jfgw-00\\\/#breadcrumb\"},\"inLanguage\":\"de\",\"potentialAction\":[{\"@type\":\"ReadAction\",\"target\":[\"https:\\\/\\\/www.jugendfussball-wendelstein.de\\\/wordpress\\\/spvgg-moegeldorf-jfgw-00\\\/\"]}]},{\"@type\":\"ImageObject\",\"inLanguage\":\"de\",\"@id\":\"https:\\\/\\\/www.jugendfussball-wendelstein.de\\\/wordpress\\\/spvgg-moegeldorf-jfgw-00\\\/#primaryimage\",\"url\":\"http:\\\/\\\/www.jugendfussball-wendelstein.de\\\/wordpress\\\/wp-content\\\/uploads\\\/2017\\\/09\\\/team_U19-201718-350x238.jpg\",\"contentUrl\":\"http:\\\/\\\/www.jugendfussball-wendelstein.de\\\/wordpress\\\/wp-content\\\/uploads\\\/2017\\\/09\\\/team_U19-201718-350x238.jpg\"},{\"@type\":\"BreadcrumbList\",\"@id\":\"https:\\\/\\\/www.jugendfussball-wendelstein.de\\\/wordpress\\\/spvgg-moegeldorf-jfgw-00\\\/#breadcrumb\",\"itemListElement\":[{\"@type\":\"ListItem\",\"position\":1,\"name\":\"Startseite\",\"item\":\"https:\\\/\\\/www.jugendfussball-wendelstein.de\\\/wordpress\\\/\"},{\"@type\":\"ListItem\",\"position\":2,\"name\":\"SpVgg M\u00f6geldorf &#8211; JFGW 0:0\"}]},{\"@type\":\"WebSite\",\"@id\":\"https:\\\/\\\/www.jugendfussball-wendelstein.de\\\/wordpress\\\/#website\",\"url\":\"https:\\\/\\\/www.jugendfussball-wendelstein.de\\\/wordpress\\\/\",\"name\":\"JFG Wendelstein\",\"description\":\"Juniorenfu\u00dfball\",\"potentialAction\":[{\"@type\":\"SearchAction\",\"target\":{\"@type\":\"EntryPoint\",\"urlTemplate\":\"https:\\\/\\\/www.jugendfussball-wendelstein.de\\\/wordpress\\\/?s={search_term_string}\"},\"query-input\":{\"@type\":\"PropertyValueSpecification\",\"valueRequired\":true,\"valueName\":\"search_term_string\"}}],\"inLanguage\":\"de\"},{\"@type\":\"Person\",\"@id\":\"https:\\\/\\\/www.jugendfussball-wendelstein.de\\\/wordpress\\\/#\\\/schema\\\/person\\\/75aadcbd4be1b3af1c1d785397472bc9\",\"name\":\"Autor\",\"image\":{\"@type\":\"ImageObject\",\"inLanguage\":\"de\",\"@id\":\"https:\\\/\\\/secure.gravatar.com\\\/avatar\\\/01dd9b7f2dc8d635302f1c57c2289838e9fe288acd1c06c8f8ad332b8e2a60c9?s=96&d=mm&r=g\",\"url\":\"https:\\\/\\\/secure.gravatar.com\\\/avatar\\\/01dd9b7f2dc8d635302f1c57c2289838e9fe288acd1c06c8f8ad332b8e2a60c9?s=96&d=mm&r=g\",\"contentUrl\":\"https:\\\/\\\/secure.gravatar.com\\\/avatar\\\/01dd9b7f2dc8d635302f1c57c2289838e9fe288acd1c06c8f8ad332b8e2a60c9?s=96&d=mm&r=g\",\"caption\":\"Autor\"},\"url\":\"https:\\\/\\\/www.jugendfussball-wendelstein.de\\\/wordpress\\\/author\\\/autor\\\/\"}]}<\/script>\n<!-- \/ Yoast SEO plugin. -->","yoast_head_json":{"title":"SpVgg M\u00f6geldorf - JFGW 0:0 - JFG Wendelstein","robots":{"index":"index","follow":"follow","max-snippet":"max-snippet:-1","max-image-preview":"max-image-preview:large","max-video-preview":"max-video-preview:-1"},"canonical":"https:\/\/www.jugendfussball-wendelstein.de\/wordpress\/spvgg-moegeldorf-jfgw-00\/","og_locale":"de_DE","og_type":"article","og_title":"SpVgg M\u00f6geldorf - JFGW 0:0 - JFG Wendelstein","og_description":"18.11.2017 : Seit Jahren nimmt der BFV die irregul\u00e4ren Platzbedingungen des M\u00f6geldorfer Hockeyfilzplatzes mit wei\u00dfen Hockey- und blauen &#8222;Fussballlinien&#8220; hin und gew\u00e4hrt Wettk\u00e4mpfe unter dem Pseudonym &#8222;Kunstrasen&#8220;. Der gef\u00e4hrlich glatte Untergrund mit dramatisch enger Eingrenzung durch Betonsockel und Einz\u00e4unung, auf dem sich bereits zahlreiche Spieler schwer verletzt haben, lie\u00df ein U19-Bezirksoberligaspiel nicht zu. Mit der [&hellip;]","og_url":"https:\/\/www.jugendfussball-wendelstein.de\/wordpress\/spvgg-moegeldorf-jfgw-00\/","og_site_name":"JFG Wendelstein","article_published_time":"2017-11-20T19:54:54+00:00","og_image":[{"url":"http:\/\/www.jugendfussball-wendelstein.de\/wordpress\/wp-content\/uploads\/2017\/09\/team_U19-201718-350x238.jpg","type":"","width":"","height":""}],"author":"Autor","twitter_card":"summary_large_image","twitter_misc":{"Verfasst von":"Autor","Gesch\u00e4tzte Lesezeit":"1\u00a0Minute"},"schema":{"@context":"https:\/\/schema.org","@graph":[{"@type":"Article","@id":"https:\/\/www.jugendfussball-wendelstein.de\/wordpress\/spvgg-moegeldorf-jfgw-00\/#article","isPartOf":{"@id":"https:\/\/www.jugendfussball-wendelstein.de\/wordpress\/spvgg-moegeldorf-jfgw-00\/"},"author":{"name":"Autor","@id":"https:\/\/www.jugendfussball-wendelstein.de\/wordpress\/#\/schema\/person\/75aadcbd4be1b3af1c1d785397472bc9"},"headline":"SpVgg M\u00f6geldorf &#8211; JFGW 0:0","datePublished":"2017-11-20T19:54:54+00:00","mainEntityOfPage":{"@id":"https:\/\/www.jugendfussball-wendelstein.de\/wordpress\/spvgg-moegeldorf-jfgw-00\/"},"wordCount":186,"image":{"@id":"https:\/\/www.jugendfussball-wendelstein.de\/wordpress\/spvgg-moegeldorf-jfgw-00\/#primaryimage"},"thumbnailUrl":"http:\/\/www.jugendfussball-wendelstein.de\/wordpress\/wp-content\/uploads\/2017\/09\/team_U19-201718-350x238.jpg","articleSection":["Gro\u00dffeld","Spielbericht","U19"],"inLanguage":"de"},{"@type":"WebPage","@id":"https:\/\/www.jugendfussball-wendelstein.de\/wordpress\/spvgg-moegeldorf-jfgw-00\/","url":"https:\/\/www.jugendfussball-wendelstein.de\/wordpress\/spvgg-moegeldorf-jfgw-00\/","name":"SpVgg M\u00f6geldorf - JFGW 0:0 - JFG Wendelstein","isPartOf":{"@id":"https:\/\/www.jugendfussball-wendelstein.de\/wordpress\/#website"},"primaryImageOfPage":{"@id":"https:\/\/www.jugendfussball-wendelstein.de\/wordpress\/spvgg-moegeldorf-jfgw-00\/#primaryimage"},"image":{"@id":"https:\/\/www.jugendfussball-wendelstein.de\/wordpress\/spvgg-moegeldorf-jfgw-00\/#primaryimage"},"thumbnailUrl":"http:\/\/www.jugendfussball-wendelstein.de\/wordpress\/wp-content\/uploads\/2017\/09\/team_U19-201718-350x238.jpg","datePublished":"2017-11-20T19:54:54+00:00","author":{"@id":"https:\/\/www.jugendfussball-wendelstein.de\/wordpress\/#\/schema\/person\/75aadcbd4be1b3af1c1d785397472bc9"},"breadcrumb":{"@id":"https:\/\/www.jugendfussball-wendelstein.de\/wordpress\/spvgg-moegeldorf-jfgw-00\/#breadcrumb"},"inLanguage":"de","potentialAction":[{"@type":"ReadAction","target":["https:\/\/www.jugendfussball-wendelstein.de\/wordpress\/spvgg-moegeldorf-jfgw-00\/"]}]},{"@type":"ImageObject","inLanguage":"de","@id":"https:\/\/www.jugendfussball-wendelstein.de\/wordpress\/spvgg-moegeldorf-jfgw-00\/#primaryimage","url":"http:\/\/www.jugendfussball-wendelstein.de\/wordpress\/wp-content\/uploads\/2017\/09\/team_U19-201718-350x238.jpg","contentUrl":"http:\/\/www.jugendfussball-wendelstein.de\/wordpress\/wp-content\/uploads\/2017\/09\/team_U19-201718-350x238.jpg"},{"@type":"BreadcrumbList","@id":"https:\/\/www.jugendfussball-wendelstein.de\/wordpress\/spvgg-moegeldorf-jfgw-00\/#breadcrumb","itemListElement":[{"@type":"ListItem","position":1,"name":"Startseite","item":"https:\/\/www.jugendfussball-wendelstein.de\/wordpress\/"},{"@type":"ListItem","position":2,"name":"SpVgg M\u00f6geldorf &#8211; JFGW 0:0"}]},{"@type":"WebSite","@id":"https:\/\/www.jugendfussball-wendelstein.de\/wordpress\/#website","url":"https:\/\/www.jugendfussball-wendelstein.de\/wordpress\/","name":"JFG Wendelstein","description":"Juniorenfu\u00dfball","potentialAction":[{"@type":"SearchAction","target":{"@type":"EntryPoint","urlTemplate":"https:\/\/www.jugendfussball-wendelstein.de\/wordpress\/?s={search_term_string}"},"query-input":{"@type":"PropertyValueSpecification","valueRequired":true,"valueName":"search_term_string"}}],"inLanguage":"de"},{"@type":"Person","@id":"https:\/\/www.jugendfussball-wendelstein.de\/wordpress\/#\/schema\/person\/75aadcbd4be1b3af1c1d785397472bc9","name":"Autor","image":{"@type":"ImageObject","inLanguage":"de","@id":"https:\/\/secure.gravatar.com\/avatar\/01dd9b7f2dc8d635302f1c57c2289838e9fe288acd1c06c8f8ad332b8e2a60c9?s=96&d=mm&r=g","url":"https:\/\/secure.gravatar.com\/avatar\/01dd9b7f2dc8d635302f1c57c2289838e9fe288acd1c06c8f8ad332b8e2a60c9?s=96&d=mm&r=g","contentUrl":"https:\/\/secure.gravatar.com\/avatar\/01dd9b7f2dc8d635302f1c57c2289838e9fe288acd1c06c8f8ad332b8e2a60c9?s=96&d=mm&r=g","caption":"Autor"},"url":"https:\/\/www.jugendfussball-wendelstein.de\/wordpress\/author\/autor\/"}]}},"_links":{"self":[{"href":"https:\/\/www.jugendfussball-wendelstein.de\/wordpress\/wp-json\/wp\/v2\/posts\/5551","targetHints":{"allow":["GET"]}}],"collection":[{"href":"https:\/\/www.jugendfussball-wendelstein.de\/wordpress\/wp-json\/wp\/v2\/posts"}],"about":[{"href":"https:\/\/www.jugendfussball-wendelstein.de\/wordpress\/wp-json\/wp\/v2\/types\/post"}],"author":[{"embeddable":true,"href":"https:\/\/www.jugendfussball-wendelstein.de\/wordpress\/wp-json\/wp\/v2\/users\/4"}],"replies":[{"embeddable":true,"href":"https:\/\/www.jugendfussball-wendelstein.de\/wordpress\/wp-json\/wp\/v2\/comments?post=5551"}],"version-history":[{"count":0,"href":"https:\/\/www.jugendfussball-wendelstein.de\/wordpress\/wp-json\/wp\/v2\/posts\/5551\/revisions"}],"wp:attachment":[{"href":"https:\/\/www.jugendfussball-wendelstein.de\/wordpress\/wp-json\/wp\/v2\/media?parent=5551"}],"wp:term":[{"taxonomy":"category","embeddable":true,"href":"https:\/\/www.jugendfussball-wendelstein.de\/wordpress\/wp-json\/wp\/v2\/categories?post=5551"},{"taxonomy":"post_tag","embeddable":true,"href":"https:\/\/www.jugendfussball-wendelstein.de\/wordpress\/wp-json\/wp\/v2\/tags?post=5551"}],"curies":[{"name":"wp","href":"https:\/\/api.w.org\/{rel}","templated":true}]}}