{"id":5640,"date":"2018-01-05T21:18:32","date_gmt":"2018-01-05T20:18:32","guid":{"rendered":"http:\/\/www.jugendfussball-wendelstein.de\/wordpress\/?p=5640"},"modified":"2018-01-05T21:18:32","modified_gmt":"2018-01-05T20:18:32","slug":"u11-1-belegt-2-platz-beim-internationalen-turnier-in-schaerding-a","status":"publish","type":"post","link":"https:\/\/www.jugendfussball-wendelstein.de\/wordpress\/u11-1-belegt-2-platz-beim-internationalen-turnier-in-schaerding-a\/","title":{"rendered":"U11-1 belegt 2. Platz beim internationalen Turnier in Sch\u00e4rding (A)"},"content":{"rendered":"<p>Einen weiteren Erfolg fuhr am vergangen Sonntag unsere U11 im \u00d6sterreichischen Sch\u00e4rding ein.<\/p>\n<p>Eingeladen zum internationalen Baumit-Junior-Hallencup\u00a0 in der Bezirkssporthalle in Sch\u00e4rding brach der Tross in der Fr\u00fch um 8.00 Uhr nach \u00d6sterreich\u00a0 auf.<\/p>\n<p>18 Mannschaften aus \u00d6sterreich und Deutschland waren eingeladen.<\/p>\n<p>5 Mannschaften waren gleich am Morgen dran, weitere 5 danach, bevor wir mit 2 weiteren 4er-Gruppen ins Geschehen eingreifen sollten. Die beiden Erstplatzierten jeder Gruppe zogen am Nachmittag in die Hauptrunde ein und spielten um den Turniersieg.<\/p>\n<p>Das Ziel war somit klar: 1. oder 2. in der Gruppe zu werden, damit sich der Weg auch lohnte.<\/p>\n<p>Mit in unserer Gruppe befanden sich f\u00fcr uns unbekannte Gegner, wie der SV Bad Ischl, TSV Arnstorf, Union Neukirchen\/Walde.<\/p>\n<p>So gingen wir in das erste Spiel gegen Union Neukirchen, \u00fcberrannten die Gegner und siegten deutlich mit 11:0.<\/p>\n<p>Im 2. Spiel gegen die super eingestellten Jungs aus Arnstorf, waren wir dann nach dem klaren Sieg aus dem ersten Spiel zu nachl\u00e4ssig. Wir gingen zwar mit 1:0 in F\u00fchrung, aber der tapfer k\u00e4mpfende Gegner erzielte kurz vor Schluss den 1:1 Ausgleich zum Endstand.<\/p>\n<p>Im letzten Spiel gegen die bisher starken Jungs aus Bad Ischl durften wir alles &#8211; nur nicht verlieren. Unsere Jungs schalteten gleich von Beginn an 2 G\u00e4nge hoch und lie\u00dfen dem Gegner kaum eine Chance und siegten verdient mit 7:0.<\/p>\n<p>Platz 1 mit 7 Punkten und 19:1 Toren war erreicht und somit ein Platz in der Hauptrunde sicher.<\/p>\n<p>Jetzt wurde es dann erst wirklich interessant.<\/p>\n<p>In den neuen Gruppen befanden sich nun auch die Gegner vom Vormittag, Gruppe I:1.FC Passau, SG Zwiesel, FC Blau Wei\u00df Linz und der FC Arnstorf und Gruppe J: Union Schardenberg, SV Ried, FSV Pr\u00fcfening und wir.<\/p>\n<p>Pr\u00fcfening, die in der Vorrunde 2 Spiele gewonnen und gegen die starken Linzer 0:0 gespielt hatten, waren unser erster Gegner.<\/p>\n<p>In einem klasse Spiel beider Mannschaften waren wir die abgezocktere, nahmen die starke Nummer 8 des Gegners aus dem Spiel und gewannen mit 2:0.<\/p>\n<p>Der Grundstein war gelegt und das Spiel gegen Schardenberg konnte mit etwas mehr Ruhe beginnen. Wieder voll konzentriert und in toller Spiellaune machten wir mit einem nie gef\u00e4hrdeten 6:0 klar, wer hier ins Halbfinale will.<\/p>\n<p>Im letzten Spiel gegen den erstplatzierten der Vorrundengruppe B, dem SV Ried, waren wir dann zweimal unkonzentriert und kassierten so 2 Gegentore. Der R\u00fcckstand konnte dann nur noch auf 1:2 verk\u00fcrzt werden.<\/p>\n<p>Als Gruppenzweiter zogen wir somit ins Halbfinale ein. In der anderen Gruppe setzte sich Passau knapp vor Linz und Zwiesel durch.<\/p>\n<p>Unser Gegner stand somit fest und war mit dem 1.FC Passau nicht der \u201eschlechteste\u201c.<\/p>\n<p>Es war ein hart umk\u00e4mpftes Spiel zwei sehr guter Mannschaften mit dem besseren Start f\u00fcr Passau.<\/p>\n<p>Sie gingen nach einer kleinen Unaufmerksamkeit und massivem Druck auf unsere Hintermannschaft nach 4 Minuten in F\u00fchrung. Wer jetzt dachte, das war\u00b4s dann, sah sich get\u00e4uscht.<\/p>\n<p>Wer unsere Jungs kennt wei\u00df, dass sie auch bei R\u00fcckstand ruhig und besonnen weiterspielen und sich ihre Chance erspielen. Wir setzten den Gegner immer besser unter Druck, bissen uns in die Partie, gaben keinen Ball verloren und erzielten somit auch das verdiente 1:1. Es schien so, als ob unsere Jungs das 7 Meter schie\u00dfen unbedingt vermeiden wollten und dr\u00e4ngten somit weiter auf das Passauer Tor. Schlie\u00dflich erzielten wir 20 Sekunden vor dem Ende das viel umjubelte Siegtor zum 2:1 &#8211; Spiel gedreht und Einzug ins Finale!<\/p>\n<p>Das zweite Halbfinale entschied der SV Linz knapp mit 1:0 f\u00fcr sich und somit stand unser Finalgegner fest.<\/p>\n<p>Hier traten dann wieder zwei Mannschaften auf Augenh\u00f6he aufeinander, jedoch mit etwas mehr Spielanteilen f\u00fcr die Linzer. Am Ende reichte es nicht ganz f\u00fcr uns und wir verloren das Spiel mit 0:2.<\/p>\n<p>Trotzdem k\u00f6nnen wir mit diesem 2.Platz sehr zufrieden sein und der Weg nach Sch\u00e4rding hat sich mehr als gelohnt.<\/p>\n<p>Zum Abschluss wurde unser Torh\u00fcter noch zum Besten des Turniers gew\u00e4hlt.<br \/>\nGl\u00fcckwunsch Elias!<\/p>\n<p>(Autor: RS)<\/p>\n<p><img loading=\"lazy\" decoding=\"async\" class=\"alignnone size-medium wp-image-5641\" src=\"https:\/\/www.jugendfussball-wendelstein.de\/wordpress\/wp-content\/uploads\/2018\/01\/20171227_174756-V1-350x259.jpg\" alt=\"\" width=\"350\" height=\"259\" srcset=\"https:\/\/www.jugendfussball-wendelstein.de\/wordpress\/wp-content\/uploads\/2018\/01\/20171227_174756-V1-350x259.jpg 350w, https:\/\/www.jugendfussball-wendelstein.de\/wordpress\/wp-content\/uploads\/2018\/01\/20171227_174756-V1-768x569.jpg 768w, https:\/\/www.jugendfussball-wendelstein.de\/wordpress\/wp-content\/uploads\/2018\/01\/20171227_174756-V1-1024x759.jpg 1024w\" sizes=\"(max-width: 350px) 100vw, 350px\" \/> <img loading=\"lazy\" decoding=\"async\" class=\"alignnone size-medium wp-image-5642\" src=\"https:\/\/www.jugendfussball-wendelstein.de\/wordpress\/wp-content\/uploads\/2018\/01\/20171227_1749080-V1-238x300.jpg\" alt=\"\" width=\"238\" height=\"300\" srcset=\"https:\/\/www.jugendfussball-wendelstein.de\/wordpress\/wp-content\/uploads\/2018\/01\/20171227_1749080-V1-238x300.jpg 238w, https:\/\/www.jugendfussball-wendelstein.de\/wordpress\/wp-content\/uploads\/2018\/01\/20171227_1749080-V1-768x968.jpg 768w, https:\/\/www.jugendfussball-wendelstein.de\/wordpress\/wp-content\/uploads\/2018\/01\/20171227_1749080-V1-812x1024.jpg 812w, https:\/\/www.jugendfussball-wendelstein.de\/wordpress\/wp-content\/uploads\/2018\/01\/20171227_1749080-V1.jpg 1593w\" sizes=\"(max-width: 238px) 100vw, 238px\" \/><\/p>\n","protected":false},"excerpt":{"rendered":"<p>Einen weiteren Erfolg fuhr am vergangen Sonntag unsere U11 im \u00d6sterreichischen Sch\u00e4rding ein. Eingeladen zum internationalen Baumit-Junior-Hallencup\u00a0 in der Bezirkssporthalle in Sch\u00e4rding brach der Tross in der Fr\u00fch um 8.00 Uhr nach \u00d6sterreich\u00a0 auf. 18 Mannschaften aus \u00d6sterreich und Deutschland waren eingeladen. 5 Mannschaften waren gleich am Morgen dran, weitere 5 danach, bevor wir mit [&hellip;]<\/p>\n","protected":false},"author":4,"featured_media":0,"comment_status":"closed","ping_status":"closed","sticky":false,"template":"","format":"standard","meta":{"saved_in_kubio":false,"footnotes":""},"categories":[3,16,4],"tags":[],"class_list":["post-5640","post","type-post","status-publish","format-standard","hentry","category-kf","category-spielbericht","category-u11"],"yoast_head":"<!-- This site is optimized with the Yoast SEO plugin v27.4 - https:\/\/yoast.com\/product\/yoast-seo-wordpress\/ -->\n<title>U11-1 belegt 2. Platz beim internationalen Turnier in Sch\u00e4rding (A) - JFG Wendelstein<\/title>\n<meta name=\"robots\" content=\"index, follow, max-snippet:-1, max-image-preview:large, max-video-preview:-1\" \/>\n<link rel=\"canonical\" href=\"https:\/\/www.jugendfussball-wendelstein.de\/wordpress\/u11-1-belegt-2-platz-beim-internationalen-turnier-in-schaerding-a\/\" \/>\n<meta property=\"og:locale\" content=\"de_DE\" \/>\n<meta property=\"og:type\" content=\"article\" \/>\n<meta property=\"og:title\" content=\"U11-1 belegt 2. Platz beim internationalen Turnier in Sch\u00e4rding (A) - JFG Wendelstein\" \/>\n<meta property=\"og:description\" content=\"Einen weiteren Erfolg fuhr am vergangen Sonntag unsere U11 im \u00d6sterreichischen Sch\u00e4rding ein. Eingeladen zum internationalen Baumit-Junior-Hallencup\u00a0 in der Bezirkssporthalle in Sch\u00e4rding brach der Tross in der Fr\u00fch um 8.00 Uhr nach \u00d6sterreich\u00a0 auf. 18 Mannschaften aus \u00d6sterreich und Deutschland waren eingeladen. 5 Mannschaften waren gleich am Morgen dran, weitere 5 danach, bevor wir mit [&hellip;]\" \/>\n<meta property=\"og:url\" content=\"https:\/\/www.jugendfussball-wendelstein.de\/wordpress\/u11-1-belegt-2-platz-beim-internationalen-turnier-in-schaerding-a\/\" \/>\n<meta property=\"og:site_name\" content=\"JFG Wendelstein\" \/>\n<meta property=\"article:published_time\" content=\"2018-01-05T20:18:32+00:00\" \/>\n<meta property=\"og:image\" content=\"http:\/\/www.jugendfussball-wendelstein.de\/wordpress\/wp-content\/uploads\/2018\/01\/20171227_174756-V1-350x259.jpg\" \/>\n<meta name=\"author\" content=\"Autor\" \/>\n<meta name=\"twitter:card\" content=\"summary_large_image\" \/>\n<meta name=\"twitter:label1\" content=\"Verfasst von\" \/>\n\t<meta name=\"twitter:data1\" content=\"Autor\" \/>\n\t<meta name=\"twitter:label2\" content=\"Gesch\u00e4tzte Lesezeit\" \/>\n\t<meta name=\"twitter:data2\" content=\"3\u00a0Minuten\" \/>\n<script type=\"application\/ld+json\" class=\"yoast-schema-graph\">{\"@context\":\"https:\\\/\\\/schema.org\",\"@graph\":[{\"@type\":\"Article\",\"@id\":\"https:\\\/\\\/www.jugendfussball-wendelstein.de\\\/wordpress\\\/u11-1-belegt-2-platz-beim-internationalen-turnier-in-schaerding-a\\\/#article\",\"isPartOf\":{\"@id\":\"https:\\\/\\\/www.jugendfussball-wendelstein.de\\\/wordpress\\\/u11-1-belegt-2-platz-beim-internationalen-turnier-in-schaerding-a\\\/\"},\"author\":{\"name\":\"Autor\",\"@id\":\"https:\\\/\\\/www.jugendfussball-wendelstein.de\\\/wordpress\\\/#\\\/schema\\\/person\\\/75aadcbd4be1b3af1c1d785397472bc9\"},\"headline\":\"U11-1 belegt 2. Platz beim internationalen Turnier in Sch\u00e4rding (A)\",\"datePublished\":\"2018-01-05T20:18:32+00:00\",\"mainEntityOfPage\":{\"@id\":\"https:\\\/\\\/www.jugendfussball-wendelstein.de\\\/wordpress\\\/u11-1-belegt-2-platz-beim-internationalen-turnier-in-schaerding-a\\\/\"},\"wordCount\":653,\"image\":{\"@id\":\"https:\\\/\\\/www.jugendfussball-wendelstein.de\\\/wordpress\\\/u11-1-belegt-2-platz-beim-internationalen-turnier-in-schaerding-a\\\/#primaryimage\"},\"thumbnailUrl\":\"http:\\\/\\\/www.jugendfussball-wendelstein.de\\\/wordpress\\\/wp-content\\\/uploads\\\/2018\\\/01\\\/20171227_174756-V1-350x259.jpg\",\"articleSection\":[\"Kleinfeld\",\"Spielbericht\",\"U11\"],\"inLanguage\":\"de\"},{\"@type\":\"WebPage\",\"@id\":\"https:\\\/\\\/www.jugendfussball-wendelstein.de\\\/wordpress\\\/u11-1-belegt-2-platz-beim-internationalen-turnier-in-schaerding-a\\\/\",\"url\":\"https:\\\/\\\/www.jugendfussball-wendelstein.de\\\/wordpress\\\/u11-1-belegt-2-platz-beim-internationalen-turnier-in-schaerding-a\\\/\",\"name\":\"U11-1 belegt 2. Platz beim internationalen Turnier in Sch\u00e4rding (A) - JFG Wendelstein\",\"isPartOf\":{\"@id\":\"https:\\\/\\\/www.jugendfussball-wendelstein.de\\\/wordpress\\\/#website\"},\"primaryImageOfPage\":{\"@id\":\"https:\\\/\\\/www.jugendfussball-wendelstein.de\\\/wordpress\\\/u11-1-belegt-2-platz-beim-internationalen-turnier-in-schaerding-a\\\/#primaryimage\"},\"image\":{\"@id\":\"https:\\\/\\\/www.jugendfussball-wendelstein.de\\\/wordpress\\\/u11-1-belegt-2-platz-beim-internationalen-turnier-in-schaerding-a\\\/#primaryimage\"},\"thumbnailUrl\":\"http:\\\/\\\/www.jugendfussball-wendelstein.de\\\/wordpress\\\/wp-content\\\/uploads\\\/2018\\\/01\\\/20171227_174756-V1-350x259.jpg\",\"datePublished\":\"2018-01-05T20:18:32+00:00\",\"author\":{\"@id\":\"https:\\\/\\\/www.jugendfussball-wendelstein.de\\\/wordpress\\\/#\\\/schema\\\/person\\\/75aadcbd4be1b3af1c1d785397472bc9\"},\"breadcrumb\":{\"@id\":\"https:\\\/\\\/www.jugendfussball-wendelstein.de\\\/wordpress\\\/u11-1-belegt-2-platz-beim-internationalen-turnier-in-schaerding-a\\\/#breadcrumb\"},\"inLanguage\":\"de\",\"potentialAction\":[{\"@type\":\"ReadAction\",\"target\":[\"https:\\\/\\\/www.jugendfussball-wendelstein.de\\\/wordpress\\\/u11-1-belegt-2-platz-beim-internationalen-turnier-in-schaerding-a\\\/\"]}]},{\"@type\":\"ImageObject\",\"inLanguage\":\"de\",\"@id\":\"https:\\\/\\\/www.jugendfussball-wendelstein.de\\\/wordpress\\\/u11-1-belegt-2-platz-beim-internationalen-turnier-in-schaerding-a\\\/#primaryimage\",\"url\":\"http:\\\/\\\/www.jugendfussball-wendelstein.de\\\/wordpress\\\/wp-content\\\/uploads\\\/2018\\\/01\\\/20171227_174756-V1-350x259.jpg\",\"contentUrl\":\"http:\\\/\\\/www.jugendfussball-wendelstein.de\\\/wordpress\\\/wp-content\\\/uploads\\\/2018\\\/01\\\/20171227_174756-V1-350x259.jpg\"},{\"@type\":\"BreadcrumbList\",\"@id\":\"https:\\\/\\\/www.jugendfussball-wendelstein.de\\\/wordpress\\\/u11-1-belegt-2-platz-beim-internationalen-turnier-in-schaerding-a\\\/#breadcrumb\",\"itemListElement\":[{\"@type\":\"ListItem\",\"position\":1,\"name\":\"Startseite\",\"item\":\"https:\\\/\\\/www.jugendfussball-wendelstein.de\\\/wordpress\\\/\"},{\"@type\":\"ListItem\",\"position\":2,\"name\":\"U11-1 belegt 2. Platz beim internationalen Turnier in Sch\u00e4rding (A)\"}]},{\"@type\":\"WebSite\",\"@id\":\"https:\\\/\\\/www.jugendfussball-wendelstein.de\\\/wordpress\\\/#website\",\"url\":\"https:\\\/\\\/www.jugendfussball-wendelstein.de\\\/wordpress\\\/\",\"name\":\"JFG Wendelstein\",\"description\":\"Juniorenfu\u00dfball\",\"potentialAction\":[{\"@type\":\"SearchAction\",\"target\":{\"@type\":\"EntryPoint\",\"urlTemplate\":\"https:\\\/\\\/www.jugendfussball-wendelstein.de\\\/wordpress\\\/?s={search_term_string}\"},\"query-input\":{\"@type\":\"PropertyValueSpecification\",\"valueRequired\":true,\"valueName\":\"search_term_string\"}}],\"inLanguage\":\"de\"},{\"@type\":\"Person\",\"@id\":\"https:\\\/\\\/www.jugendfussball-wendelstein.de\\\/wordpress\\\/#\\\/schema\\\/person\\\/75aadcbd4be1b3af1c1d785397472bc9\",\"name\":\"Autor\",\"image\":{\"@type\":\"ImageObject\",\"inLanguage\":\"de\",\"@id\":\"https:\\\/\\\/secure.gravatar.com\\\/avatar\\\/01dd9b7f2dc8d635302f1c57c2289838e9fe288acd1c06c8f8ad332b8e2a60c9?s=96&d=mm&r=g\",\"url\":\"https:\\\/\\\/secure.gravatar.com\\\/avatar\\\/01dd9b7f2dc8d635302f1c57c2289838e9fe288acd1c06c8f8ad332b8e2a60c9?s=96&d=mm&r=g\",\"contentUrl\":\"https:\\\/\\\/secure.gravatar.com\\\/avatar\\\/01dd9b7f2dc8d635302f1c57c2289838e9fe288acd1c06c8f8ad332b8e2a60c9?s=96&d=mm&r=g\",\"caption\":\"Autor\"},\"url\":\"https:\\\/\\\/www.jugendfussball-wendelstein.de\\\/wordpress\\\/author\\\/autor\\\/\"}]}<\/script>\n<!-- \/ Yoast SEO plugin. -->","yoast_head_json":{"title":"U11-1 belegt 2. Platz beim internationalen Turnier in Sch\u00e4rding (A) - JFG Wendelstein","robots":{"index":"index","follow":"follow","max-snippet":"max-snippet:-1","max-image-preview":"max-image-preview:large","max-video-preview":"max-video-preview:-1"},"canonical":"https:\/\/www.jugendfussball-wendelstein.de\/wordpress\/u11-1-belegt-2-platz-beim-internationalen-turnier-in-schaerding-a\/","og_locale":"de_DE","og_type":"article","og_title":"U11-1 belegt 2. Platz beim internationalen Turnier in Sch\u00e4rding (A) - JFG Wendelstein","og_description":"Einen weiteren Erfolg fuhr am vergangen Sonntag unsere U11 im \u00d6sterreichischen Sch\u00e4rding ein. Eingeladen zum internationalen Baumit-Junior-Hallencup\u00a0 in der Bezirkssporthalle in Sch\u00e4rding brach der Tross in der Fr\u00fch um 8.00 Uhr nach \u00d6sterreich\u00a0 auf. 18 Mannschaften aus \u00d6sterreich und Deutschland waren eingeladen. 5 Mannschaften waren gleich am Morgen dran, weitere 5 danach, bevor wir mit [&hellip;]","og_url":"https:\/\/www.jugendfussball-wendelstein.de\/wordpress\/u11-1-belegt-2-platz-beim-internationalen-turnier-in-schaerding-a\/","og_site_name":"JFG Wendelstein","article_published_time":"2018-01-05T20:18:32+00:00","og_image":[{"url":"http:\/\/www.jugendfussball-wendelstein.de\/wordpress\/wp-content\/uploads\/2018\/01\/20171227_174756-V1-350x259.jpg","type":"","width":"","height":""}],"author":"Autor","twitter_card":"summary_large_image","twitter_misc":{"Verfasst von":"Autor","Gesch\u00e4tzte Lesezeit":"3\u00a0Minuten"},"schema":{"@context":"https:\/\/schema.org","@graph":[{"@type":"Article","@id":"https:\/\/www.jugendfussball-wendelstein.de\/wordpress\/u11-1-belegt-2-platz-beim-internationalen-turnier-in-schaerding-a\/#article","isPartOf":{"@id":"https:\/\/www.jugendfussball-wendelstein.de\/wordpress\/u11-1-belegt-2-platz-beim-internationalen-turnier-in-schaerding-a\/"},"author":{"name":"Autor","@id":"https:\/\/www.jugendfussball-wendelstein.de\/wordpress\/#\/schema\/person\/75aadcbd4be1b3af1c1d785397472bc9"},"headline":"U11-1 belegt 2. Platz beim internationalen Turnier in Sch\u00e4rding (A)","datePublished":"2018-01-05T20:18:32+00:00","mainEntityOfPage":{"@id":"https:\/\/www.jugendfussball-wendelstein.de\/wordpress\/u11-1-belegt-2-platz-beim-internationalen-turnier-in-schaerding-a\/"},"wordCount":653,"image":{"@id":"https:\/\/www.jugendfussball-wendelstein.de\/wordpress\/u11-1-belegt-2-platz-beim-internationalen-turnier-in-schaerding-a\/#primaryimage"},"thumbnailUrl":"http:\/\/www.jugendfussball-wendelstein.de\/wordpress\/wp-content\/uploads\/2018\/01\/20171227_174756-V1-350x259.jpg","articleSection":["Kleinfeld","Spielbericht","U11"],"inLanguage":"de"},{"@type":"WebPage","@id":"https:\/\/www.jugendfussball-wendelstein.de\/wordpress\/u11-1-belegt-2-platz-beim-internationalen-turnier-in-schaerding-a\/","url":"https:\/\/www.jugendfussball-wendelstein.de\/wordpress\/u11-1-belegt-2-platz-beim-internationalen-turnier-in-schaerding-a\/","name":"U11-1 belegt 2. Platz beim internationalen Turnier in Sch\u00e4rding (A) - JFG Wendelstein","isPartOf":{"@id":"https:\/\/www.jugendfussball-wendelstein.de\/wordpress\/#website"},"primaryImageOfPage":{"@id":"https:\/\/www.jugendfussball-wendelstein.de\/wordpress\/u11-1-belegt-2-platz-beim-internationalen-turnier-in-schaerding-a\/#primaryimage"},"image":{"@id":"https:\/\/www.jugendfussball-wendelstein.de\/wordpress\/u11-1-belegt-2-platz-beim-internationalen-turnier-in-schaerding-a\/#primaryimage"},"thumbnailUrl":"http:\/\/www.jugendfussball-wendelstein.de\/wordpress\/wp-content\/uploads\/2018\/01\/20171227_174756-V1-350x259.jpg","datePublished":"2018-01-05T20:18:32+00:00","author":{"@id":"https:\/\/www.jugendfussball-wendelstein.de\/wordpress\/#\/schema\/person\/75aadcbd4be1b3af1c1d785397472bc9"},"breadcrumb":{"@id":"https:\/\/www.jugendfussball-wendelstein.de\/wordpress\/u11-1-belegt-2-platz-beim-internationalen-turnier-in-schaerding-a\/#breadcrumb"},"inLanguage":"de","potentialAction":[{"@type":"ReadAction","target":["https:\/\/www.jugendfussball-wendelstein.de\/wordpress\/u11-1-belegt-2-platz-beim-internationalen-turnier-in-schaerding-a\/"]}]},{"@type":"ImageObject","inLanguage":"de","@id":"https:\/\/www.jugendfussball-wendelstein.de\/wordpress\/u11-1-belegt-2-platz-beim-internationalen-turnier-in-schaerding-a\/#primaryimage","url":"http:\/\/www.jugendfussball-wendelstein.de\/wordpress\/wp-content\/uploads\/2018\/01\/20171227_174756-V1-350x259.jpg","contentUrl":"http:\/\/www.jugendfussball-wendelstein.de\/wordpress\/wp-content\/uploads\/2018\/01\/20171227_174756-V1-350x259.jpg"},{"@type":"BreadcrumbList","@id":"https:\/\/www.jugendfussball-wendelstein.de\/wordpress\/u11-1-belegt-2-platz-beim-internationalen-turnier-in-schaerding-a\/#breadcrumb","itemListElement":[{"@type":"ListItem","position":1,"name":"Startseite","item":"https:\/\/www.jugendfussball-wendelstein.de\/wordpress\/"},{"@type":"ListItem","position":2,"name":"U11-1 belegt 2. Platz beim internationalen Turnier in Sch\u00e4rding (A)"}]},{"@type":"WebSite","@id":"https:\/\/www.jugendfussball-wendelstein.de\/wordpress\/#website","url":"https:\/\/www.jugendfussball-wendelstein.de\/wordpress\/","name":"JFG Wendelstein","description":"Juniorenfu\u00dfball","potentialAction":[{"@type":"SearchAction","target":{"@type":"EntryPoint","urlTemplate":"https:\/\/www.jugendfussball-wendelstein.de\/wordpress\/?s={search_term_string}"},"query-input":{"@type":"PropertyValueSpecification","valueRequired":true,"valueName":"search_term_string"}}],"inLanguage":"de"},{"@type":"Person","@id":"https:\/\/www.jugendfussball-wendelstein.de\/wordpress\/#\/schema\/person\/75aadcbd4be1b3af1c1d785397472bc9","name":"Autor","image":{"@type":"ImageObject","inLanguage":"de","@id":"https:\/\/secure.gravatar.com\/avatar\/01dd9b7f2dc8d635302f1c57c2289838e9fe288acd1c06c8f8ad332b8e2a60c9?s=96&d=mm&r=g","url":"https:\/\/secure.gravatar.com\/avatar\/01dd9b7f2dc8d635302f1c57c2289838e9fe288acd1c06c8f8ad332b8e2a60c9?s=96&d=mm&r=g","contentUrl":"https:\/\/secure.gravatar.com\/avatar\/01dd9b7f2dc8d635302f1c57c2289838e9fe288acd1c06c8f8ad332b8e2a60c9?s=96&d=mm&r=g","caption":"Autor"},"url":"https:\/\/www.jugendfussball-wendelstein.de\/wordpress\/author\/autor\/"}]}},"_links":{"self":[{"href":"https:\/\/www.jugendfussball-wendelstein.de\/wordpress\/wp-json\/wp\/v2\/posts\/5640","targetHints":{"allow":["GET"]}}],"collection":[{"href":"https:\/\/www.jugendfussball-wendelstein.de\/wordpress\/wp-json\/wp\/v2\/posts"}],"about":[{"href":"https:\/\/www.jugendfussball-wendelstein.de\/wordpress\/wp-json\/wp\/v2\/types\/post"}],"author":[{"embeddable":true,"href":"https:\/\/www.jugendfussball-wendelstein.de\/wordpress\/wp-json\/wp\/v2\/users\/4"}],"replies":[{"embeddable":true,"href":"https:\/\/www.jugendfussball-wendelstein.de\/wordpress\/wp-json\/wp\/v2\/comments?post=5640"}],"version-history":[{"count":0,"href":"https:\/\/www.jugendfussball-wendelstein.de\/wordpress\/wp-json\/wp\/v2\/posts\/5640\/revisions"}],"wp:attachment":[{"href":"https:\/\/www.jugendfussball-wendelstein.de\/wordpress\/wp-json\/wp\/v2\/media?parent=5640"}],"wp:term":[{"taxonomy":"category","embeddable":true,"href":"https:\/\/www.jugendfussball-wendelstein.de\/wordpress\/wp-json\/wp\/v2\/categories?post=5640"},{"taxonomy":"post_tag","embeddable":true,"href":"https:\/\/www.jugendfussball-wendelstein.de\/wordpress\/wp-json\/wp\/v2\/tags?post=5640"}],"curies":[{"name":"wp","href":"https:\/\/api.w.org\/{rel}","templated":true}]}}