{"id":5691,"date":"2018-01-16T14:42:36","date_gmt":"2018-01-16T13:42:36","guid":{"rendered":"http:\/\/www.jugendfussball-wendelstein.de\/wordpress\/?p=5691"},"modified":"2018-01-16T14:43:06","modified_gmt":"2018-01-16T13:43:06","slug":"u14-junioren-mit-platz-2-4-beim-eigenem-u14-hallenturnier","status":"publish","type":"post","link":"https:\/\/www.jugendfussball-wendelstein.de\/wordpress\/u14-junioren-mit-platz-2-4-beim-eigenem-u14-hallenturnier\/","title":{"rendered":"U14-Junioren mit Platz 2.+ 4. beim eigenem U14-Hallenturnier"},"content":{"rendered":"<p>14.01.2018 : Bereits vergangenen Sonntag war es endlich wieder soweit der junge C-Jugend Jahrgang der JFG lud zum eigenen Hallenturnier. Schon in den vergangenen Jahren zeigten die Turniere aller Mannschaften, dass es immer wieder gelingt ein tolles und vor allem hochkar\u00e4tiges Teilnehmerfeld in die wundersch\u00f6ne Hans-Seufert-Halle zu locken.\u00a0 Sicher ist es immer eine besondere Anerkennung an die Arbeit der Verantwortlichen wenn sich der Nachwuchs der Bundesligisten und der BFV-Nachwuchsleistungszentren in Wendelstein einfindet. Und so war es also auch an diesem Sonntag wieder eine tolle Mischung aus Topmannschaften welche in zwei f\u00fcnfer Gruppen Ihre Halbfinalteilnehmer ausspielten. Gro\u00dfe Tore, eine Bande und zehn Minuten Spielzeit versprachen dabei bereits im Vorfeld viele Tore und vor allem aber hochklassige Jugendspiele.<\/p>\n<p>Die U14 der Blues trat in diesem Teilnehmerfeld mit zwei Mannschaften an, getrennt also in zwei gleich gro\u00dfe und gleich starke Teile. Sportlich musste man also sehen wohin der Weg f\u00fchrt an einem langen und anstrengenden Nachmittag.<\/p>\n<p>Bereits die ersten beiden Spiele Untermauerten dann aber die Topleistungen der vergangenen Turniere. Das Wendelsteiner Team welches in Gruppe A platziert war spielte an diesem Tag gekleidet mit blau\/roten Trikots. Der erste Gegner war der ATSV Erlangen, ein rasant schnell aufstrebender Verein. Gegen den Spielwitz und die Teils \u00fcberfallartigen Angriffe der Blues hatte der Gegner aber zu keiner Zeit ein Mittel finden k\u00f6nnen. Und so war am Ende dann auch der Endstand von 5:0 hoch verdient!<\/p>\n<p>Der restliche Teil spielte dann selbsterkl\u00e4rend in der Gruppe B jedoch in wei\u00df gekleidet. Hier hie\u00df der erste Gegner FC Amberg, auch Amberg ist ja f\u00fcr seine tolle Jugendarbeit bekannt.\u00a0 Team wei\u00df aus der Marktgemeinde lies seinen Gegner und den Ball schnell und sicher laufen. Letztendlich konnte man vier seiner Torchancen dann im Kasten der Amberger unterbringen, da Amberg seinerseits keine klare Chance kreieren konnte, endete die Partie mit hochverdient mit 4:0.<\/p>\n<p>Im zweiten Spiel stand Team blau\/rot\u00a0 dem starken W\u00fcrzburger FV gegen\u00fcber. In einer packenden und wahnsinnig schnellen Partie schenkten sich beide Mannschaft nichts. Sicher war dieses Spiel eines der spannendsten Spiele welches im sp\u00e4teren Verlauf seine Fortsetzung fand, vielleicht hatten die Spieler beider Farben dies geahnt und sich deshalb friedlich mit 3:3 getrennt.<\/p>\n<p>Team wei\u00df stand im zweiten Spiel gleich einen ganz dicker Brocken gegen\u00fcber, kein geringerer als das NLZ von Wacker Burghausen war der Kontrahent. Wendelstein spielte von Beginn an forsch und frech nach vorne, zwei toll vorgetragene Angriffe konnten dann auch zur fr\u00fchen 2:0 F\u00fchrung genutzt werden. Wacker versuchte in den letzten Minuten der Partie noch einmal alles, mehr als der Anschlusstreffer gelang den Burghausenern aber nicht mehr. Und so endete die Begegnung mit 2:1 f\u00fcr die JFG.<\/p>\n<p>Nicht minder schwer w\u00fcrde das dritte Gruppenspiel f\u00fcr Team blau\/rot werden, dies war beim Blick auf den Gegner schon im Vorfeld klar. Das NLZ der SpVgg Ansbach forderte die ungeschlagenen Wendelsteiner heraus. In einem spannenden und Kampfbetonten Spiel behielt die JFG am Ende mit dem einzigen Tor der Partie die Oberhand. Sieben Punkte aus drei Spielen konnten sich durchaus sehen lassen.<\/p>\n<p>Mannschaft wei\u00df sah sich dann dem FSV Erlangen Bruck gegen\u00fcber. Mittlerweile ein durchaus bekannter Gegner hat man doch schon etliche Partien in Freundschaft bestritten. Beim Blick auf die Tabelle der Gruppe B war aber schnell klar das es keine Freundschaften zu pflegen galt sondern vielmehr darum den Einzug in das Halbfinale perfekt zu machen. Mit genau dieser Einstellung und diesem Willen gingen die Blues auch zu Werke. Am Ende war es dann ein knapper aber dennoch verdienter 1:0 Sieg f\u00fcr unsere Farben.<\/p>\n<p>F\u00fcr Team blau\/rot ging es dann in Spiel vier, im \u00fcbrigen schon das letzte Gruppenspiel, gegen unseren Partnerverein vom 1.FC N\u00fcrnberg. Ein Sieg musste her um den sicheren Einzug in das \u00dcberkreuzspiel feiern zu k\u00f6nnen. Von viel Sicherheit in der jeweiligen Defensive und damit relativ wenigen Chancen war diese Partie gepr\u00e4gt. Eine dieser Chancen konnte die Mannschaft aus der Marktgemeinde dann aber doch zum 1:0 Siegtreffer nutzen.<\/p>\n<p>Die in wei\u00df gekleidete Mannschaft aus Wendelstein war ja bereits als Gruppensieger festgestanden. Wenn der Gegner dann aber der Bundesliga Nachwuchs der SpVgg Greuther F\u00fcrth ist m\u00f6chte nat\u00fcrlich jeder Fu\u00dfballer noch einmal sein ganzes K\u00f6nnen aufbieten. Mit viel Spielwitz und einer klaren \u00dcberlegenheit in den ersten vier Minuten erspielte man sich einen 2:0 Vorsprung. Erst jetzt erwachte das Kleeblatt und setzte seinerseits zur Aufholjagt an, deutlich gef\u00e4lliger lief der Ball nun in den F\u00fcrther Reihen. Wendelsteins Defensive hielt aber bis zum ert\u00f6nen der Schlusssirene ohne Gegentreffer stand.<\/p>\n<p>Da die Tabellenkonstellation denkbar ung\u00fcnstig f\u00fcr die Blues war musste man bereits im Halbfinale gegeneinander antreten. Bei einem so toll besetzten Turnier war aber auch dies schon ein gro\u00dfer Erfolg! \u00dcber dieses Halbfinale braucht man sportlich dann eher weniger Worte verlieren, wenn zwei eigene Teams gegeneinander spielen ist dies eher von Vorsicht als von letztem Risiko gepr\u00e4gt. Schlussendlich konnte Team wei\u00df die Partie dann mit 2:1 f\u00fcr sich entscheiden.<\/p>\n<p>Das kleine Finale ist dann ganz schnell erz\u00e4hlt, Team blau\/rot stand erneut dem W\u00fcrzburger FV gegen\u00fcber. Und nicht nur die Partie hatte so ja bereits stattgefunden nein auch das Endergebnis und der Verlauf waren identisch, erneut trennten sich die Kontrahenten mit 3:3. Und so musste also das Siebenmeterschie\u00dfen entscheiden, ungl\u00fccklich f\u00fcr die Blues das der letzte zur Verf\u00fcgung stehende Sch\u00fctze das Leder nicht im Geh\u00e4use unterbringen konnte.<\/p>\n<p>Mannschaft wei\u00df wollte es Finale nun einen Tick besser machen und das Turnier f\u00fcr sich entscheiden. Auch die Finalbegegnung hatte es im Turnierverlauf schon einmal gegeben, dort behielten die Blues mit 1:0 die Oberhand \u00fcber den FSV Erlangen Bruck. Die Partie war vom Tempo und der spielerischen st\u00e4rke einem Finale absolut w\u00fcrdig. Am Ende entschied ein Treffer dieses tolle Endspiel. Aus Sicht der Wendelsteiner fiel dies Treffer leider auf der falschen Seite und so blieb am Ende nur die Gratulationen an unsere Freunde aus Erlangen zu richten.<\/p>\n<p>Die U14 der JFG Wendelstein mit Ihrem Trainerteam bedankt sich bei allen Teilnehmenden Mannschaften f\u00fcr das erscheinen und die \u00e4u\u00dferst fairen Spiele. Au\u00dferdem geht ein gro\u00dfer Dank an unsere Helfer und insbesondere unsere Schiedsrichter!<\/p>\n<p>Endstand :<\/p>\n<ol>\n<li>FSV Erlangen Bruck<\/li>\n<li><strong>JFG Wendelstein (W)<\/strong><\/li>\n<li>W\u00fcrzburger FV<\/li>\n<li><strong>JFG Wendelstein (b\/r)<\/strong><\/li>\n<li>SpVgg Ansbach<\/li>\n<li>1.FC N\u00fcrnberg (U13)<\/li>\n<li>SpVgg Greuther F\u00fcrth (U13)<\/li>\n<li>Wacker Burghausen<\/li>\n<li>FC Amberg<\/li>\n<li>ATSV Erlangen<\/li>\n<\/ol>\n<p><img loading=\"lazy\" decoding=\"async\" class=\"alignnone size-medium wp-image-5692\" src=\"https:\/\/www.jugendfussball-wendelstein.de\/wordpress\/wp-content\/uploads\/2018\/01\/P2170820_1920-350x197.jpg\" alt=\"\" width=\"350\" height=\"197\" srcset=\"https:\/\/www.jugendfussball-wendelstein.de\/wordpress\/wp-content\/uploads\/2018\/01\/P2170820_1920-350x197.jpg 350w, https:\/\/www.jugendfussball-wendelstein.de\/wordpress\/wp-content\/uploads\/2018\/01\/P2170820_1920-768x432.jpg 768w, https:\/\/www.jugendfussball-wendelstein.de\/wordpress\/wp-content\/uploads\/2018\/01\/P2170820_1920-1024x576.jpg 1024w, https:\/\/www.jugendfussball-wendelstein.de\/wordpress\/wp-content\/uploads\/2018\/01\/P2170820_1920.jpg 1920w\" sizes=\"(max-width: 350px) 100vw, 350px\" \/><\/p>\n","protected":false},"excerpt":{"rendered":"<p>14.01.2018 : Bereits vergangenen Sonntag war es endlich wieder soweit der junge C-Jugend Jahrgang der JFG lud zum eigenen Hallenturnier. Schon in den vergangenen Jahren zeigten die Turniere aller Mannschaften, dass es immer wieder gelingt ein tolles und vor allem hochkar\u00e4tiges Teilnehmerfeld in die wundersch\u00f6ne Hans-Seufert-Halle zu locken.\u00a0 Sicher ist es immer eine besondere Anerkennung [&hellip;]<\/p>\n","protected":false},"author":4,"featured_media":0,"comment_status":"closed","ping_status":"closed","sticky":false,"template":"","format":"standard","meta":{"saved_in_kubio":false,"footnotes":""},"categories":[2,16,18],"tags":[],"class_list":["post-5691","post","type-post","status-publish","format-standard","hentry","category-gf","category-spielbericht","category-u14"],"yoast_head":"<!-- This site is optimized with the Yoast SEO plugin v27.4 - https:\/\/yoast.com\/product\/yoast-seo-wordpress\/ -->\n<title>U14-Junioren mit Platz 2.+ 4. beim eigenem U14-Hallenturnier - JFG Wendelstein<\/title>\n<meta name=\"robots\" content=\"index, follow, max-snippet:-1, max-image-preview:large, max-video-preview:-1\" \/>\n<link rel=\"canonical\" href=\"https:\/\/www.jugendfussball-wendelstein.de\/wordpress\/u14-junioren-mit-platz-2-4-beim-eigenem-u14-hallenturnier\/\" \/>\n<meta property=\"og:locale\" content=\"de_DE\" \/>\n<meta property=\"og:type\" content=\"article\" \/>\n<meta property=\"og:title\" content=\"U14-Junioren mit Platz 2.+ 4. beim eigenem U14-Hallenturnier - JFG Wendelstein\" \/>\n<meta property=\"og:description\" content=\"14.01.2018 : Bereits vergangenen Sonntag war es endlich wieder soweit der junge C-Jugend Jahrgang der JFG lud zum eigenen Hallenturnier. Schon in den vergangenen Jahren zeigten die Turniere aller Mannschaften, dass es immer wieder gelingt ein tolles und vor allem hochkar\u00e4tiges Teilnehmerfeld in die wundersch\u00f6ne Hans-Seufert-Halle zu locken.\u00a0 Sicher ist es immer eine besondere Anerkennung [&hellip;]\" \/>\n<meta property=\"og:url\" content=\"https:\/\/www.jugendfussball-wendelstein.de\/wordpress\/u14-junioren-mit-platz-2-4-beim-eigenem-u14-hallenturnier\/\" \/>\n<meta property=\"og:site_name\" content=\"JFG Wendelstein\" \/>\n<meta property=\"article:published_time\" content=\"2018-01-16T13:42:36+00:00\" \/>\n<meta property=\"article:modified_time\" content=\"2018-01-16T13:43:06+00:00\" \/>\n<meta property=\"og:image\" content=\"http:\/\/www.jugendfussball-wendelstein.de\/wordpress\/wp-content\/uploads\/2018\/01\/P2170820_1920-350x197.jpg\" \/>\n<meta name=\"author\" content=\"Autor\" \/>\n<meta name=\"twitter:card\" content=\"summary_large_image\" \/>\n<meta name=\"twitter:label1\" content=\"Verfasst von\" \/>\n\t<meta name=\"twitter:data1\" content=\"Autor\" \/>\n\t<meta name=\"twitter:label2\" content=\"Gesch\u00e4tzte Lesezeit\" \/>\n\t<meta name=\"twitter:data2\" content=\"5\u00a0Minuten\" \/>\n<script type=\"application\/ld+json\" class=\"yoast-schema-graph\">{\"@context\":\"https:\\\/\\\/schema.org\",\"@graph\":[{\"@type\":\"Article\",\"@id\":\"https:\\\/\\\/www.jugendfussball-wendelstein.de\\\/wordpress\\\/u14-junioren-mit-platz-2-4-beim-eigenem-u14-hallenturnier\\\/#article\",\"isPartOf\":{\"@id\":\"https:\\\/\\\/www.jugendfussball-wendelstein.de\\\/wordpress\\\/u14-junioren-mit-platz-2-4-beim-eigenem-u14-hallenturnier\\\/\"},\"author\":{\"name\":\"Autor\",\"@id\":\"https:\\\/\\\/www.jugendfussball-wendelstein.de\\\/wordpress\\\/#\\\/schema\\\/person\\\/75aadcbd4be1b3af1c1d785397472bc9\"},\"headline\":\"U14-Junioren mit Platz 2.+ 4. beim eigenem U14-Hallenturnier\",\"datePublished\":\"2018-01-16T13:42:36+00:00\",\"dateModified\":\"2018-01-16T13:43:06+00:00\",\"mainEntityOfPage\":{\"@id\":\"https:\\\/\\\/www.jugendfussball-wendelstein.de\\\/wordpress\\\/u14-junioren-mit-platz-2-4-beim-eigenem-u14-hallenturnier\\\/\"},\"wordCount\":1069,\"image\":{\"@id\":\"https:\\\/\\\/www.jugendfussball-wendelstein.de\\\/wordpress\\\/u14-junioren-mit-platz-2-4-beim-eigenem-u14-hallenturnier\\\/#primaryimage\"},\"thumbnailUrl\":\"http:\\\/\\\/www.jugendfussball-wendelstein.de\\\/wordpress\\\/wp-content\\\/uploads\\\/2018\\\/01\\\/P2170820_1920-350x197.jpg\",\"articleSection\":[\"Gro\u00dffeld\",\"Spielbericht\",\"U14\"],\"inLanguage\":\"de\"},{\"@type\":\"WebPage\",\"@id\":\"https:\\\/\\\/www.jugendfussball-wendelstein.de\\\/wordpress\\\/u14-junioren-mit-platz-2-4-beim-eigenem-u14-hallenturnier\\\/\",\"url\":\"https:\\\/\\\/www.jugendfussball-wendelstein.de\\\/wordpress\\\/u14-junioren-mit-platz-2-4-beim-eigenem-u14-hallenturnier\\\/\",\"name\":\"U14-Junioren mit Platz 2.+ 4. beim eigenem U14-Hallenturnier - JFG Wendelstein\",\"isPartOf\":{\"@id\":\"https:\\\/\\\/www.jugendfussball-wendelstein.de\\\/wordpress\\\/#website\"},\"primaryImageOfPage\":{\"@id\":\"https:\\\/\\\/www.jugendfussball-wendelstein.de\\\/wordpress\\\/u14-junioren-mit-platz-2-4-beim-eigenem-u14-hallenturnier\\\/#primaryimage\"},\"image\":{\"@id\":\"https:\\\/\\\/www.jugendfussball-wendelstein.de\\\/wordpress\\\/u14-junioren-mit-platz-2-4-beim-eigenem-u14-hallenturnier\\\/#primaryimage\"},\"thumbnailUrl\":\"http:\\\/\\\/www.jugendfussball-wendelstein.de\\\/wordpress\\\/wp-content\\\/uploads\\\/2018\\\/01\\\/P2170820_1920-350x197.jpg\",\"datePublished\":\"2018-01-16T13:42:36+00:00\",\"dateModified\":\"2018-01-16T13:43:06+00:00\",\"author\":{\"@id\":\"https:\\\/\\\/www.jugendfussball-wendelstein.de\\\/wordpress\\\/#\\\/schema\\\/person\\\/75aadcbd4be1b3af1c1d785397472bc9\"},\"breadcrumb\":{\"@id\":\"https:\\\/\\\/www.jugendfussball-wendelstein.de\\\/wordpress\\\/u14-junioren-mit-platz-2-4-beim-eigenem-u14-hallenturnier\\\/#breadcrumb\"},\"inLanguage\":\"de\",\"potentialAction\":[{\"@type\":\"ReadAction\",\"target\":[\"https:\\\/\\\/www.jugendfussball-wendelstein.de\\\/wordpress\\\/u14-junioren-mit-platz-2-4-beim-eigenem-u14-hallenturnier\\\/\"]}]},{\"@type\":\"ImageObject\",\"inLanguage\":\"de\",\"@id\":\"https:\\\/\\\/www.jugendfussball-wendelstein.de\\\/wordpress\\\/u14-junioren-mit-platz-2-4-beim-eigenem-u14-hallenturnier\\\/#primaryimage\",\"url\":\"http:\\\/\\\/www.jugendfussball-wendelstein.de\\\/wordpress\\\/wp-content\\\/uploads\\\/2018\\\/01\\\/P2170820_1920-350x197.jpg\",\"contentUrl\":\"http:\\\/\\\/www.jugendfussball-wendelstein.de\\\/wordpress\\\/wp-content\\\/uploads\\\/2018\\\/01\\\/P2170820_1920-350x197.jpg\"},{\"@type\":\"BreadcrumbList\",\"@id\":\"https:\\\/\\\/www.jugendfussball-wendelstein.de\\\/wordpress\\\/u14-junioren-mit-platz-2-4-beim-eigenem-u14-hallenturnier\\\/#breadcrumb\",\"itemListElement\":[{\"@type\":\"ListItem\",\"position\":1,\"name\":\"Startseite\",\"item\":\"https:\\\/\\\/www.jugendfussball-wendelstein.de\\\/wordpress\\\/\"},{\"@type\":\"ListItem\",\"position\":2,\"name\":\"U14-Junioren mit Platz 2.+ 4. beim eigenem U14-Hallenturnier\"}]},{\"@type\":\"WebSite\",\"@id\":\"https:\\\/\\\/www.jugendfussball-wendelstein.de\\\/wordpress\\\/#website\",\"url\":\"https:\\\/\\\/www.jugendfussball-wendelstein.de\\\/wordpress\\\/\",\"name\":\"JFG Wendelstein\",\"description\":\"Juniorenfu\u00dfball\",\"potentialAction\":[{\"@type\":\"SearchAction\",\"target\":{\"@type\":\"EntryPoint\",\"urlTemplate\":\"https:\\\/\\\/www.jugendfussball-wendelstein.de\\\/wordpress\\\/?s={search_term_string}\"},\"query-input\":{\"@type\":\"PropertyValueSpecification\",\"valueRequired\":true,\"valueName\":\"search_term_string\"}}],\"inLanguage\":\"de\"},{\"@type\":\"Person\",\"@id\":\"https:\\\/\\\/www.jugendfussball-wendelstein.de\\\/wordpress\\\/#\\\/schema\\\/person\\\/75aadcbd4be1b3af1c1d785397472bc9\",\"name\":\"Autor\",\"image\":{\"@type\":\"ImageObject\",\"inLanguage\":\"de\",\"@id\":\"https:\\\/\\\/secure.gravatar.com\\\/avatar\\\/01dd9b7f2dc8d635302f1c57c2289838e9fe288acd1c06c8f8ad332b8e2a60c9?s=96&d=mm&r=g\",\"url\":\"https:\\\/\\\/secure.gravatar.com\\\/avatar\\\/01dd9b7f2dc8d635302f1c57c2289838e9fe288acd1c06c8f8ad332b8e2a60c9?s=96&d=mm&r=g\",\"contentUrl\":\"https:\\\/\\\/secure.gravatar.com\\\/avatar\\\/01dd9b7f2dc8d635302f1c57c2289838e9fe288acd1c06c8f8ad332b8e2a60c9?s=96&d=mm&r=g\",\"caption\":\"Autor\"},\"url\":\"https:\\\/\\\/www.jugendfussball-wendelstein.de\\\/wordpress\\\/author\\\/autor\\\/\"}]}<\/script>\n<!-- \/ Yoast SEO plugin. -->","yoast_head_json":{"title":"U14-Junioren mit Platz 2.+ 4. beim eigenem U14-Hallenturnier - JFG Wendelstein","robots":{"index":"index","follow":"follow","max-snippet":"max-snippet:-1","max-image-preview":"max-image-preview:large","max-video-preview":"max-video-preview:-1"},"canonical":"https:\/\/www.jugendfussball-wendelstein.de\/wordpress\/u14-junioren-mit-platz-2-4-beim-eigenem-u14-hallenturnier\/","og_locale":"de_DE","og_type":"article","og_title":"U14-Junioren mit Platz 2.+ 4. beim eigenem U14-Hallenturnier - JFG Wendelstein","og_description":"14.01.2018 : Bereits vergangenen Sonntag war es endlich wieder soweit der junge C-Jugend Jahrgang der JFG lud zum eigenen Hallenturnier. Schon in den vergangenen Jahren zeigten die Turniere aller Mannschaften, dass es immer wieder gelingt ein tolles und vor allem hochkar\u00e4tiges Teilnehmerfeld in die wundersch\u00f6ne Hans-Seufert-Halle zu locken.\u00a0 Sicher ist es immer eine besondere Anerkennung [&hellip;]","og_url":"https:\/\/www.jugendfussball-wendelstein.de\/wordpress\/u14-junioren-mit-platz-2-4-beim-eigenem-u14-hallenturnier\/","og_site_name":"JFG Wendelstein","article_published_time":"2018-01-16T13:42:36+00:00","article_modified_time":"2018-01-16T13:43:06+00:00","og_image":[{"url":"http:\/\/www.jugendfussball-wendelstein.de\/wordpress\/wp-content\/uploads\/2018\/01\/P2170820_1920-350x197.jpg","type":"","width":"","height":""}],"author":"Autor","twitter_card":"summary_large_image","twitter_misc":{"Verfasst von":"Autor","Gesch\u00e4tzte Lesezeit":"5\u00a0Minuten"},"schema":{"@context":"https:\/\/schema.org","@graph":[{"@type":"Article","@id":"https:\/\/www.jugendfussball-wendelstein.de\/wordpress\/u14-junioren-mit-platz-2-4-beim-eigenem-u14-hallenturnier\/#article","isPartOf":{"@id":"https:\/\/www.jugendfussball-wendelstein.de\/wordpress\/u14-junioren-mit-platz-2-4-beim-eigenem-u14-hallenturnier\/"},"author":{"name":"Autor","@id":"https:\/\/www.jugendfussball-wendelstein.de\/wordpress\/#\/schema\/person\/75aadcbd4be1b3af1c1d785397472bc9"},"headline":"U14-Junioren mit Platz 2.+ 4. beim eigenem U14-Hallenturnier","datePublished":"2018-01-16T13:42:36+00:00","dateModified":"2018-01-16T13:43:06+00:00","mainEntityOfPage":{"@id":"https:\/\/www.jugendfussball-wendelstein.de\/wordpress\/u14-junioren-mit-platz-2-4-beim-eigenem-u14-hallenturnier\/"},"wordCount":1069,"image":{"@id":"https:\/\/www.jugendfussball-wendelstein.de\/wordpress\/u14-junioren-mit-platz-2-4-beim-eigenem-u14-hallenturnier\/#primaryimage"},"thumbnailUrl":"http:\/\/www.jugendfussball-wendelstein.de\/wordpress\/wp-content\/uploads\/2018\/01\/P2170820_1920-350x197.jpg","articleSection":["Gro\u00dffeld","Spielbericht","U14"],"inLanguage":"de"},{"@type":"WebPage","@id":"https:\/\/www.jugendfussball-wendelstein.de\/wordpress\/u14-junioren-mit-platz-2-4-beim-eigenem-u14-hallenturnier\/","url":"https:\/\/www.jugendfussball-wendelstein.de\/wordpress\/u14-junioren-mit-platz-2-4-beim-eigenem-u14-hallenturnier\/","name":"U14-Junioren mit Platz 2.+ 4. beim eigenem U14-Hallenturnier - JFG Wendelstein","isPartOf":{"@id":"https:\/\/www.jugendfussball-wendelstein.de\/wordpress\/#website"},"primaryImageOfPage":{"@id":"https:\/\/www.jugendfussball-wendelstein.de\/wordpress\/u14-junioren-mit-platz-2-4-beim-eigenem-u14-hallenturnier\/#primaryimage"},"image":{"@id":"https:\/\/www.jugendfussball-wendelstein.de\/wordpress\/u14-junioren-mit-platz-2-4-beim-eigenem-u14-hallenturnier\/#primaryimage"},"thumbnailUrl":"http:\/\/www.jugendfussball-wendelstein.de\/wordpress\/wp-content\/uploads\/2018\/01\/P2170820_1920-350x197.jpg","datePublished":"2018-01-16T13:42:36+00:00","dateModified":"2018-01-16T13:43:06+00:00","author":{"@id":"https:\/\/www.jugendfussball-wendelstein.de\/wordpress\/#\/schema\/person\/75aadcbd4be1b3af1c1d785397472bc9"},"breadcrumb":{"@id":"https:\/\/www.jugendfussball-wendelstein.de\/wordpress\/u14-junioren-mit-platz-2-4-beim-eigenem-u14-hallenturnier\/#breadcrumb"},"inLanguage":"de","potentialAction":[{"@type":"ReadAction","target":["https:\/\/www.jugendfussball-wendelstein.de\/wordpress\/u14-junioren-mit-platz-2-4-beim-eigenem-u14-hallenturnier\/"]}]},{"@type":"ImageObject","inLanguage":"de","@id":"https:\/\/www.jugendfussball-wendelstein.de\/wordpress\/u14-junioren-mit-platz-2-4-beim-eigenem-u14-hallenturnier\/#primaryimage","url":"http:\/\/www.jugendfussball-wendelstein.de\/wordpress\/wp-content\/uploads\/2018\/01\/P2170820_1920-350x197.jpg","contentUrl":"http:\/\/www.jugendfussball-wendelstein.de\/wordpress\/wp-content\/uploads\/2018\/01\/P2170820_1920-350x197.jpg"},{"@type":"BreadcrumbList","@id":"https:\/\/www.jugendfussball-wendelstein.de\/wordpress\/u14-junioren-mit-platz-2-4-beim-eigenem-u14-hallenturnier\/#breadcrumb","itemListElement":[{"@type":"ListItem","position":1,"name":"Startseite","item":"https:\/\/www.jugendfussball-wendelstein.de\/wordpress\/"},{"@type":"ListItem","position":2,"name":"U14-Junioren mit Platz 2.+ 4. beim eigenem U14-Hallenturnier"}]},{"@type":"WebSite","@id":"https:\/\/www.jugendfussball-wendelstein.de\/wordpress\/#website","url":"https:\/\/www.jugendfussball-wendelstein.de\/wordpress\/","name":"JFG Wendelstein","description":"Juniorenfu\u00dfball","potentialAction":[{"@type":"SearchAction","target":{"@type":"EntryPoint","urlTemplate":"https:\/\/www.jugendfussball-wendelstein.de\/wordpress\/?s={search_term_string}"},"query-input":{"@type":"PropertyValueSpecification","valueRequired":true,"valueName":"search_term_string"}}],"inLanguage":"de"},{"@type":"Person","@id":"https:\/\/www.jugendfussball-wendelstein.de\/wordpress\/#\/schema\/person\/75aadcbd4be1b3af1c1d785397472bc9","name":"Autor","image":{"@type":"ImageObject","inLanguage":"de","@id":"https:\/\/secure.gravatar.com\/avatar\/01dd9b7f2dc8d635302f1c57c2289838e9fe288acd1c06c8f8ad332b8e2a60c9?s=96&d=mm&r=g","url":"https:\/\/secure.gravatar.com\/avatar\/01dd9b7f2dc8d635302f1c57c2289838e9fe288acd1c06c8f8ad332b8e2a60c9?s=96&d=mm&r=g","contentUrl":"https:\/\/secure.gravatar.com\/avatar\/01dd9b7f2dc8d635302f1c57c2289838e9fe288acd1c06c8f8ad332b8e2a60c9?s=96&d=mm&r=g","caption":"Autor"},"url":"https:\/\/www.jugendfussball-wendelstein.de\/wordpress\/author\/autor\/"}]}},"_links":{"self":[{"href":"https:\/\/www.jugendfussball-wendelstein.de\/wordpress\/wp-json\/wp\/v2\/posts\/5691","targetHints":{"allow":["GET"]}}],"collection":[{"href":"https:\/\/www.jugendfussball-wendelstein.de\/wordpress\/wp-json\/wp\/v2\/posts"}],"about":[{"href":"https:\/\/www.jugendfussball-wendelstein.de\/wordpress\/wp-json\/wp\/v2\/types\/post"}],"author":[{"embeddable":true,"href":"https:\/\/www.jugendfussball-wendelstein.de\/wordpress\/wp-json\/wp\/v2\/users\/4"}],"replies":[{"embeddable":true,"href":"https:\/\/www.jugendfussball-wendelstein.de\/wordpress\/wp-json\/wp\/v2\/comments?post=5691"}],"version-history":[{"count":0,"href":"https:\/\/www.jugendfussball-wendelstein.de\/wordpress\/wp-json\/wp\/v2\/posts\/5691\/revisions"}],"wp:attachment":[{"href":"https:\/\/www.jugendfussball-wendelstein.de\/wordpress\/wp-json\/wp\/v2\/media?parent=5691"}],"wp:term":[{"taxonomy":"category","embeddable":true,"href":"https:\/\/www.jugendfussball-wendelstein.de\/wordpress\/wp-json\/wp\/v2\/categories?post=5691"},{"taxonomy":"post_tag","embeddable":true,"href":"https:\/\/www.jugendfussball-wendelstein.de\/wordpress\/wp-json\/wp\/v2\/tags?post=5691"}],"curies":[{"name":"wp","href":"https:\/\/api.w.org\/{rel}","templated":true}]}}