{"id":5940,"date":"2018-03-26T21:41:52","date_gmt":"2018-03-26T19:41:52","guid":{"rendered":"http:\/\/www.jugendfussball-wendelstein.de\/wordpress\/?p=5940"},"modified":"2018-03-26T21:41:52","modified_gmt":"2018-03-26T19:41:52","slug":"1-fc-nuernberg-u14-jfgw-15","status":"publish","type":"post","link":"https:\/\/www.jugendfussball-wendelstein.de\/wordpress\/1-fc-nuernberg-u14-jfgw-15\/","title":{"rendered":"1.FC N\u00fcrnberg (U14)  &#8211; JFGW  1:5"},"content":{"rendered":"<p>25.03.2018 : U15 testet erfolgreich gegen die U14 des 1.FC N\u00fcrnberg<\/p>\n<p>Bei herrlich sonnigen Fr\u00fchlingswetter war die Bayernligavertretung der JFG am vergangenen Sonntag zu Gast beim 1.FC N\u00fcrnberg. Dort trafen die Blues auf die U14 des Bundesliga NLZ welche seinerseits in der Bundesliga F\u00f6rderrunde spielt. Zu Beginn einigte man sich auf eine Spielzeit von 75 Minuten aufgeteilt in drei Drittel um in den jeweiligen Pausen Korrekturen vornehmen zu k\u00f6nnen.<\/p>\n<p>Das gesamte Spiel l\u00e4sst sich dann in wenigen S\u00e4tzen beschreiben. W\u00e4hrend der Club durch sein technisch \u00e4u\u00dferst sauberes und sicheres Passspiel mit Ballbesitz zu \u00fcberzeugen wusste, konnte die JFG seinerseits durch schnell vorgetragene Angriffe \u00fcberzeugen. Am Ende stand aufgrund der klareren Chancen und deren Verwertung ein deutlicher 5:1 Sieg f\u00fcr Wendelstein auf der Anzeigetafel. Sicher h\u00e4tte der FCN mit etwas mehr Zielstrebigkeit das ein oder andere Mal gef\u00e4hrlich werden k\u00f6nnen, die JFG Abwehr stand aber wie bereits in den vorangegangen Spielen exzellent. Einziger Wehmutstropfen war dann der Gegentreffer drei Minuten vor dem Ende welchen man verletzungsbedingt mit einem Mann Unterzahl hinnehmen musste.<\/p>\n<p>Alles in allem also ein gelungener Test bei dem alle Spieler ordentlich Wettkampfpraxis sammeln konnten.<\/p>\n<p><img loading=\"lazy\" decoding=\"async\" class=\"alignnone size-medium wp-image-5743\" src=\"https:\/\/www.jugendfussball-wendelstein.de\/wordpress\/wp-content\/uploads\/2018\/02\/teamU15-201718-350x242.jpg\" alt=\"\" width=\"350\" height=\"242\" srcset=\"https:\/\/www.jugendfussball-wendelstein.de\/wordpress\/wp-content\/uploads\/2018\/02\/teamU15-201718-350x242.jpg 350w, https:\/\/www.jugendfussball-wendelstein.de\/wordpress\/wp-content\/uploads\/2018\/02\/teamU15-201718-768x530.jpg 768w, https:\/\/www.jugendfussball-wendelstein.de\/wordpress\/wp-content\/uploads\/2018\/02\/teamU15-201718.jpg 1000w\" sizes=\"(max-width: 350px) 100vw, 350px\" \/><\/p>\n","protected":false},"excerpt":{"rendered":"<p>25.03.2018 : U15 testet erfolgreich gegen die U14 des 1.FC N\u00fcrnberg Bei herrlich sonnigen Fr\u00fchlingswetter war die Bayernligavertretung der JFG am vergangenen Sonntag zu Gast beim 1.FC N\u00fcrnberg. Dort trafen die Blues auf die U14 des Bundesliga NLZ welche seinerseits in der Bundesliga F\u00f6rderrunde spielt. Zu Beginn einigte man sich auf eine Spielzeit von 75 [&hellip;]<\/p>\n","protected":false},"author":4,"featured_media":0,"comment_status":"closed","ping_status":"closed","sticky":false,"template":"","format":"standard","meta":{"saved_in_kubio":false,"footnotes":""},"categories":[2,16,17],"tags":[],"class_list":["post-5940","post","type-post","status-publish","format-standard","hentry","category-gf","category-spielbericht","category-u15"],"yoast_head":"<!-- This site is optimized with the Yoast SEO plugin v27.4 - https:\/\/yoast.com\/product\/yoast-seo-wordpress\/ -->\n<title>1.FC N\u00fcrnberg (U14) - JFGW 1:5 - JFG Wendelstein<\/title>\n<meta name=\"robots\" content=\"index, follow, max-snippet:-1, max-image-preview:large, max-video-preview:-1\" \/>\n<link rel=\"canonical\" href=\"https:\/\/www.jugendfussball-wendelstein.de\/wordpress\/1-fc-nuernberg-u14-jfgw-15\/\" \/>\n<meta property=\"og:locale\" content=\"de_DE\" \/>\n<meta property=\"og:type\" content=\"article\" \/>\n<meta property=\"og:title\" content=\"1.FC N\u00fcrnberg (U14) - JFGW 1:5 - JFG Wendelstein\" \/>\n<meta property=\"og:description\" content=\"25.03.2018 : U15 testet erfolgreich gegen die U14 des 1.FC N\u00fcrnberg Bei herrlich sonnigen Fr\u00fchlingswetter war die Bayernligavertretung der JFG am vergangenen Sonntag zu Gast beim 1.FC N\u00fcrnberg. Dort trafen die Blues auf die U14 des Bundesliga NLZ welche seinerseits in der Bundesliga F\u00f6rderrunde spielt. Zu Beginn einigte man sich auf eine Spielzeit von 75 [&hellip;]\" \/>\n<meta property=\"og:url\" content=\"https:\/\/www.jugendfussball-wendelstein.de\/wordpress\/1-fc-nuernberg-u14-jfgw-15\/\" \/>\n<meta property=\"og:site_name\" content=\"JFG Wendelstein\" \/>\n<meta property=\"article:published_time\" content=\"2018-03-26T19:41:52+00:00\" \/>\n<meta property=\"og:image\" content=\"http:\/\/www.jugendfussball-wendelstein.de\/wordpress\/wp-content\/uploads\/2018\/02\/teamU15-201718-350x242.jpg\" \/>\n<meta name=\"author\" content=\"Autor\" \/>\n<meta name=\"twitter:card\" content=\"summary_large_image\" \/>\n<meta name=\"twitter:label1\" content=\"Verfasst von\" \/>\n\t<meta name=\"twitter:data1\" content=\"Autor\" \/>\n\t<meta name=\"twitter:label2\" content=\"Gesch\u00e4tzte Lesezeit\" \/>\n\t<meta name=\"twitter:data2\" content=\"1\u00a0Minute\" \/>\n<script type=\"application\/ld+json\" class=\"yoast-schema-graph\">{\"@context\":\"https:\\\/\\\/schema.org\",\"@graph\":[{\"@type\":\"Article\",\"@id\":\"https:\\\/\\\/www.jugendfussball-wendelstein.de\\\/wordpress\\\/1-fc-nuernberg-u14-jfgw-15\\\/#article\",\"isPartOf\":{\"@id\":\"https:\\\/\\\/www.jugendfussball-wendelstein.de\\\/wordpress\\\/1-fc-nuernberg-u14-jfgw-15\\\/\"},\"author\":{\"name\":\"Autor\",\"@id\":\"https:\\\/\\\/www.jugendfussball-wendelstein.de\\\/wordpress\\\/#\\\/schema\\\/person\\\/75aadcbd4be1b3af1c1d785397472bc9\"},\"headline\":\"1.FC N\u00fcrnberg (U14) &#8211; JFGW 1:5\",\"datePublished\":\"2018-03-26T19:41:52+00:00\",\"mainEntityOfPage\":{\"@id\":\"https:\\\/\\\/www.jugendfussball-wendelstein.de\\\/wordpress\\\/1-fc-nuernberg-u14-jfgw-15\\\/\"},\"wordCount\":201,\"image\":{\"@id\":\"https:\\\/\\\/www.jugendfussball-wendelstein.de\\\/wordpress\\\/1-fc-nuernberg-u14-jfgw-15\\\/#primaryimage\"},\"thumbnailUrl\":\"http:\\\/\\\/www.jugendfussball-wendelstein.de\\\/wordpress\\\/wp-content\\\/uploads\\\/2018\\\/02\\\/teamU15-201718-350x242.jpg\",\"articleSection\":[\"Gro\u00dffeld\",\"Spielbericht\",\"U15\"],\"inLanguage\":\"de\"},{\"@type\":\"WebPage\",\"@id\":\"https:\\\/\\\/www.jugendfussball-wendelstein.de\\\/wordpress\\\/1-fc-nuernberg-u14-jfgw-15\\\/\",\"url\":\"https:\\\/\\\/www.jugendfussball-wendelstein.de\\\/wordpress\\\/1-fc-nuernberg-u14-jfgw-15\\\/\",\"name\":\"1.FC N\u00fcrnberg (U14) - JFGW 1:5 - JFG Wendelstein\",\"isPartOf\":{\"@id\":\"https:\\\/\\\/www.jugendfussball-wendelstein.de\\\/wordpress\\\/#website\"},\"primaryImageOfPage\":{\"@id\":\"https:\\\/\\\/www.jugendfussball-wendelstein.de\\\/wordpress\\\/1-fc-nuernberg-u14-jfgw-15\\\/#primaryimage\"},\"image\":{\"@id\":\"https:\\\/\\\/www.jugendfussball-wendelstein.de\\\/wordpress\\\/1-fc-nuernberg-u14-jfgw-15\\\/#primaryimage\"},\"thumbnailUrl\":\"http:\\\/\\\/www.jugendfussball-wendelstein.de\\\/wordpress\\\/wp-content\\\/uploads\\\/2018\\\/02\\\/teamU15-201718-350x242.jpg\",\"datePublished\":\"2018-03-26T19:41:52+00:00\",\"author\":{\"@id\":\"https:\\\/\\\/www.jugendfussball-wendelstein.de\\\/wordpress\\\/#\\\/schema\\\/person\\\/75aadcbd4be1b3af1c1d785397472bc9\"},\"breadcrumb\":{\"@id\":\"https:\\\/\\\/www.jugendfussball-wendelstein.de\\\/wordpress\\\/1-fc-nuernberg-u14-jfgw-15\\\/#breadcrumb\"},\"inLanguage\":\"de\",\"potentialAction\":[{\"@type\":\"ReadAction\",\"target\":[\"https:\\\/\\\/www.jugendfussball-wendelstein.de\\\/wordpress\\\/1-fc-nuernberg-u14-jfgw-15\\\/\"]}]},{\"@type\":\"ImageObject\",\"inLanguage\":\"de\",\"@id\":\"https:\\\/\\\/www.jugendfussball-wendelstein.de\\\/wordpress\\\/1-fc-nuernberg-u14-jfgw-15\\\/#primaryimage\",\"url\":\"http:\\\/\\\/www.jugendfussball-wendelstein.de\\\/wordpress\\\/wp-content\\\/uploads\\\/2018\\\/02\\\/teamU15-201718-350x242.jpg\",\"contentUrl\":\"http:\\\/\\\/www.jugendfussball-wendelstein.de\\\/wordpress\\\/wp-content\\\/uploads\\\/2018\\\/02\\\/teamU15-201718-350x242.jpg\"},{\"@type\":\"BreadcrumbList\",\"@id\":\"https:\\\/\\\/www.jugendfussball-wendelstein.de\\\/wordpress\\\/1-fc-nuernberg-u14-jfgw-15\\\/#breadcrumb\",\"itemListElement\":[{\"@type\":\"ListItem\",\"position\":1,\"name\":\"Startseite\",\"item\":\"https:\\\/\\\/www.jugendfussball-wendelstein.de\\\/wordpress\\\/\"},{\"@type\":\"ListItem\",\"position\":2,\"name\":\"1.FC N\u00fcrnberg (U14) &#8211; JFGW 1:5\"}]},{\"@type\":\"WebSite\",\"@id\":\"https:\\\/\\\/www.jugendfussball-wendelstein.de\\\/wordpress\\\/#website\",\"url\":\"https:\\\/\\\/www.jugendfussball-wendelstein.de\\\/wordpress\\\/\",\"name\":\"JFG Wendelstein\",\"description\":\"Juniorenfu\u00dfball\",\"potentialAction\":[{\"@type\":\"SearchAction\",\"target\":{\"@type\":\"EntryPoint\",\"urlTemplate\":\"https:\\\/\\\/www.jugendfussball-wendelstein.de\\\/wordpress\\\/?s={search_term_string}\"},\"query-input\":{\"@type\":\"PropertyValueSpecification\",\"valueRequired\":true,\"valueName\":\"search_term_string\"}}],\"inLanguage\":\"de\"},{\"@type\":\"Person\",\"@id\":\"https:\\\/\\\/www.jugendfussball-wendelstein.de\\\/wordpress\\\/#\\\/schema\\\/person\\\/75aadcbd4be1b3af1c1d785397472bc9\",\"name\":\"Autor\",\"image\":{\"@type\":\"ImageObject\",\"inLanguage\":\"de\",\"@id\":\"https:\\\/\\\/secure.gravatar.com\\\/avatar\\\/01dd9b7f2dc8d635302f1c57c2289838e9fe288acd1c06c8f8ad332b8e2a60c9?s=96&d=mm&r=g\",\"url\":\"https:\\\/\\\/secure.gravatar.com\\\/avatar\\\/01dd9b7f2dc8d635302f1c57c2289838e9fe288acd1c06c8f8ad332b8e2a60c9?s=96&d=mm&r=g\",\"contentUrl\":\"https:\\\/\\\/secure.gravatar.com\\\/avatar\\\/01dd9b7f2dc8d635302f1c57c2289838e9fe288acd1c06c8f8ad332b8e2a60c9?s=96&d=mm&r=g\",\"caption\":\"Autor\"},\"url\":\"https:\\\/\\\/www.jugendfussball-wendelstein.de\\\/wordpress\\\/author\\\/autor\\\/\"}]}<\/script>\n<!-- \/ Yoast SEO plugin. -->","yoast_head_json":{"title":"1.FC N\u00fcrnberg (U14) - JFGW 1:5 - JFG Wendelstein","robots":{"index":"index","follow":"follow","max-snippet":"max-snippet:-1","max-image-preview":"max-image-preview:large","max-video-preview":"max-video-preview:-1"},"canonical":"https:\/\/www.jugendfussball-wendelstein.de\/wordpress\/1-fc-nuernberg-u14-jfgw-15\/","og_locale":"de_DE","og_type":"article","og_title":"1.FC N\u00fcrnberg (U14) - JFGW 1:5 - JFG Wendelstein","og_description":"25.03.2018 : U15 testet erfolgreich gegen die U14 des 1.FC N\u00fcrnberg Bei herrlich sonnigen Fr\u00fchlingswetter war die Bayernligavertretung der JFG am vergangenen Sonntag zu Gast beim 1.FC N\u00fcrnberg. Dort trafen die Blues auf die U14 des Bundesliga NLZ welche seinerseits in der Bundesliga F\u00f6rderrunde spielt. Zu Beginn einigte man sich auf eine Spielzeit von 75 [&hellip;]","og_url":"https:\/\/www.jugendfussball-wendelstein.de\/wordpress\/1-fc-nuernberg-u14-jfgw-15\/","og_site_name":"JFG Wendelstein","article_published_time":"2018-03-26T19:41:52+00:00","og_image":[{"url":"http:\/\/www.jugendfussball-wendelstein.de\/wordpress\/wp-content\/uploads\/2018\/02\/teamU15-201718-350x242.jpg","type":"","width":"","height":""}],"author":"Autor","twitter_card":"summary_large_image","twitter_misc":{"Verfasst von":"Autor","Gesch\u00e4tzte Lesezeit":"1\u00a0Minute"},"schema":{"@context":"https:\/\/schema.org","@graph":[{"@type":"Article","@id":"https:\/\/www.jugendfussball-wendelstein.de\/wordpress\/1-fc-nuernberg-u14-jfgw-15\/#article","isPartOf":{"@id":"https:\/\/www.jugendfussball-wendelstein.de\/wordpress\/1-fc-nuernberg-u14-jfgw-15\/"},"author":{"name":"Autor","@id":"https:\/\/www.jugendfussball-wendelstein.de\/wordpress\/#\/schema\/person\/75aadcbd4be1b3af1c1d785397472bc9"},"headline":"1.FC N\u00fcrnberg (U14) &#8211; JFGW 1:5","datePublished":"2018-03-26T19:41:52+00:00","mainEntityOfPage":{"@id":"https:\/\/www.jugendfussball-wendelstein.de\/wordpress\/1-fc-nuernberg-u14-jfgw-15\/"},"wordCount":201,"image":{"@id":"https:\/\/www.jugendfussball-wendelstein.de\/wordpress\/1-fc-nuernberg-u14-jfgw-15\/#primaryimage"},"thumbnailUrl":"http:\/\/www.jugendfussball-wendelstein.de\/wordpress\/wp-content\/uploads\/2018\/02\/teamU15-201718-350x242.jpg","articleSection":["Gro\u00dffeld","Spielbericht","U15"],"inLanguage":"de"},{"@type":"WebPage","@id":"https:\/\/www.jugendfussball-wendelstein.de\/wordpress\/1-fc-nuernberg-u14-jfgw-15\/","url":"https:\/\/www.jugendfussball-wendelstein.de\/wordpress\/1-fc-nuernberg-u14-jfgw-15\/","name":"1.FC N\u00fcrnberg (U14) - JFGW 1:5 - JFG Wendelstein","isPartOf":{"@id":"https:\/\/www.jugendfussball-wendelstein.de\/wordpress\/#website"},"primaryImageOfPage":{"@id":"https:\/\/www.jugendfussball-wendelstein.de\/wordpress\/1-fc-nuernberg-u14-jfgw-15\/#primaryimage"},"image":{"@id":"https:\/\/www.jugendfussball-wendelstein.de\/wordpress\/1-fc-nuernberg-u14-jfgw-15\/#primaryimage"},"thumbnailUrl":"http:\/\/www.jugendfussball-wendelstein.de\/wordpress\/wp-content\/uploads\/2018\/02\/teamU15-201718-350x242.jpg","datePublished":"2018-03-26T19:41:52+00:00","author":{"@id":"https:\/\/www.jugendfussball-wendelstein.de\/wordpress\/#\/schema\/person\/75aadcbd4be1b3af1c1d785397472bc9"},"breadcrumb":{"@id":"https:\/\/www.jugendfussball-wendelstein.de\/wordpress\/1-fc-nuernberg-u14-jfgw-15\/#breadcrumb"},"inLanguage":"de","potentialAction":[{"@type":"ReadAction","target":["https:\/\/www.jugendfussball-wendelstein.de\/wordpress\/1-fc-nuernberg-u14-jfgw-15\/"]}]},{"@type":"ImageObject","inLanguage":"de","@id":"https:\/\/www.jugendfussball-wendelstein.de\/wordpress\/1-fc-nuernberg-u14-jfgw-15\/#primaryimage","url":"http:\/\/www.jugendfussball-wendelstein.de\/wordpress\/wp-content\/uploads\/2018\/02\/teamU15-201718-350x242.jpg","contentUrl":"http:\/\/www.jugendfussball-wendelstein.de\/wordpress\/wp-content\/uploads\/2018\/02\/teamU15-201718-350x242.jpg"},{"@type":"BreadcrumbList","@id":"https:\/\/www.jugendfussball-wendelstein.de\/wordpress\/1-fc-nuernberg-u14-jfgw-15\/#breadcrumb","itemListElement":[{"@type":"ListItem","position":1,"name":"Startseite","item":"https:\/\/www.jugendfussball-wendelstein.de\/wordpress\/"},{"@type":"ListItem","position":2,"name":"1.FC N\u00fcrnberg (U14) &#8211; JFGW 1:5"}]},{"@type":"WebSite","@id":"https:\/\/www.jugendfussball-wendelstein.de\/wordpress\/#website","url":"https:\/\/www.jugendfussball-wendelstein.de\/wordpress\/","name":"JFG Wendelstein","description":"Juniorenfu\u00dfball","potentialAction":[{"@type":"SearchAction","target":{"@type":"EntryPoint","urlTemplate":"https:\/\/www.jugendfussball-wendelstein.de\/wordpress\/?s={search_term_string}"},"query-input":{"@type":"PropertyValueSpecification","valueRequired":true,"valueName":"search_term_string"}}],"inLanguage":"de"},{"@type":"Person","@id":"https:\/\/www.jugendfussball-wendelstein.de\/wordpress\/#\/schema\/person\/75aadcbd4be1b3af1c1d785397472bc9","name":"Autor","image":{"@type":"ImageObject","inLanguage":"de","@id":"https:\/\/secure.gravatar.com\/avatar\/01dd9b7f2dc8d635302f1c57c2289838e9fe288acd1c06c8f8ad332b8e2a60c9?s=96&d=mm&r=g","url":"https:\/\/secure.gravatar.com\/avatar\/01dd9b7f2dc8d635302f1c57c2289838e9fe288acd1c06c8f8ad332b8e2a60c9?s=96&d=mm&r=g","contentUrl":"https:\/\/secure.gravatar.com\/avatar\/01dd9b7f2dc8d635302f1c57c2289838e9fe288acd1c06c8f8ad332b8e2a60c9?s=96&d=mm&r=g","caption":"Autor"},"url":"https:\/\/www.jugendfussball-wendelstein.de\/wordpress\/author\/autor\/"}]}},"_links":{"self":[{"href":"https:\/\/www.jugendfussball-wendelstein.de\/wordpress\/wp-json\/wp\/v2\/posts\/5940","targetHints":{"allow":["GET"]}}],"collection":[{"href":"https:\/\/www.jugendfussball-wendelstein.de\/wordpress\/wp-json\/wp\/v2\/posts"}],"about":[{"href":"https:\/\/www.jugendfussball-wendelstein.de\/wordpress\/wp-json\/wp\/v2\/types\/post"}],"author":[{"embeddable":true,"href":"https:\/\/www.jugendfussball-wendelstein.de\/wordpress\/wp-json\/wp\/v2\/users\/4"}],"replies":[{"embeddable":true,"href":"https:\/\/www.jugendfussball-wendelstein.de\/wordpress\/wp-json\/wp\/v2\/comments?post=5940"}],"version-history":[{"count":0,"href":"https:\/\/www.jugendfussball-wendelstein.de\/wordpress\/wp-json\/wp\/v2\/posts\/5940\/revisions"}],"wp:attachment":[{"href":"https:\/\/www.jugendfussball-wendelstein.de\/wordpress\/wp-json\/wp\/v2\/media?parent=5940"}],"wp:term":[{"taxonomy":"category","embeddable":true,"href":"https:\/\/www.jugendfussball-wendelstein.de\/wordpress\/wp-json\/wp\/v2\/categories?post=5940"},{"taxonomy":"post_tag","embeddable":true,"href":"https:\/\/www.jugendfussball-wendelstein.de\/wordpress\/wp-json\/wp\/v2\/tags?post=5940"}],"curies":[{"name":"wp","href":"https:\/\/api.w.org\/{rel}","templated":true}]}}