{"id":5947,"date":"2018-04-05T23:08:33","date_gmt":"2018-04-05T21:08:33","guid":{"rendered":"http:\/\/www.jugendfussball-wendelstein.de\/wordpress\/?p=5947"},"modified":"2018-04-05T23:08:33","modified_gmt":"2018-04-05T21:08:33","slug":"jfgw-fsv-erlangen-bruck-23","status":"publish","type":"post","link":"https:\/\/www.jugendfussball-wendelstein.de\/wordpress\/jfgw-fsv-erlangen-bruck-23\/","title":{"rendered":"JFGW &#8211; FSV Erlangen-Bruck  2:3"},"content":{"rendered":"<p>31.03.2018 : U14 testet gegen den FSV Erlangen Bruck<\/p>\n<p>Auch am Osterwochenende war der Fu\u00dfballkalender f\u00fcr die U14 der JFG Wendelstein nicht leer geblieben, bereits vergangenen Karsamstag durfte der junge C-Jugendjahrgang sein zweites Testspiel der Woche durchf\u00fchren. Zu Gast in Wendelstein war der FSV Erlangen Bruck welcher mit seiner U14 in der Bezirksoberliga spielt, ein sehr guter Gegner also im Hinblick auf das Spitzenspiel am kommenden Samstag welches man in Wei\u00dfenburg bestreiten darf.<\/p>\n<p>Zu Beginn der Partie war man zu verschlafen und zu beh\u00e4big in der Umschaltbewegung, dem nicht genug gelang den Blues auf schwierig zu bespielenden Gel\u00e4uf spielerisch kaum etwas. Der tiefe Rasen machte aber nicht nur der Wendelsteiner Mannschaft zu schaffen auch der FSV aus Erlangen scheiterte nicht zuletzt wegen einiger &#8222;versprungener&#8220; B\u00e4lle im Abschluss. W\u00e4hrend Erlangen zahlreiche Chancen liegen lies konnten die Blues nach einem Pfostentreffer Ihre zweite Hochkar\u00e4tige Chance zur 1:0 F\u00fchrung nutzen. Mit diesem etwas schmeichelhaften Ergebnis aus Wendelsteiner Sicht ging es dann auch zum Pausentee.<\/p>\n<p>F\u00fcr Halbzeit zwei hatte man sich im Lager der Heimelf dann aber noch einmal einiges vorgenommen. Mit einem v\u00f6llig anderen Gesicht pr\u00e4sentierte sich der 2004er Jahrgang der JFG nun. Sowohl spielerisch als auch taktisch war man nun deutlich besser in der Partie. Erlangen zeigte sich in dieser zweiten Halbzeit nun Eiskalt. Aus vier Chancen, darunter zwei Freist\u00f6\u00dfe in Torn\u00e4he, konnte Bruck gleich drei Treffer erzielen. Der an diesen Tag in &#8222;Barca-Farben&#8220; agierenden Truppe aus der Marktgemeinde blieb lediglich der Anschlusstreffer zum 2:3 verg\u00f6nnt. Aufgrund der ersten Halbzeit sicher ein nicht unverdienter Sieg f\u00fcr die G\u00e4ste. Dennoch kann man durchaus positiv in die Vorbereitungswoche auf das Spitzenspiel in Wei\u00dfenburg gehen.<\/p>\n<p><img loading=\"lazy\" decoding=\"async\" class=\"alignnone size-medium wp-image-5301\" src=\"https:\/\/www.jugendfussball-wendelstein.de\/wordpress\/wp-content\/uploads\/2017\/09\/team_U14-201718-350x242.jpg\" alt=\"\" width=\"350\" height=\"242\" srcset=\"https:\/\/www.jugendfussball-wendelstein.de\/wordpress\/wp-content\/uploads\/2017\/09\/team_U14-201718-350x242.jpg 350w, https:\/\/www.jugendfussball-wendelstein.de\/wordpress\/wp-content\/uploads\/2017\/09\/team_U14-201718-768x530.jpg 768w, https:\/\/www.jugendfussball-wendelstein.de\/wordpress\/wp-content\/uploads\/2017\/09\/team_U14-201718.jpg 1000w\" sizes=\"(max-width: 350px) 100vw, 350px\" \/><\/p>\n","protected":false},"excerpt":{"rendered":"<p>31.03.2018 : U14 testet gegen den FSV Erlangen Bruck Auch am Osterwochenende war der Fu\u00dfballkalender f\u00fcr die U14 der JFG Wendelstein nicht leer geblieben, bereits vergangenen Karsamstag durfte der junge C-Jugendjahrgang sein zweites Testspiel der Woche durchf\u00fchren. Zu Gast in Wendelstein war der FSV Erlangen Bruck welcher mit seiner U14 in der Bezirksoberliga spielt, ein [&hellip;]<\/p>\n","protected":false},"author":4,"featured_media":0,"comment_status":"closed","ping_status":"closed","sticky":false,"template":"","format":"standard","meta":{"saved_in_kubio":false,"footnotes":""},"categories":[2,16,18],"tags":[],"class_list":["post-5947","post","type-post","status-publish","format-standard","hentry","category-gf","category-spielbericht","category-u14"],"yoast_head":"<!-- This site is optimized with the Yoast SEO plugin v27.4 - https:\/\/yoast.com\/product\/yoast-seo-wordpress\/ -->\n<title>JFGW - FSV Erlangen-Bruck 2:3 - JFG Wendelstein<\/title>\n<meta name=\"robots\" content=\"index, follow, max-snippet:-1, max-image-preview:large, max-video-preview:-1\" \/>\n<link rel=\"canonical\" href=\"https:\/\/www.jugendfussball-wendelstein.de\/wordpress\/jfgw-fsv-erlangen-bruck-23\/\" \/>\n<meta property=\"og:locale\" content=\"de_DE\" \/>\n<meta property=\"og:type\" content=\"article\" \/>\n<meta property=\"og:title\" content=\"JFGW - FSV Erlangen-Bruck 2:3 - JFG Wendelstein\" \/>\n<meta property=\"og:description\" content=\"31.03.2018 : U14 testet gegen den FSV Erlangen Bruck Auch am Osterwochenende war der Fu\u00dfballkalender f\u00fcr die U14 der JFG Wendelstein nicht leer geblieben, bereits vergangenen Karsamstag durfte der junge C-Jugendjahrgang sein zweites Testspiel der Woche durchf\u00fchren. Zu Gast in Wendelstein war der FSV Erlangen Bruck welcher mit seiner U14 in der Bezirksoberliga spielt, ein [&hellip;]\" \/>\n<meta property=\"og:url\" content=\"https:\/\/www.jugendfussball-wendelstein.de\/wordpress\/jfgw-fsv-erlangen-bruck-23\/\" \/>\n<meta property=\"og:site_name\" content=\"JFG Wendelstein\" \/>\n<meta property=\"article:published_time\" content=\"2018-04-05T21:08:33+00:00\" \/>\n<meta property=\"og:image\" content=\"http:\/\/www.jugendfussball-wendelstein.de\/wordpress\/wp-content\/uploads\/2017\/09\/team_U14-201718-350x242.jpg\" \/>\n<meta name=\"author\" content=\"Autor\" \/>\n<meta name=\"twitter:card\" content=\"summary_large_image\" \/>\n<meta name=\"twitter:label1\" content=\"Verfasst von\" \/>\n\t<meta name=\"twitter:data1\" content=\"Autor\" \/>\n\t<meta name=\"twitter:label2\" content=\"Gesch\u00e4tzte Lesezeit\" \/>\n\t<meta name=\"twitter:data2\" content=\"1\u00a0Minute\" \/>\n<script type=\"application\/ld+json\" class=\"yoast-schema-graph\">{\"@context\":\"https:\\\/\\\/schema.org\",\"@graph\":[{\"@type\":\"Article\",\"@id\":\"https:\\\/\\\/www.jugendfussball-wendelstein.de\\\/wordpress\\\/jfgw-fsv-erlangen-bruck-23\\\/#article\",\"isPartOf\":{\"@id\":\"https:\\\/\\\/www.jugendfussball-wendelstein.de\\\/wordpress\\\/jfgw-fsv-erlangen-bruck-23\\\/\"},\"author\":{\"name\":\"Autor\",\"@id\":\"https:\\\/\\\/www.jugendfussball-wendelstein.de\\\/wordpress\\\/#\\\/schema\\\/person\\\/75aadcbd4be1b3af1c1d785397472bc9\"},\"headline\":\"JFGW &#8211; FSV Erlangen-Bruck 2:3\",\"datePublished\":\"2018-04-05T21:08:33+00:00\",\"mainEntityOfPage\":{\"@id\":\"https:\\\/\\\/www.jugendfussball-wendelstein.de\\\/wordpress\\\/jfgw-fsv-erlangen-bruck-23\\\/\"},\"wordCount\":289,\"image\":{\"@id\":\"https:\\\/\\\/www.jugendfussball-wendelstein.de\\\/wordpress\\\/jfgw-fsv-erlangen-bruck-23\\\/#primaryimage\"},\"thumbnailUrl\":\"http:\\\/\\\/www.jugendfussball-wendelstein.de\\\/wordpress\\\/wp-content\\\/uploads\\\/2017\\\/09\\\/team_U14-201718-350x242.jpg\",\"articleSection\":[\"Gro\u00dffeld\",\"Spielbericht\",\"U14\"],\"inLanguage\":\"de\"},{\"@type\":\"WebPage\",\"@id\":\"https:\\\/\\\/www.jugendfussball-wendelstein.de\\\/wordpress\\\/jfgw-fsv-erlangen-bruck-23\\\/\",\"url\":\"https:\\\/\\\/www.jugendfussball-wendelstein.de\\\/wordpress\\\/jfgw-fsv-erlangen-bruck-23\\\/\",\"name\":\"JFGW - FSV Erlangen-Bruck 2:3 - JFG Wendelstein\",\"isPartOf\":{\"@id\":\"https:\\\/\\\/www.jugendfussball-wendelstein.de\\\/wordpress\\\/#website\"},\"primaryImageOfPage\":{\"@id\":\"https:\\\/\\\/www.jugendfussball-wendelstein.de\\\/wordpress\\\/jfgw-fsv-erlangen-bruck-23\\\/#primaryimage\"},\"image\":{\"@id\":\"https:\\\/\\\/www.jugendfussball-wendelstein.de\\\/wordpress\\\/jfgw-fsv-erlangen-bruck-23\\\/#primaryimage\"},\"thumbnailUrl\":\"http:\\\/\\\/www.jugendfussball-wendelstein.de\\\/wordpress\\\/wp-content\\\/uploads\\\/2017\\\/09\\\/team_U14-201718-350x242.jpg\",\"datePublished\":\"2018-04-05T21:08:33+00:00\",\"author\":{\"@id\":\"https:\\\/\\\/www.jugendfussball-wendelstein.de\\\/wordpress\\\/#\\\/schema\\\/person\\\/75aadcbd4be1b3af1c1d785397472bc9\"},\"breadcrumb\":{\"@id\":\"https:\\\/\\\/www.jugendfussball-wendelstein.de\\\/wordpress\\\/jfgw-fsv-erlangen-bruck-23\\\/#breadcrumb\"},\"inLanguage\":\"de\",\"potentialAction\":[{\"@type\":\"ReadAction\",\"target\":[\"https:\\\/\\\/www.jugendfussball-wendelstein.de\\\/wordpress\\\/jfgw-fsv-erlangen-bruck-23\\\/\"]}]},{\"@type\":\"ImageObject\",\"inLanguage\":\"de\",\"@id\":\"https:\\\/\\\/www.jugendfussball-wendelstein.de\\\/wordpress\\\/jfgw-fsv-erlangen-bruck-23\\\/#primaryimage\",\"url\":\"http:\\\/\\\/www.jugendfussball-wendelstein.de\\\/wordpress\\\/wp-content\\\/uploads\\\/2017\\\/09\\\/team_U14-201718-350x242.jpg\",\"contentUrl\":\"http:\\\/\\\/www.jugendfussball-wendelstein.de\\\/wordpress\\\/wp-content\\\/uploads\\\/2017\\\/09\\\/team_U14-201718-350x242.jpg\"},{\"@type\":\"BreadcrumbList\",\"@id\":\"https:\\\/\\\/www.jugendfussball-wendelstein.de\\\/wordpress\\\/jfgw-fsv-erlangen-bruck-23\\\/#breadcrumb\",\"itemListElement\":[{\"@type\":\"ListItem\",\"position\":1,\"name\":\"Startseite\",\"item\":\"https:\\\/\\\/www.jugendfussball-wendelstein.de\\\/wordpress\\\/\"},{\"@type\":\"ListItem\",\"position\":2,\"name\":\"JFGW &#8211; FSV Erlangen-Bruck 2:3\"}]},{\"@type\":\"WebSite\",\"@id\":\"https:\\\/\\\/www.jugendfussball-wendelstein.de\\\/wordpress\\\/#website\",\"url\":\"https:\\\/\\\/www.jugendfussball-wendelstein.de\\\/wordpress\\\/\",\"name\":\"JFG Wendelstein\",\"description\":\"Juniorenfu\u00dfball\",\"potentialAction\":[{\"@type\":\"SearchAction\",\"target\":{\"@type\":\"EntryPoint\",\"urlTemplate\":\"https:\\\/\\\/www.jugendfussball-wendelstein.de\\\/wordpress\\\/?s={search_term_string}\"},\"query-input\":{\"@type\":\"PropertyValueSpecification\",\"valueRequired\":true,\"valueName\":\"search_term_string\"}}],\"inLanguage\":\"de\"},{\"@type\":\"Person\",\"@id\":\"https:\\\/\\\/www.jugendfussball-wendelstein.de\\\/wordpress\\\/#\\\/schema\\\/person\\\/75aadcbd4be1b3af1c1d785397472bc9\",\"name\":\"Autor\",\"image\":{\"@type\":\"ImageObject\",\"inLanguage\":\"de\",\"@id\":\"https:\\\/\\\/secure.gravatar.com\\\/avatar\\\/01dd9b7f2dc8d635302f1c57c2289838e9fe288acd1c06c8f8ad332b8e2a60c9?s=96&d=mm&r=g\",\"url\":\"https:\\\/\\\/secure.gravatar.com\\\/avatar\\\/01dd9b7f2dc8d635302f1c57c2289838e9fe288acd1c06c8f8ad332b8e2a60c9?s=96&d=mm&r=g\",\"contentUrl\":\"https:\\\/\\\/secure.gravatar.com\\\/avatar\\\/01dd9b7f2dc8d635302f1c57c2289838e9fe288acd1c06c8f8ad332b8e2a60c9?s=96&d=mm&r=g\",\"caption\":\"Autor\"},\"url\":\"https:\\\/\\\/www.jugendfussball-wendelstein.de\\\/wordpress\\\/author\\\/autor\\\/\"}]}<\/script>\n<!-- \/ Yoast SEO plugin. -->","yoast_head_json":{"title":"JFGW - FSV Erlangen-Bruck 2:3 - JFG Wendelstein","robots":{"index":"index","follow":"follow","max-snippet":"max-snippet:-1","max-image-preview":"max-image-preview:large","max-video-preview":"max-video-preview:-1"},"canonical":"https:\/\/www.jugendfussball-wendelstein.de\/wordpress\/jfgw-fsv-erlangen-bruck-23\/","og_locale":"de_DE","og_type":"article","og_title":"JFGW - FSV Erlangen-Bruck 2:3 - JFG Wendelstein","og_description":"31.03.2018 : U14 testet gegen den FSV Erlangen Bruck Auch am Osterwochenende war der Fu\u00dfballkalender f\u00fcr die U14 der JFG Wendelstein nicht leer geblieben, bereits vergangenen Karsamstag durfte der junge C-Jugendjahrgang sein zweites Testspiel der Woche durchf\u00fchren. Zu Gast in Wendelstein war der FSV Erlangen Bruck welcher mit seiner U14 in der Bezirksoberliga spielt, ein [&hellip;]","og_url":"https:\/\/www.jugendfussball-wendelstein.de\/wordpress\/jfgw-fsv-erlangen-bruck-23\/","og_site_name":"JFG Wendelstein","article_published_time":"2018-04-05T21:08:33+00:00","og_image":[{"url":"http:\/\/www.jugendfussball-wendelstein.de\/wordpress\/wp-content\/uploads\/2017\/09\/team_U14-201718-350x242.jpg","type":"","width":"","height":""}],"author":"Autor","twitter_card":"summary_large_image","twitter_misc":{"Verfasst von":"Autor","Gesch\u00e4tzte Lesezeit":"1\u00a0Minute"},"schema":{"@context":"https:\/\/schema.org","@graph":[{"@type":"Article","@id":"https:\/\/www.jugendfussball-wendelstein.de\/wordpress\/jfgw-fsv-erlangen-bruck-23\/#article","isPartOf":{"@id":"https:\/\/www.jugendfussball-wendelstein.de\/wordpress\/jfgw-fsv-erlangen-bruck-23\/"},"author":{"name":"Autor","@id":"https:\/\/www.jugendfussball-wendelstein.de\/wordpress\/#\/schema\/person\/75aadcbd4be1b3af1c1d785397472bc9"},"headline":"JFGW &#8211; FSV Erlangen-Bruck 2:3","datePublished":"2018-04-05T21:08:33+00:00","mainEntityOfPage":{"@id":"https:\/\/www.jugendfussball-wendelstein.de\/wordpress\/jfgw-fsv-erlangen-bruck-23\/"},"wordCount":289,"image":{"@id":"https:\/\/www.jugendfussball-wendelstein.de\/wordpress\/jfgw-fsv-erlangen-bruck-23\/#primaryimage"},"thumbnailUrl":"http:\/\/www.jugendfussball-wendelstein.de\/wordpress\/wp-content\/uploads\/2017\/09\/team_U14-201718-350x242.jpg","articleSection":["Gro\u00dffeld","Spielbericht","U14"],"inLanguage":"de"},{"@type":"WebPage","@id":"https:\/\/www.jugendfussball-wendelstein.de\/wordpress\/jfgw-fsv-erlangen-bruck-23\/","url":"https:\/\/www.jugendfussball-wendelstein.de\/wordpress\/jfgw-fsv-erlangen-bruck-23\/","name":"JFGW - FSV Erlangen-Bruck 2:3 - JFG Wendelstein","isPartOf":{"@id":"https:\/\/www.jugendfussball-wendelstein.de\/wordpress\/#website"},"primaryImageOfPage":{"@id":"https:\/\/www.jugendfussball-wendelstein.de\/wordpress\/jfgw-fsv-erlangen-bruck-23\/#primaryimage"},"image":{"@id":"https:\/\/www.jugendfussball-wendelstein.de\/wordpress\/jfgw-fsv-erlangen-bruck-23\/#primaryimage"},"thumbnailUrl":"http:\/\/www.jugendfussball-wendelstein.de\/wordpress\/wp-content\/uploads\/2017\/09\/team_U14-201718-350x242.jpg","datePublished":"2018-04-05T21:08:33+00:00","author":{"@id":"https:\/\/www.jugendfussball-wendelstein.de\/wordpress\/#\/schema\/person\/75aadcbd4be1b3af1c1d785397472bc9"},"breadcrumb":{"@id":"https:\/\/www.jugendfussball-wendelstein.de\/wordpress\/jfgw-fsv-erlangen-bruck-23\/#breadcrumb"},"inLanguage":"de","potentialAction":[{"@type":"ReadAction","target":["https:\/\/www.jugendfussball-wendelstein.de\/wordpress\/jfgw-fsv-erlangen-bruck-23\/"]}]},{"@type":"ImageObject","inLanguage":"de","@id":"https:\/\/www.jugendfussball-wendelstein.de\/wordpress\/jfgw-fsv-erlangen-bruck-23\/#primaryimage","url":"http:\/\/www.jugendfussball-wendelstein.de\/wordpress\/wp-content\/uploads\/2017\/09\/team_U14-201718-350x242.jpg","contentUrl":"http:\/\/www.jugendfussball-wendelstein.de\/wordpress\/wp-content\/uploads\/2017\/09\/team_U14-201718-350x242.jpg"},{"@type":"BreadcrumbList","@id":"https:\/\/www.jugendfussball-wendelstein.de\/wordpress\/jfgw-fsv-erlangen-bruck-23\/#breadcrumb","itemListElement":[{"@type":"ListItem","position":1,"name":"Startseite","item":"https:\/\/www.jugendfussball-wendelstein.de\/wordpress\/"},{"@type":"ListItem","position":2,"name":"JFGW &#8211; FSV Erlangen-Bruck 2:3"}]},{"@type":"WebSite","@id":"https:\/\/www.jugendfussball-wendelstein.de\/wordpress\/#website","url":"https:\/\/www.jugendfussball-wendelstein.de\/wordpress\/","name":"JFG Wendelstein","description":"Juniorenfu\u00dfball","potentialAction":[{"@type":"SearchAction","target":{"@type":"EntryPoint","urlTemplate":"https:\/\/www.jugendfussball-wendelstein.de\/wordpress\/?s={search_term_string}"},"query-input":{"@type":"PropertyValueSpecification","valueRequired":true,"valueName":"search_term_string"}}],"inLanguage":"de"},{"@type":"Person","@id":"https:\/\/www.jugendfussball-wendelstein.de\/wordpress\/#\/schema\/person\/75aadcbd4be1b3af1c1d785397472bc9","name":"Autor","image":{"@type":"ImageObject","inLanguage":"de","@id":"https:\/\/secure.gravatar.com\/avatar\/01dd9b7f2dc8d635302f1c57c2289838e9fe288acd1c06c8f8ad332b8e2a60c9?s=96&d=mm&r=g","url":"https:\/\/secure.gravatar.com\/avatar\/01dd9b7f2dc8d635302f1c57c2289838e9fe288acd1c06c8f8ad332b8e2a60c9?s=96&d=mm&r=g","contentUrl":"https:\/\/secure.gravatar.com\/avatar\/01dd9b7f2dc8d635302f1c57c2289838e9fe288acd1c06c8f8ad332b8e2a60c9?s=96&d=mm&r=g","caption":"Autor"},"url":"https:\/\/www.jugendfussball-wendelstein.de\/wordpress\/author\/autor\/"}]}},"_links":{"self":[{"href":"https:\/\/www.jugendfussball-wendelstein.de\/wordpress\/wp-json\/wp\/v2\/posts\/5947","targetHints":{"allow":["GET"]}}],"collection":[{"href":"https:\/\/www.jugendfussball-wendelstein.de\/wordpress\/wp-json\/wp\/v2\/posts"}],"about":[{"href":"https:\/\/www.jugendfussball-wendelstein.de\/wordpress\/wp-json\/wp\/v2\/types\/post"}],"author":[{"embeddable":true,"href":"https:\/\/www.jugendfussball-wendelstein.de\/wordpress\/wp-json\/wp\/v2\/users\/4"}],"replies":[{"embeddable":true,"href":"https:\/\/www.jugendfussball-wendelstein.de\/wordpress\/wp-json\/wp\/v2\/comments?post=5947"}],"version-history":[{"count":0,"href":"https:\/\/www.jugendfussball-wendelstein.de\/wordpress\/wp-json\/wp\/v2\/posts\/5947\/revisions"}],"wp:attachment":[{"href":"https:\/\/www.jugendfussball-wendelstein.de\/wordpress\/wp-json\/wp\/v2\/media?parent=5947"}],"wp:term":[{"taxonomy":"category","embeddable":true,"href":"https:\/\/www.jugendfussball-wendelstein.de\/wordpress\/wp-json\/wp\/v2\/categories?post=5947"},{"taxonomy":"post_tag","embeddable":true,"href":"https:\/\/www.jugendfussball-wendelstein.de\/wordpress\/wp-json\/wp\/v2\/tags?post=5947"}],"curies":[{"name":"wp","href":"https:\/\/api.w.org\/{rel}","templated":true}]}}