{"id":6909,"date":"2018-11-05T15:16:09","date_gmt":"2018-11-05T14:16:09","guid":{"rendered":"http:\/\/www.jugendfussball-wendelstein.de\/wordpress\/?p=6909"},"modified":"2018-11-05T15:16:09","modified_gmt":"2018-11-05T14:16:09","slug":"fsv-erlangen-bruck-jfgw-12","status":"publish","type":"post","link":"https:\/\/www.jugendfussball-wendelstein.de\/wordpress\/fsv-erlangen-bruck-jfgw-12\/","title":{"rendered":"FSV Erlangen Bruck &#8211; JFGW  1:2"},"content":{"rendered":"<p><strong>U14 der \u201eBlues\u201c punktet dreifach<\/strong><\/p>\n<p><strong>Verdienter 2:1 Erfolg in Erlangen-Bruck<\/strong><\/p>\n<p>Bei ekelhaften Witterungsverh\u00e4ltnissen, aber sehr gut zu bespielbarem Rasen in Bruck machten die \u201eBlues\u201c da weiter wo man gegen die Quelle aufh\u00f6rte. Von Beginn an zog man das Spiel an sich und hatte nach 3 Minuten nach tollem Pass von Juli G. Grund zum jubeln. Seinen Pass veredelte Nico P. in toller St\u00fcrmermanier. Auch in der Folge die \u201eBlues\u201c mit der besseren Spielanlage und mehr Ballbesitz, aber ohne klare Abschl\u00fcsse. Das intensive Spiel beider Teams fand nun zwischen beiden 16ern statt ohne klare Chancen. Mit der einzigen Chance nach einem Eckball kam der Gastgeber \u00fcberraschend zum Ausgleich mit dem zweiten Ball (21.). So ging es mit einem 1:1 in die Pause. Auch nach dem Wechsel die JFG mit dem besseren Start. Wieder ein toller Ball von Juli G. auf den eingewechselten Nikolas, der setzte sich sehr gut \u00fcber links gegen zwei durch und hat die \u00dcbersicht. Seinen R\u00fcckpass vollstreckte Veit \u00fcberlegt ins lange Eck zum 2:1. Nun \u00fcbernahm die JFG das Geschehen komplett und beherrschte Ball und Gegner. Auch weitere gute M\u00f6glichkeiten konnte man leider nicht verwerten und so blieb das Geschehen bis zum Schluss trotz klarer \u00dcberlegenheit offen. Am verdienten 2:1 Sieg gab es aber auch nach dem Spiel keine zwei Meinungen. Bruck war stets bem\u00fcht, konnte aber die organisierte Defensive der \u201eBlues\u201c aber nicht mehr in Gefahr bringen.<\/p>\n<p>#GlaubeWilleLeidenschaft#Schmuddelwetter#Ausw\u00e4rtssieg#WearetheBlues.<\/p>\n","protected":false},"excerpt":{"rendered":"<p>U14 der \u201eBlues\u201c punktet dreifach Verdienter 2:1 Erfolg in Erlangen-Bruck Bei ekelhaften Witterungsverh\u00e4ltnissen, aber sehr gut zu bespielbarem Rasen in Bruck machten die \u201eBlues\u201c da weiter wo man gegen die Quelle aufh\u00f6rte. Von Beginn an zog man das Spiel an sich und hatte nach 3 Minuten nach tollem Pass von Juli G. Grund zum jubeln. [&hellip;]<\/p>\n","protected":false},"author":4,"featured_media":0,"comment_status":"closed","ping_status":"closed","sticky":false,"template":"","format":"standard","meta":{"saved_in_kubio":false,"footnotes":""},"categories":[2,16,18],"tags":[],"class_list":["post-6909","post","type-post","status-publish","format-standard","hentry","category-gf","category-spielbericht","category-u14"],"yoast_head":"<!-- This site is optimized with the Yoast SEO plugin v27.4 - https:\/\/yoast.com\/product\/yoast-seo-wordpress\/ -->\n<title>FSV Erlangen Bruck - JFGW 1:2 - JFG Wendelstein<\/title>\n<meta name=\"robots\" content=\"index, follow, max-snippet:-1, max-image-preview:large, max-video-preview:-1\" \/>\n<link rel=\"canonical\" href=\"https:\/\/www.jugendfussball-wendelstein.de\/wordpress\/fsv-erlangen-bruck-jfgw-12\/\" \/>\n<meta property=\"og:locale\" content=\"de_DE\" \/>\n<meta property=\"og:type\" content=\"article\" \/>\n<meta property=\"og:title\" content=\"FSV Erlangen Bruck - JFGW 1:2 - JFG Wendelstein\" \/>\n<meta property=\"og:description\" content=\"U14 der \u201eBlues\u201c punktet dreifach Verdienter 2:1 Erfolg in Erlangen-Bruck Bei ekelhaften Witterungsverh\u00e4ltnissen, aber sehr gut zu bespielbarem Rasen in Bruck machten die \u201eBlues\u201c da weiter wo man gegen die Quelle aufh\u00f6rte. Von Beginn an zog man das Spiel an sich und hatte nach 3 Minuten nach tollem Pass von Juli G. Grund zum jubeln. [&hellip;]\" \/>\n<meta property=\"og:url\" content=\"https:\/\/www.jugendfussball-wendelstein.de\/wordpress\/fsv-erlangen-bruck-jfgw-12\/\" \/>\n<meta property=\"og:site_name\" content=\"JFG Wendelstein\" \/>\n<meta property=\"article:published_time\" content=\"2018-11-05T14:16:09+00:00\" \/>\n<meta name=\"author\" content=\"Autor\" \/>\n<meta name=\"twitter:card\" content=\"summary_large_image\" \/>\n<meta name=\"twitter:label1\" content=\"Verfasst von\" \/>\n\t<meta name=\"twitter:data1\" content=\"Autor\" \/>\n\t<meta name=\"twitter:label2\" content=\"Gesch\u00e4tzte Lesezeit\" \/>\n\t<meta name=\"twitter:data2\" content=\"1\u00a0Minute\" \/>\n<script type=\"application\/ld+json\" class=\"yoast-schema-graph\">{\"@context\":\"https:\\\/\\\/schema.org\",\"@graph\":[{\"@type\":\"Article\",\"@id\":\"https:\\\/\\\/www.jugendfussball-wendelstein.de\\\/wordpress\\\/fsv-erlangen-bruck-jfgw-12\\\/#article\",\"isPartOf\":{\"@id\":\"https:\\\/\\\/www.jugendfussball-wendelstein.de\\\/wordpress\\\/fsv-erlangen-bruck-jfgw-12\\\/\"},\"author\":{\"name\":\"Autor\",\"@id\":\"https:\\\/\\\/www.jugendfussball-wendelstein.de\\\/wordpress\\\/#\\\/schema\\\/person\\\/75aadcbd4be1b3af1c1d785397472bc9\"},\"headline\":\"FSV Erlangen Bruck &#8211; JFGW 1:2\",\"datePublished\":\"2018-11-05T14:16:09+00:00\",\"mainEntityOfPage\":{\"@id\":\"https:\\\/\\\/www.jugendfussball-wendelstein.de\\\/wordpress\\\/fsv-erlangen-bruck-jfgw-12\\\/\"},\"wordCount\":241,\"articleSection\":[\"Gro\u00dffeld\",\"Spielbericht\",\"U14\"],\"inLanguage\":\"de\"},{\"@type\":\"WebPage\",\"@id\":\"https:\\\/\\\/www.jugendfussball-wendelstein.de\\\/wordpress\\\/fsv-erlangen-bruck-jfgw-12\\\/\",\"url\":\"https:\\\/\\\/www.jugendfussball-wendelstein.de\\\/wordpress\\\/fsv-erlangen-bruck-jfgw-12\\\/\",\"name\":\"FSV Erlangen Bruck - JFGW 1:2 - JFG Wendelstein\",\"isPartOf\":{\"@id\":\"https:\\\/\\\/www.jugendfussball-wendelstein.de\\\/wordpress\\\/#website\"},\"datePublished\":\"2018-11-05T14:16:09+00:00\",\"author\":{\"@id\":\"https:\\\/\\\/www.jugendfussball-wendelstein.de\\\/wordpress\\\/#\\\/schema\\\/person\\\/75aadcbd4be1b3af1c1d785397472bc9\"},\"breadcrumb\":{\"@id\":\"https:\\\/\\\/www.jugendfussball-wendelstein.de\\\/wordpress\\\/fsv-erlangen-bruck-jfgw-12\\\/#breadcrumb\"},\"inLanguage\":\"de\",\"potentialAction\":[{\"@type\":\"ReadAction\",\"target\":[\"https:\\\/\\\/www.jugendfussball-wendelstein.de\\\/wordpress\\\/fsv-erlangen-bruck-jfgw-12\\\/\"]}]},{\"@type\":\"BreadcrumbList\",\"@id\":\"https:\\\/\\\/www.jugendfussball-wendelstein.de\\\/wordpress\\\/fsv-erlangen-bruck-jfgw-12\\\/#breadcrumb\",\"itemListElement\":[{\"@type\":\"ListItem\",\"position\":1,\"name\":\"Startseite\",\"item\":\"https:\\\/\\\/www.jugendfussball-wendelstein.de\\\/wordpress\\\/\"},{\"@type\":\"ListItem\",\"position\":2,\"name\":\"FSV Erlangen Bruck &#8211; JFGW 1:2\"}]},{\"@type\":\"WebSite\",\"@id\":\"https:\\\/\\\/www.jugendfussball-wendelstein.de\\\/wordpress\\\/#website\",\"url\":\"https:\\\/\\\/www.jugendfussball-wendelstein.de\\\/wordpress\\\/\",\"name\":\"JFG Wendelstein\",\"description\":\"Juniorenfu\u00dfball\",\"potentialAction\":[{\"@type\":\"SearchAction\",\"target\":{\"@type\":\"EntryPoint\",\"urlTemplate\":\"https:\\\/\\\/www.jugendfussball-wendelstein.de\\\/wordpress\\\/?s={search_term_string}\"},\"query-input\":{\"@type\":\"PropertyValueSpecification\",\"valueRequired\":true,\"valueName\":\"search_term_string\"}}],\"inLanguage\":\"de\"},{\"@type\":\"Person\",\"@id\":\"https:\\\/\\\/www.jugendfussball-wendelstein.de\\\/wordpress\\\/#\\\/schema\\\/person\\\/75aadcbd4be1b3af1c1d785397472bc9\",\"name\":\"Autor\",\"image\":{\"@type\":\"ImageObject\",\"inLanguage\":\"de\",\"@id\":\"https:\\\/\\\/secure.gravatar.com\\\/avatar\\\/01dd9b7f2dc8d635302f1c57c2289838e9fe288acd1c06c8f8ad332b8e2a60c9?s=96&d=mm&r=g\",\"url\":\"https:\\\/\\\/secure.gravatar.com\\\/avatar\\\/01dd9b7f2dc8d635302f1c57c2289838e9fe288acd1c06c8f8ad332b8e2a60c9?s=96&d=mm&r=g\",\"contentUrl\":\"https:\\\/\\\/secure.gravatar.com\\\/avatar\\\/01dd9b7f2dc8d635302f1c57c2289838e9fe288acd1c06c8f8ad332b8e2a60c9?s=96&d=mm&r=g\",\"caption\":\"Autor\"},\"url\":\"https:\\\/\\\/www.jugendfussball-wendelstein.de\\\/wordpress\\\/author\\\/autor\\\/\"}]}<\/script>\n<!-- \/ Yoast SEO plugin. -->","yoast_head_json":{"title":"FSV Erlangen Bruck - JFGW 1:2 - JFG Wendelstein","robots":{"index":"index","follow":"follow","max-snippet":"max-snippet:-1","max-image-preview":"max-image-preview:large","max-video-preview":"max-video-preview:-1"},"canonical":"https:\/\/www.jugendfussball-wendelstein.de\/wordpress\/fsv-erlangen-bruck-jfgw-12\/","og_locale":"de_DE","og_type":"article","og_title":"FSV Erlangen Bruck - JFGW 1:2 - JFG Wendelstein","og_description":"U14 der \u201eBlues\u201c punktet dreifach Verdienter 2:1 Erfolg in Erlangen-Bruck Bei ekelhaften Witterungsverh\u00e4ltnissen, aber sehr gut zu bespielbarem Rasen in Bruck machten die \u201eBlues\u201c da weiter wo man gegen die Quelle aufh\u00f6rte. Von Beginn an zog man das Spiel an sich und hatte nach 3 Minuten nach tollem Pass von Juli G. Grund zum jubeln. [&hellip;]","og_url":"https:\/\/www.jugendfussball-wendelstein.de\/wordpress\/fsv-erlangen-bruck-jfgw-12\/","og_site_name":"JFG Wendelstein","article_published_time":"2018-11-05T14:16:09+00:00","author":"Autor","twitter_card":"summary_large_image","twitter_misc":{"Verfasst von":"Autor","Gesch\u00e4tzte Lesezeit":"1\u00a0Minute"},"schema":{"@context":"https:\/\/schema.org","@graph":[{"@type":"Article","@id":"https:\/\/www.jugendfussball-wendelstein.de\/wordpress\/fsv-erlangen-bruck-jfgw-12\/#article","isPartOf":{"@id":"https:\/\/www.jugendfussball-wendelstein.de\/wordpress\/fsv-erlangen-bruck-jfgw-12\/"},"author":{"name":"Autor","@id":"https:\/\/www.jugendfussball-wendelstein.de\/wordpress\/#\/schema\/person\/75aadcbd4be1b3af1c1d785397472bc9"},"headline":"FSV Erlangen Bruck &#8211; JFGW 1:2","datePublished":"2018-11-05T14:16:09+00:00","mainEntityOfPage":{"@id":"https:\/\/www.jugendfussball-wendelstein.de\/wordpress\/fsv-erlangen-bruck-jfgw-12\/"},"wordCount":241,"articleSection":["Gro\u00dffeld","Spielbericht","U14"],"inLanguage":"de"},{"@type":"WebPage","@id":"https:\/\/www.jugendfussball-wendelstein.de\/wordpress\/fsv-erlangen-bruck-jfgw-12\/","url":"https:\/\/www.jugendfussball-wendelstein.de\/wordpress\/fsv-erlangen-bruck-jfgw-12\/","name":"FSV Erlangen Bruck - JFGW 1:2 - JFG Wendelstein","isPartOf":{"@id":"https:\/\/www.jugendfussball-wendelstein.de\/wordpress\/#website"},"datePublished":"2018-11-05T14:16:09+00:00","author":{"@id":"https:\/\/www.jugendfussball-wendelstein.de\/wordpress\/#\/schema\/person\/75aadcbd4be1b3af1c1d785397472bc9"},"breadcrumb":{"@id":"https:\/\/www.jugendfussball-wendelstein.de\/wordpress\/fsv-erlangen-bruck-jfgw-12\/#breadcrumb"},"inLanguage":"de","potentialAction":[{"@type":"ReadAction","target":["https:\/\/www.jugendfussball-wendelstein.de\/wordpress\/fsv-erlangen-bruck-jfgw-12\/"]}]},{"@type":"BreadcrumbList","@id":"https:\/\/www.jugendfussball-wendelstein.de\/wordpress\/fsv-erlangen-bruck-jfgw-12\/#breadcrumb","itemListElement":[{"@type":"ListItem","position":1,"name":"Startseite","item":"https:\/\/www.jugendfussball-wendelstein.de\/wordpress\/"},{"@type":"ListItem","position":2,"name":"FSV Erlangen Bruck &#8211; JFGW 1:2"}]},{"@type":"WebSite","@id":"https:\/\/www.jugendfussball-wendelstein.de\/wordpress\/#website","url":"https:\/\/www.jugendfussball-wendelstein.de\/wordpress\/","name":"JFG Wendelstein","description":"Juniorenfu\u00dfball","potentialAction":[{"@type":"SearchAction","target":{"@type":"EntryPoint","urlTemplate":"https:\/\/www.jugendfussball-wendelstein.de\/wordpress\/?s={search_term_string}"},"query-input":{"@type":"PropertyValueSpecification","valueRequired":true,"valueName":"search_term_string"}}],"inLanguage":"de"},{"@type":"Person","@id":"https:\/\/www.jugendfussball-wendelstein.de\/wordpress\/#\/schema\/person\/75aadcbd4be1b3af1c1d785397472bc9","name":"Autor","image":{"@type":"ImageObject","inLanguage":"de","@id":"https:\/\/secure.gravatar.com\/avatar\/01dd9b7f2dc8d635302f1c57c2289838e9fe288acd1c06c8f8ad332b8e2a60c9?s=96&d=mm&r=g","url":"https:\/\/secure.gravatar.com\/avatar\/01dd9b7f2dc8d635302f1c57c2289838e9fe288acd1c06c8f8ad332b8e2a60c9?s=96&d=mm&r=g","contentUrl":"https:\/\/secure.gravatar.com\/avatar\/01dd9b7f2dc8d635302f1c57c2289838e9fe288acd1c06c8f8ad332b8e2a60c9?s=96&d=mm&r=g","caption":"Autor"},"url":"https:\/\/www.jugendfussball-wendelstein.de\/wordpress\/author\/autor\/"}]}},"_links":{"self":[{"href":"https:\/\/www.jugendfussball-wendelstein.de\/wordpress\/wp-json\/wp\/v2\/posts\/6909","targetHints":{"allow":["GET"]}}],"collection":[{"href":"https:\/\/www.jugendfussball-wendelstein.de\/wordpress\/wp-json\/wp\/v2\/posts"}],"about":[{"href":"https:\/\/www.jugendfussball-wendelstein.de\/wordpress\/wp-json\/wp\/v2\/types\/post"}],"author":[{"embeddable":true,"href":"https:\/\/www.jugendfussball-wendelstein.de\/wordpress\/wp-json\/wp\/v2\/users\/4"}],"replies":[{"embeddable":true,"href":"https:\/\/www.jugendfussball-wendelstein.de\/wordpress\/wp-json\/wp\/v2\/comments?post=6909"}],"version-history":[{"count":0,"href":"https:\/\/www.jugendfussball-wendelstein.de\/wordpress\/wp-json\/wp\/v2\/posts\/6909\/revisions"}],"wp:attachment":[{"href":"https:\/\/www.jugendfussball-wendelstein.de\/wordpress\/wp-json\/wp\/v2\/media?parent=6909"}],"wp:term":[{"taxonomy":"category","embeddable":true,"href":"https:\/\/www.jugendfussball-wendelstein.de\/wordpress\/wp-json\/wp\/v2\/categories?post=6909"},{"taxonomy":"post_tag","embeddable":true,"href":"https:\/\/www.jugendfussball-wendelstein.de\/wordpress\/wp-json\/wp\/v2\/tags?post=6909"}],"curies":[{"name":"wp","href":"https:\/\/api.w.org\/{rel}","templated":true}]}}