{"id":778,"date":"2014-09-10T14:59:13","date_gmt":"2014-09-10T12:59:13","guid":{"rendered":"http:\/\/www.jugendfussball-wendelstein.de\/wordpress\/?p=778"},"modified":"2014-09-15T12:46:28","modified_gmt":"2014-09-15T10:46:28","slug":"saisonrueckblick-20132014","status":"publish","type":"post","link":"https:\/\/www.jugendfussball-wendelstein.de\/wordpress\/saisonrueckblick-20132014\/","title":{"rendered":"Saisonr\u00fcckblick 2013\/2014"},"content":{"rendered":"<p>Nach dem Hallenturniersieg beim Turnier des TSV R\u00f6thenbach ging es in die Halle des ASV F\u00fcrth.in einem Turnier jeder gegen jeden gelangen den Jungs sechs Siege, nur dem Turniersieger aus Deutenbach konnte man nicht Paroli bieten. Den zweiten Platz feierte die Truppe mit Unterst\u00fctzung, und vielen Dank daf\u00fcr, der spielberechtigten F2 Kids Nils und Leon.<\/p>\n<p>Im heimischen Turnier traten wir mit zwei Teams an. Das Team Blau belegte nach der Vorrunde Platz 2 und setzte sich im Halbfinale gegen den TSV Katzwang souver\u00e4n mit 2:0 durch. Team Wei\u00df belegte im Spiel gegen die Rivalen aus Kleinschwarzenlohe einen respektablen 6. Platz, scheiterte man doch erst nach 7m-Schiessen denkbar ungl\u00fccklich. Die blaue Truppe hatte auch im Endspiel, wie schon im Vorrundenspiel gegen den TSV Winkelhaid das Nachsehen und verlor das Endspiel mit 1:3. Dennoch ein klasse Auftritt der Gesamt-G1. Ein besonderer Dank hier nochmals an Rita Wolf und ihr Catering-Team, das f\u00fcr beste Verpflegung sorgte.<\/p>\n<p>Dann ging es endlich wieder raus und es standen die BFV-Spieltage an. Der Start war beim 1. FC Schwand im Modus jeder gegen jeden. Mit einem dritten Platz hinter dem unbesiegten Gastgeber und den im Derby siegreichen Kleinlohern musste man sich zufrieden geben.<\/p>\n<p>Zwei Wochen sp\u00e4ter ging es zum TSV Wolkersdorf. In einem stark besetzten BFV- Turnier erreichten die spielerisch immer besser werdenden Jungs einen hervorragenden zweiten Platz. Kurios war, dass wir mit einem Sieg im letzten Spiel gegen die bis dahindominierenden Kammersteiner ausgerechnet unsere Nachbarn aus K`lohe zum Tagessieger machten.<\/p>\n<p>In den letzten Wochen der Saison folgte eine stetige Steigerung der gesamten Mannschaft. Die hervorragende Trainingsbeteiligung machte sich immer mehr bemerkbar. Die Mannschaft wusste nun nicht nur k\u00e4mpferisch, sondern auch spielerisch zu \u00fcberzeugen. Immer \u00f6fter erkannte man im Spiel einstudierte Spielformen, was in dieser Jahrgangsstufe eher selten anzutreffen ist. Teilweise spielten die Jungs wie aus einem Guss und liesen sich durch kurzzeitige R\u00fcckst\u00e4nde nicht aus dem Konzept bringen. Konsequent wurde hinten verteidigt oder das Spiel \u00fcberlegt aufgebaut. Besonders gef\u00e4hrlich war unser Spiel \u00fcber die Fl\u00fcgel, mit bewusst gespielten P\u00e4ssen vor das Tor oder \u00fcberlegten R\u00fcckp\u00e4ssen von der Grundlinie. Egal wie wurden solche Vorlagen meist erfolgreich abgeschlossen. Auch in der Balleroberung in hart gef\u00fchrten Zweik\u00e4mpfen waren deutliche Verbesserungen zu erkennen. Besonders ist die verbesserte Spieler\u00f6ffnung durch unseren Torwart Fabian zu erw\u00e4hnen. Im Tor war meist eh unbezwingbar und somit ein Garant f\u00fcr viele Erfolge.<\/p>\n<p>Beim Heimspieltag fegten unsere TSV`ler im ersten Spiel den TSV Kleinschwarzenlohe f\u00f6rmlich vom Platz. Nach f\u00fcnf Minuten stand es 4:0, durch nachfolgende Auswechslungen kamen die Nachbarn zwar nochmals heran, hatten aber bei der 3:5 Niederlage nie den Hauch einer Chance. Im entscheidenden Spiel gegen Katzwang zogen die Wendelsteiner mit 0.1 den K\u00fcrzeren, obwohl genug Chancen zum Sieg gegeben waren, es fehlte hier einfach das letzte Qu\u00e4ntchen Gl\u00fcck. Doch machte auch dieser zweite Platz m\u00e4chtig stolz.<\/p>\n<p>Auch beim Spieltag des SV Rednitzhembach wiederholte sich dieser Erfolg.<\/p>\n<p>Die Kr\u00f6nung gelang beim Einladungsturnier des SV Breitenbrunn, wo man sich gegen 16 Mannschaften aus der Oberpfalz durch setzte und den 1. Platz belegte.<\/p>\n<p>Bei den beiden abschlie\u00dfenden Turnieren der TSG Roth mit acht Mannschaften und des ASV F\u00fcrth mit 12 Teams erreichte die Truppe jeweils das Endspiel und schloss beide Male mit einem hervorragenden 2. Platz das Turnier und die Saison erfolgreich ab.<\/p>\n<p>Es ist erstaunlich und lobenswert, wie sich die Vielzahl der Jungs seit unserem ersten Training und unserem ersten Spiel (0:6 in Pfaffenhofen) entwickelt hat. Auch der kameradschaftliche Zusammenhalt ist in tadellosem Zustand. Hier w\u00e4chst wieder einmal ein Jahrgang heran, an dem der TSV und sp\u00e4ter die JFG Wendelstein viel Freude haben wird.<\/p>\n<p>Wir, die Trainer, freuen uns riesig auf die weitere Zusammenarbeit und unsere erste kommende F-Saison.<\/p>\n<p>&nbsp;<\/p>\n","protected":false},"excerpt":{"rendered":"<p>Nach dem Hallenturniersieg beim Turnier des TSV R\u00f6thenbach ging es in die Halle des ASV F\u00fcrth.in einem Turnier jeder gegen jeden gelangen den Jungs sechs Siege, nur dem Turniersieger aus Deutenbach konnte man nicht Paroli bieten. Den zweiten Platz feierte die Truppe mit Unterst\u00fctzung, und vielen Dank daf\u00fcr, der spielberechtigten F2 Kids Nils und Leon. [&hellip;]<\/p>\n","protected":false},"author":4,"featured_media":0,"comment_status":"closed","ping_status":"closed","sticky":false,"template":"","format":"standard","meta":{"saved_in_kubio":false,"footnotes":""},"categories":[3,16,24],"tags":[],"class_list":["post-778","post","type-post","status-publish","format-standard","hentry","category-kf","category-spielbericht","category-u8"],"yoast_head":"<!-- This site is optimized with the Yoast SEO plugin v27.4 - https:\/\/yoast.com\/product\/yoast-seo-wordpress\/ -->\n<title>Saisonr\u00fcckblick 2013\/2014 - JFG Wendelstein<\/title>\n<meta name=\"robots\" content=\"index, follow, max-snippet:-1, max-image-preview:large, max-video-preview:-1\" \/>\n<link rel=\"canonical\" href=\"https:\/\/www.jugendfussball-wendelstein.de\/wordpress\/saisonrueckblick-20132014\/\" \/>\n<meta property=\"og:locale\" content=\"de_DE\" \/>\n<meta property=\"og:type\" content=\"article\" \/>\n<meta property=\"og:title\" content=\"Saisonr\u00fcckblick 2013\/2014 - JFG Wendelstein\" \/>\n<meta property=\"og:description\" content=\"Nach dem Hallenturniersieg beim Turnier des TSV R\u00f6thenbach ging es in die Halle des ASV F\u00fcrth.in einem Turnier jeder gegen jeden gelangen den Jungs sechs Siege, nur dem Turniersieger aus Deutenbach konnte man nicht Paroli bieten. Den zweiten Platz feierte die Truppe mit Unterst\u00fctzung, und vielen Dank daf\u00fcr, der spielberechtigten F2 Kids Nils und Leon. [&hellip;]\" \/>\n<meta property=\"og:url\" content=\"https:\/\/www.jugendfussball-wendelstein.de\/wordpress\/saisonrueckblick-20132014\/\" \/>\n<meta property=\"og:site_name\" content=\"JFG Wendelstein\" \/>\n<meta property=\"article:published_time\" content=\"2014-09-10T12:59:13+00:00\" \/>\n<meta property=\"article:modified_time\" content=\"2014-09-15T10:46:28+00:00\" \/>\n<meta name=\"author\" content=\"Autor\" \/>\n<meta name=\"twitter:card\" content=\"summary_large_image\" \/>\n<meta name=\"twitter:label1\" content=\"Verfasst von\" \/>\n\t<meta name=\"twitter:data1\" content=\"Autor\" \/>\n\t<meta name=\"twitter:label2\" content=\"Gesch\u00e4tzte Lesezeit\" \/>\n\t<meta name=\"twitter:data2\" content=\"3\u00a0Minuten\" \/>\n<script type=\"application\/ld+json\" class=\"yoast-schema-graph\">{\"@context\":\"https:\\\/\\\/schema.org\",\"@graph\":[{\"@type\":\"Article\",\"@id\":\"https:\\\/\\\/www.jugendfussball-wendelstein.de\\\/wordpress\\\/saisonrueckblick-20132014\\\/#article\",\"isPartOf\":{\"@id\":\"https:\\\/\\\/www.jugendfussball-wendelstein.de\\\/wordpress\\\/saisonrueckblick-20132014\\\/\"},\"author\":{\"name\":\"Autor\",\"@id\":\"https:\\\/\\\/www.jugendfussball-wendelstein.de\\\/wordpress\\\/#\\\/schema\\\/person\\\/75aadcbd4be1b3af1c1d785397472bc9\"},\"headline\":\"Saisonr\u00fcckblick 2013\\\/2014\",\"datePublished\":\"2014-09-10T12:59:13+00:00\",\"dateModified\":\"2014-09-15T10:46:28+00:00\",\"mainEntityOfPage\":{\"@id\":\"https:\\\/\\\/www.jugendfussball-wendelstein.de\\\/wordpress\\\/saisonrueckblick-20132014\\\/\"},\"wordCount\":628,\"articleSection\":[\"Kleinfeld\",\"Spielbericht\",\"U8\"],\"inLanguage\":\"de\"},{\"@type\":\"WebPage\",\"@id\":\"https:\\\/\\\/www.jugendfussball-wendelstein.de\\\/wordpress\\\/saisonrueckblick-20132014\\\/\",\"url\":\"https:\\\/\\\/www.jugendfussball-wendelstein.de\\\/wordpress\\\/saisonrueckblick-20132014\\\/\",\"name\":\"Saisonr\u00fcckblick 2013\\\/2014 - JFG Wendelstein\",\"isPartOf\":{\"@id\":\"https:\\\/\\\/www.jugendfussball-wendelstein.de\\\/wordpress\\\/#website\"},\"datePublished\":\"2014-09-10T12:59:13+00:00\",\"dateModified\":\"2014-09-15T10:46:28+00:00\",\"author\":{\"@id\":\"https:\\\/\\\/www.jugendfussball-wendelstein.de\\\/wordpress\\\/#\\\/schema\\\/person\\\/75aadcbd4be1b3af1c1d785397472bc9\"},\"breadcrumb\":{\"@id\":\"https:\\\/\\\/www.jugendfussball-wendelstein.de\\\/wordpress\\\/saisonrueckblick-20132014\\\/#breadcrumb\"},\"inLanguage\":\"de\",\"potentialAction\":[{\"@type\":\"ReadAction\",\"target\":[\"https:\\\/\\\/www.jugendfussball-wendelstein.de\\\/wordpress\\\/saisonrueckblick-20132014\\\/\"]}]},{\"@type\":\"BreadcrumbList\",\"@id\":\"https:\\\/\\\/www.jugendfussball-wendelstein.de\\\/wordpress\\\/saisonrueckblick-20132014\\\/#breadcrumb\",\"itemListElement\":[{\"@type\":\"ListItem\",\"position\":1,\"name\":\"Startseite\",\"item\":\"https:\\\/\\\/www.jugendfussball-wendelstein.de\\\/wordpress\\\/\"},{\"@type\":\"ListItem\",\"position\":2,\"name\":\"Saisonr\u00fcckblick 2013\\\/2014\"}]},{\"@type\":\"WebSite\",\"@id\":\"https:\\\/\\\/www.jugendfussball-wendelstein.de\\\/wordpress\\\/#website\",\"url\":\"https:\\\/\\\/www.jugendfussball-wendelstein.de\\\/wordpress\\\/\",\"name\":\"JFG Wendelstein\",\"description\":\"Juniorenfu\u00dfball\",\"potentialAction\":[{\"@type\":\"SearchAction\",\"target\":{\"@type\":\"EntryPoint\",\"urlTemplate\":\"https:\\\/\\\/www.jugendfussball-wendelstein.de\\\/wordpress\\\/?s={search_term_string}\"},\"query-input\":{\"@type\":\"PropertyValueSpecification\",\"valueRequired\":true,\"valueName\":\"search_term_string\"}}],\"inLanguage\":\"de\"},{\"@type\":\"Person\",\"@id\":\"https:\\\/\\\/www.jugendfussball-wendelstein.de\\\/wordpress\\\/#\\\/schema\\\/person\\\/75aadcbd4be1b3af1c1d785397472bc9\",\"name\":\"Autor\",\"image\":{\"@type\":\"ImageObject\",\"inLanguage\":\"de\",\"@id\":\"https:\\\/\\\/secure.gravatar.com\\\/avatar\\\/01dd9b7f2dc8d635302f1c57c2289838e9fe288acd1c06c8f8ad332b8e2a60c9?s=96&d=mm&r=g\",\"url\":\"https:\\\/\\\/secure.gravatar.com\\\/avatar\\\/01dd9b7f2dc8d635302f1c57c2289838e9fe288acd1c06c8f8ad332b8e2a60c9?s=96&d=mm&r=g\",\"contentUrl\":\"https:\\\/\\\/secure.gravatar.com\\\/avatar\\\/01dd9b7f2dc8d635302f1c57c2289838e9fe288acd1c06c8f8ad332b8e2a60c9?s=96&d=mm&r=g\",\"caption\":\"Autor\"},\"url\":\"https:\\\/\\\/www.jugendfussball-wendelstein.de\\\/wordpress\\\/author\\\/autor\\\/\"}]}<\/script>\n<!-- \/ Yoast SEO plugin. -->","yoast_head_json":{"title":"Saisonr\u00fcckblick 2013\/2014 - JFG Wendelstein","robots":{"index":"index","follow":"follow","max-snippet":"max-snippet:-1","max-image-preview":"max-image-preview:large","max-video-preview":"max-video-preview:-1"},"canonical":"https:\/\/www.jugendfussball-wendelstein.de\/wordpress\/saisonrueckblick-20132014\/","og_locale":"de_DE","og_type":"article","og_title":"Saisonr\u00fcckblick 2013\/2014 - JFG Wendelstein","og_description":"Nach dem Hallenturniersieg beim Turnier des TSV R\u00f6thenbach ging es in die Halle des ASV F\u00fcrth.in einem Turnier jeder gegen jeden gelangen den Jungs sechs Siege, nur dem Turniersieger aus Deutenbach konnte man nicht Paroli bieten. Den zweiten Platz feierte die Truppe mit Unterst\u00fctzung, und vielen Dank daf\u00fcr, der spielberechtigten F2 Kids Nils und Leon. [&hellip;]","og_url":"https:\/\/www.jugendfussball-wendelstein.de\/wordpress\/saisonrueckblick-20132014\/","og_site_name":"JFG Wendelstein","article_published_time":"2014-09-10T12:59:13+00:00","article_modified_time":"2014-09-15T10:46:28+00:00","author":"Autor","twitter_card":"summary_large_image","twitter_misc":{"Verfasst von":"Autor","Gesch\u00e4tzte Lesezeit":"3\u00a0Minuten"},"schema":{"@context":"https:\/\/schema.org","@graph":[{"@type":"Article","@id":"https:\/\/www.jugendfussball-wendelstein.de\/wordpress\/saisonrueckblick-20132014\/#article","isPartOf":{"@id":"https:\/\/www.jugendfussball-wendelstein.de\/wordpress\/saisonrueckblick-20132014\/"},"author":{"name":"Autor","@id":"https:\/\/www.jugendfussball-wendelstein.de\/wordpress\/#\/schema\/person\/75aadcbd4be1b3af1c1d785397472bc9"},"headline":"Saisonr\u00fcckblick 2013\/2014","datePublished":"2014-09-10T12:59:13+00:00","dateModified":"2014-09-15T10:46:28+00:00","mainEntityOfPage":{"@id":"https:\/\/www.jugendfussball-wendelstein.de\/wordpress\/saisonrueckblick-20132014\/"},"wordCount":628,"articleSection":["Kleinfeld","Spielbericht","U8"],"inLanguage":"de"},{"@type":"WebPage","@id":"https:\/\/www.jugendfussball-wendelstein.de\/wordpress\/saisonrueckblick-20132014\/","url":"https:\/\/www.jugendfussball-wendelstein.de\/wordpress\/saisonrueckblick-20132014\/","name":"Saisonr\u00fcckblick 2013\/2014 - JFG Wendelstein","isPartOf":{"@id":"https:\/\/www.jugendfussball-wendelstein.de\/wordpress\/#website"},"datePublished":"2014-09-10T12:59:13+00:00","dateModified":"2014-09-15T10:46:28+00:00","author":{"@id":"https:\/\/www.jugendfussball-wendelstein.de\/wordpress\/#\/schema\/person\/75aadcbd4be1b3af1c1d785397472bc9"},"breadcrumb":{"@id":"https:\/\/www.jugendfussball-wendelstein.de\/wordpress\/saisonrueckblick-20132014\/#breadcrumb"},"inLanguage":"de","potentialAction":[{"@type":"ReadAction","target":["https:\/\/www.jugendfussball-wendelstein.de\/wordpress\/saisonrueckblick-20132014\/"]}]},{"@type":"BreadcrumbList","@id":"https:\/\/www.jugendfussball-wendelstein.de\/wordpress\/saisonrueckblick-20132014\/#breadcrumb","itemListElement":[{"@type":"ListItem","position":1,"name":"Startseite","item":"https:\/\/www.jugendfussball-wendelstein.de\/wordpress\/"},{"@type":"ListItem","position":2,"name":"Saisonr\u00fcckblick 2013\/2014"}]},{"@type":"WebSite","@id":"https:\/\/www.jugendfussball-wendelstein.de\/wordpress\/#website","url":"https:\/\/www.jugendfussball-wendelstein.de\/wordpress\/","name":"JFG Wendelstein","description":"Juniorenfu\u00dfball","potentialAction":[{"@type":"SearchAction","target":{"@type":"EntryPoint","urlTemplate":"https:\/\/www.jugendfussball-wendelstein.de\/wordpress\/?s={search_term_string}"},"query-input":{"@type":"PropertyValueSpecification","valueRequired":true,"valueName":"search_term_string"}}],"inLanguage":"de"},{"@type":"Person","@id":"https:\/\/www.jugendfussball-wendelstein.de\/wordpress\/#\/schema\/person\/75aadcbd4be1b3af1c1d785397472bc9","name":"Autor","image":{"@type":"ImageObject","inLanguage":"de","@id":"https:\/\/secure.gravatar.com\/avatar\/01dd9b7f2dc8d635302f1c57c2289838e9fe288acd1c06c8f8ad332b8e2a60c9?s=96&d=mm&r=g","url":"https:\/\/secure.gravatar.com\/avatar\/01dd9b7f2dc8d635302f1c57c2289838e9fe288acd1c06c8f8ad332b8e2a60c9?s=96&d=mm&r=g","contentUrl":"https:\/\/secure.gravatar.com\/avatar\/01dd9b7f2dc8d635302f1c57c2289838e9fe288acd1c06c8f8ad332b8e2a60c9?s=96&d=mm&r=g","caption":"Autor"},"url":"https:\/\/www.jugendfussball-wendelstein.de\/wordpress\/author\/autor\/"}]}},"_links":{"self":[{"href":"https:\/\/www.jugendfussball-wendelstein.de\/wordpress\/wp-json\/wp\/v2\/posts\/778","targetHints":{"allow":["GET"]}}],"collection":[{"href":"https:\/\/www.jugendfussball-wendelstein.de\/wordpress\/wp-json\/wp\/v2\/posts"}],"about":[{"href":"https:\/\/www.jugendfussball-wendelstein.de\/wordpress\/wp-json\/wp\/v2\/types\/post"}],"author":[{"embeddable":true,"href":"https:\/\/www.jugendfussball-wendelstein.de\/wordpress\/wp-json\/wp\/v2\/users\/4"}],"replies":[{"embeddable":true,"href":"https:\/\/www.jugendfussball-wendelstein.de\/wordpress\/wp-json\/wp\/v2\/comments?post=778"}],"version-history":[{"count":0,"href":"https:\/\/www.jugendfussball-wendelstein.de\/wordpress\/wp-json\/wp\/v2\/posts\/778\/revisions"}],"wp:attachment":[{"href":"https:\/\/www.jugendfussball-wendelstein.de\/wordpress\/wp-json\/wp\/v2\/media?parent=778"}],"wp:term":[{"taxonomy":"category","embeddable":true,"href":"https:\/\/www.jugendfussball-wendelstein.de\/wordpress\/wp-json\/wp\/v2\/categories?post=778"},{"taxonomy":"post_tag","embeddable":true,"href":"https:\/\/www.jugendfussball-wendelstein.de\/wordpress\/wp-json\/wp\/v2\/tags?post=778"}],"curies":[{"name":"wp","href":"https:\/\/api.w.org\/{rel}","templated":true}]}}