{"id":782,"date":"2014-09-10T15:09:12","date_gmt":"2014-09-10T13:09:12","guid":{"rendered":"http:\/\/www.jugendfussball-wendelstein.de\/wordpress\/?p=782"},"modified":"2014-09-15T14:01:58","modified_gmt":"2014-09-15T12:01:58","slug":"u13-proepster-cup-des-asv-neumarkt","status":"publish","type":"post","link":"https:\/\/www.jugendfussball-wendelstein.de\/wordpress\/u13-proepster-cup-des-asv-neumarkt\/","title":{"rendered":"U13-Pr\u00f6pster Cup des ASV Neumarkt"},"content":{"rendered":"<p><strong>19.\/20.07.2014: U13-Pr\u00f6pster Cup des ASV Neumarkt<\/strong><\/p>\n<p><em><strong>Blues fordern die \u201eGro\u00dfen\u201c<\/strong><\/em><\/p>\n<p>F\u00fcr die Noch-U12-Junioren der JFG Wendelstein stand an diesem Wochenende das Saisonhighlight an. Der Blitz-Pr\u00f6bster Cup des ASV Neumarkt. Bei diesem Turnier war alles Vertreten; Es ging von Bundesliganachwuchsteams, wie VFB Stuttgart, Hannover 96, 1.FCN,&#8230; (2.Bundesliga:) ) \u00fcber Mannschaften aus der BOL (SC Feucht, Karreth-Lappersdorf,&#8230; bis hin zu weiteren regionalen Teams, die teilweise mit ihrer U13 antraten (1.FC Deining, Neumarkt S\u00fcd,&#8230;) und mitten unter diesen 20 Mannschaften auch die U12 der JFG Wendelstein.<\/p>\n<p>Das Losgl\u00fcck bei diesem hochklassigen Turnier war leider nicht auf Wendelsteiner Seite, so musste man sich in der Gruppe A, der st\u00e4rksten Gruppe des Turniers, mit Hannover 96 (insgesamt 3.Platz), den Stuttgarter Kickers (sp\u00e4terer Turniersieger) sowie 2 Mannschaften aus der BOL Mittelfranken (TSV Neustadt\/Aisch und TSV Wei\u00dfenburg) messen. Trotzdem ging man voller Vorfreunde in dieses Turnier. Man wollte Hannover und die Kickers fordern. Sportlich interessanter waren f\u00fcr die Blues jedoch die Duelle mit den n\u00e4chstj\u00e4hrigen Ligakonkurrenten.<\/p>\n<p>Zuerst wurden jedoch am Freitagabend unsere Gastkinder vom VFB Stuttgart empfangen! Kompliment an diese netten und fu\u00dfballerisch bereits \u00fcberragend ausgebildeten Jungs, ihr habt euch vorbildlich verhalten. Auch ein gro\u00dfes Dankesch\u00f6n an die Gasteltern, die ihren Job wirklich stark gemacht haben. Der VFB hat angek\u00fcndigt n\u00e4chstes Jahr wieder zu den Wendelsteinern zu wollen.<\/p>\n<p>Nun zum Sportlichen: Bei hochsommerlichen Temperaturen und strahlendem Sonnenschein begannen die Blues in ihrem ersten Spiel gegen Neustadt\/Aisch sehr konzentriert und bedacht. Man stand defensiv stabil, da man als Team gegen den Ball arbeitete. Jedoch war man bei eigenem Ballbesitz noch zu unruhig. Nach 2 haarstr\u00e4ubenden Fehlern in der Neustadter Hintermannschaft gingen die Blues mit 2:0 in F\u00fchrung. Gekonnt brachte das Team von Michi These und Jan Schr\u00f6der<\/p>\n<p>das Spiel \u00fcber die Zeit und startete mit 3 Punkten in das Turnier.<\/p>\n<p>Nun war man hei\u00df auf das Spiel gegen Hannover 96 und genau das sah man auch im Spiel der Blues. Voller Leidenschaft, Herz und Engagement agierte der Wendelsteiner Nachwuchs. Die JFGler gewannen Zweikampf um Zweikampf, somit gab es f\u00fcr Hannover kein Durchkommen&#8230; ganz im Gegenteil Hannover hatte sogar 2 mal Gl\u00fcck das Wendelstein in diesem Spiel nicht in F\u00fchrung geht. Letztendlich war es doch eine verdientes Unentschieden nach einer tollen Mannschaftsleistung.<\/p>\n<p>Nun war man pl\u00f6tzlich in der Gruppe A mittendrin im Gesch\u00e4ft. Mit einem Sieg gegen Wei\u00dfenburg w\u00e4re wohl die Sensation, das Weiterkommen m\u00f6glich. Eventuell war es genau das, was die Wendelsteiner in diesem Spiel blockierte. So spielte man in den ersten beiden Spielen locker und munter auf, wirkte man in diesem Spiel gehemmt und \u00e4ngstlich. Es unterliefen bei eigenem Ballbesitz zu viele leichte Fehler. Leider musste man in diesem Spiel sogar das erste Gegentor des Turniers hinnehmen und verlor verdient mit 0:1. Wei\u00dfenburg war in diesem Spiel einfach agiler und bissiger.<\/p>\n<p>Im letzten Gruppenspiel merkte man den Kindern nun den Kr\u00e4fteverschlei\u00df bei diesen anstrengenden Temperaturen an. Sie mussten in jedem Spiel viel investieren und Gas geben, um diese guten Ergebnisse zu erreichen. Im Spiel gegen Stuttgart musste man dem Tribut zollen. Man war nicht mehr in der Lage Vollgas zu geben&#8230; und dies endet gegen eine spielstarke Mannschaft wie die Kickers in einem 4:0 f\u00fcr Stuttgart.<\/p>\n<p>Nun war man in der Trostrunde. Hier bewiesen die Blues tollen Charakter und Herz und konnten durch zwei 0:0 gegen ASV Neumarkt 1 und Feuerbach, sowie 2 hohen Siegen gegen Nuemarkt S\u00fcd und 1.FC Deining den ersten Platz in der Gruppe erreichen.<\/p>\n<p>Im Spiel um Platz 11 unterlag man in einem schwachen Spiel beider Teams Kareth Lappersdorf im 9-Meterschie\u00dfen und erreichte somit den 12.Platz.<\/p>\n<p>Sportlich kann man mit dem Turnier durchaus zufrieden sein.Gerade die Defensive \u00fcberzeugte.<\/p>\n<p>Leider fehlt im Spiel nach vorne noch das Tempo, um mehr Tore heraus spielen zu k\u00f6nnen.<\/p>\n<p>Es war ein tolles Erlebnis, f\u00fcr das sich das Team der JFG bei Lothar Braun und seinem ASV Orga- Team bedanken will! Habt ihr Klasse gemacht! Auf die Blues wartet nun die Vorbereitung auf die BOL Saison.<\/p>\n","protected":false},"excerpt":{"rendered":"<p>19.\/20.07.2014: U13-Pr\u00f6pster Cup des ASV Neumarkt Blues fordern die \u201eGro\u00dfen\u201c F\u00fcr die Noch-U12-Junioren der JFG Wendelstein stand an diesem Wochenende das Saisonhighlight an. Der Blitz-Pr\u00f6bster Cup des ASV Neumarkt. Bei diesem Turnier war alles Vertreten; Es ging von Bundesliganachwuchsteams, wie VFB Stuttgart, Hannover 96, 1.FCN,&#8230; (2.Bundesliga:) ) \u00fcber Mannschaften aus der BOL (SC Feucht, Karreth-Lappersdorf,&#8230; [&hellip;]<\/p>\n","protected":false},"author":4,"featured_media":0,"comment_status":"closed","ping_status":"closed","sticky":false,"template":"","format":"standard","meta":{"saved_in_kubio":false,"footnotes":""},"categories":[2,16,8],"tags":[],"class_list":["post-782","post","type-post","status-publish","format-standard","hentry","category-gf","category-spielbericht","category-u13"],"yoast_head":"<!-- This site is optimized with the Yoast SEO plugin v27.4 - https:\/\/yoast.com\/product\/yoast-seo-wordpress\/ -->\n<title>U13-Pr\u00f6pster Cup des ASV Neumarkt - JFG Wendelstein<\/title>\n<meta name=\"robots\" content=\"index, follow, max-snippet:-1, max-image-preview:large, max-video-preview:-1\" \/>\n<link rel=\"canonical\" href=\"https:\/\/www.jugendfussball-wendelstein.de\/wordpress\/u13-proepster-cup-des-asv-neumarkt\/\" \/>\n<meta property=\"og:locale\" content=\"de_DE\" \/>\n<meta property=\"og:type\" content=\"article\" \/>\n<meta property=\"og:title\" content=\"U13-Pr\u00f6pster Cup des ASV Neumarkt - JFG Wendelstein\" \/>\n<meta property=\"og:description\" content=\"19.\/20.07.2014: U13-Pr\u00f6pster Cup des ASV Neumarkt Blues fordern die \u201eGro\u00dfen\u201c F\u00fcr die Noch-U12-Junioren der JFG Wendelstein stand an diesem Wochenende das Saisonhighlight an. Der Blitz-Pr\u00f6bster Cup des ASV Neumarkt. Bei diesem Turnier war alles Vertreten; Es ging von Bundesliganachwuchsteams, wie VFB Stuttgart, Hannover 96, 1.FCN,&#8230; (2.Bundesliga:) ) \u00fcber Mannschaften aus der BOL (SC Feucht, Karreth-Lappersdorf,&#8230; [&hellip;]\" \/>\n<meta property=\"og:url\" content=\"https:\/\/www.jugendfussball-wendelstein.de\/wordpress\/u13-proepster-cup-des-asv-neumarkt\/\" \/>\n<meta property=\"og:site_name\" content=\"JFG Wendelstein\" \/>\n<meta property=\"article:published_time\" content=\"2014-09-10T13:09:12+00:00\" \/>\n<meta property=\"article:modified_time\" content=\"2014-09-15T12:01:58+00:00\" \/>\n<meta name=\"author\" content=\"Autor\" \/>\n<meta name=\"twitter:card\" content=\"summary_large_image\" \/>\n<meta name=\"twitter:label1\" content=\"Verfasst von\" \/>\n\t<meta name=\"twitter:data1\" content=\"Autor\" \/>\n\t<meta name=\"twitter:label2\" content=\"Gesch\u00e4tzte Lesezeit\" \/>\n\t<meta name=\"twitter:data2\" content=\"3\u00a0Minuten\" \/>\n<script type=\"application\/ld+json\" class=\"yoast-schema-graph\">{\"@context\":\"https:\\\/\\\/schema.org\",\"@graph\":[{\"@type\":\"Article\",\"@id\":\"https:\\\/\\\/www.jugendfussball-wendelstein.de\\\/wordpress\\\/u13-proepster-cup-des-asv-neumarkt\\\/#article\",\"isPartOf\":{\"@id\":\"https:\\\/\\\/www.jugendfussball-wendelstein.de\\\/wordpress\\\/u13-proepster-cup-des-asv-neumarkt\\\/\"},\"author\":{\"name\":\"Autor\",\"@id\":\"https:\\\/\\\/www.jugendfussball-wendelstein.de\\\/wordpress\\\/#\\\/schema\\\/person\\\/75aadcbd4be1b3af1c1d785397472bc9\"},\"headline\":\"U13-Pr\u00f6pster Cup des ASV Neumarkt\",\"datePublished\":\"2014-09-10T13:09:12+00:00\",\"dateModified\":\"2014-09-15T12:01:58+00:00\",\"mainEntityOfPage\":{\"@id\":\"https:\\\/\\\/www.jugendfussball-wendelstein.de\\\/wordpress\\\/u13-proepster-cup-des-asv-neumarkt\\\/\"},\"wordCount\":678,\"articleSection\":[\"Gro\u00dffeld\",\"Spielbericht\",\"U13\"],\"inLanguage\":\"de\"},{\"@type\":\"WebPage\",\"@id\":\"https:\\\/\\\/www.jugendfussball-wendelstein.de\\\/wordpress\\\/u13-proepster-cup-des-asv-neumarkt\\\/\",\"url\":\"https:\\\/\\\/www.jugendfussball-wendelstein.de\\\/wordpress\\\/u13-proepster-cup-des-asv-neumarkt\\\/\",\"name\":\"U13-Pr\u00f6pster Cup des ASV Neumarkt - JFG Wendelstein\",\"isPartOf\":{\"@id\":\"https:\\\/\\\/www.jugendfussball-wendelstein.de\\\/wordpress\\\/#website\"},\"datePublished\":\"2014-09-10T13:09:12+00:00\",\"dateModified\":\"2014-09-15T12:01:58+00:00\",\"author\":{\"@id\":\"https:\\\/\\\/www.jugendfussball-wendelstein.de\\\/wordpress\\\/#\\\/schema\\\/person\\\/75aadcbd4be1b3af1c1d785397472bc9\"},\"breadcrumb\":{\"@id\":\"https:\\\/\\\/www.jugendfussball-wendelstein.de\\\/wordpress\\\/u13-proepster-cup-des-asv-neumarkt\\\/#breadcrumb\"},\"inLanguage\":\"de\",\"potentialAction\":[{\"@type\":\"ReadAction\",\"target\":[\"https:\\\/\\\/www.jugendfussball-wendelstein.de\\\/wordpress\\\/u13-proepster-cup-des-asv-neumarkt\\\/\"]}]},{\"@type\":\"BreadcrumbList\",\"@id\":\"https:\\\/\\\/www.jugendfussball-wendelstein.de\\\/wordpress\\\/u13-proepster-cup-des-asv-neumarkt\\\/#breadcrumb\",\"itemListElement\":[{\"@type\":\"ListItem\",\"position\":1,\"name\":\"Startseite\",\"item\":\"https:\\\/\\\/www.jugendfussball-wendelstein.de\\\/wordpress\\\/\"},{\"@type\":\"ListItem\",\"position\":2,\"name\":\"U13-Pr\u00f6pster Cup des ASV Neumarkt\"}]},{\"@type\":\"WebSite\",\"@id\":\"https:\\\/\\\/www.jugendfussball-wendelstein.de\\\/wordpress\\\/#website\",\"url\":\"https:\\\/\\\/www.jugendfussball-wendelstein.de\\\/wordpress\\\/\",\"name\":\"JFG Wendelstein\",\"description\":\"Juniorenfu\u00dfball\",\"potentialAction\":[{\"@type\":\"SearchAction\",\"target\":{\"@type\":\"EntryPoint\",\"urlTemplate\":\"https:\\\/\\\/www.jugendfussball-wendelstein.de\\\/wordpress\\\/?s={search_term_string}\"},\"query-input\":{\"@type\":\"PropertyValueSpecification\",\"valueRequired\":true,\"valueName\":\"search_term_string\"}}],\"inLanguage\":\"de\"},{\"@type\":\"Person\",\"@id\":\"https:\\\/\\\/www.jugendfussball-wendelstein.de\\\/wordpress\\\/#\\\/schema\\\/person\\\/75aadcbd4be1b3af1c1d785397472bc9\",\"name\":\"Autor\",\"image\":{\"@type\":\"ImageObject\",\"inLanguage\":\"de\",\"@id\":\"https:\\\/\\\/secure.gravatar.com\\\/avatar\\\/01dd9b7f2dc8d635302f1c57c2289838e9fe288acd1c06c8f8ad332b8e2a60c9?s=96&d=mm&r=g\",\"url\":\"https:\\\/\\\/secure.gravatar.com\\\/avatar\\\/01dd9b7f2dc8d635302f1c57c2289838e9fe288acd1c06c8f8ad332b8e2a60c9?s=96&d=mm&r=g\",\"contentUrl\":\"https:\\\/\\\/secure.gravatar.com\\\/avatar\\\/01dd9b7f2dc8d635302f1c57c2289838e9fe288acd1c06c8f8ad332b8e2a60c9?s=96&d=mm&r=g\",\"caption\":\"Autor\"},\"url\":\"https:\\\/\\\/www.jugendfussball-wendelstein.de\\\/wordpress\\\/author\\\/autor\\\/\"}]}<\/script>\n<!-- \/ Yoast SEO plugin. -->","yoast_head_json":{"title":"U13-Pr\u00f6pster Cup des ASV Neumarkt - JFG Wendelstein","robots":{"index":"index","follow":"follow","max-snippet":"max-snippet:-1","max-image-preview":"max-image-preview:large","max-video-preview":"max-video-preview:-1"},"canonical":"https:\/\/www.jugendfussball-wendelstein.de\/wordpress\/u13-proepster-cup-des-asv-neumarkt\/","og_locale":"de_DE","og_type":"article","og_title":"U13-Pr\u00f6pster Cup des ASV Neumarkt - JFG Wendelstein","og_description":"19.\/20.07.2014: U13-Pr\u00f6pster Cup des ASV Neumarkt Blues fordern die \u201eGro\u00dfen\u201c F\u00fcr die Noch-U12-Junioren der JFG Wendelstein stand an diesem Wochenende das Saisonhighlight an. Der Blitz-Pr\u00f6bster Cup des ASV Neumarkt. Bei diesem Turnier war alles Vertreten; Es ging von Bundesliganachwuchsteams, wie VFB Stuttgart, Hannover 96, 1.FCN,&#8230; (2.Bundesliga:) ) \u00fcber Mannschaften aus der BOL (SC Feucht, Karreth-Lappersdorf,&#8230; [&hellip;]","og_url":"https:\/\/www.jugendfussball-wendelstein.de\/wordpress\/u13-proepster-cup-des-asv-neumarkt\/","og_site_name":"JFG Wendelstein","article_published_time":"2014-09-10T13:09:12+00:00","article_modified_time":"2014-09-15T12:01:58+00:00","author":"Autor","twitter_card":"summary_large_image","twitter_misc":{"Verfasst von":"Autor","Gesch\u00e4tzte Lesezeit":"3\u00a0Minuten"},"schema":{"@context":"https:\/\/schema.org","@graph":[{"@type":"Article","@id":"https:\/\/www.jugendfussball-wendelstein.de\/wordpress\/u13-proepster-cup-des-asv-neumarkt\/#article","isPartOf":{"@id":"https:\/\/www.jugendfussball-wendelstein.de\/wordpress\/u13-proepster-cup-des-asv-neumarkt\/"},"author":{"name":"Autor","@id":"https:\/\/www.jugendfussball-wendelstein.de\/wordpress\/#\/schema\/person\/75aadcbd4be1b3af1c1d785397472bc9"},"headline":"U13-Pr\u00f6pster Cup des ASV Neumarkt","datePublished":"2014-09-10T13:09:12+00:00","dateModified":"2014-09-15T12:01:58+00:00","mainEntityOfPage":{"@id":"https:\/\/www.jugendfussball-wendelstein.de\/wordpress\/u13-proepster-cup-des-asv-neumarkt\/"},"wordCount":678,"articleSection":["Gro\u00dffeld","Spielbericht","U13"],"inLanguage":"de"},{"@type":"WebPage","@id":"https:\/\/www.jugendfussball-wendelstein.de\/wordpress\/u13-proepster-cup-des-asv-neumarkt\/","url":"https:\/\/www.jugendfussball-wendelstein.de\/wordpress\/u13-proepster-cup-des-asv-neumarkt\/","name":"U13-Pr\u00f6pster Cup des ASV Neumarkt - JFG Wendelstein","isPartOf":{"@id":"https:\/\/www.jugendfussball-wendelstein.de\/wordpress\/#website"},"datePublished":"2014-09-10T13:09:12+00:00","dateModified":"2014-09-15T12:01:58+00:00","author":{"@id":"https:\/\/www.jugendfussball-wendelstein.de\/wordpress\/#\/schema\/person\/75aadcbd4be1b3af1c1d785397472bc9"},"breadcrumb":{"@id":"https:\/\/www.jugendfussball-wendelstein.de\/wordpress\/u13-proepster-cup-des-asv-neumarkt\/#breadcrumb"},"inLanguage":"de","potentialAction":[{"@type":"ReadAction","target":["https:\/\/www.jugendfussball-wendelstein.de\/wordpress\/u13-proepster-cup-des-asv-neumarkt\/"]}]},{"@type":"BreadcrumbList","@id":"https:\/\/www.jugendfussball-wendelstein.de\/wordpress\/u13-proepster-cup-des-asv-neumarkt\/#breadcrumb","itemListElement":[{"@type":"ListItem","position":1,"name":"Startseite","item":"https:\/\/www.jugendfussball-wendelstein.de\/wordpress\/"},{"@type":"ListItem","position":2,"name":"U13-Pr\u00f6pster Cup des ASV Neumarkt"}]},{"@type":"WebSite","@id":"https:\/\/www.jugendfussball-wendelstein.de\/wordpress\/#website","url":"https:\/\/www.jugendfussball-wendelstein.de\/wordpress\/","name":"JFG Wendelstein","description":"Juniorenfu\u00dfball","potentialAction":[{"@type":"SearchAction","target":{"@type":"EntryPoint","urlTemplate":"https:\/\/www.jugendfussball-wendelstein.de\/wordpress\/?s={search_term_string}"},"query-input":{"@type":"PropertyValueSpecification","valueRequired":true,"valueName":"search_term_string"}}],"inLanguage":"de"},{"@type":"Person","@id":"https:\/\/www.jugendfussball-wendelstein.de\/wordpress\/#\/schema\/person\/75aadcbd4be1b3af1c1d785397472bc9","name":"Autor","image":{"@type":"ImageObject","inLanguage":"de","@id":"https:\/\/secure.gravatar.com\/avatar\/01dd9b7f2dc8d635302f1c57c2289838e9fe288acd1c06c8f8ad332b8e2a60c9?s=96&d=mm&r=g","url":"https:\/\/secure.gravatar.com\/avatar\/01dd9b7f2dc8d635302f1c57c2289838e9fe288acd1c06c8f8ad332b8e2a60c9?s=96&d=mm&r=g","contentUrl":"https:\/\/secure.gravatar.com\/avatar\/01dd9b7f2dc8d635302f1c57c2289838e9fe288acd1c06c8f8ad332b8e2a60c9?s=96&d=mm&r=g","caption":"Autor"},"url":"https:\/\/www.jugendfussball-wendelstein.de\/wordpress\/author\/autor\/"}]}},"_links":{"self":[{"href":"https:\/\/www.jugendfussball-wendelstein.de\/wordpress\/wp-json\/wp\/v2\/posts\/782","targetHints":{"allow":["GET"]}}],"collection":[{"href":"https:\/\/www.jugendfussball-wendelstein.de\/wordpress\/wp-json\/wp\/v2\/posts"}],"about":[{"href":"https:\/\/www.jugendfussball-wendelstein.de\/wordpress\/wp-json\/wp\/v2\/types\/post"}],"author":[{"embeddable":true,"href":"https:\/\/www.jugendfussball-wendelstein.de\/wordpress\/wp-json\/wp\/v2\/users\/4"}],"replies":[{"embeddable":true,"href":"https:\/\/www.jugendfussball-wendelstein.de\/wordpress\/wp-json\/wp\/v2\/comments?post=782"}],"version-history":[{"count":0,"href":"https:\/\/www.jugendfussball-wendelstein.de\/wordpress\/wp-json\/wp\/v2\/posts\/782\/revisions"}],"wp:attachment":[{"href":"https:\/\/www.jugendfussball-wendelstein.de\/wordpress\/wp-json\/wp\/v2\/media?parent=782"}],"wp:term":[{"taxonomy":"category","embeddable":true,"href":"https:\/\/www.jugendfussball-wendelstein.de\/wordpress\/wp-json\/wp\/v2\/categories?post=782"},{"taxonomy":"post_tag","embeddable":true,"href":"https:\/\/www.jugendfussball-wendelstein.de\/wordpress\/wp-json\/wp\/v2\/tags?post=782"}],"curies":[{"name":"wp","href":"https:\/\/api.w.org\/{rel}","templated":true}]}}