{"id":787,"date":"2014-09-10T15:15:20","date_gmt":"2014-09-10T13:15:20","guid":{"rendered":"http:\/\/www.jugendfussball-wendelstein.de\/wordpress\/?p=787"},"modified":"2014-09-15T14:00:01","modified_gmt":"2014-09-15T12:00:01","slug":"jfg-neumarkt-jfg-u15-1-212","status":"publish","type":"post","link":"https:\/\/www.jugendfussball-wendelstein.de\/wordpress\/jfg-neumarkt-jfg-u15-1-212\/","title":{"rendered":"JFG Neumarkt \u2013 JFG  (2:12)"},"content":{"rendered":"<p><strong>06.09.2014: JFG Neumarkt \u2013 JFG Wendelstein, 2:12 (0:9)<\/strong><\/p>\n<p>Bereits nach 6 Sekunden gingen unsere Buben rekordverd\u00e4chtig mit einem sch\u00f6nen und zielstrebigen Spielzug in F\u00fchrung. Der Kreisligist aus Neumarkt wehrte sich tapfer, konnte aber insbesondere in der ersten Halbzeit dem Tempo und der Spielfreude unserer Jungs wenig entgegensetzen. Viele Positionswechsel beg\u00fcnstigten in der zweiten Halbzeit eine gewisse Unordnung in der Wendelsteiner Hintermannschaft. Dies nutzte die JFG Neumarkt bei zwei Entlastungsangriffen mit den vedienten Ehrentreffern. Fehlende Entschlossenheit wird in der Regel bestraft !<\/p>\n<p>Wir stehen nun nach vielen Trainingseinheiten, 10 Testspielen sowie einem Blitzturnier vor dem Saisonauftakt in der Bezirksoberliga Mittelfranken. Wir gehen mit gro\u00dfem Selbstvertrauen in diese neue Saison. Dieses Selbstvertrauen haben sich unsere Jungs erarbeitet, erspielt und verdient.<\/p>\n<p>Keep on running U15.<\/p>\n","protected":false},"excerpt":{"rendered":"<p>06.09.2014: JFG Neumarkt \u2013 JFG Wendelstein, 2:12 (0:9) Bereits nach 6 Sekunden gingen unsere Buben rekordverd\u00e4chtig mit einem sch\u00f6nen und zielstrebigen Spielzug in F\u00fchrung. Der Kreisligist aus Neumarkt wehrte sich tapfer, konnte aber insbesondere in der ersten Halbzeit dem Tempo und der Spielfreude unserer Jungs wenig entgegensetzen. Viele Positionswechsel beg\u00fcnstigten in der zweiten Halbzeit eine [&hellip;]<\/p>\n","protected":false},"author":4,"featured_media":0,"comment_status":"closed","ping_status":"closed","sticky":false,"template":"","format":"standard","meta":{"saved_in_kubio":false,"footnotes":""},"categories":[2,16,17],"tags":[],"class_list":["post-787","post","type-post","status-publish","format-standard","hentry","category-gf","category-spielbericht","category-u15"],"yoast_head":"<!-- This site is optimized with the Yoast SEO plugin v27.4 - https:\/\/yoast.com\/product\/yoast-seo-wordpress\/ -->\n<title>JFG Neumarkt \u2013 JFG (2:12) - JFG Wendelstein<\/title>\n<meta name=\"robots\" content=\"index, follow, max-snippet:-1, max-image-preview:large, max-video-preview:-1\" \/>\n<link rel=\"canonical\" href=\"https:\/\/www.jugendfussball-wendelstein.de\/wordpress\/jfg-neumarkt-jfg-u15-1-212\/\" \/>\n<meta property=\"og:locale\" content=\"de_DE\" \/>\n<meta property=\"og:type\" content=\"article\" \/>\n<meta property=\"og:title\" content=\"JFG Neumarkt \u2013 JFG (2:12) - JFG Wendelstein\" \/>\n<meta property=\"og:description\" content=\"06.09.2014: JFG Neumarkt \u2013 JFG Wendelstein, 2:12 (0:9) Bereits nach 6 Sekunden gingen unsere Buben rekordverd\u00e4chtig mit einem sch\u00f6nen und zielstrebigen Spielzug in F\u00fchrung. Der Kreisligist aus Neumarkt wehrte sich tapfer, konnte aber insbesondere in der ersten Halbzeit dem Tempo und der Spielfreude unserer Jungs wenig entgegensetzen. Viele Positionswechsel beg\u00fcnstigten in der zweiten Halbzeit eine [&hellip;]\" \/>\n<meta property=\"og:url\" content=\"https:\/\/www.jugendfussball-wendelstein.de\/wordpress\/jfg-neumarkt-jfg-u15-1-212\/\" \/>\n<meta property=\"og:site_name\" content=\"JFG Wendelstein\" \/>\n<meta property=\"article:published_time\" content=\"2014-09-10T13:15:20+00:00\" \/>\n<meta property=\"article:modified_time\" content=\"2014-09-15T12:00:01+00:00\" \/>\n<meta name=\"author\" content=\"Autor\" \/>\n<meta name=\"twitter:card\" content=\"summary_large_image\" \/>\n<meta name=\"twitter:label1\" content=\"Verfasst von\" \/>\n\t<meta name=\"twitter:data1\" content=\"Autor\" \/>\n\t<meta name=\"twitter:label2\" content=\"Gesch\u00e4tzte Lesezeit\" \/>\n\t<meta name=\"twitter:data2\" content=\"1\u00a0Minute\" \/>\n<script type=\"application\/ld+json\" class=\"yoast-schema-graph\">{\"@context\":\"https:\\\/\\\/schema.org\",\"@graph\":[{\"@type\":\"Article\",\"@id\":\"https:\\\/\\\/www.jugendfussball-wendelstein.de\\\/wordpress\\\/jfg-neumarkt-jfg-u15-1-212\\\/#article\",\"isPartOf\":{\"@id\":\"https:\\\/\\\/www.jugendfussball-wendelstein.de\\\/wordpress\\\/jfg-neumarkt-jfg-u15-1-212\\\/\"},\"author\":{\"name\":\"Autor\",\"@id\":\"https:\\\/\\\/www.jugendfussball-wendelstein.de\\\/wordpress\\\/#\\\/schema\\\/person\\\/75aadcbd4be1b3af1c1d785397472bc9\"},\"headline\":\"JFG Neumarkt \u2013 JFG (2:12)\",\"datePublished\":\"2014-09-10T13:15:20+00:00\",\"dateModified\":\"2014-09-15T12:00:01+00:00\",\"mainEntityOfPage\":{\"@id\":\"https:\\\/\\\/www.jugendfussball-wendelstein.de\\\/wordpress\\\/jfg-neumarkt-jfg-u15-1-212\\\/\"},\"wordCount\":123,\"articleSection\":[\"Gro\u00dffeld\",\"Spielbericht\",\"U15\"],\"inLanguage\":\"de\"},{\"@type\":\"WebPage\",\"@id\":\"https:\\\/\\\/www.jugendfussball-wendelstein.de\\\/wordpress\\\/jfg-neumarkt-jfg-u15-1-212\\\/\",\"url\":\"https:\\\/\\\/www.jugendfussball-wendelstein.de\\\/wordpress\\\/jfg-neumarkt-jfg-u15-1-212\\\/\",\"name\":\"JFG Neumarkt \u2013 JFG (2:12) - JFG Wendelstein\",\"isPartOf\":{\"@id\":\"https:\\\/\\\/www.jugendfussball-wendelstein.de\\\/wordpress\\\/#website\"},\"datePublished\":\"2014-09-10T13:15:20+00:00\",\"dateModified\":\"2014-09-15T12:00:01+00:00\",\"author\":{\"@id\":\"https:\\\/\\\/www.jugendfussball-wendelstein.de\\\/wordpress\\\/#\\\/schema\\\/person\\\/75aadcbd4be1b3af1c1d785397472bc9\"},\"breadcrumb\":{\"@id\":\"https:\\\/\\\/www.jugendfussball-wendelstein.de\\\/wordpress\\\/jfg-neumarkt-jfg-u15-1-212\\\/#breadcrumb\"},\"inLanguage\":\"de\",\"potentialAction\":[{\"@type\":\"ReadAction\",\"target\":[\"https:\\\/\\\/www.jugendfussball-wendelstein.de\\\/wordpress\\\/jfg-neumarkt-jfg-u15-1-212\\\/\"]}]},{\"@type\":\"BreadcrumbList\",\"@id\":\"https:\\\/\\\/www.jugendfussball-wendelstein.de\\\/wordpress\\\/jfg-neumarkt-jfg-u15-1-212\\\/#breadcrumb\",\"itemListElement\":[{\"@type\":\"ListItem\",\"position\":1,\"name\":\"Startseite\",\"item\":\"https:\\\/\\\/www.jugendfussball-wendelstein.de\\\/wordpress\\\/\"},{\"@type\":\"ListItem\",\"position\":2,\"name\":\"JFG Neumarkt \u2013 JFG (2:12)\"}]},{\"@type\":\"WebSite\",\"@id\":\"https:\\\/\\\/www.jugendfussball-wendelstein.de\\\/wordpress\\\/#website\",\"url\":\"https:\\\/\\\/www.jugendfussball-wendelstein.de\\\/wordpress\\\/\",\"name\":\"JFG Wendelstein\",\"description\":\"Juniorenfu\u00dfball\",\"potentialAction\":[{\"@type\":\"SearchAction\",\"target\":{\"@type\":\"EntryPoint\",\"urlTemplate\":\"https:\\\/\\\/www.jugendfussball-wendelstein.de\\\/wordpress\\\/?s={search_term_string}\"},\"query-input\":{\"@type\":\"PropertyValueSpecification\",\"valueRequired\":true,\"valueName\":\"search_term_string\"}}],\"inLanguage\":\"de\"},{\"@type\":\"Person\",\"@id\":\"https:\\\/\\\/www.jugendfussball-wendelstein.de\\\/wordpress\\\/#\\\/schema\\\/person\\\/75aadcbd4be1b3af1c1d785397472bc9\",\"name\":\"Autor\",\"image\":{\"@type\":\"ImageObject\",\"inLanguage\":\"de\",\"@id\":\"https:\\\/\\\/secure.gravatar.com\\\/avatar\\\/01dd9b7f2dc8d635302f1c57c2289838e9fe288acd1c06c8f8ad332b8e2a60c9?s=96&d=mm&r=g\",\"url\":\"https:\\\/\\\/secure.gravatar.com\\\/avatar\\\/01dd9b7f2dc8d635302f1c57c2289838e9fe288acd1c06c8f8ad332b8e2a60c9?s=96&d=mm&r=g\",\"contentUrl\":\"https:\\\/\\\/secure.gravatar.com\\\/avatar\\\/01dd9b7f2dc8d635302f1c57c2289838e9fe288acd1c06c8f8ad332b8e2a60c9?s=96&d=mm&r=g\",\"caption\":\"Autor\"},\"url\":\"https:\\\/\\\/www.jugendfussball-wendelstein.de\\\/wordpress\\\/author\\\/autor\\\/\"}]}<\/script>\n<!-- \/ Yoast SEO plugin. -->","yoast_head_json":{"title":"JFG Neumarkt \u2013 JFG (2:12) - JFG Wendelstein","robots":{"index":"index","follow":"follow","max-snippet":"max-snippet:-1","max-image-preview":"max-image-preview:large","max-video-preview":"max-video-preview:-1"},"canonical":"https:\/\/www.jugendfussball-wendelstein.de\/wordpress\/jfg-neumarkt-jfg-u15-1-212\/","og_locale":"de_DE","og_type":"article","og_title":"JFG Neumarkt \u2013 JFG (2:12) - JFG Wendelstein","og_description":"06.09.2014: JFG Neumarkt \u2013 JFG Wendelstein, 2:12 (0:9) Bereits nach 6 Sekunden gingen unsere Buben rekordverd\u00e4chtig mit einem sch\u00f6nen und zielstrebigen Spielzug in F\u00fchrung. Der Kreisligist aus Neumarkt wehrte sich tapfer, konnte aber insbesondere in der ersten Halbzeit dem Tempo und der Spielfreude unserer Jungs wenig entgegensetzen. Viele Positionswechsel beg\u00fcnstigten in der zweiten Halbzeit eine [&hellip;]","og_url":"https:\/\/www.jugendfussball-wendelstein.de\/wordpress\/jfg-neumarkt-jfg-u15-1-212\/","og_site_name":"JFG Wendelstein","article_published_time":"2014-09-10T13:15:20+00:00","article_modified_time":"2014-09-15T12:00:01+00:00","author":"Autor","twitter_card":"summary_large_image","twitter_misc":{"Verfasst von":"Autor","Gesch\u00e4tzte Lesezeit":"1\u00a0Minute"},"schema":{"@context":"https:\/\/schema.org","@graph":[{"@type":"Article","@id":"https:\/\/www.jugendfussball-wendelstein.de\/wordpress\/jfg-neumarkt-jfg-u15-1-212\/#article","isPartOf":{"@id":"https:\/\/www.jugendfussball-wendelstein.de\/wordpress\/jfg-neumarkt-jfg-u15-1-212\/"},"author":{"name":"Autor","@id":"https:\/\/www.jugendfussball-wendelstein.de\/wordpress\/#\/schema\/person\/75aadcbd4be1b3af1c1d785397472bc9"},"headline":"JFG Neumarkt \u2013 JFG (2:12)","datePublished":"2014-09-10T13:15:20+00:00","dateModified":"2014-09-15T12:00:01+00:00","mainEntityOfPage":{"@id":"https:\/\/www.jugendfussball-wendelstein.de\/wordpress\/jfg-neumarkt-jfg-u15-1-212\/"},"wordCount":123,"articleSection":["Gro\u00dffeld","Spielbericht","U15"],"inLanguage":"de"},{"@type":"WebPage","@id":"https:\/\/www.jugendfussball-wendelstein.de\/wordpress\/jfg-neumarkt-jfg-u15-1-212\/","url":"https:\/\/www.jugendfussball-wendelstein.de\/wordpress\/jfg-neumarkt-jfg-u15-1-212\/","name":"JFG Neumarkt \u2013 JFG (2:12) - JFG Wendelstein","isPartOf":{"@id":"https:\/\/www.jugendfussball-wendelstein.de\/wordpress\/#website"},"datePublished":"2014-09-10T13:15:20+00:00","dateModified":"2014-09-15T12:00:01+00:00","author":{"@id":"https:\/\/www.jugendfussball-wendelstein.de\/wordpress\/#\/schema\/person\/75aadcbd4be1b3af1c1d785397472bc9"},"breadcrumb":{"@id":"https:\/\/www.jugendfussball-wendelstein.de\/wordpress\/jfg-neumarkt-jfg-u15-1-212\/#breadcrumb"},"inLanguage":"de","potentialAction":[{"@type":"ReadAction","target":["https:\/\/www.jugendfussball-wendelstein.de\/wordpress\/jfg-neumarkt-jfg-u15-1-212\/"]}]},{"@type":"BreadcrumbList","@id":"https:\/\/www.jugendfussball-wendelstein.de\/wordpress\/jfg-neumarkt-jfg-u15-1-212\/#breadcrumb","itemListElement":[{"@type":"ListItem","position":1,"name":"Startseite","item":"https:\/\/www.jugendfussball-wendelstein.de\/wordpress\/"},{"@type":"ListItem","position":2,"name":"JFG Neumarkt \u2013 JFG (2:12)"}]},{"@type":"WebSite","@id":"https:\/\/www.jugendfussball-wendelstein.de\/wordpress\/#website","url":"https:\/\/www.jugendfussball-wendelstein.de\/wordpress\/","name":"JFG Wendelstein","description":"Juniorenfu\u00dfball","potentialAction":[{"@type":"SearchAction","target":{"@type":"EntryPoint","urlTemplate":"https:\/\/www.jugendfussball-wendelstein.de\/wordpress\/?s={search_term_string}"},"query-input":{"@type":"PropertyValueSpecification","valueRequired":true,"valueName":"search_term_string"}}],"inLanguage":"de"},{"@type":"Person","@id":"https:\/\/www.jugendfussball-wendelstein.de\/wordpress\/#\/schema\/person\/75aadcbd4be1b3af1c1d785397472bc9","name":"Autor","image":{"@type":"ImageObject","inLanguage":"de","@id":"https:\/\/secure.gravatar.com\/avatar\/01dd9b7f2dc8d635302f1c57c2289838e9fe288acd1c06c8f8ad332b8e2a60c9?s=96&d=mm&r=g","url":"https:\/\/secure.gravatar.com\/avatar\/01dd9b7f2dc8d635302f1c57c2289838e9fe288acd1c06c8f8ad332b8e2a60c9?s=96&d=mm&r=g","contentUrl":"https:\/\/secure.gravatar.com\/avatar\/01dd9b7f2dc8d635302f1c57c2289838e9fe288acd1c06c8f8ad332b8e2a60c9?s=96&d=mm&r=g","caption":"Autor"},"url":"https:\/\/www.jugendfussball-wendelstein.de\/wordpress\/author\/autor\/"}]}},"_links":{"self":[{"href":"https:\/\/www.jugendfussball-wendelstein.de\/wordpress\/wp-json\/wp\/v2\/posts\/787","targetHints":{"allow":["GET"]}}],"collection":[{"href":"https:\/\/www.jugendfussball-wendelstein.de\/wordpress\/wp-json\/wp\/v2\/posts"}],"about":[{"href":"https:\/\/www.jugendfussball-wendelstein.de\/wordpress\/wp-json\/wp\/v2\/types\/post"}],"author":[{"embeddable":true,"href":"https:\/\/www.jugendfussball-wendelstein.de\/wordpress\/wp-json\/wp\/v2\/users\/4"}],"replies":[{"embeddable":true,"href":"https:\/\/www.jugendfussball-wendelstein.de\/wordpress\/wp-json\/wp\/v2\/comments?post=787"}],"version-history":[{"count":0,"href":"https:\/\/www.jugendfussball-wendelstein.de\/wordpress\/wp-json\/wp\/v2\/posts\/787\/revisions"}],"wp:attachment":[{"href":"https:\/\/www.jugendfussball-wendelstein.de\/wordpress\/wp-json\/wp\/v2\/media?parent=787"}],"wp:term":[{"taxonomy":"category","embeddable":true,"href":"https:\/\/www.jugendfussball-wendelstein.de\/wordpress\/wp-json\/wp\/v2\/categories?post=787"},{"taxonomy":"post_tag","embeddable":true,"href":"https:\/\/www.jugendfussball-wendelstein.de\/wordpress\/wp-json\/wp\/v2\/tags?post=787"}],"curies":[{"name":"wp","href":"https:\/\/api.w.org\/{rel}","templated":true}]}}