{"id":8476,"date":"2020-12-03T20:57:23","date_gmt":"2020-12-03T19:57:23","guid":{"rendered":"http:\/\/www.jugendfussball-wendelstein.de\/wordpress\/?p=8476"},"modified":"2020-12-03T20:57:23","modified_gmt":"2020-12-03T19:57:23","slug":"u16-jahresbericht","status":"publish","type":"post","link":"https:\/\/www.jugendfussball-wendelstein.de\/wordpress\/u16-jahresbericht\/","title":{"rendered":"U16 &#8211; Jahresbericht"},"content":{"rendered":"\n<p><strong>Die Corona Pandemie seit M\u00e4rz und Ihre Folgen:<\/strong><\/p>\n\n\n\n<p>Die&nbsp;<a href=\"https:\/\/www.schwarzwaelder-bote.de\/thema\/Coronavirus\">Corona Virus<\/a>-Pandemie wirbelt Gesellschaft und&nbsp;<a href=\"https:\/\/www.schwarzwaelder-bote.de\/thema\/Sport\">Sport<\/a>welt seit Mitte M\u00e4rz kr\u00e4ftig durcheinander. Das bekommen auch die Mannschaften im Jugendbereich zu sp\u00fcren.<\/p>\n\n\n\n<p>Die C1-Junioren-Bayerliga wurde wenige Tage vor dem Start in die R\u00fcckrunde im M\u00e4rz zun\u00e4chst unterbrochen, einige Wochen sp\u00e4ter empfahl der Bayrische Fu\u00dfball Verband (BFV), die Spielzeit abzubrechen und die Arbeit trotz Ungewissheit \u00fcber die Dauer der Ausnahmesituation bestm\u00f6glich fortzusetzen.<\/p>\n\n\n\n<p><strong>&#8222;Gesundheit geht vor&#8220;<\/strong><\/p>\n\n\n\n<p>Selbstverst\u00e4ndlich waren die Spieler anfangs entt\u00e4uscht dar\u00fcber, dass die Spielzeit unterbrochen wurde. Da Mannschaftstraining im Zuge der allgemeinen Kontaktbeschr\u00e4nkungen nicht m\u00f6glich war, habe man individuelle Trainingspl\u00e4ne erstellt und die Spieler darum gebeten, diese eigenverantwortlich zu verfolgen. Dies k\u00f6nne zwar kein vollwertiges Mannschaftstraining ersetzen, es sei jedoch eine M\u00f6glichkeit, Fitness und Kondition der Spieler aufrechtzuerhalten.<\/p>\n\n\n\n<p>Da die Saison zun\u00e4chst nur f\u00fcr mehrere Wochen unterbrochen worden war, wollte man sich auf diese Weise im Rahmen der M\u00f6glichkeiten auf eine etwaige Fortsetzung der Spielzeit vorbereiten. Dies wurde hinf\u00e4llig, als die BFV schlie\u00dflich endg\u00fcltig abgebrochen wurde. Mannschaftstraining im klassischen Sinne ist trotz Lockerungen der Corona-Ma\u00dfnahmen schwierig, sodass die individuellen Trainingseinheiten zum Einsatz kamen.<\/p>\n\n\n\n<p>Weil das gemeinsame Trainieren nicht m\u00f6glich ist, wird das Training f\u00fcr den Leistungskader der kommenden Spielzeit jetzt Priorit\u00e4t. Daf\u00fcr wurde von dem Verein ein weitreichendes Hygienekonzept ausgearbeitet, mit dem sich Trainer und Spieler vor Beginn des Trainings vertraut machen m\u00fcssen&#8220;. Das Konzept umfasse neben den allgemeinen Hygiene- und Abstandsregeln, engmaschige Dokumentationspflichten, um Kontakte schnell und problemlos nachverfolgen zu k\u00f6nnen. Das Konzept werde strikt eingehalten, um die Risiken so gering wie m\u00f6glich zu halten. Ob die neue Spielzeit, auf welche das Training abzielen, jedoch wie geplant im September starten kann, ist v\u00f6llig offen und wird aller Voraussicht nach auch mit dem Infektionsgeschehen \u00fcber die Sommermonate zusammenh\u00e4ngen.<\/p>\n\n\n\n<p>Da beim BFV im Jugendbereich zudem strukturelle \u00c4nderungen angedacht sind, bleibt weiterhin abzuwarten, in welcher Liga der zum Zeitpunkt des Abbruchs letztplatzierte JFG Wendelstein antreten wird, wenn der Spielbetrieb im Jugendbereich wiederaufgenommen wird. Die lange Zeit ohne Mannschaftstraining und Spielpraxis sei gerade im Jugendbereich jedoch in jedem Fall eine Herausforderung, da die technische und taktische Ausbildung und Weiterentwicklung deutlich erschwert werde. Es bestehe die Gefahr, dass die jungen Spieler in ihrer Entwicklung zur\u00fcckgeworfen w\u00fcrden.<\/p>\n\n\n\n<p>Gleichzeitig muss man aber sagen, dass diese Zeit in vielerlei Hinsicht herausfordernd ist und der Fu\u00dfball im Vergleich zur schulischen Ausbildung und vor allem der Gesundheit eine untergeordnete Rolle spielt. Wir hoffen, dass das Infektionsgeschehen in Deutschland auch weiterhin auf niedrigem Niveau bleibe und somit eine vollst\u00e4ndige R\u00fcckkehr zum &#8222;Normalbetrieb&#8220; in allen Lebensbereichen erm\u00f6gliche.<\/p>\n\n\n\n<p>Diese Hoffnung teilt man auch bei der JFG Wendelstein, wo das Training im Aktiven-Bereich wiederaufgenommen wurde und nun schrittweise hochgefahren wird. Im Jugendbereich ist dies jedoch auch noch nicht in Sicht. Nach der Unterbrechung des Spielbetriebs im M\u00e4rz versuchten C-Junioren-Trainer Daniel Todic und sein Team mit den Spielern in engem Kontakt zu bleiben und sicherzustellen, dass die Arbeit auf individueller Basis weitergeht.<\/p>\n\n\n\n<p>Wir haben uns zun\u00e4chst an einen Trainingsplan f\u00fcr die Jungs gesetzt, dann aber festgestellt, dass die Mannschaft auch ohne unser Mitwirken sehr aktiv waren und sich durch Laufen und Radfahren fit gehalten hatten&#8220;. Zum gegenw\u00e4rtigen Zeitpunkt investiere der Verein viel Zeit, um f\u00fcr den Jugendbereich Konzepte zur Wiederaufnahme des Spielbetriebs zu erarbeiten \u2013 unabh\u00e4ngig davon, wann dieser stattfinden werde.<\/p>\n\n\n\n<p>Keine gro\u00dfen Sorgen macht man sich dagegen um die Entwicklung der jungen Spieler. &#8222;Da wir so eine Situation noch nicht erlebt haben, ist eine grunds\u00e4tzliche Einsch\u00e4tzung nat\u00fcrlich schwierig. Wir gehen aber davon aus, dass die Spieler nach Wiederaufnahme des Trainingsbetriebs in wenigen Wochen wieder an das Niveau vor der Zwangspause ankn\u00fcpfen k\u00f6nnen. Die Einstellung in der Mannschaft sei nach wie vor sehr positiv, die Spieler \u201ehaben Bock zu kicken&#8220;.<\/p>\n\n\n\n<p>Auch bei der JFG Wendelstein hatte die BFV-Entscheidung zur Wertung dieser Saison und einer m\u00f6glichen Restrukturierung des Spielbetriebs der Jugend Auswirkungen auf die Frage, in welcher Spielklasse die Blues in der kommenden Spielzeit antreten. Zum Zeitpunkt des Abbruchs lag die JFG Wendelstein am Tabellenende und w\u00e4re aus sportlicher Sicht abgestiegen. Ein f\u00fcr den Verbandstag ausgearbeiteter Entwurf sieht jedoch vor, dass die Saison ohne Absteiger beendet wird und die Aufsteiger \u00fcber eine Quotienten Regelung bestimmt werden. Sollte dieser Entwurf beschlossen werden, k\u00f6nnte die JFG Wendelstein die Klasse halten.<\/p>\n\n\n\n<p>Es steht bereits jetzt schon fest, dass dem Jugend-Fu\u00dfball auch in den kommenden Wochen und Monaten schwierige Zeiten bevorstehen und eine R\u00fcckkehr zum Normalbetrieb nur dann stattfinden kann, wenn die Corona-Pandemie weiter einged\u00e4mmt wird.<\/p>\n\n\n\n<p>Wir konnten nach der langen Covid-19 Pause im Fr\u00fchjahr, damals noch unklaren Verh\u00e4ltnissen die Liga betreffend, im August endlich in die Vorbereitung gehen und starten. Nat\u00fcrlich mit strengen Corona-Hygiene-Konzept. Es wurde f\u00fcr die neue Saison, U16, auch gleich ein neues Trainer-Team zusammengestellt, mit dem sehr erfahrenen Trainer Frank M\u00fcller und seinem Partner Kai Au, der bereits schon bei der U15 dabei war, und nun in dieser Konstellation in die U17-BOL Saison gingen . Die Vorbereitungen liefen schleppend und schwierig an, zwecks der Corona Pandemie und den Urlaubszeiten. So konnten wir nach der Entscheidung des BFV, Testspiele f\u00fcr die Vorbereitung kurzfristig organisieren. Die wie folgt ausgingen:<\/p>\n\n\n\n<p>JFG Wendelstein U 16&nbsp;&nbsp;&nbsp;&nbsp;&nbsp; &#8211;&nbsp;&nbsp;&nbsp;&nbsp;&nbsp;&nbsp;&nbsp;&nbsp;&nbsp;&nbsp; SG Pfeil Ph\u00f6nix Buch N\u00fcrnberg &nbsp;&nbsp;&nbsp;&nbsp;&nbsp;&nbsp;&nbsp;&nbsp;&nbsp;&nbsp;&nbsp; 4:0<\/p>\n\n\n\n<p>JFG Wendelstein U16&nbsp;&nbsp;&nbsp;&nbsp;&nbsp;&nbsp;&nbsp; &#8211;&nbsp;&nbsp;&nbsp;&nbsp;&nbsp;&nbsp;&nbsp;&nbsp;&nbsp;&nbsp; SV 1960 Leerstetten &nbsp;&nbsp;&nbsp;&nbsp;&nbsp;&nbsp;&nbsp;&nbsp; &nbsp;&nbsp;&nbsp;&nbsp;&nbsp;&nbsp;&nbsp;&nbsp;&nbsp;&nbsp;&nbsp; &nbsp;&nbsp;&nbsp;&nbsp;&nbsp;&nbsp;&nbsp;&nbsp;&nbsp;&nbsp;&nbsp; 5:0<\/p>\n\n\n\n<p>FC Amberg&nbsp;&nbsp;&nbsp;&nbsp;&nbsp;&nbsp;&nbsp;&nbsp;&nbsp;&nbsp;&nbsp;&nbsp;&nbsp;&nbsp;&nbsp;&nbsp;&nbsp;&nbsp;&nbsp;&nbsp;&nbsp;&nbsp;&nbsp;&nbsp;&nbsp;&nbsp; &#8211; &nbsp;&nbsp;&nbsp;&nbsp;&nbsp;&nbsp;&nbsp;&nbsp; JFG Wendelstein U16&nbsp;&nbsp;&nbsp;&nbsp;&nbsp;&nbsp;&nbsp;&nbsp;&nbsp;&nbsp;&nbsp;&nbsp;&nbsp;&nbsp;&nbsp;&nbsp;&nbsp;&nbsp;&nbsp;&nbsp;&nbsp;&nbsp;&nbsp;&nbsp;&nbsp;&nbsp;&nbsp;&nbsp;&nbsp;&nbsp; 5:0<\/p>\n\n\n\n<p>SpVgg Weiden U16&nbsp;&nbsp;&nbsp;&nbsp;&nbsp;&nbsp;&nbsp;&nbsp;&nbsp;&nbsp;&nbsp; &#8211; &nbsp;&nbsp;&nbsp;&nbsp;&nbsp;&nbsp;&nbsp;&nbsp; JFG Wendelstein U16&nbsp;&nbsp;&nbsp;&nbsp;&nbsp;&nbsp;&nbsp;&nbsp;&nbsp;&nbsp;&nbsp;&nbsp;&nbsp;&nbsp;&nbsp;&nbsp;&nbsp;&nbsp;&nbsp;&nbsp;&nbsp;&nbsp;&nbsp;&nbsp;&nbsp;&nbsp;&nbsp;&nbsp;&nbsp;&nbsp; 4:2<\/p>\n\n\n\n<p>JFG Wendelstein U16&nbsp;&nbsp;&nbsp;&nbsp;&nbsp;&nbsp;&nbsp; &#8211; &nbsp;&nbsp;&nbsp;&nbsp;&nbsp;&nbsp;&nbsp;&nbsp; TSV N\u00f6rdlingen U16&nbsp;&nbsp;&nbsp;&nbsp;&nbsp;&nbsp;&nbsp;&nbsp;&nbsp;&nbsp;&nbsp;&nbsp;&nbsp;&nbsp;&nbsp;&nbsp;&nbsp;&nbsp;&nbsp;&nbsp;&nbsp;&nbsp;&nbsp;&nbsp;&nbsp;&nbsp;&nbsp;&nbsp;&nbsp;&nbsp;&nbsp;&nbsp; 1:3<\/p>\n\n\n\n<p>JFG Wendelstein U16&nbsp;&nbsp;&nbsp;&nbsp;&nbsp;&nbsp;&nbsp; &#8211;&nbsp;&nbsp;&nbsp;&nbsp;&nbsp;&nbsp;&nbsp;&nbsp;&nbsp;&nbsp; FSV Erlangen Bruck U16&nbsp; &nbsp;&nbsp;&nbsp;&nbsp;&nbsp;&nbsp;&nbsp;&nbsp;&nbsp;&nbsp;&nbsp; &nbsp;&nbsp;&nbsp;&nbsp;&nbsp;&nbsp;&nbsp;&nbsp;&nbsp;&nbsp;&nbsp; 3:0<\/p>\n\n\n\n<p>JFG Wendelstein U16&nbsp;&nbsp;&nbsp;&nbsp;&nbsp;&nbsp;&nbsp; &#8211; &nbsp;&nbsp;&nbsp;&nbsp;&nbsp;&nbsp;&nbsp;&nbsp; TSV Altenberg U17 &nbsp;&nbsp;&nbsp;&nbsp;&nbsp;&nbsp;&nbsp;&nbsp;&nbsp;&nbsp;&nbsp; &nbsp;&nbsp;&nbsp;&nbsp;&nbsp;&nbsp;&nbsp;&nbsp;&nbsp;&nbsp;&nbsp;&nbsp;&nbsp;&nbsp;&nbsp;&nbsp;&nbsp;&nbsp;&nbsp;&nbsp;&nbsp;&nbsp;&nbsp; 2:2<\/p>\n\n\n\n<p>JFG Wendelstein U16&nbsp;&nbsp;&nbsp;&nbsp;&nbsp;&nbsp;&nbsp; &#8211;&nbsp;&nbsp;&nbsp;&nbsp;&nbsp;&nbsp;&nbsp;&nbsp;&nbsp;&nbsp; JFG Steigerwald U16&nbsp;&nbsp;&nbsp;&nbsp;&nbsp;&nbsp;&nbsp;&nbsp;&nbsp;&nbsp;&nbsp;&nbsp;&nbsp;&nbsp;&nbsp;&nbsp;&nbsp;&nbsp;&nbsp;&nbsp;&nbsp;&nbsp;&nbsp;&nbsp;&nbsp;&nbsp;&nbsp;&nbsp;&nbsp;&nbsp;&nbsp;&nbsp; 3:0<\/p>\n\n\n\n<p>Der Liga Betrieb begann in der BOL, die wir souver\u00e4n als Jahrgangsj\u00fcngeres U16 Team meisterten.<\/p>\n\n\n\n<p>Das spiegelte sich in den Ergebnissen:<\/p>\n\n\n\n<ol class=\"wp-block-list\" type=\"1\"><li>Liga Spiel: SGV N\u00fcrnberg-F\u00fcrth 1883&nbsp;&nbsp; &#8211;&nbsp;&nbsp;&nbsp;&nbsp;&nbsp;&nbsp;&nbsp;&nbsp;&nbsp;&nbsp; JFGW&nbsp;&nbsp;&nbsp;&nbsp;&nbsp;&nbsp;&nbsp;&nbsp;&nbsp;&nbsp;&nbsp;&nbsp;&nbsp;&nbsp;&nbsp;&nbsp;&nbsp;&nbsp;&nbsp;&nbsp;&nbsp;&nbsp;&nbsp; 0:2<\/li><li>Liga Spiel: JFGW&nbsp;&nbsp;&nbsp;&nbsp;&nbsp;&nbsp;&nbsp;&nbsp;&nbsp;&nbsp;&nbsp;&nbsp;&nbsp;&nbsp;&nbsp;&nbsp;&nbsp;&nbsp;&nbsp;&nbsp;&nbsp;&nbsp;&nbsp;&nbsp;&nbsp;&nbsp;&nbsp;&nbsp;&nbsp;&nbsp;&nbsp;&nbsp;&nbsp;&nbsp;&nbsp;&nbsp;&nbsp;&nbsp;&nbsp; &#8211;&nbsp;&nbsp;&nbsp;&nbsp;&nbsp;&nbsp;&nbsp;&nbsp;&nbsp;&nbsp; ASV Neumarkt II&nbsp;&nbsp;&nbsp;&nbsp;&nbsp; 3:0<\/li><li>Liga Spiel: SV Unterreichenbach &nbsp;&nbsp;&nbsp;&nbsp;&nbsp;&nbsp;&nbsp;&nbsp;&nbsp;&nbsp; &#8211;&nbsp;&nbsp;&nbsp;&nbsp;&nbsp;&nbsp;&nbsp;&nbsp;&nbsp;&nbsp; JFGW&nbsp;&nbsp;&nbsp;&nbsp;&nbsp;&nbsp;&nbsp;&nbsp;&nbsp;&nbsp;&nbsp;&nbsp;&nbsp;&nbsp;&nbsp;&nbsp;&nbsp;&nbsp;&nbsp;&nbsp;&nbsp;&nbsp;&nbsp; 2:3<\/li><li>Liga Spiel: JFGW&nbsp;&nbsp;&nbsp;&nbsp;&nbsp;&nbsp;&nbsp;&nbsp;&nbsp;&nbsp;&nbsp;&nbsp;&nbsp;&nbsp;&nbsp;&nbsp;&nbsp;&nbsp;&nbsp;&nbsp;&nbsp;&nbsp;&nbsp;&nbsp;&nbsp;&nbsp;&nbsp;&nbsp;&nbsp;&nbsp;&nbsp;&nbsp;&nbsp;&nbsp;&nbsp;&nbsp;&nbsp;&nbsp;&nbsp; &#8211;&nbsp;&nbsp;&nbsp;&nbsp;&nbsp;&nbsp;&nbsp;&nbsp;&nbsp;&nbsp; Post SV N\u00fcrnberg&nbsp;&nbsp; 5:1<\/li><\/ol>\n\n\n\n<p>Soweit so gut, aber dann kam die 2. Welle der Pandemie und leider wurde der Spielbetrieb wiedermal eingestellt von Anfang November an. Somit steht man aktuell bei Abbruch doch recht \u00fcberraschend an der Tabellenspitze der BOL Mittelfranken.<\/p>\n\n\n\n<p>Jetzt m\u00fcssen unsere Jungs wieder ihr Eigenengagement zeigen und ihre Fitness halten. Hierzu haben sie vom Coach auch entsprechende Einheiten an die Hand bekommen.<\/p>\n\n\n\n<p>In diesem Zusammenhang wollen wir uns auch f\u00fcr die ausgeliehenen Spieler aus der U17 2004er Jahrgang bedanken, die sich mit vollem Einsatz in den Spielen mit eingebracht haben. &nbsp;<\/p>\n\n\n\n<p>Bleibt Gesund und wir werden diese Situation auch wieder gemeinsam meistern!<\/p>\n","protected":false},"excerpt":{"rendered":"<p>Die Corona Pandemie seit M\u00e4rz und Ihre Folgen: Die&nbsp;Corona Virus-Pandemie wirbelt Gesellschaft und&nbsp;Sportwelt seit Mitte M\u00e4rz kr\u00e4ftig durcheinander. Das bekommen auch die Mannschaften im Jugendbereich zu sp\u00fcren. Die C1-Junioren-Bayerliga wurde wenige Tage vor dem Start in die R\u00fcckrunde im M\u00e4rz zun\u00e4chst unterbrochen, einige Wochen sp\u00e4ter empfahl der Bayrische Fu\u00dfball Verband (BFV), die Spielzeit abzubrechen und [&hellip;]<\/p>\n","protected":false},"author":4,"featured_media":0,"comment_status":"closed","ping_status":"closed","sticky":false,"template":"","format":"standard","meta":{"saved_in_kubio":false,"footnotes":""},"categories":[1,2,16,20],"tags":[],"class_list":["post-8476","post","type-post","status-publish","format-standard","hentry","category-allgemein","category-gf","category-spielbericht","category-u16"],"yoast_head":"<!-- This site is optimized with the Yoast SEO plugin v27.4 - https:\/\/yoast.com\/product\/yoast-seo-wordpress\/ -->\n<title>U16 - Jahresbericht - JFG Wendelstein<\/title>\n<meta name=\"robots\" content=\"index, follow, max-snippet:-1, max-image-preview:large, max-video-preview:-1\" \/>\n<link rel=\"canonical\" href=\"https:\/\/www.jugendfussball-wendelstein.de\/wordpress\/u16-jahresbericht\/\" \/>\n<meta property=\"og:locale\" content=\"de_DE\" \/>\n<meta property=\"og:type\" content=\"article\" \/>\n<meta property=\"og:title\" content=\"U16 - Jahresbericht - JFG Wendelstein\" \/>\n<meta property=\"og:description\" content=\"Die Corona Pandemie seit M\u00e4rz und Ihre Folgen: Die&nbsp;Corona Virus-Pandemie wirbelt Gesellschaft und&nbsp;Sportwelt seit Mitte M\u00e4rz kr\u00e4ftig durcheinander. Das bekommen auch die Mannschaften im Jugendbereich zu sp\u00fcren. Die C1-Junioren-Bayerliga wurde wenige Tage vor dem Start in die R\u00fcckrunde im M\u00e4rz zun\u00e4chst unterbrochen, einige Wochen sp\u00e4ter empfahl der Bayrische Fu\u00dfball Verband (BFV), die Spielzeit abzubrechen und [&hellip;]\" \/>\n<meta property=\"og:url\" content=\"https:\/\/www.jugendfussball-wendelstein.de\/wordpress\/u16-jahresbericht\/\" \/>\n<meta property=\"og:site_name\" content=\"JFG Wendelstein\" \/>\n<meta property=\"article:published_time\" content=\"2020-12-03T19:57:23+00:00\" \/>\n<meta name=\"author\" content=\"Autor\" \/>\n<meta name=\"twitter:card\" content=\"summary_large_image\" \/>\n<meta name=\"twitter:label1\" content=\"Verfasst von\" \/>\n\t<meta name=\"twitter:data1\" content=\"Autor\" \/>\n\t<meta name=\"twitter:label2\" content=\"Gesch\u00e4tzte Lesezeit\" \/>\n\t<meta name=\"twitter:data2\" content=\"8\u00a0Minuten\" \/>\n<script type=\"application\/ld+json\" class=\"yoast-schema-graph\">{\"@context\":\"https:\\\/\\\/schema.org\",\"@graph\":[{\"@type\":\"Article\",\"@id\":\"https:\\\/\\\/www.jugendfussball-wendelstein.de\\\/wordpress\\\/u16-jahresbericht\\\/#article\",\"isPartOf\":{\"@id\":\"https:\\\/\\\/www.jugendfussball-wendelstein.de\\\/wordpress\\\/u16-jahresbericht\\\/\"},\"author\":{\"name\":\"Autor\",\"@id\":\"https:\\\/\\\/www.jugendfussball-wendelstein.de\\\/wordpress\\\/#\\\/schema\\\/person\\\/75aadcbd4be1b3af1c1d785397472bc9\"},\"headline\":\"U16 &#8211; Jahresbericht\",\"datePublished\":\"2020-12-03T19:57:23+00:00\",\"mainEntityOfPage\":{\"@id\":\"https:\\\/\\\/www.jugendfussball-wendelstein.de\\\/wordpress\\\/u16-jahresbericht\\\/\"},\"wordCount\":1667,\"articleSection\":[\"Aktuell\",\"Gro\u00dffeld\",\"Spielbericht\",\"U16\"],\"inLanguage\":\"de\"},{\"@type\":\"WebPage\",\"@id\":\"https:\\\/\\\/www.jugendfussball-wendelstein.de\\\/wordpress\\\/u16-jahresbericht\\\/\",\"url\":\"https:\\\/\\\/www.jugendfussball-wendelstein.de\\\/wordpress\\\/u16-jahresbericht\\\/\",\"name\":\"U16 - Jahresbericht - JFG Wendelstein\",\"isPartOf\":{\"@id\":\"https:\\\/\\\/www.jugendfussball-wendelstein.de\\\/wordpress\\\/#website\"},\"datePublished\":\"2020-12-03T19:57:23+00:00\",\"author\":{\"@id\":\"https:\\\/\\\/www.jugendfussball-wendelstein.de\\\/wordpress\\\/#\\\/schema\\\/person\\\/75aadcbd4be1b3af1c1d785397472bc9\"},\"breadcrumb\":{\"@id\":\"https:\\\/\\\/www.jugendfussball-wendelstein.de\\\/wordpress\\\/u16-jahresbericht\\\/#breadcrumb\"},\"inLanguage\":\"de\",\"potentialAction\":[{\"@type\":\"ReadAction\",\"target\":[\"https:\\\/\\\/www.jugendfussball-wendelstein.de\\\/wordpress\\\/u16-jahresbericht\\\/\"]}]},{\"@type\":\"BreadcrumbList\",\"@id\":\"https:\\\/\\\/www.jugendfussball-wendelstein.de\\\/wordpress\\\/u16-jahresbericht\\\/#breadcrumb\",\"itemListElement\":[{\"@type\":\"ListItem\",\"position\":1,\"name\":\"Startseite\",\"item\":\"https:\\\/\\\/www.jugendfussball-wendelstein.de\\\/wordpress\\\/\"},{\"@type\":\"ListItem\",\"position\":2,\"name\":\"U16 &#8211; Jahresbericht\"}]},{\"@type\":\"WebSite\",\"@id\":\"https:\\\/\\\/www.jugendfussball-wendelstein.de\\\/wordpress\\\/#website\",\"url\":\"https:\\\/\\\/www.jugendfussball-wendelstein.de\\\/wordpress\\\/\",\"name\":\"JFG Wendelstein\",\"description\":\"Juniorenfu\u00dfball\",\"potentialAction\":[{\"@type\":\"SearchAction\",\"target\":{\"@type\":\"EntryPoint\",\"urlTemplate\":\"https:\\\/\\\/www.jugendfussball-wendelstein.de\\\/wordpress\\\/?s={search_term_string}\"},\"query-input\":{\"@type\":\"PropertyValueSpecification\",\"valueRequired\":true,\"valueName\":\"search_term_string\"}}],\"inLanguage\":\"de\"},{\"@type\":\"Person\",\"@id\":\"https:\\\/\\\/www.jugendfussball-wendelstein.de\\\/wordpress\\\/#\\\/schema\\\/person\\\/75aadcbd4be1b3af1c1d785397472bc9\",\"name\":\"Autor\",\"image\":{\"@type\":\"ImageObject\",\"inLanguage\":\"de\",\"@id\":\"https:\\\/\\\/secure.gravatar.com\\\/avatar\\\/01dd9b7f2dc8d635302f1c57c2289838e9fe288acd1c06c8f8ad332b8e2a60c9?s=96&d=mm&r=g\",\"url\":\"https:\\\/\\\/secure.gravatar.com\\\/avatar\\\/01dd9b7f2dc8d635302f1c57c2289838e9fe288acd1c06c8f8ad332b8e2a60c9?s=96&d=mm&r=g\",\"contentUrl\":\"https:\\\/\\\/secure.gravatar.com\\\/avatar\\\/01dd9b7f2dc8d635302f1c57c2289838e9fe288acd1c06c8f8ad332b8e2a60c9?s=96&d=mm&r=g\",\"caption\":\"Autor\"},\"url\":\"https:\\\/\\\/www.jugendfussball-wendelstein.de\\\/wordpress\\\/author\\\/autor\\\/\"}]}<\/script>\n<!-- \/ Yoast SEO plugin. -->","yoast_head_json":{"title":"U16 - Jahresbericht - JFG Wendelstein","robots":{"index":"index","follow":"follow","max-snippet":"max-snippet:-1","max-image-preview":"max-image-preview:large","max-video-preview":"max-video-preview:-1"},"canonical":"https:\/\/www.jugendfussball-wendelstein.de\/wordpress\/u16-jahresbericht\/","og_locale":"de_DE","og_type":"article","og_title":"U16 - Jahresbericht - JFG Wendelstein","og_description":"Die Corona Pandemie seit M\u00e4rz und Ihre Folgen: Die&nbsp;Corona Virus-Pandemie wirbelt Gesellschaft und&nbsp;Sportwelt seit Mitte M\u00e4rz kr\u00e4ftig durcheinander. Das bekommen auch die Mannschaften im Jugendbereich zu sp\u00fcren. Die C1-Junioren-Bayerliga wurde wenige Tage vor dem Start in die R\u00fcckrunde im M\u00e4rz zun\u00e4chst unterbrochen, einige Wochen sp\u00e4ter empfahl der Bayrische Fu\u00dfball Verband (BFV), die Spielzeit abzubrechen und [&hellip;]","og_url":"https:\/\/www.jugendfussball-wendelstein.de\/wordpress\/u16-jahresbericht\/","og_site_name":"JFG Wendelstein","article_published_time":"2020-12-03T19:57:23+00:00","author":"Autor","twitter_card":"summary_large_image","twitter_misc":{"Verfasst von":"Autor","Gesch\u00e4tzte Lesezeit":"8\u00a0Minuten"},"schema":{"@context":"https:\/\/schema.org","@graph":[{"@type":"Article","@id":"https:\/\/www.jugendfussball-wendelstein.de\/wordpress\/u16-jahresbericht\/#article","isPartOf":{"@id":"https:\/\/www.jugendfussball-wendelstein.de\/wordpress\/u16-jahresbericht\/"},"author":{"name":"Autor","@id":"https:\/\/www.jugendfussball-wendelstein.de\/wordpress\/#\/schema\/person\/75aadcbd4be1b3af1c1d785397472bc9"},"headline":"U16 &#8211; Jahresbericht","datePublished":"2020-12-03T19:57:23+00:00","mainEntityOfPage":{"@id":"https:\/\/www.jugendfussball-wendelstein.de\/wordpress\/u16-jahresbericht\/"},"wordCount":1667,"articleSection":["Aktuell","Gro\u00dffeld","Spielbericht","U16"],"inLanguage":"de"},{"@type":"WebPage","@id":"https:\/\/www.jugendfussball-wendelstein.de\/wordpress\/u16-jahresbericht\/","url":"https:\/\/www.jugendfussball-wendelstein.de\/wordpress\/u16-jahresbericht\/","name":"U16 - Jahresbericht - JFG Wendelstein","isPartOf":{"@id":"https:\/\/www.jugendfussball-wendelstein.de\/wordpress\/#website"},"datePublished":"2020-12-03T19:57:23+00:00","author":{"@id":"https:\/\/www.jugendfussball-wendelstein.de\/wordpress\/#\/schema\/person\/75aadcbd4be1b3af1c1d785397472bc9"},"breadcrumb":{"@id":"https:\/\/www.jugendfussball-wendelstein.de\/wordpress\/u16-jahresbericht\/#breadcrumb"},"inLanguage":"de","potentialAction":[{"@type":"ReadAction","target":["https:\/\/www.jugendfussball-wendelstein.de\/wordpress\/u16-jahresbericht\/"]}]},{"@type":"BreadcrumbList","@id":"https:\/\/www.jugendfussball-wendelstein.de\/wordpress\/u16-jahresbericht\/#breadcrumb","itemListElement":[{"@type":"ListItem","position":1,"name":"Startseite","item":"https:\/\/www.jugendfussball-wendelstein.de\/wordpress\/"},{"@type":"ListItem","position":2,"name":"U16 &#8211; Jahresbericht"}]},{"@type":"WebSite","@id":"https:\/\/www.jugendfussball-wendelstein.de\/wordpress\/#website","url":"https:\/\/www.jugendfussball-wendelstein.de\/wordpress\/","name":"JFG Wendelstein","description":"Juniorenfu\u00dfball","potentialAction":[{"@type":"SearchAction","target":{"@type":"EntryPoint","urlTemplate":"https:\/\/www.jugendfussball-wendelstein.de\/wordpress\/?s={search_term_string}"},"query-input":{"@type":"PropertyValueSpecification","valueRequired":true,"valueName":"search_term_string"}}],"inLanguage":"de"},{"@type":"Person","@id":"https:\/\/www.jugendfussball-wendelstein.de\/wordpress\/#\/schema\/person\/75aadcbd4be1b3af1c1d785397472bc9","name":"Autor","image":{"@type":"ImageObject","inLanguage":"de","@id":"https:\/\/secure.gravatar.com\/avatar\/01dd9b7f2dc8d635302f1c57c2289838e9fe288acd1c06c8f8ad332b8e2a60c9?s=96&d=mm&r=g","url":"https:\/\/secure.gravatar.com\/avatar\/01dd9b7f2dc8d635302f1c57c2289838e9fe288acd1c06c8f8ad332b8e2a60c9?s=96&d=mm&r=g","contentUrl":"https:\/\/secure.gravatar.com\/avatar\/01dd9b7f2dc8d635302f1c57c2289838e9fe288acd1c06c8f8ad332b8e2a60c9?s=96&d=mm&r=g","caption":"Autor"},"url":"https:\/\/www.jugendfussball-wendelstein.de\/wordpress\/author\/autor\/"}]}},"_links":{"self":[{"href":"https:\/\/www.jugendfussball-wendelstein.de\/wordpress\/wp-json\/wp\/v2\/posts\/8476","targetHints":{"allow":["GET"]}}],"collection":[{"href":"https:\/\/www.jugendfussball-wendelstein.de\/wordpress\/wp-json\/wp\/v2\/posts"}],"about":[{"href":"https:\/\/www.jugendfussball-wendelstein.de\/wordpress\/wp-json\/wp\/v2\/types\/post"}],"author":[{"embeddable":true,"href":"https:\/\/www.jugendfussball-wendelstein.de\/wordpress\/wp-json\/wp\/v2\/users\/4"}],"replies":[{"embeddable":true,"href":"https:\/\/www.jugendfussball-wendelstein.de\/wordpress\/wp-json\/wp\/v2\/comments?post=8476"}],"version-history":[{"count":0,"href":"https:\/\/www.jugendfussball-wendelstein.de\/wordpress\/wp-json\/wp\/v2\/posts\/8476\/revisions"}],"wp:attachment":[{"href":"https:\/\/www.jugendfussball-wendelstein.de\/wordpress\/wp-json\/wp\/v2\/media?parent=8476"}],"wp:term":[{"taxonomy":"category","embeddable":true,"href":"https:\/\/www.jugendfussball-wendelstein.de\/wordpress\/wp-json\/wp\/v2\/categories?post=8476"},{"taxonomy":"post_tag","embeddable":true,"href":"https:\/\/www.jugendfussball-wendelstein.de\/wordpress\/wp-json\/wp\/v2\/tags?post=8476"}],"curies":[{"name":"wp","href":"https:\/\/api.w.org\/{rel}","templated":true}]}}