{"id":9591,"date":"2024-04-16T20:06:52","date_gmt":"2024-04-16T18:06:52","guid":{"rendered":"https:\/\/www.jugendfussball-wendelstein.de\/wordpress\/?p=9591"},"modified":"2024-04-16T20:06:52","modified_gmt":"2024-04-16T18:06:52","slug":"u10-startet-mit-ueberzeugendem-sieg-gegen-henger-sv-in-die-bfv-liga","status":"publish","type":"post","link":"https:\/\/www.jugendfussball-wendelstein.de\/wordpress\/u10-startet-mit-ueberzeugendem-sieg-gegen-henger-sv-in-die-bfv-liga\/","title":{"rendered":"#U10 startet mit \u00fcberzeugendem Sieg gegen Henger SV in die BfV-Liga"},"content":{"rendered":"\n<p>Die U10-Mannschaft der Blues hat einen vielversprechenden Start in die BfV-Liga-Saison hingelegt, indem sie ihren ersten Gegner, den Henger SV, mit einem souver\u00e4nen 4:1-Sieg besiegt hat. Trotz des einj\u00e4hrigen Altersunterschieds zeigten unsere jungen Talente ihre gesamte spielerische Klasse und dominierten das Spiel von Anfang bis Ende.<\/p>\n<p>Das Ergebnis h\u00e4tte sogar noch deutlicher ausfallen k\u00f6nnen, da die Blues zahlreiche Chancen herausspielten und ein 10:1-Sieg durchaus verdient gewesen w\u00e4re. Besonders beeindruckend war, wie sich unsere Jungs von den gro\u00dfen und schnellen Gegenspielern nicht einsch\u00fcchtern lie\u00dfen und mutig ihr Spiel durchzogen.<\/p>\n<p>Trainer und Eltern sind gleicherma\u00dfen stolz auf die Leistung der Mannschaft und freuen sich auf die kommenden Herausforderungen in der Liga. Mit diesem \u00fcberzeugenden Start hat die U10 bewiesen, dass sie bereit ist, in dieser Saison Gro\u00dfes zu erreichen.<\/p>\n<p>Ein herzliches Dankesch\u00f6n geht an alle, die die Mannschaft unterst\u00fctzt haben.<br \/>Zusammen sind wir stark und k\u00f6nnen auch weiterhin tolle Leistungen zeigen.<\/p>\n<p>Wir sind gespannt auf die n\u00e4chsten Spiele und freuen uns darauf.<br \/><br \/><em>Euer<\/em><br \/><em>Metin und Danny<\/em><\/p>\n\n\n","protected":false},"excerpt":{"rendered":"<p>Die U10-Mannschaft der Blues hat einen vielversprechenden Start in die BfV-Liga-Saison hingelegt, indem sie ihren ersten Gegner, den Henger SV, mit einem souver\u00e4nen 4:1-Sieg besiegt hat. Trotz des einj\u00e4hrigen Altersunterschieds zeigten unsere jungen Talente ihre gesamte spielerische Klasse und dominierten das Spiel von Anfang bis Ende. Das Ergebnis h\u00e4tte sogar noch deutlicher ausfallen k\u00f6nnen, da [&hellip;]<\/p>\n","protected":false},"author":9,"featured_media":9593,"comment_status":"closed","ping_status":"closed","sticky":false,"template":"","format":"standard","meta":{"saved_in_kubio":false,"footnotes":""},"categories":[1,3,16,5],"tags":[],"class_list":["post-9591","post","type-post","status-publish","format-standard","has-post-thumbnail","hentry","category-allgemein","category-kf","category-spielbericht","category-u10"],"yoast_head":"<!-- This site is optimized with the Yoast SEO plugin v27.4 - https:\/\/yoast.com\/product\/yoast-seo-wordpress\/ -->\n<title>#U10 startet mit \u00fcberzeugendem Sieg gegen Henger SV in die BfV-Liga - JFG Wendelstein<\/title>\n<meta name=\"robots\" content=\"index, follow, max-snippet:-1, max-image-preview:large, max-video-preview:-1\" \/>\n<link rel=\"canonical\" href=\"https:\/\/www.jugendfussball-wendelstein.de\/wordpress\/u10-startet-mit-ueberzeugendem-sieg-gegen-henger-sv-in-die-bfv-liga\/\" \/>\n<meta property=\"og:locale\" content=\"de_DE\" \/>\n<meta property=\"og:type\" content=\"article\" \/>\n<meta property=\"og:title\" content=\"#U10 startet mit \u00fcberzeugendem Sieg gegen Henger SV in die BfV-Liga - JFG Wendelstein\" \/>\n<meta property=\"og:description\" content=\"Die U10-Mannschaft der Blues hat einen vielversprechenden Start in die BfV-Liga-Saison hingelegt, indem sie ihren ersten Gegner, den Henger SV, mit einem souver\u00e4nen 4:1-Sieg besiegt hat. Trotz des einj\u00e4hrigen Altersunterschieds zeigten unsere jungen Talente ihre gesamte spielerische Klasse und dominierten das Spiel von Anfang bis Ende. Das Ergebnis h\u00e4tte sogar noch deutlicher ausfallen k\u00f6nnen, da [&hellip;]\" \/>\n<meta property=\"og:url\" content=\"https:\/\/www.jugendfussball-wendelstein.de\/wordpress\/u10-startet-mit-ueberzeugendem-sieg-gegen-henger-sv-in-die-bfv-liga\/\" \/>\n<meta property=\"og:site_name\" content=\"JFG Wendelstein\" \/>\n<meta property=\"article:published_time\" content=\"2024-04-16T18:06:52+00:00\" \/>\n<meta property=\"og:image\" content=\"https:\/\/www.jugendfussball-wendelstein.de\/wordpress\/wp-content\/uploads\/2024\/04\/u10_heng.png\" \/>\n\t<meta property=\"og:image:width\" content=\"908\" \/>\n\t<meta property=\"og:image:height\" content=\"912\" \/>\n\t<meta property=\"og:image:type\" content=\"image\/png\" \/>\n<meta name=\"author\" content=\"Danny Blau\" \/>\n<meta name=\"twitter:card\" content=\"summary_large_image\" \/>\n<meta name=\"twitter:label1\" content=\"Verfasst von\" \/>\n\t<meta name=\"twitter:data1\" content=\"Danny Blau\" \/>\n\t<meta name=\"twitter:label2\" content=\"Gesch\u00e4tzte Lesezeit\" \/>\n\t<meta name=\"twitter:data2\" content=\"1\u00a0Minute\" \/>\n<script type=\"application\/ld+json\" class=\"yoast-schema-graph\">{\"@context\":\"https:\\\/\\\/schema.org\",\"@graph\":[{\"@type\":\"Article\",\"@id\":\"https:\\\/\\\/www.jugendfussball-wendelstein.de\\\/wordpress\\\/u10-startet-mit-ueberzeugendem-sieg-gegen-henger-sv-in-die-bfv-liga\\\/#article\",\"isPartOf\":{\"@id\":\"https:\\\/\\\/www.jugendfussball-wendelstein.de\\\/wordpress\\\/u10-startet-mit-ueberzeugendem-sieg-gegen-henger-sv-in-die-bfv-liga\\\/\"},\"author\":{\"name\":\"Danny Blau\",\"@id\":\"https:\\\/\\\/www.jugendfussball-wendelstein.de\\\/wordpress\\\/#\\\/schema\\\/person\\\/05f4dbf379aec8c504bc63fbded66e30\"},\"headline\":\"#U10 startet mit \u00fcberzeugendem Sieg gegen Henger SV in die BfV-Liga\",\"datePublished\":\"2024-04-16T18:06:52+00:00\",\"mainEntityOfPage\":{\"@id\":\"https:\\\/\\\/www.jugendfussball-wendelstein.de\\\/wordpress\\\/u10-startet-mit-ueberzeugendem-sieg-gegen-henger-sv-in-die-bfv-liga\\\/\"},\"wordCount\":190,\"image\":{\"@id\":\"https:\\\/\\\/www.jugendfussball-wendelstein.de\\\/wordpress\\\/u10-startet-mit-ueberzeugendem-sieg-gegen-henger-sv-in-die-bfv-liga\\\/#primaryimage\"},\"thumbnailUrl\":\"https:\\\/\\\/www.jugendfussball-wendelstein.de\\\/wordpress\\\/wp-content\\\/uploads\\\/2024\\\/04\\\/u10_heng.png\",\"articleSection\":[\"Aktuell\",\"Kleinfeld\",\"Spielbericht\",\"U10\"],\"inLanguage\":\"de\"},{\"@type\":\"WebPage\",\"@id\":\"https:\\\/\\\/www.jugendfussball-wendelstein.de\\\/wordpress\\\/u10-startet-mit-ueberzeugendem-sieg-gegen-henger-sv-in-die-bfv-liga\\\/\",\"url\":\"https:\\\/\\\/www.jugendfussball-wendelstein.de\\\/wordpress\\\/u10-startet-mit-ueberzeugendem-sieg-gegen-henger-sv-in-die-bfv-liga\\\/\",\"name\":\"#U10 startet mit \u00fcberzeugendem Sieg gegen Henger SV in die BfV-Liga - JFG Wendelstein\",\"isPartOf\":{\"@id\":\"https:\\\/\\\/www.jugendfussball-wendelstein.de\\\/wordpress\\\/#website\"},\"primaryImageOfPage\":{\"@id\":\"https:\\\/\\\/www.jugendfussball-wendelstein.de\\\/wordpress\\\/u10-startet-mit-ueberzeugendem-sieg-gegen-henger-sv-in-die-bfv-liga\\\/#primaryimage\"},\"image\":{\"@id\":\"https:\\\/\\\/www.jugendfussball-wendelstein.de\\\/wordpress\\\/u10-startet-mit-ueberzeugendem-sieg-gegen-henger-sv-in-die-bfv-liga\\\/#primaryimage\"},\"thumbnailUrl\":\"https:\\\/\\\/www.jugendfussball-wendelstein.de\\\/wordpress\\\/wp-content\\\/uploads\\\/2024\\\/04\\\/u10_heng.png\",\"datePublished\":\"2024-04-16T18:06:52+00:00\",\"author\":{\"@id\":\"https:\\\/\\\/www.jugendfussball-wendelstein.de\\\/wordpress\\\/#\\\/schema\\\/person\\\/05f4dbf379aec8c504bc63fbded66e30\"},\"breadcrumb\":{\"@id\":\"https:\\\/\\\/www.jugendfussball-wendelstein.de\\\/wordpress\\\/u10-startet-mit-ueberzeugendem-sieg-gegen-henger-sv-in-die-bfv-liga\\\/#breadcrumb\"},\"inLanguage\":\"de\",\"potentialAction\":[{\"@type\":\"ReadAction\",\"target\":[\"https:\\\/\\\/www.jugendfussball-wendelstein.de\\\/wordpress\\\/u10-startet-mit-ueberzeugendem-sieg-gegen-henger-sv-in-die-bfv-liga\\\/\"]}]},{\"@type\":\"ImageObject\",\"inLanguage\":\"de\",\"@id\":\"https:\\\/\\\/www.jugendfussball-wendelstein.de\\\/wordpress\\\/u10-startet-mit-ueberzeugendem-sieg-gegen-henger-sv-in-die-bfv-liga\\\/#primaryimage\",\"url\":\"https:\\\/\\\/www.jugendfussball-wendelstein.de\\\/wordpress\\\/wp-content\\\/uploads\\\/2024\\\/04\\\/u10_heng.png\",\"contentUrl\":\"https:\\\/\\\/www.jugendfussball-wendelstein.de\\\/wordpress\\\/wp-content\\\/uploads\\\/2024\\\/04\\\/u10_heng.png\",\"width\":908,\"height\":912},{\"@type\":\"BreadcrumbList\",\"@id\":\"https:\\\/\\\/www.jugendfussball-wendelstein.de\\\/wordpress\\\/u10-startet-mit-ueberzeugendem-sieg-gegen-henger-sv-in-die-bfv-liga\\\/#breadcrumb\",\"itemListElement\":[{\"@type\":\"ListItem\",\"position\":1,\"name\":\"Startseite\",\"item\":\"https:\\\/\\\/www.jugendfussball-wendelstein.de\\\/wordpress\\\/\"},{\"@type\":\"ListItem\",\"position\":2,\"name\":\"#U10 startet mit \u00fcberzeugendem Sieg gegen Henger SV in die BfV-Liga\"}]},{\"@type\":\"WebSite\",\"@id\":\"https:\\\/\\\/www.jugendfussball-wendelstein.de\\\/wordpress\\\/#website\",\"url\":\"https:\\\/\\\/www.jugendfussball-wendelstein.de\\\/wordpress\\\/\",\"name\":\"JFG Wendelstein\",\"description\":\"Juniorenfu\u00dfball\",\"potentialAction\":[{\"@type\":\"SearchAction\",\"target\":{\"@type\":\"EntryPoint\",\"urlTemplate\":\"https:\\\/\\\/www.jugendfussball-wendelstein.de\\\/wordpress\\\/?s={search_term_string}\"},\"query-input\":{\"@type\":\"PropertyValueSpecification\",\"valueRequired\":true,\"valueName\":\"search_term_string\"}}],\"inLanguage\":\"de\"},{\"@type\":\"Person\",\"@id\":\"https:\\\/\\\/www.jugendfussball-wendelstein.de\\\/wordpress\\\/#\\\/schema\\\/person\\\/05f4dbf379aec8c504bc63fbded66e30\",\"name\":\"Danny Blau\",\"image\":{\"@type\":\"ImageObject\",\"inLanguage\":\"de\",\"@id\":\"https:\\\/\\\/secure.gravatar.com\\\/avatar\\\/249ce4865297c8ce0bd630f00ac61a01d90a96b995cfdd38a431a280e290cd13?s=96&d=mm&r=g\",\"url\":\"https:\\\/\\\/secure.gravatar.com\\\/avatar\\\/249ce4865297c8ce0bd630f00ac61a01d90a96b995cfdd38a431a280e290cd13?s=96&d=mm&r=g\",\"contentUrl\":\"https:\\\/\\\/secure.gravatar.com\\\/avatar\\\/249ce4865297c8ce0bd630f00ac61a01d90a96b995cfdd38a431a280e290cd13?s=96&d=mm&r=g\",\"caption\":\"Danny Blau\"},\"url\":\"https:\\\/\\\/www.jugendfussball-wendelstein.de\\\/wordpress\\\/author\\\/danny\\\/\"}]}<\/script>\n<!-- \/ Yoast SEO plugin. -->","yoast_head_json":{"title":"#U10 startet mit \u00fcberzeugendem Sieg gegen Henger SV in die BfV-Liga - JFG Wendelstein","robots":{"index":"index","follow":"follow","max-snippet":"max-snippet:-1","max-image-preview":"max-image-preview:large","max-video-preview":"max-video-preview:-1"},"canonical":"https:\/\/www.jugendfussball-wendelstein.de\/wordpress\/u10-startet-mit-ueberzeugendem-sieg-gegen-henger-sv-in-die-bfv-liga\/","og_locale":"de_DE","og_type":"article","og_title":"#U10 startet mit \u00fcberzeugendem Sieg gegen Henger SV in die BfV-Liga - JFG Wendelstein","og_description":"Die U10-Mannschaft der Blues hat einen vielversprechenden Start in die BfV-Liga-Saison hingelegt, indem sie ihren ersten Gegner, den Henger SV, mit einem souver\u00e4nen 4:1-Sieg besiegt hat. Trotz des einj\u00e4hrigen Altersunterschieds zeigten unsere jungen Talente ihre gesamte spielerische Klasse und dominierten das Spiel von Anfang bis Ende. Das Ergebnis h\u00e4tte sogar noch deutlicher ausfallen k\u00f6nnen, da [&hellip;]","og_url":"https:\/\/www.jugendfussball-wendelstein.de\/wordpress\/u10-startet-mit-ueberzeugendem-sieg-gegen-henger-sv-in-die-bfv-liga\/","og_site_name":"JFG Wendelstein","article_published_time":"2024-04-16T18:06:52+00:00","og_image":[{"width":908,"height":912,"url":"https:\/\/www.jugendfussball-wendelstein.de\/wordpress\/wp-content\/uploads\/2024\/04\/u10_heng.png","type":"image\/png"}],"author":"Danny Blau","twitter_card":"summary_large_image","twitter_misc":{"Verfasst von":"Danny Blau","Gesch\u00e4tzte Lesezeit":"1\u00a0Minute"},"schema":{"@context":"https:\/\/schema.org","@graph":[{"@type":"Article","@id":"https:\/\/www.jugendfussball-wendelstein.de\/wordpress\/u10-startet-mit-ueberzeugendem-sieg-gegen-henger-sv-in-die-bfv-liga\/#article","isPartOf":{"@id":"https:\/\/www.jugendfussball-wendelstein.de\/wordpress\/u10-startet-mit-ueberzeugendem-sieg-gegen-henger-sv-in-die-bfv-liga\/"},"author":{"name":"Danny Blau","@id":"https:\/\/www.jugendfussball-wendelstein.de\/wordpress\/#\/schema\/person\/05f4dbf379aec8c504bc63fbded66e30"},"headline":"#U10 startet mit \u00fcberzeugendem Sieg gegen Henger SV in die BfV-Liga","datePublished":"2024-04-16T18:06:52+00:00","mainEntityOfPage":{"@id":"https:\/\/www.jugendfussball-wendelstein.de\/wordpress\/u10-startet-mit-ueberzeugendem-sieg-gegen-henger-sv-in-die-bfv-liga\/"},"wordCount":190,"image":{"@id":"https:\/\/www.jugendfussball-wendelstein.de\/wordpress\/u10-startet-mit-ueberzeugendem-sieg-gegen-henger-sv-in-die-bfv-liga\/#primaryimage"},"thumbnailUrl":"https:\/\/www.jugendfussball-wendelstein.de\/wordpress\/wp-content\/uploads\/2024\/04\/u10_heng.png","articleSection":["Aktuell","Kleinfeld","Spielbericht","U10"],"inLanguage":"de"},{"@type":"WebPage","@id":"https:\/\/www.jugendfussball-wendelstein.de\/wordpress\/u10-startet-mit-ueberzeugendem-sieg-gegen-henger-sv-in-die-bfv-liga\/","url":"https:\/\/www.jugendfussball-wendelstein.de\/wordpress\/u10-startet-mit-ueberzeugendem-sieg-gegen-henger-sv-in-die-bfv-liga\/","name":"#U10 startet mit \u00fcberzeugendem Sieg gegen Henger SV in die BfV-Liga - JFG Wendelstein","isPartOf":{"@id":"https:\/\/www.jugendfussball-wendelstein.de\/wordpress\/#website"},"primaryImageOfPage":{"@id":"https:\/\/www.jugendfussball-wendelstein.de\/wordpress\/u10-startet-mit-ueberzeugendem-sieg-gegen-henger-sv-in-die-bfv-liga\/#primaryimage"},"image":{"@id":"https:\/\/www.jugendfussball-wendelstein.de\/wordpress\/u10-startet-mit-ueberzeugendem-sieg-gegen-henger-sv-in-die-bfv-liga\/#primaryimage"},"thumbnailUrl":"https:\/\/www.jugendfussball-wendelstein.de\/wordpress\/wp-content\/uploads\/2024\/04\/u10_heng.png","datePublished":"2024-04-16T18:06:52+00:00","author":{"@id":"https:\/\/www.jugendfussball-wendelstein.de\/wordpress\/#\/schema\/person\/05f4dbf379aec8c504bc63fbded66e30"},"breadcrumb":{"@id":"https:\/\/www.jugendfussball-wendelstein.de\/wordpress\/u10-startet-mit-ueberzeugendem-sieg-gegen-henger-sv-in-die-bfv-liga\/#breadcrumb"},"inLanguage":"de","potentialAction":[{"@type":"ReadAction","target":["https:\/\/www.jugendfussball-wendelstein.de\/wordpress\/u10-startet-mit-ueberzeugendem-sieg-gegen-henger-sv-in-die-bfv-liga\/"]}]},{"@type":"ImageObject","inLanguage":"de","@id":"https:\/\/www.jugendfussball-wendelstein.de\/wordpress\/u10-startet-mit-ueberzeugendem-sieg-gegen-henger-sv-in-die-bfv-liga\/#primaryimage","url":"https:\/\/www.jugendfussball-wendelstein.de\/wordpress\/wp-content\/uploads\/2024\/04\/u10_heng.png","contentUrl":"https:\/\/www.jugendfussball-wendelstein.de\/wordpress\/wp-content\/uploads\/2024\/04\/u10_heng.png","width":908,"height":912},{"@type":"BreadcrumbList","@id":"https:\/\/www.jugendfussball-wendelstein.de\/wordpress\/u10-startet-mit-ueberzeugendem-sieg-gegen-henger-sv-in-die-bfv-liga\/#breadcrumb","itemListElement":[{"@type":"ListItem","position":1,"name":"Startseite","item":"https:\/\/www.jugendfussball-wendelstein.de\/wordpress\/"},{"@type":"ListItem","position":2,"name":"#U10 startet mit \u00fcberzeugendem Sieg gegen Henger SV in die BfV-Liga"}]},{"@type":"WebSite","@id":"https:\/\/www.jugendfussball-wendelstein.de\/wordpress\/#website","url":"https:\/\/www.jugendfussball-wendelstein.de\/wordpress\/","name":"JFG Wendelstein","description":"Juniorenfu\u00dfball","potentialAction":[{"@type":"SearchAction","target":{"@type":"EntryPoint","urlTemplate":"https:\/\/www.jugendfussball-wendelstein.de\/wordpress\/?s={search_term_string}"},"query-input":{"@type":"PropertyValueSpecification","valueRequired":true,"valueName":"search_term_string"}}],"inLanguage":"de"},{"@type":"Person","@id":"https:\/\/www.jugendfussball-wendelstein.de\/wordpress\/#\/schema\/person\/05f4dbf379aec8c504bc63fbded66e30","name":"Danny Blau","image":{"@type":"ImageObject","inLanguage":"de","@id":"https:\/\/secure.gravatar.com\/avatar\/249ce4865297c8ce0bd630f00ac61a01d90a96b995cfdd38a431a280e290cd13?s=96&d=mm&r=g","url":"https:\/\/secure.gravatar.com\/avatar\/249ce4865297c8ce0bd630f00ac61a01d90a96b995cfdd38a431a280e290cd13?s=96&d=mm&r=g","contentUrl":"https:\/\/secure.gravatar.com\/avatar\/249ce4865297c8ce0bd630f00ac61a01d90a96b995cfdd38a431a280e290cd13?s=96&d=mm&r=g","caption":"Danny Blau"},"url":"https:\/\/www.jugendfussball-wendelstein.de\/wordpress\/author\/danny\/"}]}},"_links":{"self":[{"href":"https:\/\/www.jugendfussball-wendelstein.de\/wordpress\/wp-json\/wp\/v2\/posts\/9591","targetHints":{"allow":["GET"]}}],"collection":[{"href":"https:\/\/www.jugendfussball-wendelstein.de\/wordpress\/wp-json\/wp\/v2\/posts"}],"about":[{"href":"https:\/\/www.jugendfussball-wendelstein.de\/wordpress\/wp-json\/wp\/v2\/types\/post"}],"author":[{"embeddable":true,"href":"https:\/\/www.jugendfussball-wendelstein.de\/wordpress\/wp-json\/wp\/v2\/users\/9"}],"replies":[{"embeddable":true,"href":"https:\/\/www.jugendfussball-wendelstein.de\/wordpress\/wp-json\/wp\/v2\/comments?post=9591"}],"version-history":[{"count":0,"href":"https:\/\/www.jugendfussball-wendelstein.de\/wordpress\/wp-json\/wp\/v2\/posts\/9591\/revisions"}],"wp:featuredmedia":[{"embeddable":true,"href":"https:\/\/www.jugendfussball-wendelstein.de\/wordpress\/wp-json\/wp\/v2\/media\/9593"}],"wp:attachment":[{"href":"https:\/\/www.jugendfussball-wendelstein.de\/wordpress\/wp-json\/wp\/v2\/media?parent=9591"}],"wp:term":[{"taxonomy":"category","embeddable":true,"href":"https:\/\/www.jugendfussball-wendelstein.de\/wordpress\/wp-json\/wp\/v2\/categories?post=9591"},{"taxonomy":"post_tag","embeddable":true,"href":"https:\/\/www.jugendfussball-wendelstein.de\/wordpress\/wp-json\/wp\/v2\/tags?post=9591"}],"curies":[{"name":"wp","href":"https:\/\/api.w.org\/{rel}","templated":true}]}}