{"id":9816,"date":"2024-09-08T20:00:00","date_gmt":"2024-09-08T18:00:00","guid":{"rendered":"https:\/\/www.jugendfussball-wendelstein.de\/wordpress\/?p=9816"},"modified":"2024-09-09T11:49:50","modified_gmt":"2024-09-09T09:49:50","slug":"u11-erreicht-5-platz-beim-lissi-gebhardt-cup","status":"publish","type":"post","link":"https:\/\/www.jugendfussball-wendelstein.de\/wordpress\/u11-erreicht-5-platz-beim-lissi-gebhardt-cup\/","title":{"rendered":"#U11 erreicht 5. Platz beim Lissi Gebhardt Cup"},"content":{"rendered":"\n<p class=\"p1\">Unsere U11 hat am Wochenende einen soliden 5. Platz von 12 Teams beim Lissi Gebhardt Cup erreicht. Das Turnier stellte die erste Herausforderung nach der Sommerpause dar, in der das Team gerade mal zwei Trainingseinheiten absolviert hatte. Angesichts dessen kann die Leistung als sehr zufriedenstellend betrachtet werden.<\/p>\n\n\n\n<p class=\"p1\">Trotz des erfreulichen Ergebnisses war noch Luft nach oben. Mit etwas mehr Konstanz im Turnierverlauf w\u00e4re durchaus eine noch bessere Platzierung m\u00f6glich gewesen. Daran werden wir in den kommenden Wochen gezielt arbeiten, um unser Potenzial voll auszusch\u00f6pfen.<\/p>\n\n\n<div class=\"wp-block-image\">\n<figure class=\"aligncenter size-full\"><img loading=\"lazy\" decoding=\"async\" width=\"610\" height=\"544\" src=\"https:\/\/www.jugendfussball-wendelstein.de\/wordpress\/wp-content\/uploads\/2024\/09\/Kreis.png\" alt=\"\" class=\"wp-image-9818\" srcset=\"https:\/\/www.jugendfussball-wendelstein.de\/wordpress\/wp-content\/uploads\/2024\/09\/Kreis.png 610w, https:\/\/www.jugendfussball-wendelstein.de\/wordpress\/wp-content\/uploads\/2024\/09\/Kreis-336x300.png 336w\" sizes=\"(max-width: 610px) 100vw, 610px\" \/><figcaption class=\"wp-element-caption\">Wir sind das TEAM<\/figcaption><\/figure><\/div>\n\n\n<p class=\"p1\">Besondere Highlights des Turniers waren das hervorragende Spiel gegen Greuther F\u00fcrth, bei dem wir das deutlich st\u00e4rkere Team auf dem Platz waren, sowie der \u00fcberzeugende 4:1-Sieg gegen Quelle. Der Sieg gegen Quelle war f\u00fcr das Team von gro\u00dfer Bedeutung, da diese Mannschaft in letzter Zeit zu einem regelrechten \u201eAngstgegner\u201c geworden ist. Umso erfreulicher war es, dass wir dieses Spiel so dominant gestalten konnten.<\/p>\n\n\n\n\n\n<p class=\"p1\">In den kommenden Wochen freuen wir uns auf weitere Trainingseinheiten und spannende Turniere, bei denen wir als Team weiter wachsen und unsere Leistung kontinuierlich steigern wollen.<\/p>\n<p class=\"p1\"><em><b>Danny und Metin<\/b><\/em><\/p>\n\n\n<div class=\"wp-block-image\">\n<figure class=\"aligncenter size-full\"><img loading=\"lazy\" decoding=\"async\" width=\"596\" height=\"620\" src=\"https:\/\/www.jugendfussball-wendelstein.de\/wordpress\/wp-content\/uploads\/2024\/09\/Team.png\" alt=\"\" class=\"wp-image-9824\" srcset=\"https:\/\/www.jugendfussball-wendelstein.de\/wordpress\/wp-content\/uploads\/2024\/09\/Team.png 596w, https:\/\/www.jugendfussball-wendelstein.de\/wordpress\/wp-content\/uploads\/2024\/09\/Team-288x300.png 288w\" sizes=\"(max-width: 596px) 100vw, 596px\" \/><figcaption class=\"wp-element-caption\">Solider Saisonauftakt<\/figcaption><\/figure><\/div>","protected":false},"excerpt":{"rendered":"<p>Unsere U11 hat am Wochenende einen soliden 5. Platz von 12 Teams beim Lissi Gebhardt Cup erreicht. Das Turnier stellte die erste Herausforderung nach der Sommerpause dar, in der das Team gerade mal zwei Trainingseinheiten absolviert hatte. Angesichts dessen kann die Leistung als sehr zufriedenstellend betrachtet werden. Trotz des erfreulichen Ergebnisses war noch Luft nach [&hellip;]<\/p>\n","protected":false},"author":9,"featured_media":9830,"comment_status":"closed","ping_status":"closed","sticky":false,"template":"","format":"standard","meta":{"saved_in_kubio":false,"footnotes":""},"categories":[1,3,16,4],"tags":[],"class_list":["post-9816","post","type-post","status-publish","format-standard","has-post-thumbnail","hentry","category-allgemein","category-kf","category-spielbericht","category-u11"],"yoast_head":"<!-- This site is optimized with the Yoast SEO plugin v27.4 - https:\/\/yoast.com\/product\/yoast-seo-wordpress\/ -->\n<title>#U11 erreicht 5. Platz beim Lissi Gebhardt Cup - JFG Wendelstein<\/title>\n<meta name=\"robots\" content=\"index, follow, max-snippet:-1, max-image-preview:large, max-video-preview:-1\" \/>\n<link rel=\"canonical\" href=\"https:\/\/www.jugendfussball-wendelstein.de\/wordpress\/u11-erreicht-5-platz-beim-lissi-gebhardt-cup\/\" \/>\n<meta property=\"og:locale\" content=\"de_DE\" \/>\n<meta property=\"og:type\" content=\"article\" \/>\n<meta property=\"og:title\" content=\"#U11 erreicht 5. Platz beim Lissi Gebhardt Cup - JFG Wendelstein\" \/>\n<meta property=\"og:description\" content=\"Unsere U11 hat am Wochenende einen soliden 5. Platz von 12 Teams beim Lissi Gebhardt Cup erreicht. Das Turnier stellte die erste Herausforderung nach der Sommerpause dar, in der das Team gerade mal zwei Trainingseinheiten absolviert hatte. Angesichts dessen kann die Leistung als sehr zufriedenstellend betrachtet werden. Trotz des erfreulichen Ergebnisses war noch Luft nach [&hellip;]\" \/>\n<meta property=\"og:url\" content=\"https:\/\/www.jugendfussball-wendelstein.de\/wordpress\/u11-erreicht-5-platz-beim-lissi-gebhardt-cup\/\" \/>\n<meta property=\"og:site_name\" content=\"JFG Wendelstein\" \/>\n<meta property=\"article:published_time\" content=\"2024-09-08T18:00:00+00:00\" \/>\n<meta property=\"article:modified_time\" content=\"2024-09-09T09:49:50+00:00\" \/>\n<meta property=\"og:image\" content=\"https:\/\/www.jugendfussball-wendelstein.de\/wordpress\/wp-content\/uploads\/2024\/09\/0_Titelbild.png\" \/>\n\t<meta property=\"og:image:width\" content=\"470\" \/>\n\t<meta property=\"og:image:height\" content=\"472\" \/>\n\t<meta property=\"og:image:type\" content=\"image\/png\" \/>\n<meta name=\"author\" content=\"Danny Blau\" \/>\n<meta name=\"twitter:card\" content=\"summary_large_image\" \/>\n<meta name=\"twitter:label1\" content=\"Verfasst von\" \/>\n\t<meta name=\"twitter:data1\" content=\"Danny Blau\" \/>\n\t<meta name=\"twitter:label2\" content=\"Gesch\u00e4tzte Lesezeit\" \/>\n\t<meta name=\"twitter:data2\" content=\"1\u00a0Minute\" \/>\n<script type=\"application\/ld+json\" class=\"yoast-schema-graph\">{\"@context\":\"https:\\\/\\\/schema.org\",\"@graph\":[{\"@type\":\"Article\",\"@id\":\"https:\\\/\\\/www.jugendfussball-wendelstein.de\\\/wordpress\\\/u11-erreicht-5-platz-beim-lissi-gebhardt-cup\\\/#article\",\"isPartOf\":{\"@id\":\"https:\\\/\\\/www.jugendfussball-wendelstein.de\\\/wordpress\\\/u11-erreicht-5-platz-beim-lissi-gebhardt-cup\\\/\"},\"author\":{\"name\":\"Danny Blau\",\"@id\":\"https:\\\/\\\/www.jugendfussball-wendelstein.de\\\/wordpress\\\/#\\\/schema\\\/person\\\/05f4dbf379aec8c504bc63fbded66e30\"},\"headline\":\"#U11 erreicht 5. Platz beim Lissi Gebhardt Cup\",\"datePublished\":\"2024-09-08T18:00:00+00:00\",\"dateModified\":\"2024-09-09T09:49:50+00:00\",\"mainEntityOfPage\":{\"@id\":\"https:\\\/\\\/www.jugendfussball-wendelstein.de\\\/wordpress\\\/u11-erreicht-5-platz-beim-lissi-gebhardt-cup\\\/\"},\"wordCount\":194,\"image\":{\"@id\":\"https:\\\/\\\/www.jugendfussball-wendelstein.de\\\/wordpress\\\/u11-erreicht-5-platz-beim-lissi-gebhardt-cup\\\/#primaryimage\"},\"thumbnailUrl\":\"https:\\\/\\\/www.jugendfussball-wendelstein.de\\\/wordpress\\\/wp-content\\\/uploads\\\/2024\\\/09\\\/0_Titelbild.png\",\"articleSection\":[\"Aktuell\",\"Kleinfeld\",\"Spielbericht\",\"U11\"],\"inLanguage\":\"de\"},{\"@type\":\"WebPage\",\"@id\":\"https:\\\/\\\/www.jugendfussball-wendelstein.de\\\/wordpress\\\/u11-erreicht-5-platz-beim-lissi-gebhardt-cup\\\/\",\"url\":\"https:\\\/\\\/www.jugendfussball-wendelstein.de\\\/wordpress\\\/u11-erreicht-5-platz-beim-lissi-gebhardt-cup\\\/\",\"name\":\"#U11 erreicht 5. Platz beim Lissi Gebhardt Cup - JFG Wendelstein\",\"isPartOf\":{\"@id\":\"https:\\\/\\\/www.jugendfussball-wendelstein.de\\\/wordpress\\\/#website\"},\"primaryImageOfPage\":{\"@id\":\"https:\\\/\\\/www.jugendfussball-wendelstein.de\\\/wordpress\\\/u11-erreicht-5-platz-beim-lissi-gebhardt-cup\\\/#primaryimage\"},\"image\":{\"@id\":\"https:\\\/\\\/www.jugendfussball-wendelstein.de\\\/wordpress\\\/u11-erreicht-5-platz-beim-lissi-gebhardt-cup\\\/#primaryimage\"},\"thumbnailUrl\":\"https:\\\/\\\/www.jugendfussball-wendelstein.de\\\/wordpress\\\/wp-content\\\/uploads\\\/2024\\\/09\\\/0_Titelbild.png\",\"datePublished\":\"2024-09-08T18:00:00+00:00\",\"dateModified\":\"2024-09-09T09:49:50+00:00\",\"author\":{\"@id\":\"https:\\\/\\\/www.jugendfussball-wendelstein.de\\\/wordpress\\\/#\\\/schema\\\/person\\\/05f4dbf379aec8c504bc63fbded66e30\"},\"breadcrumb\":{\"@id\":\"https:\\\/\\\/www.jugendfussball-wendelstein.de\\\/wordpress\\\/u11-erreicht-5-platz-beim-lissi-gebhardt-cup\\\/#breadcrumb\"},\"inLanguage\":\"de\",\"potentialAction\":[{\"@type\":\"ReadAction\",\"target\":[\"https:\\\/\\\/www.jugendfussball-wendelstein.de\\\/wordpress\\\/u11-erreicht-5-platz-beim-lissi-gebhardt-cup\\\/\"]}]},{\"@type\":\"ImageObject\",\"inLanguage\":\"de\",\"@id\":\"https:\\\/\\\/www.jugendfussball-wendelstein.de\\\/wordpress\\\/u11-erreicht-5-platz-beim-lissi-gebhardt-cup\\\/#primaryimage\",\"url\":\"https:\\\/\\\/www.jugendfussball-wendelstein.de\\\/wordpress\\\/wp-content\\\/uploads\\\/2024\\\/09\\\/0_Titelbild.png\",\"contentUrl\":\"https:\\\/\\\/www.jugendfussball-wendelstein.de\\\/wordpress\\\/wp-content\\\/uploads\\\/2024\\\/09\\\/0_Titelbild.png\",\"width\":470,\"height\":472},{\"@type\":\"BreadcrumbList\",\"@id\":\"https:\\\/\\\/www.jugendfussball-wendelstein.de\\\/wordpress\\\/u11-erreicht-5-platz-beim-lissi-gebhardt-cup\\\/#breadcrumb\",\"itemListElement\":[{\"@type\":\"ListItem\",\"position\":1,\"name\":\"Startseite\",\"item\":\"https:\\\/\\\/www.jugendfussball-wendelstein.de\\\/wordpress\\\/\"},{\"@type\":\"ListItem\",\"position\":2,\"name\":\"#U11 erreicht 5. Platz beim Lissi Gebhardt Cup\"}]},{\"@type\":\"WebSite\",\"@id\":\"https:\\\/\\\/www.jugendfussball-wendelstein.de\\\/wordpress\\\/#website\",\"url\":\"https:\\\/\\\/www.jugendfussball-wendelstein.de\\\/wordpress\\\/\",\"name\":\"JFG Wendelstein\",\"description\":\"Juniorenfu\u00dfball\",\"potentialAction\":[{\"@type\":\"SearchAction\",\"target\":{\"@type\":\"EntryPoint\",\"urlTemplate\":\"https:\\\/\\\/www.jugendfussball-wendelstein.de\\\/wordpress\\\/?s={search_term_string}\"},\"query-input\":{\"@type\":\"PropertyValueSpecification\",\"valueRequired\":true,\"valueName\":\"search_term_string\"}}],\"inLanguage\":\"de\"},{\"@type\":\"Person\",\"@id\":\"https:\\\/\\\/www.jugendfussball-wendelstein.de\\\/wordpress\\\/#\\\/schema\\\/person\\\/05f4dbf379aec8c504bc63fbded66e30\",\"name\":\"Danny Blau\",\"image\":{\"@type\":\"ImageObject\",\"inLanguage\":\"de\",\"@id\":\"https:\\\/\\\/secure.gravatar.com\\\/avatar\\\/249ce4865297c8ce0bd630f00ac61a01d90a96b995cfdd38a431a280e290cd13?s=96&d=mm&r=g\",\"url\":\"https:\\\/\\\/secure.gravatar.com\\\/avatar\\\/249ce4865297c8ce0bd630f00ac61a01d90a96b995cfdd38a431a280e290cd13?s=96&d=mm&r=g\",\"contentUrl\":\"https:\\\/\\\/secure.gravatar.com\\\/avatar\\\/249ce4865297c8ce0bd630f00ac61a01d90a96b995cfdd38a431a280e290cd13?s=96&d=mm&r=g\",\"caption\":\"Danny Blau\"},\"url\":\"https:\\\/\\\/www.jugendfussball-wendelstein.de\\\/wordpress\\\/author\\\/danny\\\/\"}]}<\/script>\n<!-- \/ Yoast SEO plugin. -->","yoast_head_json":{"title":"#U11 erreicht 5. Platz beim Lissi Gebhardt Cup - JFG Wendelstein","robots":{"index":"index","follow":"follow","max-snippet":"max-snippet:-1","max-image-preview":"max-image-preview:large","max-video-preview":"max-video-preview:-1"},"canonical":"https:\/\/www.jugendfussball-wendelstein.de\/wordpress\/u11-erreicht-5-platz-beim-lissi-gebhardt-cup\/","og_locale":"de_DE","og_type":"article","og_title":"#U11 erreicht 5. Platz beim Lissi Gebhardt Cup - JFG Wendelstein","og_description":"Unsere U11 hat am Wochenende einen soliden 5. Platz von 12 Teams beim Lissi Gebhardt Cup erreicht. Das Turnier stellte die erste Herausforderung nach der Sommerpause dar, in der das Team gerade mal zwei Trainingseinheiten absolviert hatte. Angesichts dessen kann die Leistung als sehr zufriedenstellend betrachtet werden. Trotz des erfreulichen Ergebnisses war noch Luft nach [&hellip;]","og_url":"https:\/\/www.jugendfussball-wendelstein.de\/wordpress\/u11-erreicht-5-platz-beim-lissi-gebhardt-cup\/","og_site_name":"JFG Wendelstein","article_published_time":"2024-09-08T18:00:00+00:00","article_modified_time":"2024-09-09T09:49:50+00:00","og_image":[{"width":470,"height":472,"url":"https:\/\/www.jugendfussball-wendelstein.de\/wordpress\/wp-content\/uploads\/2024\/09\/0_Titelbild.png","type":"image\/png"}],"author":"Danny Blau","twitter_card":"summary_large_image","twitter_misc":{"Verfasst von":"Danny Blau","Gesch\u00e4tzte Lesezeit":"1\u00a0Minute"},"schema":{"@context":"https:\/\/schema.org","@graph":[{"@type":"Article","@id":"https:\/\/www.jugendfussball-wendelstein.de\/wordpress\/u11-erreicht-5-platz-beim-lissi-gebhardt-cup\/#article","isPartOf":{"@id":"https:\/\/www.jugendfussball-wendelstein.de\/wordpress\/u11-erreicht-5-platz-beim-lissi-gebhardt-cup\/"},"author":{"name":"Danny Blau","@id":"https:\/\/www.jugendfussball-wendelstein.de\/wordpress\/#\/schema\/person\/05f4dbf379aec8c504bc63fbded66e30"},"headline":"#U11 erreicht 5. Platz beim Lissi Gebhardt Cup","datePublished":"2024-09-08T18:00:00+00:00","dateModified":"2024-09-09T09:49:50+00:00","mainEntityOfPage":{"@id":"https:\/\/www.jugendfussball-wendelstein.de\/wordpress\/u11-erreicht-5-platz-beim-lissi-gebhardt-cup\/"},"wordCount":194,"image":{"@id":"https:\/\/www.jugendfussball-wendelstein.de\/wordpress\/u11-erreicht-5-platz-beim-lissi-gebhardt-cup\/#primaryimage"},"thumbnailUrl":"https:\/\/www.jugendfussball-wendelstein.de\/wordpress\/wp-content\/uploads\/2024\/09\/0_Titelbild.png","articleSection":["Aktuell","Kleinfeld","Spielbericht","U11"],"inLanguage":"de"},{"@type":"WebPage","@id":"https:\/\/www.jugendfussball-wendelstein.de\/wordpress\/u11-erreicht-5-platz-beim-lissi-gebhardt-cup\/","url":"https:\/\/www.jugendfussball-wendelstein.de\/wordpress\/u11-erreicht-5-platz-beim-lissi-gebhardt-cup\/","name":"#U11 erreicht 5. Platz beim Lissi Gebhardt Cup - JFG Wendelstein","isPartOf":{"@id":"https:\/\/www.jugendfussball-wendelstein.de\/wordpress\/#website"},"primaryImageOfPage":{"@id":"https:\/\/www.jugendfussball-wendelstein.de\/wordpress\/u11-erreicht-5-platz-beim-lissi-gebhardt-cup\/#primaryimage"},"image":{"@id":"https:\/\/www.jugendfussball-wendelstein.de\/wordpress\/u11-erreicht-5-platz-beim-lissi-gebhardt-cup\/#primaryimage"},"thumbnailUrl":"https:\/\/www.jugendfussball-wendelstein.de\/wordpress\/wp-content\/uploads\/2024\/09\/0_Titelbild.png","datePublished":"2024-09-08T18:00:00+00:00","dateModified":"2024-09-09T09:49:50+00:00","author":{"@id":"https:\/\/www.jugendfussball-wendelstein.de\/wordpress\/#\/schema\/person\/05f4dbf379aec8c504bc63fbded66e30"},"breadcrumb":{"@id":"https:\/\/www.jugendfussball-wendelstein.de\/wordpress\/u11-erreicht-5-platz-beim-lissi-gebhardt-cup\/#breadcrumb"},"inLanguage":"de","potentialAction":[{"@type":"ReadAction","target":["https:\/\/www.jugendfussball-wendelstein.de\/wordpress\/u11-erreicht-5-platz-beim-lissi-gebhardt-cup\/"]}]},{"@type":"ImageObject","inLanguage":"de","@id":"https:\/\/www.jugendfussball-wendelstein.de\/wordpress\/u11-erreicht-5-platz-beim-lissi-gebhardt-cup\/#primaryimage","url":"https:\/\/www.jugendfussball-wendelstein.de\/wordpress\/wp-content\/uploads\/2024\/09\/0_Titelbild.png","contentUrl":"https:\/\/www.jugendfussball-wendelstein.de\/wordpress\/wp-content\/uploads\/2024\/09\/0_Titelbild.png","width":470,"height":472},{"@type":"BreadcrumbList","@id":"https:\/\/www.jugendfussball-wendelstein.de\/wordpress\/u11-erreicht-5-platz-beim-lissi-gebhardt-cup\/#breadcrumb","itemListElement":[{"@type":"ListItem","position":1,"name":"Startseite","item":"https:\/\/www.jugendfussball-wendelstein.de\/wordpress\/"},{"@type":"ListItem","position":2,"name":"#U11 erreicht 5. Platz beim Lissi Gebhardt Cup"}]},{"@type":"WebSite","@id":"https:\/\/www.jugendfussball-wendelstein.de\/wordpress\/#website","url":"https:\/\/www.jugendfussball-wendelstein.de\/wordpress\/","name":"JFG Wendelstein","description":"Juniorenfu\u00dfball","potentialAction":[{"@type":"SearchAction","target":{"@type":"EntryPoint","urlTemplate":"https:\/\/www.jugendfussball-wendelstein.de\/wordpress\/?s={search_term_string}"},"query-input":{"@type":"PropertyValueSpecification","valueRequired":true,"valueName":"search_term_string"}}],"inLanguage":"de"},{"@type":"Person","@id":"https:\/\/www.jugendfussball-wendelstein.de\/wordpress\/#\/schema\/person\/05f4dbf379aec8c504bc63fbded66e30","name":"Danny Blau","image":{"@type":"ImageObject","inLanguage":"de","@id":"https:\/\/secure.gravatar.com\/avatar\/249ce4865297c8ce0bd630f00ac61a01d90a96b995cfdd38a431a280e290cd13?s=96&d=mm&r=g","url":"https:\/\/secure.gravatar.com\/avatar\/249ce4865297c8ce0bd630f00ac61a01d90a96b995cfdd38a431a280e290cd13?s=96&d=mm&r=g","contentUrl":"https:\/\/secure.gravatar.com\/avatar\/249ce4865297c8ce0bd630f00ac61a01d90a96b995cfdd38a431a280e290cd13?s=96&d=mm&r=g","caption":"Danny Blau"},"url":"https:\/\/www.jugendfussball-wendelstein.de\/wordpress\/author\/danny\/"}]}},"_links":{"self":[{"href":"https:\/\/www.jugendfussball-wendelstein.de\/wordpress\/wp-json\/wp\/v2\/posts\/9816","targetHints":{"allow":["GET"]}}],"collection":[{"href":"https:\/\/www.jugendfussball-wendelstein.de\/wordpress\/wp-json\/wp\/v2\/posts"}],"about":[{"href":"https:\/\/www.jugendfussball-wendelstein.de\/wordpress\/wp-json\/wp\/v2\/types\/post"}],"author":[{"embeddable":true,"href":"https:\/\/www.jugendfussball-wendelstein.de\/wordpress\/wp-json\/wp\/v2\/users\/9"}],"replies":[{"embeddable":true,"href":"https:\/\/www.jugendfussball-wendelstein.de\/wordpress\/wp-json\/wp\/v2\/comments?post=9816"}],"version-history":[{"count":0,"href":"https:\/\/www.jugendfussball-wendelstein.de\/wordpress\/wp-json\/wp\/v2\/posts\/9816\/revisions"}],"wp:featuredmedia":[{"embeddable":true,"href":"https:\/\/www.jugendfussball-wendelstein.de\/wordpress\/wp-json\/wp\/v2\/media\/9830"}],"wp:attachment":[{"href":"https:\/\/www.jugendfussball-wendelstein.de\/wordpress\/wp-json\/wp\/v2\/media?parent=9816"}],"wp:term":[{"taxonomy":"category","embeddable":true,"href":"https:\/\/www.jugendfussball-wendelstein.de\/wordpress\/wp-json\/wp\/v2\/categories?post=9816"},{"taxonomy":"post_tag","embeddable":true,"href":"https:\/\/www.jugendfussball-wendelstein.de\/wordpress\/wp-json\/wp\/v2\/tags?post=9816"}],"curies":[{"name":"wp","href":"https:\/\/api.w.org\/{rel}","templated":true}]}}